{"id":1337,"date":"2019-02-07T00:00:00","date_gmt":"2019-02-06T23:00:00","guid":{"rendered":"https:\/\/www.emplea-te.com\/noticias-oposiciones\/xunta-de-galicia-novedades-sobre-los-procesos-selectivos-convocados-de-cuerpos-generales\/"},"modified":"2019-02-07T00:00:00","modified_gmt":"2019-02-06T23:00:00","slug":"xunta-de-galicia-novedades-sobre-los-procesos-selectivos-convocados-de-cuerpos-generales","status":"publish","type":"post","link":"https:\/\/www.emplea-te.com\/noticias-oposiciones\/xunta-de-galicia-novedades-sobre-los-procesos-selectivos-convocados-de-cuerpos-generales\/","title":{"rendered":"Xunta de Galicia. Novedades sobre los Procesos Selectivos Convocados de Cuerpos Generales. <br>"},"content":{"rendered":"<p>Los procesos selectivos Convocados de Cuerpos Generales (acceso libre y promoci\u00f3n interna) efectuar\u00e1n los primeros ejercicios antes del verano, e incluso algunos antes de estas fechas.<\/p>\n<p>Recordamos que dichos procesos a\u00fan est\u00e1n pendientes de publicaci\u00f3n de las listas definitivas de admitidos y excluidos.&nbsp; <\/p>\n<p>Respeto por la Competencia de Transferencias de Tribunales Generales, establece que la convocatoria comenzar\u00e1 a negociar tan pronto como sea posible o est\u00e1 a punto de finalizar el procesamiento del&nbsp;&nbsp; RPT del Departamento de Asuntos Rurales. <\/p>\n<p>En un par de semanas, los procesos pendientes de la escala de guardacostas se convocar\u00e1n para la elecci\u00f3n del destino.<\/p>\n<p><\/p>\n<p>Fuente CSIF <\/p>\n<p><a href=\"https:\/\/heraldtoupeiras.es\/2019\/02\/06\/novas-de-funcion-publica-sobre-procesos-selectivos-5-02-2019\/\" target=\"_blank\" rel=\"nofollow noopener noreferrer\"><span class=\"wysiwyg-color-green\">Enlace a publicaci\u00f3n <\/span><\/a><\/p>\n<p><a href=\"www.emplea-te.com\" target=\"_blank\" rel=\"nofollow noopener noreferrer\"><span class=\"wysiwyg-color-green\">Si te vas a presentar a estas oposiciones de la Xunta de Galicia, te recordamos que tenemos grupos presenciales para preparar estas plazas tanto de acceso libre como promoci\u00f3n interna. <\/span><\/a><\/p>\n<p><\/p>\n","protected":false},"excerpt":{"rendered":"<p>Los procesos selectivos Convocados de Cuerpos Generales (acceso libre y promoci\u00f3n interna) efectuar\u00e1n los primeros ejercicios antes del verano, e incluso algunos antes de estas fechas. Recordamos que dichos procesos a\u00fan est\u00e1n pendientes de publicaci\u00f3n de las listas definitivas de admitidos y excluidos.&nbsp; Respeto por la Competencia de Transferencias de Tribunales Generales, establece que la &hellip; <a href=\"https:\/\/www.emplea-te.com\/noticias-oposiciones\/xunta-de-galicia-novedades-sobre-los-procesos-selectivos-convocados-de-cuerpos-generales\/\" class=\"more-link\">Continuar leyendo<span class=\"screen-reader-text\"> \u00abXunta de Galicia. Novedades sobre los Procesos Selectivos Convocados de Cuerpos Generales. <br \/>\u00ab<\/span><\/a><\/p>\n","protected":false},"author":1,"featured_media":0,"comment_status":"open","ping_status":"open","sticky":false,"template":"","format":"standard","meta":{"footnotes":""},"categories":[],"tags":[],"class_list":["post-1337","post","type-post","status-publish","format-standard","hentry"],"yoast_head":"<!-- This site is optimized with the Yoast SEO plugin v27.5 - https:\/\/yoast.com\/product\/yoast-seo-wordpress\/ -->\n<title>Xunta de Galicia. Novedades sobre los Procesos Selectivos Convocados de Cuerpos Generales.  - Noticas de oposiciones por Academia Emplea-te<\/title>\n<meta name=\"description\" content=\"Los procesos selectivos Convocados de Cuerpos Generales (acceso libre y promoci\u00f3n interna) efectuar\u00e1n los primeros ejercicios antes del verano, e incluso algunos antes de estas fechas. Enlace publicaci\u00f3n\" \/>\n<meta name=\"robots\" content=\"index, follow, max-snippet:-1, max-image-preview:large, max-video-preview:-1\" \/>\n<link rel=\"canonical\" href=\"https:\/\/www.emplea-te.com\/noticias-oposiciones\/xunta-de-galicia-novedades-sobre-los-procesos-selectivos-convocados-de-cuerpos-generales\/\" \/>\n<meta property=\"og:locale\" content=\"es_ES\" \/>\n<meta property=\"og:type\" content=\"article\" \/>\n<meta property=\"og:title\" content=\"Xunta de Galicia. Novedades sobre los Procesos Selectivos Convocados de Cuerpos Generales.  - Noticas de oposiciones por Academia Emplea-te\" \/>\n<meta property=\"og:description\" content=\"Los procesos selectivos Convocados de Cuerpos Generales (acceso libre y promoci\u00f3n interna) efectuar\u00e1n los primeros ejercicios antes del verano, e incluso algunos antes de estas fechas. Enlace publicaci\u00f3n\" \/>\n<meta property=\"og:url\" content=\"https:\/\/www.emplea-te.com\/noticias-oposiciones\/xunta-de-galicia-novedades-sobre-los-procesos-selectivos-convocados-de-cuerpos-generales\/\" \/>\n<meta property=\"og:site_name\" content=\"Noticas de oposiciones por Academia Emplea-te\" \/>\n<meta property=\"article:publisher\" content=\"https:\/\/www.facebook.com\/AcademiaEmpleate\/\" \/>\n<meta property=\"article:published_time\" content=\"2019-02-06T23:00:00+00:00\" \/>\n<meta name=\"author\" content=\"Empleate\" \/>\n<meta name=\"twitter:card\" content=\"summary_large_image\" \/>\n<meta name=\"twitter:creator\" content=\"@Emplea_Te\" \/>\n<meta name=\"twitter:site\" content=\"@Emplea_Te\" \/>\n<meta name=\"twitter:label1\" content=\"Escrito por\" \/>\n\t<meta name=\"twitter:data1\" content=\"Empleate\" \/>\n\t<meta name=\"twitter:label2\" content=\"Tiempo de lectura\" \/>\n\t<meta name=\"twitter:data2\" content=\"1 minuto\" \/>\n<script type=\"application\/ld+json\" class=\"yoast-schema-graph\">{\"@context\":\"https:\\\/\\\/schema.org\",\"@graph\":[{\"@type\":\"Article\",\"@id\":\"https:\\\/\\\/www.emplea-te.com\\\/noticias-oposiciones\\\/xunta-de-galicia-novedades-sobre-los-procesos-selectivos-convocados-de-cuerpos-generales\\\/#article\",\"isPartOf\":{\"@id\":\"https:\\\/\\\/www.emplea-te.com\\\/noticias-oposiciones\\\/xunta-de-galicia-novedades-sobre-los-procesos-selectivos-convocados-de-cuerpos-generales\\\/\"},\"author\":{\"name\":\"Empleate\",\"@id\":\"https:\\\/\\\/www.emplea-te.com\\\/noticias-oposiciones\\\/#\\\/schema\\\/person\\\/d1bc587e1af2b95e9c32aba1795509a6\"},\"headline\":\"Xunta de Galicia. Novedades sobre los Procesos Selectivos Convocados de Cuerpos Generales.\",\"datePublished\":\"2019-02-06T23:00:00+00:00\",\"mainEntityOfPage\":{\"@id\":\"https:\\\/\\\/www.emplea-te.com\\\/noticias-oposiciones\\\/xunta-de-galicia-novedades-sobre-los-procesos-selectivos-convocados-de-cuerpos-generales\\\/\"},\"wordCount\":158,\"commentCount\":0,\"publisher\":{\"@id\":\"https:\\\/\\\/www.emplea-te.com\\\/noticias-oposiciones\\\/#organization\"},\"inLanguage\":\"es\",\"potentialAction\":[{\"@type\":\"CommentAction\",\"name\":\"Comment\",\"target\":[\"https:\\\/\\\/www.emplea-te.com\\\/noticias-oposiciones\\\/xunta-de-galicia-novedades-sobre-los-procesos-selectivos-convocados-de-cuerpos-generales\\\/#respond\"]}]},{\"@type\":\"WebPage\",\"@id\":\"https:\\\/\\\/www.emplea-te.com\\\/noticias-oposiciones\\\/xunta-de-galicia-novedades-sobre-los-procesos-selectivos-convocados-de-cuerpos-generales\\\/\",\"url\":\"https:\\\/\\\/www.emplea-te.com\\\/noticias-oposiciones\\\/xunta-de-galicia-novedades-sobre-los-procesos-selectivos-convocados-de-cuerpos-generales\\\/\",\"name\":\"Xunta de Galicia. Novedades sobre los Procesos Selectivos Convocados de Cuerpos Generales. - Noticas de oposiciones por Academia Emplea-te\",\"isPartOf\":{\"@id\":\"https:\\\/\\\/www.emplea-te.com\\\/noticias-oposiciones\\\/#website\"},\"datePublished\":\"2019-02-06T23:00:00+00:00\",\"description\":\"Los procesos selectivos Convocados de Cuerpos Generales (acceso libre y promoci\u00f3n interna) efectuar\u00e1n los primeros ejercicios antes del verano, e incluso algunos antes de estas fechas. Enlace publicaci\u00f3n\",\"breadcrumb\":{\"@id\":\"https:\\\/\\\/www.emplea-te.com\\\/noticias-oposiciones\\\/xunta-de-galicia-novedades-sobre-los-procesos-selectivos-convocados-de-cuerpos-generales\\\/#breadcrumb\"},\"inLanguage\":\"es\",\"potentialAction\":[{\"@type\":\"ReadAction\",\"target\":[\"https:\\\/\\\/www.emplea-te.com\\\/noticias-oposiciones\\\/xunta-de-galicia-novedades-sobre-los-procesos-selectivos-convocados-de-cuerpos-generales\\\/\"]}]},{\"@type\":\"BreadcrumbList\",\"@id\":\"https:\\\/\\\/www.emplea-te.com\\\/noticias-oposiciones\\\/xunta-de-galicia-novedades-sobre-los-procesos-selectivos-convocados-de-cuerpos-generales\\\/#breadcrumb\",\"itemListElement\":[{\"@type\":\"ListItem\",\"position\":1,\"name\":\"Noticias Oposiciones\",\"item\":\"https:\\\/\\\/www.emplea-te.com\\\/noticias-oposiciones\\\/\"},{\"@type\":\"ListItem\",\"position\":2,\"name\":\"Xunta de Galicia. Novedades sobre los Procesos Selectivos Convocados de Cuerpos Generales.\"}]},{\"@type\":\"WebSite\",\"@id\":\"https:\\\/\\\/www.emplea-te.com\\\/noticias-oposiciones\\\/#website\",\"url\":\"https:\\\/\\\/www.emplea-te.com\\\/noticias-oposiciones\\\/\",\"name\":\"Noticas de oposiciones por Academia Emplea-te\",\"description\":\"Toda la actualidad de las ofertas y convocatorias.\",\"publisher\":{\"@id\":\"https:\\\/\\\/www.emplea-te.com\\\/noticias-oposiciones\\\/#organization\"},\"potentialAction\":[{\"@type\":\"SearchAction\",\"target\":{\"@type\":\"EntryPoint\",\"urlTemplate\":\"https:\\\/\\\/www.emplea-te.com\\\/noticias-oposiciones\\\/?s={search_term_string}\"},\"query-input\":{\"@type\":\"PropertyValueSpecification\",\"valueRequired\":true,\"valueName\":\"search_term_string\"}}],\"inLanguage\":\"es\"},{\"@type\":\"Organization\",\"@id\":\"https:\\\/\\\/www.emplea-te.com\\\/noticias-oposiciones\\\/#organization\",\"name\":\"Academia de oposiciones Empl\u00e9ate\",\"url\":\"https:\\\/\\\/www.emplea-te.com\\\/noticias-oposiciones\\\/\",\"logo\":{\"@type\":\"ImageObject\",\"inLanguage\":\"es\",\"@id\":\"https:\\\/\\\/www.emplea-te.com\\\/noticias-oposiciones\\\/#\\\/schema\\\/logo\\\/image\\\/\",\"url\":\"https:\\\/\\\/www.emplea-te.com\\\/noticias-oposiciones\\\/wp-content\\\/uploads\\\/2019\\\/04\\\/empleate.jpg\",\"contentUrl\":\"https:\\\/\\\/www.emplea-te.com\\\/noticias-oposiciones\\\/wp-content\\\/uploads\\\/2019\\\/04\\\/empleate.jpg\",\"width\":250,\"height\":150,\"caption\":\"Academia de oposiciones Empl\u00e9ate\"},\"image\":{\"@id\":\"https:\\\/\\\/www.emplea-te.com\\\/noticias-oposiciones\\\/#\\\/schema\\\/logo\\\/image\\\/\"},\"sameAs\":[\"https:\\\/\\\/www.facebook.com\\\/AcademiaEmpleate\\\/\",\"https:\\\/\\\/x.com\\\/Emplea_Te\",\"https:\\\/\\\/www.instagram.com\\\/academia_empleate\\\/\"]},{\"@type\":\"Person\",\"@id\":\"https:\\\/\\\/www.emplea-te.com\\\/noticias-oposiciones\\\/#\\\/schema\\\/person\\\/d1bc587e1af2b95e9c32aba1795509a6\",\"name\":\"Empleate\"}]}<\/script>\n<!-- \/ Yoast SEO plugin. -->","yoast_head_json":{"title":"Xunta de Galicia. Novedades sobre los Procesos Selectivos Convocados de Cuerpos Generales.  - Noticas de oposiciones por Academia Emplea-te","description":"Los procesos selectivos Convocados de Cuerpos Generales (acceso libre y promoci\u00f3n interna) efectuar\u00e1n los primeros ejercicios antes del verano, e incluso algunos antes de estas fechas. Enlace publicaci\u00f3n","robots":{"index":"index","follow":"follow","max-snippet":"max-snippet:-1","max-image-preview":"max-image-preview:large","max-video-preview":"max-video-preview:-1"},"canonical":"https:\/\/www.emplea-te.com\/noticias-oposiciones\/xunta-de-galicia-novedades-sobre-los-procesos-selectivos-convocados-de-cuerpos-generales\/","og_locale":"es_ES","og_type":"article","og_title":"Xunta de Galicia. Novedades sobre los Procesos Selectivos Convocados de Cuerpos Generales.  - Noticas de oposiciones por Academia Emplea-te","og_description":"Los procesos selectivos Convocados de Cuerpos Generales (acceso libre y promoci\u00f3n interna) efectuar\u00e1n los primeros ejercicios antes del verano, e incluso algunos antes de estas fechas. Enlace publicaci\u00f3n","og_url":"https:\/\/www.emplea-te.com\/noticias-oposiciones\/xunta-de-galicia-novedades-sobre-los-procesos-selectivos-convocados-de-cuerpos-generales\/","og_site_name":"Noticas de oposiciones por Academia Emplea-te","article_publisher":"https:\/\/www.facebook.com\/AcademiaEmpleate\/","article_published_time":"2019-02-06T23:00:00+00:00","author":"Empleate","twitter_card":"summary_large_image","twitter_creator":"@Emplea_Te","twitter_site":"@Emplea_Te","twitter_misc":{"Escrito por":"Empleate","Tiempo de lectura":"1 minuto"},"schema":{"@context":"https:\/\/schema.org","@graph":[{"@type":"Article","@id":"https:\/\/www.emplea-te.com\/noticias-oposiciones\/xunta-de-galicia-novedades-sobre-los-procesos-selectivos-convocados-de-cuerpos-generales\/#article","isPartOf":{"@id":"https:\/\/www.emplea-te.com\/noticias-oposiciones\/xunta-de-galicia-novedades-sobre-los-procesos-selectivos-convocados-de-cuerpos-generales\/"},"author":{"name":"Empleate","@id":"https:\/\/www.emplea-te.com\/noticias-oposiciones\/#\/schema\/person\/d1bc587e1af2b95e9c32aba1795509a6"},"headline":"Xunta de Galicia. Novedades sobre los Procesos Selectivos Convocados de Cuerpos Generales.","datePublished":"2019-02-06T23:00:00+00:00","mainEntityOfPage":{"@id":"https:\/\/www.emplea-te.com\/noticias-oposiciones\/xunta-de-galicia-novedades-sobre-los-procesos-selectivos-convocados-de-cuerpos-generales\/"},"wordCount":158,"commentCount":0,"publisher":{"@id":"https:\/\/www.emplea-te.com\/noticias-oposiciones\/#organization"},"inLanguage":"es","potentialAction":[{"@type":"CommentAction","name":"Comment","target":["https:\/\/www.emplea-te.com\/noticias-oposiciones\/xunta-de-galicia-novedades-sobre-los-procesos-selectivos-convocados-de-cuerpos-generales\/#respond"]}]},{"@type":"WebPage","@id":"https:\/\/www.emplea-te.com\/noticias-oposiciones\/xunta-de-galicia-novedades-sobre-los-procesos-selectivos-convocados-de-cuerpos-generales\/","url":"https:\/\/www.emplea-te.com\/noticias-oposiciones\/xunta-de-galicia-novedades-sobre-los-procesos-selectivos-convocados-de-cuerpos-generales\/","name":"Xunta de Galicia. Novedades sobre los Procesos Selectivos Convocados de Cuerpos Generales. - Noticas de oposiciones por Academia Emplea-te","isPartOf":{"@id":"https:\/\/www.emplea-te.com\/noticias-oposiciones\/#website"},"datePublished":"2019-02-06T23:00:00+00:00","description":"Los procesos selectivos Convocados de Cuerpos Generales (acceso libre y promoci\u00f3n interna) efectuar\u00e1n los primeros ejercicios antes del verano, e incluso algunos antes de estas fechas. Enlace publicaci\u00f3n","breadcrumb":{"@id":"https:\/\/www.emplea-te.com\/noticias-oposiciones\/xunta-de-galicia-novedades-sobre-los-procesos-selectivos-convocados-de-cuerpos-generales\/#breadcrumb"},"inLanguage":"es","potentialAction":[{"@type":"ReadAction","target":["https:\/\/www.emplea-te.com\/noticias-oposiciones\/xunta-de-galicia-novedades-sobre-los-procesos-selectivos-convocados-de-cuerpos-generales\/"]}]},{"@type":"BreadcrumbList","@id":"https:\/\/www.emplea-te.com\/noticias-oposiciones\/xunta-de-galicia-novedades-sobre-los-procesos-selectivos-convocados-de-cuerpos-generales\/#breadcrumb","itemListElement":[{"@type":"ListItem","position":1,"name":"Noticias Oposiciones","item":"https:\/\/www.emplea-te.com\/noticias-oposiciones\/"},{"@type":"ListItem","position":2,"name":"Xunta de Galicia. Novedades sobre los Procesos Selectivos Convocados de Cuerpos Generales."}]},{"@type":"WebSite","@id":"https:\/\/www.emplea-te.com\/noticias-oposiciones\/#website","url":"https:\/\/www.emplea-te.com\/noticias-oposiciones\/","name":"Noticas de oposiciones por Academia Emplea-te","description":"Toda la actualidad de las ofertas y convocatorias.","publisher":{"@id":"https:\/\/www.emplea-te.com\/noticias-oposiciones\/#organization"},"potentialAction":[{"@type":"SearchAction","target":{"@type":"EntryPoint","urlTemplate":"https:\/\/www.emplea-te.com\/noticias-oposiciones\/?s={search_term_string}"},"query-input":{"@type":"PropertyValueSpecification","valueRequired":true,"valueName":"search_term_string"}}],"inLanguage":"es"},{"@type":"Organization","@id":"https:\/\/www.emplea-te.com\/noticias-oposiciones\/#organization","name":"Academia de oposiciones Empl\u00e9ate","url":"https:\/\/www.emplea-te.com\/noticias-oposiciones\/","logo":{"@type":"ImageObject","inLanguage":"es","@id":"https:\/\/www.emplea-te.com\/noticias-oposiciones\/#\/schema\/logo\/image\/","url":"https:\/\/www.emplea-te.com\/noticias-oposiciones\/wp-content\/uploads\/2019\/04\/empleate.jpg","contentUrl":"https:\/\/www.emplea-te.com\/noticias-oposiciones\/wp-content\/uploads\/2019\/04\/empleate.jpg","width":250,"height":150,"caption":"Academia de oposiciones Empl\u00e9ate"},"image":{"@id":"https:\/\/www.emplea-te.com\/noticias-oposiciones\/#\/schema\/logo\/image\/"},"sameAs":["https:\/\/www.facebook.com\/AcademiaEmpleate\/","https:\/\/x.com\/Emplea_Te","https:\/\/www.instagram.com\/academia_empleate\/"]},{"@type":"Person","@id":"https:\/\/www.emplea-te.com\/noticias-oposiciones\/#\/schema\/person\/d1bc587e1af2b95e9c32aba1795509a6","name":"Empleate"}]}},"_links":{"self":[{"href":"https:\/\/www.emplea-te.com\/noticias-oposiciones\/wp-json\/wp\/v2\/posts\/1337","targetHints":{"allow":["GET"]}}],"collection":[{"href":"https:\/\/www.emplea-te.com\/noticias-oposiciones\/wp-json\/wp\/v2\/posts"}],"about":[{"href":"https:\/\/www.emplea-te.com\/noticias-oposiciones\/wp-json\/wp\/v2\/types\/post"}],"author":[{"embeddable":true,"href":"https:\/\/www.emplea-te.com\/noticias-oposiciones\/wp-json\/wp\/v2\/users\/1"}],"replies":[{"embeddable":true,"href":"https:\/\/www.emplea-te.com\/noticias-oposiciones\/wp-json\/wp\/v2\/comments?post=1337"}],"version-history":[{"count":0,"href":"https:\/\/www.emplea-te.com\/noticias-oposiciones\/wp-json\/wp\/v2\/posts\/1337\/revisions"}],"wp:attachment":[{"href":"https:\/\/www.emplea-te.com\/noticias-oposiciones\/wp-json\/wp\/v2\/media?parent=1337"}],"wp:term":[{"taxonomy":"category","embeddable":true,"href":"https:\/\/www.emplea-te.com\/noticias-oposiciones\/wp-json\/wp\/v2\/categories?post=1337"},{"taxonomy":"post_tag","embeddable":true,"href":"https:\/\/www.emplea-te.com\/noticias-oposiciones\/wp-json\/wp\/v2\/tags?post=1337"}],"curies":[{"name":"wp","href":"https:\/\/api.w.org\/{rel}","templated":true}]}}