{"id":1341,"date":"2019-02-11T00:00:00","date_gmt":"2019-02-10T23:00:00","guid":{"rendered":"https:\/\/www.emplea-te.com\/noticias-oposiciones\/bases-de-convocatoria-para-la-constitucion-de-lista-de-empleo-en-el-concello-de-laracha\/"},"modified":"2019-02-11T00:00:00","modified_gmt":"2019-02-10T23:00:00","slug":"bases-de-convocatoria-para-la-constitucion-de-lista-de-empleo-en-el-concello-de-laracha","status":"publish","type":"post","link":"https:\/\/www.emplea-te.com\/noticias-oposiciones\/bases-de-convocatoria-para-la-constitucion-de-lista-de-empleo-en-el-concello-de-laracha\/","title":{"rendered":"Bases de convocatoria para la constituci\u00f3n de&nbsp;lista de&nbsp;empleo en&nbsp;el Concello de &nbsp;Laracha . <br>"},"content":{"rendered":"<p>Se publica en el BOP n\u00famero 29 de fecha 11 de febrero Bases&nbsp;de la &nbsp;convocatoria de proceso selectivo de formaci\u00f3n de una lista de empleo para posibles nombramientos como funcionario interino en el puesto de t\u00e9cnico de la Administraci\u00f3n General del concello de A Laracha.<\/p>\n<p>Las instancias, junto con el resto de la documentaci\u00f3n m\u00ednima que los candidatos deben presentar solicitando participar en el proceso selectivo se pueden presentar en el modelo ANEXO II, se dirigir\u00e1n a sr. Alcalde de la ciudad de Laracha, y se present\u00f3 al Registro General del Ayuntamiento, de 9:00 a.m. a 3:00 p.m. de lunes a viernes, dentro de un per\u00edodo de 20 d\u00edas calendario a partir del d\u00eda siguiente a su publicaci\u00f3n en El Bolet\u00edn Oficial de la Provincia. <\/p>\n<p>Las bases se mostrar\u00e1n en el tabl\u00f3n de anuncios municipal y se publicar\u00e1n en el sitio web del Ayuntamiento y en la sede electr\u00f3nica. Las instancias, junto con la documentaci\u00f3n precisa, tambi\u00e9n pueden presentarse en la forma prevista en el art\u00edculo 16.4 de la Ley 39\/2015, de 1 de octubre, del Procedimiento Administrativo Com\u00fan de las Administraciones P\u00fablicas.alaracha .es). <\/p>\n<p>En el caso de no presentarse al registro municipal, los solicitantes deber\u00e1n enviar un fax (981606331) o un correo electr\u00f3nico al siguiente correo electr\u00f3nico: concello.laracha@fegamp.gal, con una copia de la solicitud debidamente registrada dentro del plazo de presentaci\u00f3n.<\/p>\n<p><a href=\"http:\/\/bop.dicoruna.es\/bopportal\/publicado\/2019\/02\/11\/2019_0000000953.pdf\" target=\"_blank\" rel=\"nofollow noopener noreferrer\"><span class=\"wysiwyg-color-green\">Enlace a resoluci\u00f3n <\/span><\/a><\/p>\n","protected":false},"excerpt":{"rendered":"<p>Se publica en el BOP n\u00famero 29 de fecha 11 de febrero Bases&nbsp;de la &nbsp;convocatoria de proceso selectivo de formaci\u00f3n de una lista de empleo para posibles nombramientos como funcionario interino en el puesto de t\u00e9cnico de la Administraci\u00f3n General del concello de A Laracha. Las instancias, junto con el resto de la documentaci\u00f3n m\u00ednima &hellip; <a href=\"https:\/\/www.emplea-te.com\/noticias-oposiciones\/bases-de-convocatoria-para-la-constitucion-de-lista-de-empleo-en-el-concello-de-laracha\/\" class=\"more-link\">Continuar leyendo<span class=\"screen-reader-text\"> \u00abBases de convocatoria para la constituci\u00f3n de&nbsp;lista de&nbsp;empleo en&nbsp;el Concello de &nbsp;Laracha . <br \/>\u00ab<\/span><\/a><\/p>\n","protected":false},"author":1,"featured_media":0,"comment_status":"open","ping_status":"open","sticky":false,"template":"","format":"standard","meta":{"footnotes":""},"categories":[],"tags":[],"class_list":["post-1341","post","type-post","status-publish","format-standard","hentry"],"yoast_head":"<!-- This site is optimized with the Yoast SEO plugin v27.5 - https:\/\/yoast.com\/product\/yoast-seo-wordpress\/ -->\n<title>Bases de convocatoria para la constituci\u00f3n de&nbsp;lista de&nbsp;empleo en&nbsp;el Concello de &nbsp;Laracha .  - Noticas de oposiciones por Academia Emplea-te<\/title>\n<meta name=\"description\" content=\"Se publica en el BOP n\u00famero 29 de fecha 11 de febrero Bases\u00a0de la \u00a0convocatoria de proceso selectivo de formaci\u00f3n de una lista de empleo para posibles nombramientos como funcionario interino en el puesto de t\u00e9cnico de la Administraci\u00f3n General del concello de A Laracha. Enlace a resoluci\u00f3n .\" \/>\n<meta name=\"robots\" content=\"index, follow, max-snippet:-1, max-image-preview:large, max-video-preview:-1\" \/>\n<link rel=\"canonical\" href=\"https:\/\/www.emplea-te.com\/noticias-oposiciones\/bases-de-convocatoria-para-la-constitucion-de-lista-de-empleo-en-el-concello-de-laracha\/\" \/>\n<meta property=\"og:locale\" content=\"es_ES\" \/>\n<meta property=\"og:type\" content=\"article\" \/>\n<meta property=\"og:title\" content=\"Bases de convocatoria para la constituci\u00f3n de&nbsp;lista de&nbsp;empleo en&nbsp;el Concello de &nbsp;Laracha .  - Noticas de oposiciones por Academia Emplea-te\" \/>\n<meta property=\"og:description\" content=\"Se publica en el BOP n\u00famero 29 de fecha 11 de febrero Bases\u00a0de la \u00a0convocatoria de proceso selectivo de formaci\u00f3n de una lista de empleo para posibles nombramientos como funcionario interino en el puesto de t\u00e9cnico de la Administraci\u00f3n General del concello de A Laracha. Enlace a resoluci\u00f3n .\" \/>\n<meta property=\"og:url\" content=\"https:\/\/www.emplea-te.com\/noticias-oposiciones\/bases-de-convocatoria-para-la-constitucion-de-lista-de-empleo-en-el-concello-de-laracha\/\" \/>\n<meta property=\"og:site_name\" content=\"Noticas de oposiciones por Academia Emplea-te\" \/>\n<meta property=\"article:publisher\" content=\"https:\/\/www.facebook.com\/AcademiaEmpleate\/\" \/>\n<meta property=\"article:published_time\" content=\"2019-02-10T23:00:00+00:00\" \/>\n<meta name=\"author\" content=\"Empleate\" \/>\n<meta name=\"twitter:card\" content=\"summary_large_image\" \/>\n<meta name=\"twitter:creator\" content=\"@Emplea_Te\" \/>\n<meta name=\"twitter:site\" content=\"@Emplea_Te\" \/>\n<meta name=\"twitter:label1\" content=\"Escrito por\" \/>\n\t<meta name=\"twitter:data1\" content=\"Empleate\" \/>\n\t<meta name=\"twitter:label2\" content=\"Tiempo de lectura\" \/>\n\t<meta name=\"twitter:data2\" content=\"1 minuto\" \/>\n<script type=\"application\/ld+json\" class=\"yoast-schema-graph\">{\"@context\":\"https:\\\/\\\/schema.org\",\"@graph\":[{\"@type\":\"Article\",\"@id\":\"https:\\\/\\\/www.emplea-te.com\\\/noticias-oposiciones\\\/bases-de-convocatoria-para-la-constitucion-de-lista-de-empleo-en-el-concello-de-laracha\\\/#article\",\"isPartOf\":{\"@id\":\"https:\\\/\\\/www.emplea-te.com\\\/noticias-oposiciones\\\/bases-de-convocatoria-para-la-constitucion-de-lista-de-empleo-en-el-concello-de-laracha\\\/\"},\"author\":{\"name\":\"Empleate\",\"@id\":\"https:\\\/\\\/www.emplea-te.com\\\/noticias-oposiciones\\\/#\\\/schema\\\/person\\\/d1bc587e1af2b95e9c32aba1795509a6\"},\"headline\":\"Bases de convocatoria para la constituci\u00f3n de&nbsp;lista de&nbsp;empleo en&nbsp;el Concello de &nbsp;Laracha .\",\"datePublished\":\"2019-02-10T23:00:00+00:00\",\"mainEntityOfPage\":{\"@id\":\"https:\\\/\\\/www.emplea-te.com\\\/noticias-oposiciones\\\/bases-de-convocatoria-para-la-constitucion-de-lista-de-empleo-en-el-concello-de-laracha\\\/\"},\"wordCount\":271,\"commentCount\":0,\"publisher\":{\"@id\":\"https:\\\/\\\/www.emplea-te.com\\\/noticias-oposiciones\\\/#organization\"},\"inLanguage\":\"es\",\"potentialAction\":[{\"@type\":\"CommentAction\",\"name\":\"Comment\",\"target\":[\"https:\\\/\\\/www.emplea-te.com\\\/noticias-oposiciones\\\/bases-de-convocatoria-para-la-constitucion-de-lista-de-empleo-en-el-concello-de-laracha\\\/#respond\"]}]},{\"@type\":\"WebPage\",\"@id\":\"https:\\\/\\\/www.emplea-te.com\\\/noticias-oposiciones\\\/bases-de-convocatoria-para-la-constitucion-de-lista-de-empleo-en-el-concello-de-laracha\\\/\",\"url\":\"https:\\\/\\\/www.emplea-te.com\\\/noticias-oposiciones\\\/bases-de-convocatoria-para-la-constitucion-de-lista-de-empleo-en-el-concello-de-laracha\\\/\",\"name\":\"Bases de convocatoria para la constituci\u00f3n de&nbsp;lista de&nbsp;empleo en&nbsp;el Concello de &nbsp;Laracha . - Noticas de oposiciones por Academia Emplea-te\",\"isPartOf\":{\"@id\":\"https:\\\/\\\/www.emplea-te.com\\\/noticias-oposiciones\\\/#website\"},\"datePublished\":\"2019-02-10T23:00:00+00:00\",\"description\":\"Se publica en el BOP n\u00famero 29 de fecha 11 de febrero Bases\u00a0de la \u00a0convocatoria de proceso selectivo de formaci\u00f3n de una lista de empleo para posibles nombramientos como funcionario interino en el puesto de t\u00e9cnico de la Administraci\u00f3n General del concello de A Laracha. Enlace a resoluci\u00f3n .\",\"breadcrumb\":{\"@id\":\"https:\\\/\\\/www.emplea-te.com\\\/noticias-oposiciones\\\/bases-de-convocatoria-para-la-constitucion-de-lista-de-empleo-en-el-concello-de-laracha\\\/#breadcrumb\"},\"inLanguage\":\"es\",\"potentialAction\":[{\"@type\":\"ReadAction\",\"target\":[\"https:\\\/\\\/www.emplea-te.com\\\/noticias-oposiciones\\\/bases-de-convocatoria-para-la-constitucion-de-lista-de-empleo-en-el-concello-de-laracha\\\/\"]}]},{\"@type\":\"BreadcrumbList\",\"@id\":\"https:\\\/\\\/www.emplea-te.com\\\/noticias-oposiciones\\\/bases-de-convocatoria-para-la-constitucion-de-lista-de-empleo-en-el-concello-de-laracha\\\/#breadcrumb\",\"itemListElement\":[{\"@type\":\"ListItem\",\"position\":1,\"name\":\"Noticias Oposiciones\",\"item\":\"https:\\\/\\\/www.emplea-te.com\\\/noticias-oposiciones\\\/\"},{\"@type\":\"ListItem\",\"position\":2,\"name\":\"Bases de convocatoria para la constituci\u00f3n de&nbsp;lista de&nbsp;empleo en&nbsp;el Concello de &nbsp;Laracha .\"}]},{\"@type\":\"WebSite\",\"@id\":\"https:\\\/\\\/www.emplea-te.com\\\/noticias-oposiciones\\\/#website\",\"url\":\"https:\\\/\\\/www.emplea-te.com\\\/noticias-oposiciones\\\/\",\"name\":\"Noticas de oposiciones por Academia Emplea-te\",\"description\":\"Toda la actualidad de las ofertas y convocatorias.\",\"publisher\":{\"@id\":\"https:\\\/\\\/www.emplea-te.com\\\/noticias-oposiciones\\\/#organization\"},\"potentialAction\":[{\"@type\":\"SearchAction\",\"target\":{\"@type\":\"EntryPoint\",\"urlTemplate\":\"https:\\\/\\\/www.emplea-te.com\\\/noticias-oposiciones\\\/?s={search_term_string}\"},\"query-input\":{\"@type\":\"PropertyValueSpecification\",\"valueRequired\":true,\"valueName\":\"search_term_string\"}}],\"inLanguage\":\"es\"},{\"@type\":\"Organization\",\"@id\":\"https:\\\/\\\/www.emplea-te.com\\\/noticias-oposiciones\\\/#organization\",\"name\":\"Academia de oposiciones Empl\u00e9ate\",\"url\":\"https:\\\/\\\/www.emplea-te.com\\\/noticias-oposiciones\\\/\",\"logo\":{\"@type\":\"ImageObject\",\"inLanguage\":\"es\",\"@id\":\"https:\\\/\\\/www.emplea-te.com\\\/noticias-oposiciones\\\/#\\\/schema\\\/logo\\\/image\\\/\",\"url\":\"https:\\\/\\\/www.emplea-te.com\\\/noticias-oposiciones\\\/wp-content\\\/uploads\\\/2019\\\/04\\\/empleate.jpg\",\"contentUrl\":\"https:\\\/\\\/www.emplea-te.com\\\/noticias-oposiciones\\\/wp-content\\\/uploads\\\/2019\\\/04\\\/empleate.jpg\",\"width\":250,\"height\":150,\"caption\":\"Academia de oposiciones Empl\u00e9ate\"},\"image\":{\"@id\":\"https:\\\/\\\/www.emplea-te.com\\\/noticias-oposiciones\\\/#\\\/schema\\\/logo\\\/image\\\/\"},\"sameAs\":[\"https:\\\/\\\/www.facebook.com\\\/AcademiaEmpleate\\\/\",\"https:\\\/\\\/x.com\\\/Emplea_Te\",\"https:\\\/\\\/www.instagram.com\\\/academia_empleate\\\/\"]},{\"@type\":\"Person\",\"@id\":\"https:\\\/\\\/www.emplea-te.com\\\/noticias-oposiciones\\\/#\\\/schema\\\/person\\\/d1bc587e1af2b95e9c32aba1795509a6\",\"name\":\"Empleate\"}]}<\/script>\n<!-- \/ Yoast SEO plugin. -->","yoast_head_json":{"title":"Bases de convocatoria para la constituci\u00f3n de&nbsp;lista de&nbsp;empleo en&nbsp;el Concello de &nbsp;Laracha .  - Noticas de oposiciones por Academia Emplea-te","description":"Se publica en el BOP n\u00famero 29 de fecha 11 de febrero Bases\u00a0de la \u00a0convocatoria de proceso selectivo de formaci\u00f3n de una lista de empleo para posibles nombramientos como funcionario interino en el puesto de t\u00e9cnico de la Administraci\u00f3n General del concello de A Laracha. Enlace a resoluci\u00f3n .","robots":{"index":"index","follow":"follow","max-snippet":"max-snippet:-1","max-image-preview":"max-image-preview:large","max-video-preview":"max-video-preview:-1"},"canonical":"https:\/\/www.emplea-te.com\/noticias-oposiciones\/bases-de-convocatoria-para-la-constitucion-de-lista-de-empleo-en-el-concello-de-laracha\/","og_locale":"es_ES","og_type":"article","og_title":"Bases de convocatoria para la constituci\u00f3n de&nbsp;lista de&nbsp;empleo en&nbsp;el Concello de &nbsp;Laracha .  - Noticas de oposiciones por Academia Emplea-te","og_description":"Se publica en el BOP n\u00famero 29 de fecha 11 de febrero Bases\u00a0de la \u00a0convocatoria de proceso selectivo de formaci\u00f3n de una lista de empleo para posibles nombramientos como funcionario interino en el puesto de t\u00e9cnico de la Administraci\u00f3n General del concello de A Laracha. Enlace a resoluci\u00f3n .","og_url":"https:\/\/www.emplea-te.com\/noticias-oposiciones\/bases-de-convocatoria-para-la-constitucion-de-lista-de-empleo-en-el-concello-de-laracha\/","og_site_name":"Noticas de oposiciones por Academia Emplea-te","article_publisher":"https:\/\/www.facebook.com\/AcademiaEmpleate\/","article_published_time":"2019-02-10T23:00:00+00:00","author":"Empleate","twitter_card":"summary_large_image","twitter_creator":"@Emplea_Te","twitter_site":"@Emplea_Te","twitter_misc":{"Escrito por":"Empleate","Tiempo de lectura":"1 minuto"},"schema":{"@context":"https:\/\/schema.org","@graph":[{"@type":"Article","@id":"https:\/\/www.emplea-te.com\/noticias-oposiciones\/bases-de-convocatoria-para-la-constitucion-de-lista-de-empleo-en-el-concello-de-laracha\/#article","isPartOf":{"@id":"https:\/\/www.emplea-te.com\/noticias-oposiciones\/bases-de-convocatoria-para-la-constitucion-de-lista-de-empleo-en-el-concello-de-laracha\/"},"author":{"name":"Empleate","@id":"https:\/\/www.emplea-te.com\/noticias-oposiciones\/#\/schema\/person\/d1bc587e1af2b95e9c32aba1795509a6"},"headline":"Bases de convocatoria para la constituci\u00f3n de&nbsp;lista de&nbsp;empleo en&nbsp;el Concello de &nbsp;Laracha .","datePublished":"2019-02-10T23:00:00+00:00","mainEntityOfPage":{"@id":"https:\/\/www.emplea-te.com\/noticias-oposiciones\/bases-de-convocatoria-para-la-constitucion-de-lista-de-empleo-en-el-concello-de-laracha\/"},"wordCount":271,"commentCount":0,"publisher":{"@id":"https:\/\/www.emplea-te.com\/noticias-oposiciones\/#organization"},"inLanguage":"es","potentialAction":[{"@type":"CommentAction","name":"Comment","target":["https:\/\/www.emplea-te.com\/noticias-oposiciones\/bases-de-convocatoria-para-la-constitucion-de-lista-de-empleo-en-el-concello-de-laracha\/#respond"]}]},{"@type":"WebPage","@id":"https:\/\/www.emplea-te.com\/noticias-oposiciones\/bases-de-convocatoria-para-la-constitucion-de-lista-de-empleo-en-el-concello-de-laracha\/","url":"https:\/\/www.emplea-te.com\/noticias-oposiciones\/bases-de-convocatoria-para-la-constitucion-de-lista-de-empleo-en-el-concello-de-laracha\/","name":"Bases de convocatoria para la constituci\u00f3n de&nbsp;lista de&nbsp;empleo en&nbsp;el Concello de &nbsp;Laracha . - Noticas de oposiciones por Academia Emplea-te","isPartOf":{"@id":"https:\/\/www.emplea-te.com\/noticias-oposiciones\/#website"},"datePublished":"2019-02-10T23:00:00+00:00","description":"Se publica en el BOP n\u00famero 29 de fecha 11 de febrero Bases\u00a0de la \u00a0convocatoria de proceso selectivo de formaci\u00f3n de una lista de empleo para posibles nombramientos como funcionario interino en el puesto de t\u00e9cnico de la Administraci\u00f3n General del concello de A Laracha. Enlace a resoluci\u00f3n .","breadcrumb":{"@id":"https:\/\/www.emplea-te.com\/noticias-oposiciones\/bases-de-convocatoria-para-la-constitucion-de-lista-de-empleo-en-el-concello-de-laracha\/#breadcrumb"},"inLanguage":"es","potentialAction":[{"@type":"ReadAction","target":["https:\/\/www.emplea-te.com\/noticias-oposiciones\/bases-de-convocatoria-para-la-constitucion-de-lista-de-empleo-en-el-concello-de-laracha\/"]}]},{"@type":"BreadcrumbList","@id":"https:\/\/www.emplea-te.com\/noticias-oposiciones\/bases-de-convocatoria-para-la-constitucion-de-lista-de-empleo-en-el-concello-de-laracha\/#breadcrumb","itemListElement":[{"@type":"ListItem","position":1,"name":"Noticias Oposiciones","item":"https:\/\/www.emplea-te.com\/noticias-oposiciones\/"},{"@type":"ListItem","position":2,"name":"Bases de convocatoria para la constituci\u00f3n de&nbsp;lista de&nbsp;empleo en&nbsp;el Concello de &nbsp;Laracha ."}]},{"@type":"WebSite","@id":"https:\/\/www.emplea-te.com\/noticias-oposiciones\/#website","url":"https:\/\/www.emplea-te.com\/noticias-oposiciones\/","name":"Noticas de oposiciones por Academia Emplea-te","description":"Toda la actualidad de las ofertas y convocatorias.","publisher":{"@id":"https:\/\/www.emplea-te.com\/noticias-oposiciones\/#organization"},"potentialAction":[{"@type":"SearchAction","target":{"@type":"EntryPoint","urlTemplate":"https:\/\/www.emplea-te.com\/noticias-oposiciones\/?s={search_term_string}"},"query-input":{"@type":"PropertyValueSpecification","valueRequired":true,"valueName":"search_term_string"}}],"inLanguage":"es"},{"@type":"Organization","@id":"https:\/\/www.emplea-te.com\/noticias-oposiciones\/#organization","name":"Academia de oposiciones Empl\u00e9ate","url":"https:\/\/www.emplea-te.com\/noticias-oposiciones\/","logo":{"@type":"ImageObject","inLanguage":"es","@id":"https:\/\/www.emplea-te.com\/noticias-oposiciones\/#\/schema\/logo\/image\/","url":"https:\/\/www.emplea-te.com\/noticias-oposiciones\/wp-content\/uploads\/2019\/04\/empleate.jpg","contentUrl":"https:\/\/www.emplea-te.com\/noticias-oposiciones\/wp-content\/uploads\/2019\/04\/empleate.jpg","width":250,"height":150,"caption":"Academia de oposiciones Empl\u00e9ate"},"image":{"@id":"https:\/\/www.emplea-te.com\/noticias-oposiciones\/#\/schema\/logo\/image\/"},"sameAs":["https:\/\/www.facebook.com\/AcademiaEmpleate\/","https:\/\/x.com\/Emplea_Te","https:\/\/www.instagram.com\/academia_empleate\/"]},{"@type":"Person","@id":"https:\/\/www.emplea-te.com\/noticias-oposiciones\/#\/schema\/person\/d1bc587e1af2b95e9c32aba1795509a6","name":"Empleate"}]}},"_links":{"self":[{"href":"https:\/\/www.emplea-te.com\/noticias-oposiciones\/wp-json\/wp\/v2\/posts\/1341","targetHints":{"allow":["GET"]}}],"collection":[{"href":"https:\/\/www.emplea-te.com\/noticias-oposiciones\/wp-json\/wp\/v2\/posts"}],"about":[{"href":"https:\/\/www.emplea-te.com\/noticias-oposiciones\/wp-json\/wp\/v2\/types\/post"}],"author":[{"embeddable":true,"href":"https:\/\/www.emplea-te.com\/noticias-oposiciones\/wp-json\/wp\/v2\/users\/1"}],"replies":[{"embeddable":true,"href":"https:\/\/www.emplea-te.com\/noticias-oposiciones\/wp-json\/wp\/v2\/comments?post=1341"}],"version-history":[{"count":0,"href":"https:\/\/www.emplea-te.com\/noticias-oposiciones\/wp-json\/wp\/v2\/posts\/1341\/revisions"}],"wp:attachment":[{"href":"https:\/\/www.emplea-te.com\/noticias-oposiciones\/wp-json\/wp\/v2\/media?parent=1341"}],"wp:term":[{"taxonomy":"category","embeddable":true,"href":"https:\/\/www.emplea-te.com\/noticias-oposiciones\/wp-json\/wp\/v2\/categories?post=1341"},{"taxonomy":"post_tag","embeddable":true,"href":"https:\/\/www.emplea-te.com\/noticias-oposiciones\/wp-json\/wp\/v2\/tags?post=1341"}],"curies":[{"name":"wp","href":"https:\/\/api.w.org\/{rel}","templated":true}]}}