{"id":1343,"date":"2019-02-12T00:00:00","date_gmt":"2019-02-11T23:00:00","guid":{"rendered":"https:\/\/www.emplea-te.com\/noticias-oposiciones\/la-xunta-de-galicia-anuncia-la-inminente-publicacion-de-convocatorias-para-cubrir-847-plazas-de-empleo-publico\/"},"modified":"2019-02-12T00:00:00","modified_gmt":"2019-02-11T23:00:00","slug":"la-xunta-de-galicia-anuncia-la-inminente-publicacion-de-convocatorias-para-cubrir-847-plazas-de-empleo-publico","status":"publish","type":"post","link":"https:\/\/www.emplea-te.com\/noticias-oposiciones\/la-xunta-de-galicia-anuncia-la-inminente-publicacion-de-convocatorias-para-cubrir-847-plazas-de-empleo-publico\/","title":{"rendered":"La Xunta de Galicia anuncia la inminente publicaci\u00f3n de convocatorias para cubrir 847 plazas de empleo p\u00fablico<br>"},"content":{"rendered":"<p>La Xunta en su p\u00e1gina web, anuncia la inminente publicaci\u00f3n de convocatorias para cubrir por oposici\u00f3n 847 plazas de empleo p\u00fablico. Son procesos p\u00fablicos sin precedentes en la \u00faltima d\u00e9cada.<\/p>\n<p><b>La Xunta de Galicia realizar\u00e1 de manera inminente la convocatoria de nuevas oposiciones para cubrir un total de 847 plazas <\/b>de empleo p\u00fablico en la Administraci\u00f3n gallega.<b> Estas 15 convocatorias ser\u00e1n publicadas en el plazo m\u00e1ximo de un mes en el Diario Oficial de Galicia (DOG)<\/b>, y desde ese momento se abrir\u00e1 un plazo para que las personas interesadas puedan apuntarse.<\/p>\n<p><b>Los procesos selectivos son de acceso libre:<\/b> Es decir  podr\u00e1 presentarse cualquier persona que cumpla los requisitos de la convocatoria, y el sistema de cobertura ser\u00e1 a trav\u00e9s de concurso-oposici\u00f3n.<\/p>\n<\/p>\n<p><b>La&nbsp;Xunta de Galicia convocar\u00e1 de manera inmediata 208 plazas de personal subalterno<\/b>, es decir, empleados p\u00fablicos que trabajan en las conseller\u00edas de la Xunta, en centros educativos o tambi\u00e9n en centros del \u00e1mbito de los servicios sociales. En la pr\u00e1ctica totalidad de las plazas no se precisar\u00e1 titulaci\u00f3n espec\u00edfica para poder participar.<\/p>\n<p><\/p>\n<p><a href=\"https:\/\/www.xunta.gal\/notas-de-prensa\/-\/nova\/37377\/xunta-anuncia-inminente-publicacion-nuevas-convocatorias-oposiciones-para-cubrir\" target=\"_blank\" rel=\"nofollow noopener noreferrer\"><span class=\"wysiwyg-color-green\">Enlace a nota informativa de la Xunta de Galicia <\/span><\/a><\/p>\n<p><a href=\"https:\/\/www.emplea-te.com\/39\/oposiciones-de-subalterno\" target=\"_blank\" rel=\"nofollow noopener noreferrer\"><span class=\"wysiwyg-color-green\">Prepara en nuestros grupos presenciales grupales las plazas de Subalterno <\/span><\/a><\/p>\n","protected":false},"excerpt":{"rendered":"<p>La Xunta en su p\u00e1gina web, anuncia la inminente publicaci\u00f3n de convocatorias para cubrir por oposici\u00f3n 847 plazas de empleo p\u00fablico. Son procesos p\u00fablicos sin precedentes en la \u00faltima d\u00e9cada. La Xunta de Galicia realizar\u00e1 de manera inminente la convocatoria de nuevas oposiciones para cubrir un total de 847 plazas de empleo p\u00fablico en la &hellip; <a href=\"https:\/\/www.emplea-te.com\/noticias-oposiciones\/la-xunta-de-galicia-anuncia-la-inminente-publicacion-de-convocatorias-para-cubrir-847-plazas-de-empleo-publico\/\" class=\"more-link\">Continuar leyendo<span class=\"screen-reader-text\"> \u00abLa Xunta de Galicia anuncia la inminente publicaci\u00f3n de convocatorias para cubrir 847 plazas de empleo p\u00fablico<br \/>\u00ab<\/span><\/a><\/p>\n","protected":false},"author":1,"featured_media":0,"comment_status":"open","ping_status":"open","sticky":false,"template":"","format":"standard","meta":{"footnotes":""},"categories":[],"tags":[],"class_list":["post-1343","post","type-post","status-publish","format-standard","hentry"],"yoast_head":"<!-- This site is optimized with the Yoast SEO plugin v27.5 - https:\/\/yoast.com\/product\/yoast-seo-wordpress\/ -->\n<title>La Xunta de Galicia anuncia la inminente publicaci\u00f3n de convocatorias para cubrir 847 plazas de empleo p\u00fablico - Noticas de oposiciones por Academia Emplea-te<\/title>\n<meta name=\"description\" content=\"La Xunta en su p\u00e1gina web, anuncia la inminente publicaci\u00f3n de convocatorias para cubrir por oposici\u00f3n 847 plazas de empleo p\u00fablico. Son procesos p\u00fablicos sin precedentes en la \u00faltima d\u00e9cada.Enlace a nota informativa de la web de la Xunta de Galicia\" \/>\n<meta name=\"robots\" content=\"index, follow, max-snippet:-1, max-image-preview:large, max-video-preview:-1\" \/>\n<link rel=\"canonical\" href=\"https:\/\/www.emplea-te.com\/noticias-oposiciones\/la-xunta-de-galicia-anuncia-la-inminente-publicacion-de-convocatorias-para-cubrir-847-plazas-de-empleo-publico\/\" \/>\n<meta property=\"og:locale\" content=\"es_ES\" \/>\n<meta property=\"og:type\" content=\"article\" \/>\n<meta property=\"og:title\" content=\"La Xunta de Galicia anuncia la inminente publicaci\u00f3n de convocatorias para cubrir 847 plazas de empleo p\u00fablico - Noticas de oposiciones por Academia Emplea-te\" \/>\n<meta property=\"og:description\" content=\"La Xunta en su p\u00e1gina web, anuncia la inminente publicaci\u00f3n de convocatorias para cubrir por oposici\u00f3n 847 plazas de empleo p\u00fablico. Son procesos p\u00fablicos sin precedentes en la \u00faltima d\u00e9cada.Enlace a nota informativa de la web de la Xunta de Galicia\" \/>\n<meta property=\"og:url\" content=\"https:\/\/www.emplea-te.com\/noticias-oposiciones\/la-xunta-de-galicia-anuncia-la-inminente-publicacion-de-convocatorias-para-cubrir-847-plazas-de-empleo-publico\/\" \/>\n<meta property=\"og:site_name\" content=\"Noticas de oposiciones por Academia Emplea-te\" \/>\n<meta property=\"article:publisher\" content=\"https:\/\/www.facebook.com\/AcademiaEmpleate\/\" \/>\n<meta property=\"article:published_time\" content=\"2019-02-11T23:00:00+00:00\" \/>\n<meta name=\"author\" content=\"Empleate\" \/>\n<meta name=\"twitter:card\" content=\"summary_large_image\" \/>\n<meta name=\"twitter:creator\" content=\"@Emplea_Te\" \/>\n<meta name=\"twitter:site\" content=\"@Emplea_Te\" \/>\n<meta name=\"twitter:label1\" content=\"Escrito por\" \/>\n\t<meta name=\"twitter:data1\" content=\"Empleate\" \/>\n\t<meta name=\"twitter:label2\" content=\"Tiempo de lectura\" \/>\n\t<meta name=\"twitter:data2\" content=\"1 minuto\" \/>\n<script type=\"application\/ld+json\" class=\"yoast-schema-graph\">{\"@context\":\"https:\\\/\\\/schema.org\",\"@graph\":[{\"@type\":\"Article\",\"@id\":\"https:\\\/\\\/www.emplea-te.com\\\/noticias-oposiciones\\\/la-xunta-de-galicia-anuncia-la-inminente-publicacion-de-convocatorias-para-cubrir-847-plazas-de-empleo-publico\\\/#article\",\"isPartOf\":{\"@id\":\"https:\\\/\\\/www.emplea-te.com\\\/noticias-oposiciones\\\/la-xunta-de-galicia-anuncia-la-inminente-publicacion-de-convocatorias-para-cubrir-847-plazas-de-empleo-publico\\\/\"},\"author\":{\"name\":\"Empleate\",\"@id\":\"https:\\\/\\\/www.emplea-te.com\\\/noticias-oposiciones\\\/#\\\/schema\\\/person\\\/d1bc587e1af2b95e9c32aba1795509a6\"},\"headline\":\"La Xunta de Galicia anuncia la inminente publicaci\u00f3n de convocatorias para cubrir 847 plazas de empleo p\u00fablico\",\"datePublished\":\"2019-02-11T23:00:00+00:00\",\"mainEntityOfPage\":{\"@id\":\"https:\\\/\\\/www.emplea-te.com\\\/noticias-oposiciones\\\/la-xunta-de-galicia-anuncia-la-inminente-publicacion-de-convocatorias-para-cubrir-847-plazas-de-empleo-publico\\\/\"},\"wordCount\":226,\"commentCount\":0,\"publisher\":{\"@id\":\"https:\\\/\\\/www.emplea-te.com\\\/noticias-oposiciones\\\/#organization\"},\"inLanguage\":\"es\",\"potentialAction\":[{\"@type\":\"CommentAction\",\"name\":\"Comment\",\"target\":[\"https:\\\/\\\/www.emplea-te.com\\\/noticias-oposiciones\\\/la-xunta-de-galicia-anuncia-la-inminente-publicacion-de-convocatorias-para-cubrir-847-plazas-de-empleo-publico\\\/#respond\"]}]},{\"@type\":\"WebPage\",\"@id\":\"https:\\\/\\\/www.emplea-te.com\\\/noticias-oposiciones\\\/la-xunta-de-galicia-anuncia-la-inminente-publicacion-de-convocatorias-para-cubrir-847-plazas-de-empleo-publico\\\/\",\"url\":\"https:\\\/\\\/www.emplea-te.com\\\/noticias-oposiciones\\\/la-xunta-de-galicia-anuncia-la-inminente-publicacion-de-convocatorias-para-cubrir-847-plazas-de-empleo-publico\\\/\",\"name\":\"La Xunta de Galicia anuncia la inminente publicaci\u00f3n de convocatorias para cubrir 847 plazas de empleo p\u00fablico - Noticas de oposiciones por Academia Emplea-te\",\"isPartOf\":{\"@id\":\"https:\\\/\\\/www.emplea-te.com\\\/noticias-oposiciones\\\/#website\"},\"datePublished\":\"2019-02-11T23:00:00+00:00\",\"description\":\"La Xunta en su p\u00e1gina web, anuncia la inminente publicaci\u00f3n de convocatorias para cubrir por oposici\u00f3n 847 plazas de empleo p\u00fablico. Son procesos p\u00fablicos sin precedentes en la \u00faltima d\u00e9cada.Enlace a nota informativa de la web de la Xunta de Galicia\",\"breadcrumb\":{\"@id\":\"https:\\\/\\\/www.emplea-te.com\\\/noticias-oposiciones\\\/la-xunta-de-galicia-anuncia-la-inminente-publicacion-de-convocatorias-para-cubrir-847-plazas-de-empleo-publico\\\/#breadcrumb\"},\"inLanguage\":\"es\",\"potentialAction\":[{\"@type\":\"ReadAction\",\"target\":[\"https:\\\/\\\/www.emplea-te.com\\\/noticias-oposiciones\\\/la-xunta-de-galicia-anuncia-la-inminente-publicacion-de-convocatorias-para-cubrir-847-plazas-de-empleo-publico\\\/\"]}]},{\"@type\":\"BreadcrumbList\",\"@id\":\"https:\\\/\\\/www.emplea-te.com\\\/noticias-oposiciones\\\/la-xunta-de-galicia-anuncia-la-inminente-publicacion-de-convocatorias-para-cubrir-847-plazas-de-empleo-publico\\\/#breadcrumb\",\"itemListElement\":[{\"@type\":\"ListItem\",\"position\":1,\"name\":\"Noticias Oposiciones\",\"item\":\"https:\\\/\\\/www.emplea-te.com\\\/noticias-oposiciones\\\/\"},{\"@type\":\"ListItem\",\"position\":2,\"name\":\"La Xunta de Galicia anuncia la inminente publicaci\u00f3n de convocatorias para cubrir 847 plazas de empleo p\u00fablico\"}]},{\"@type\":\"WebSite\",\"@id\":\"https:\\\/\\\/www.emplea-te.com\\\/noticias-oposiciones\\\/#website\",\"url\":\"https:\\\/\\\/www.emplea-te.com\\\/noticias-oposiciones\\\/\",\"name\":\"Noticas de oposiciones por Academia Emplea-te\",\"description\":\"Toda la actualidad de las ofertas y convocatorias.\",\"publisher\":{\"@id\":\"https:\\\/\\\/www.emplea-te.com\\\/noticias-oposiciones\\\/#organization\"},\"potentialAction\":[{\"@type\":\"SearchAction\",\"target\":{\"@type\":\"EntryPoint\",\"urlTemplate\":\"https:\\\/\\\/www.emplea-te.com\\\/noticias-oposiciones\\\/?s={search_term_string}\"},\"query-input\":{\"@type\":\"PropertyValueSpecification\",\"valueRequired\":true,\"valueName\":\"search_term_string\"}}],\"inLanguage\":\"es\"},{\"@type\":\"Organization\",\"@id\":\"https:\\\/\\\/www.emplea-te.com\\\/noticias-oposiciones\\\/#organization\",\"name\":\"Academia de oposiciones Empl\u00e9ate\",\"url\":\"https:\\\/\\\/www.emplea-te.com\\\/noticias-oposiciones\\\/\",\"logo\":{\"@type\":\"ImageObject\",\"inLanguage\":\"es\",\"@id\":\"https:\\\/\\\/www.emplea-te.com\\\/noticias-oposiciones\\\/#\\\/schema\\\/logo\\\/image\\\/\",\"url\":\"https:\\\/\\\/www.emplea-te.com\\\/noticias-oposiciones\\\/wp-content\\\/uploads\\\/2019\\\/04\\\/empleate.jpg\",\"contentUrl\":\"https:\\\/\\\/www.emplea-te.com\\\/noticias-oposiciones\\\/wp-content\\\/uploads\\\/2019\\\/04\\\/empleate.jpg\",\"width\":250,\"height\":150,\"caption\":\"Academia de oposiciones Empl\u00e9ate\"},\"image\":{\"@id\":\"https:\\\/\\\/www.emplea-te.com\\\/noticias-oposiciones\\\/#\\\/schema\\\/logo\\\/image\\\/\"},\"sameAs\":[\"https:\\\/\\\/www.facebook.com\\\/AcademiaEmpleate\\\/\",\"https:\\\/\\\/x.com\\\/Emplea_Te\",\"https:\\\/\\\/www.instagram.com\\\/academia_empleate\\\/\"]},{\"@type\":\"Person\",\"@id\":\"https:\\\/\\\/www.emplea-te.com\\\/noticias-oposiciones\\\/#\\\/schema\\\/person\\\/d1bc587e1af2b95e9c32aba1795509a6\",\"name\":\"Empleate\"}]}<\/script>\n<!-- \/ Yoast SEO plugin. -->","yoast_head_json":{"title":"La Xunta de Galicia anuncia la inminente publicaci\u00f3n de convocatorias para cubrir 847 plazas de empleo p\u00fablico - Noticas de oposiciones por Academia Emplea-te","description":"La Xunta en su p\u00e1gina web, anuncia la inminente publicaci\u00f3n de convocatorias para cubrir por oposici\u00f3n 847 plazas de empleo p\u00fablico. Son procesos p\u00fablicos sin precedentes en la \u00faltima d\u00e9cada.Enlace a nota informativa de la web de la Xunta de Galicia","robots":{"index":"index","follow":"follow","max-snippet":"max-snippet:-1","max-image-preview":"max-image-preview:large","max-video-preview":"max-video-preview:-1"},"canonical":"https:\/\/www.emplea-te.com\/noticias-oposiciones\/la-xunta-de-galicia-anuncia-la-inminente-publicacion-de-convocatorias-para-cubrir-847-plazas-de-empleo-publico\/","og_locale":"es_ES","og_type":"article","og_title":"La Xunta de Galicia anuncia la inminente publicaci\u00f3n de convocatorias para cubrir 847 plazas de empleo p\u00fablico - Noticas de oposiciones por Academia Emplea-te","og_description":"La Xunta en su p\u00e1gina web, anuncia la inminente publicaci\u00f3n de convocatorias para cubrir por oposici\u00f3n 847 plazas de empleo p\u00fablico. Son procesos p\u00fablicos sin precedentes en la \u00faltima d\u00e9cada.Enlace a nota informativa de la web de la Xunta de Galicia","og_url":"https:\/\/www.emplea-te.com\/noticias-oposiciones\/la-xunta-de-galicia-anuncia-la-inminente-publicacion-de-convocatorias-para-cubrir-847-plazas-de-empleo-publico\/","og_site_name":"Noticas de oposiciones por Academia Emplea-te","article_publisher":"https:\/\/www.facebook.com\/AcademiaEmpleate\/","article_published_time":"2019-02-11T23:00:00+00:00","author":"Empleate","twitter_card":"summary_large_image","twitter_creator":"@Emplea_Te","twitter_site":"@Emplea_Te","twitter_misc":{"Escrito por":"Empleate","Tiempo de lectura":"1 minuto"},"schema":{"@context":"https:\/\/schema.org","@graph":[{"@type":"Article","@id":"https:\/\/www.emplea-te.com\/noticias-oposiciones\/la-xunta-de-galicia-anuncia-la-inminente-publicacion-de-convocatorias-para-cubrir-847-plazas-de-empleo-publico\/#article","isPartOf":{"@id":"https:\/\/www.emplea-te.com\/noticias-oposiciones\/la-xunta-de-galicia-anuncia-la-inminente-publicacion-de-convocatorias-para-cubrir-847-plazas-de-empleo-publico\/"},"author":{"name":"Empleate","@id":"https:\/\/www.emplea-te.com\/noticias-oposiciones\/#\/schema\/person\/d1bc587e1af2b95e9c32aba1795509a6"},"headline":"La Xunta de Galicia anuncia la inminente publicaci\u00f3n de convocatorias para cubrir 847 plazas de empleo p\u00fablico","datePublished":"2019-02-11T23:00:00+00:00","mainEntityOfPage":{"@id":"https:\/\/www.emplea-te.com\/noticias-oposiciones\/la-xunta-de-galicia-anuncia-la-inminente-publicacion-de-convocatorias-para-cubrir-847-plazas-de-empleo-publico\/"},"wordCount":226,"commentCount":0,"publisher":{"@id":"https:\/\/www.emplea-te.com\/noticias-oposiciones\/#organization"},"inLanguage":"es","potentialAction":[{"@type":"CommentAction","name":"Comment","target":["https:\/\/www.emplea-te.com\/noticias-oposiciones\/la-xunta-de-galicia-anuncia-la-inminente-publicacion-de-convocatorias-para-cubrir-847-plazas-de-empleo-publico\/#respond"]}]},{"@type":"WebPage","@id":"https:\/\/www.emplea-te.com\/noticias-oposiciones\/la-xunta-de-galicia-anuncia-la-inminente-publicacion-de-convocatorias-para-cubrir-847-plazas-de-empleo-publico\/","url":"https:\/\/www.emplea-te.com\/noticias-oposiciones\/la-xunta-de-galicia-anuncia-la-inminente-publicacion-de-convocatorias-para-cubrir-847-plazas-de-empleo-publico\/","name":"La Xunta de Galicia anuncia la inminente publicaci\u00f3n de convocatorias para cubrir 847 plazas de empleo p\u00fablico - Noticas de oposiciones por Academia Emplea-te","isPartOf":{"@id":"https:\/\/www.emplea-te.com\/noticias-oposiciones\/#website"},"datePublished":"2019-02-11T23:00:00+00:00","description":"La Xunta en su p\u00e1gina web, anuncia la inminente publicaci\u00f3n de convocatorias para cubrir por oposici\u00f3n 847 plazas de empleo p\u00fablico. Son procesos p\u00fablicos sin precedentes en la \u00faltima d\u00e9cada.Enlace a nota informativa de la web de la Xunta de Galicia","breadcrumb":{"@id":"https:\/\/www.emplea-te.com\/noticias-oposiciones\/la-xunta-de-galicia-anuncia-la-inminente-publicacion-de-convocatorias-para-cubrir-847-plazas-de-empleo-publico\/#breadcrumb"},"inLanguage":"es","potentialAction":[{"@type":"ReadAction","target":["https:\/\/www.emplea-te.com\/noticias-oposiciones\/la-xunta-de-galicia-anuncia-la-inminente-publicacion-de-convocatorias-para-cubrir-847-plazas-de-empleo-publico\/"]}]},{"@type":"BreadcrumbList","@id":"https:\/\/www.emplea-te.com\/noticias-oposiciones\/la-xunta-de-galicia-anuncia-la-inminente-publicacion-de-convocatorias-para-cubrir-847-plazas-de-empleo-publico\/#breadcrumb","itemListElement":[{"@type":"ListItem","position":1,"name":"Noticias Oposiciones","item":"https:\/\/www.emplea-te.com\/noticias-oposiciones\/"},{"@type":"ListItem","position":2,"name":"La Xunta de Galicia anuncia la inminente publicaci\u00f3n de convocatorias para cubrir 847 plazas de empleo p\u00fablico"}]},{"@type":"WebSite","@id":"https:\/\/www.emplea-te.com\/noticias-oposiciones\/#website","url":"https:\/\/www.emplea-te.com\/noticias-oposiciones\/","name":"Noticas de oposiciones por Academia Emplea-te","description":"Toda la actualidad de las ofertas y convocatorias.","publisher":{"@id":"https:\/\/www.emplea-te.com\/noticias-oposiciones\/#organization"},"potentialAction":[{"@type":"SearchAction","target":{"@type":"EntryPoint","urlTemplate":"https:\/\/www.emplea-te.com\/noticias-oposiciones\/?s={search_term_string}"},"query-input":{"@type":"PropertyValueSpecification","valueRequired":true,"valueName":"search_term_string"}}],"inLanguage":"es"},{"@type":"Organization","@id":"https:\/\/www.emplea-te.com\/noticias-oposiciones\/#organization","name":"Academia de oposiciones Empl\u00e9ate","url":"https:\/\/www.emplea-te.com\/noticias-oposiciones\/","logo":{"@type":"ImageObject","inLanguage":"es","@id":"https:\/\/www.emplea-te.com\/noticias-oposiciones\/#\/schema\/logo\/image\/","url":"https:\/\/www.emplea-te.com\/noticias-oposiciones\/wp-content\/uploads\/2019\/04\/empleate.jpg","contentUrl":"https:\/\/www.emplea-te.com\/noticias-oposiciones\/wp-content\/uploads\/2019\/04\/empleate.jpg","width":250,"height":150,"caption":"Academia de oposiciones Empl\u00e9ate"},"image":{"@id":"https:\/\/www.emplea-te.com\/noticias-oposiciones\/#\/schema\/logo\/image\/"},"sameAs":["https:\/\/www.facebook.com\/AcademiaEmpleate\/","https:\/\/x.com\/Emplea_Te","https:\/\/www.instagram.com\/academia_empleate\/"]},{"@type":"Person","@id":"https:\/\/www.emplea-te.com\/noticias-oposiciones\/#\/schema\/person\/d1bc587e1af2b95e9c32aba1795509a6","name":"Empleate"}]}},"_links":{"self":[{"href":"https:\/\/www.emplea-te.com\/noticias-oposiciones\/wp-json\/wp\/v2\/posts\/1343","targetHints":{"allow":["GET"]}}],"collection":[{"href":"https:\/\/www.emplea-te.com\/noticias-oposiciones\/wp-json\/wp\/v2\/posts"}],"about":[{"href":"https:\/\/www.emplea-te.com\/noticias-oposiciones\/wp-json\/wp\/v2\/types\/post"}],"author":[{"embeddable":true,"href":"https:\/\/www.emplea-te.com\/noticias-oposiciones\/wp-json\/wp\/v2\/users\/1"}],"replies":[{"embeddable":true,"href":"https:\/\/www.emplea-te.com\/noticias-oposiciones\/wp-json\/wp\/v2\/comments?post=1343"}],"version-history":[{"count":0,"href":"https:\/\/www.emplea-te.com\/noticias-oposiciones\/wp-json\/wp\/v2\/posts\/1343\/revisions"}],"wp:attachment":[{"href":"https:\/\/www.emplea-te.com\/noticias-oposiciones\/wp-json\/wp\/v2\/media?parent=1343"}],"wp:term":[{"taxonomy":"category","embeddable":true,"href":"https:\/\/www.emplea-te.com\/noticias-oposiciones\/wp-json\/wp\/v2\/categories?post=1343"},{"taxonomy":"post_tag","embeddable":true,"href":"https:\/\/www.emplea-te.com\/noticias-oposiciones\/wp-json\/wp\/v2\/tags?post=1343"}],"curies":[{"name":"wp","href":"https:\/\/api.w.org\/{rel}","templated":true}]}}