{"id":1344,"date":"2019-02-13T00:00:00","date_gmt":"2019-02-12T23:00:00","guid":{"rendered":"https:\/\/www.emplea-te.com\/noticias-oposiciones\/se-publica-la-oferta-de-empleo-publico-correspondiente-al-ano-2019-del-concello-de-redondela\/"},"modified":"2019-02-13T00:00:00","modified_gmt":"2019-02-12T23:00:00","slug":"se-publica-la-oferta-de-empleo-publico-correspondiente-al-ano-2019-del-concello-de-redondela","status":"publish","type":"post","link":"https:\/\/www.emplea-te.com\/noticias-oposiciones\/se-publica-la-oferta-de-empleo-publico-correspondiente-al-ano-2019-del-concello-de-redondela\/","title":{"rendered":"Se publica la Oferta de Empleo P\u00fablico correspondiente al a\u00f1o 2019 del Concello de Redondela. <br>"},"content":{"rendered":"<\/p>\n<p>Se publica en el BOPPO n\u00famero 31 de fecha 13 de febrero de 2019, la Oferta de Empleo P\u00fablico correspondiente al a\u00f1o 2019 del Concello de Redondela. <\/p>\n<p>Resoluci\u00f3n n\u00fam. 2019-0379, de fecha 02\/08\/2019, mediante la cual aprob\u00f3 la oferta p\u00fablica de empleo del Ayuntamiento de Redondela, que estipula su publicaci\u00f3n en el Bolet\u00edn Oficial de la Provincia de Pontevedra. De conformidad con la resoluci\u00f3n mencionada, la publicaci\u00f3n de la oferta p\u00fablica de empleo del Ayuntamiento de Redondela para el a\u00f1o 2019, cuyas vacantes se ofrecen, es la siguiente:<\/p>\n<p><a href=\"https:\/\/boppo.depo.gal\/web\/boppo\/detalle\/-\/boppo\/2019\/02\/13\/2019006635\" target=\"_blank\" rel=\"nofollow noopener noreferrer\"><span class=\"wysiwyg-color-green\">Enlace a resoluci\u00f3n BOPPO con desglose de plazas de Acceso libre, promoci\u00f3n interna y contrataci\u00f3n temporal<\/span><\/a><\/p>\n<p>El plazo m\u00e1ximo para la ejecuci\u00f3n de los procesos selectivos correspondientes ser\u00e1 de 3 a\u00f1os a partir de la publicaci\u00f3n de este acuerdo en el Bolet\u00edn Oficial de la Provincia de Pontevedra.<\/p>\n<p>Destacamos :<\/p>\n<p>1 Plaza Administrativo C1 sistema de acceso: promoci\u00f3n interna.<\/p>\n<p>1 Plaza de Oficial de &nbsp;Polic\u00eda Local&nbsp; C1 sistema de acceso : promoci\u00f3n interna. <\/p>\n<p><a href=\"https:\/\/www.emplea-te.com\/cursos-para-oposiciones\" target=\"_blank\" rel=\"nofollow noopener noreferrer\"><span class=\"wysiwyg-color-green\">Prepara esta Oferta de Empleo P\u00fablico en nuestros grupos presenciales. <\/span><\/a><\/p>\n<p><\/p>\n","protected":false},"excerpt":{"rendered":"<p>Se publica en el BOPPO n\u00famero 31 de fecha 13 de febrero de 2019, la Oferta de Empleo P\u00fablico correspondiente al a\u00f1o 2019 del Concello de Redondela. Resoluci\u00f3n n\u00fam. 2019-0379, de fecha 02\/08\/2019, mediante la cual aprob\u00f3 la oferta p\u00fablica de empleo del Ayuntamiento de Redondela, que estipula su publicaci\u00f3n en el Bolet\u00edn Oficial de &hellip; <a href=\"https:\/\/www.emplea-te.com\/noticias-oposiciones\/se-publica-la-oferta-de-empleo-publico-correspondiente-al-ano-2019-del-concello-de-redondela\/\" class=\"more-link\">Continuar leyendo<span class=\"screen-reader-text\"> \u00abSe publica la Oferta de Empleo P\u00fablico correspondiente al a\u00f1o 2019 del Concello de Redondela. <br \/>\u00ab<\/span><\/a><\/p>\n","protected":false},"author":1,"featured_media":0,"comment_status":"open","ping_status":"open","sticky":false,"template":"","format":"standard","meta":{"footnotes":""},"categories":[],"tags":[],"class_list":["post-1344","post","type-post","status-publish","format-standard","hentry"],"yoast_head":"<!-- This site is optimized with the Yoast SEO plugin v27.5 - https:\/\/yoast.com\/product\/yoast-seo-wordpress\/ -->\n<title>Se publica la Oferta de Empleo P\u00fablico correspondiente al a\u00f1o 2019 del Concello de Redondela.  - Noticas de oposiciones por Academia Emplea-te<\/title>\n<meta name=\"description\" content=\"Se publica la Oferta de Empleo P\u00fablico (2019) del Concello de Redondela. Se\u00f1or El alcalde dict\u00f3 la resoluci\u00f3n n\u00fam. 2019-0379, de fecha 02\/08\/2019, mediante la cual aprob\u00f3 la oferta p\u00fablica de empleo del Ayuntamiento de Redondela, que estipula su publicaci\u00f3n en el Bolet\u00edn Oficial de la Provincia de Pontevedra. De conformidad con la resoluci\u00f3n mencionada, la publicaci\u00f3n de la oferta p\u00fablica de empleo del Ayuntamiento de Redondela para el a\u00f1o 2019, cuyas vacantes se ofrecen, es la siguiente.Enlace a resoluci\u00f3n publicada en el BOPPO.\" \/>\n<meta name=\"robots\" content=\"index, follow, max-snippet:-1, max-image-preview:large, max-video-preview:-1\" \/>\n<link rel=\"canonical\" href=\"https:\/\/www.emplea-te.com\/noticias-oposiciones\/se-publica-la-oferta-de-empleo-publico-correspondiente-al-ano-2019-del-concello-de-redondela\/\" \/>\n<meta property=\"og:locale\" content=\"es_ES\" \/>\n<meta property=\"og:type\" content=\"article\" \/>\n<meta property=\"og:title\" content=\"Se publica la Oferta de Empleo P\u00fablico correspondiente al a\u00f1o 2019 del Concello de Redondela.  - Noticas de oposiciones por Academia Emplea-te\" \/>\n<meta property=\"og:description\" content=\"Se publica la Oferta de Empleo P\u00fablico (2019) del Concello de Redondela. Se\u00f1or El alcalde dict\u00f3 la resoluci\u00f3n n\u00fam. 2019-0379, de fecha 02\/08\/2019, mediante la cual aprob\u00f3 la oferta p\u00fablica de empleo del Ayuntamiento de Redondela, que estipula su publicaci\u00f3n en el Bolet\u00edn Oficial de la Provincia de Pontevedra. De conformidad con la resoluci\u00f3n mencionada, la publicaci\u00f3n de la oferta p\u00fablica de empleo del Ayuntamiento de Redondela para el a\u00f1o 2019, cuyas vacantes se ofrecen, es la siguiente.Enlace a resoluci\u00f3n publicada en el BOPPO.\" \/>\n<meta property=\"og:url\" content=\"https:\/\/www.emplea-te.com\/noticias-oposiciones\/se-publica-la-oferta-de-empleo-publico-correspondiente-al-ano-2019-del-concello-de-redondela\/\" \/>\n<meta property=\"og:site_name\" content=\"Noticas de oposiciones por Academia Emplea-te\" \/>\n<meta property=\"article:publisher\" content=\"https:\/\/www.facebook.com\/AcademiaEmpleate\/\" \/>\n<meta property=\"article:published_time\" content=\"2019-02-12T23:00:00+00:00\" \/>\n<meta name=\"author\" content=\"Empleate\" \/>\n<meta name=\"twitter:card\" content=\"summary_large_image\" \/>\n<meta name=\"twitter:creator\" content=\"@Emplea_Te\" \/>\n<meta name=\"twitter:site\" content=\"@Emplea_Te\" \/>\n<meta name=\"twitter:label1\" content=\"Escrito por\" \/>\n\t<meta name=\"twitter:data1\" content=\"Empleate\" \/>\n\t<meta name=\"twitter:label2\" content=\"Tiempo de lectura\" \/>\n\t<meta name=\"twitter:data2\" content=\"1 minuto\" \/>\n<script type=\"application\/ld+json\" class=\"yoast-schema-graph\">{\"@context\":\"https:\\\/\\\/schema.org\",\"@graph\":[{\"@type\":\"Article\",\"@id\":\"https:\\\/\\\/www.emplea-te.com\\\/noticias-oposiciones\\\/se-publica-la-oferta-de-empleo-publico-correspondiente-al-ano-2019-del-concello-de-redondela\\\/#article\",\"isPartOf\":{\"@id\":\"https:\\\/\\\/www.emplea-te.com\\\/noticias-oposiciones\\\/se-publica-la-oferta-de-empleo-publico-correspondiente-al-ano-2019-del-concello-de-redondela\\\/\"},\"author\":{\"name\":\"Empleate\",\"@id\":\"https:\\\/\\\/www.emplea-te.com\\\/noticias-oposiciones\\\/#\\\/schema\\\/person\\\/d1bc587e1af2b95e9c32aba1795509a6\"},\"headline\":\"Se publica la Oferta de Empleo P\u00fablico correspondiente al a\u00f1o 2019 del Concello de Redondela.\",\"datePublished\":\"2019-02-12T23:00:00+00:00\",\"mainEntityOfPage\":{\"@id\":\"https:\\\/\\\/www.emplea-te.com\\\/noticias-oposiciones\\\/se-publica-la-oferta-de-empleo-publico-correspondiente-al-ano-2019-del-concello-de-redondela\\\/\"},\"wordCount\":202,\"commentCount\":0,\"publisher\":{\"@id\":\"https:\\\/\\\/www.emplea-te.com\\\/noticias-oposiciones\\\/#organization\"},\"inLanguage\":\"es\",\"potentialAction\":[{\"@type\":\"CommentAction\",\"name\":\"Comment\",\"target\":[\"https:\\\/\\\/www.emplea-te.com\\\/noticias-oposiciones\\\/se-publica-la-oferta-de-empleo-publico-correspondiente-al-ano-2019-del-concello-de-redondela\\\/#respond\"]}]},{\"@type\":\"WebPage\",\"@id\":\"https:\\\/\\\/www.emplea-te.com\\\/noticias-oposiciones\\\/se-publica-la-oferta-de-empleo-publico-correspondiente-al-ano-2019-del-concello-de-redondela\\\/\",\"url\":\"https:\\\/\\\/www.emplea-te.com\\\/noticias-oposiciones\\\/se-publica-la-oferta-de-empleo-publico-correspondiente-al-ano-2019-del-concello-de-redondela\\\/\",\"name\":\"Se publica la Oferta de Empleo P\u00fablico correspondiente al a\u00f1o 2019 del Concello de Redondela. - Noticas de oposiciones por Academia Emplea-te\",\"isPartOf\":{\"@id\":\"https:\\\/\\\/www.emplea-te.com\\\/noticias-oposiciones\\\/#website\"},\"datePublished\":\"2019-02-12T23:00:00+00:00\",\"description\":\"Se publica la Oferta de Empleo P\u00fablico (2019) del Concello de Redondela. Se\u00f1or El alcalde dict\u00f3 la resoluci\u00f3n n\u00fam. 2019-0379, de fecha 02\\\/08\\\/2019, mediante la cual aprob\u00f3 la oferta p\u00fablica de empleo del Ayuntamiento de Redondela, que estipula su publicaci\u00f3n en el Bolet\u00edn Oficial de la Provincia de Pontevedra. De conformidad con la resoluci\u00f3n mencionada, la publicaci\u00f3n de la oferta p\u00fablica de empleo del Ayuntamiento de Redondela para el a\u00f1o 2019, cuyas vacantes se ofrecen, es la siguiente.Enlace a resoluci\u00f3n publicada en el BOPPO.\",\"breadcrumb\":{\"@id\":\"https:\\\/\\\/www.emplea-te.com\\\/noticias-oposiciones\\\/se-publica-la-oferta-de-empleo-publico-correspondiente-al-ano-2019-del-concello-de-redondela\\\/#breadcrumb\"},\"inLanguage\":\"es\",\"potentialAction\":[{\"@type\":\"ReadAction\",\"target\":[\"https:\\\/\\\/www.emplea-te.com\\\/noticias-oposiciones\\\/se-publica-la-oferta-de-empleo-publico-correspondiente-al-ano-2019-del-concello-de-redondela\\\/\"]}]},{\"@type\":\"BreadcrumbList\",\"@id\":\"https:\\\/\\\/www.emplea-te.com\\\/noticias-oposiciones\\\/se-publica-la-oferta-de-empleo-publico-correspondiente-al-ano-2019-del-concello-de-redondela\\\/#breadcrumb\",\"itemListElement\":[{\"@type\":\"ListItem\",\"position\":1,\"name\":\"Noticias Oposiciones\",\"item\":\"https:\\\/\\\/www.emplea-te.com\\\/noticias-oposiciones\\\/\"},{\"@type\":\"ListItem\",\"position\":2,\"name\":\"Se publica la Oferta de Empleo P\u00fablico correspondiente al a\u00f1o 2019 del Concello de Redondela.\"}]},{\"@type\":\"WebSite\",\"@id\":\"https:\\\/\\\/www.emplea-te.com\\\/noticias-oposiciones\\\/#website\",\"url\":\"https:\\\/\\\/www.emplea-te.com\\\/noticias-oposiciones\\\/\",\"name\":\"Noticas de oposiciones por Academia Emplea-te\",\"description\":\"Toda la actualidad de las ofertas y convocatorias.\",\"publisher\":{\"@id\":\"https:\\\/\\\/www.emplea-te.com\\\/noticias-oposiciones\\\/#organization\"},\"potentialAction\":[{\"@type\":\"SearchAction\",\"target\":{\"@type\":\"EntryPoint\",\"urlTemplate\":\"https:\\\/\\\/www.emplea-te.com\\\/noticias-oposiciones\\\/?s={search_term_string}\"},\"query-input\":{\"@type\":\"PropertyValueSpecification\",\"valueRequired\":true,\"valueName\":\"search_term_string\"}}],\"inLanguage\":\"es\"},{\"@type\":\"Organization\",\"@id\":\"https:\\\/\\\/www.emplea-te.com\\\/noticias-oposiciones\\\/#organization\",\"name\":\"Academia de oposiciones Empl\u00e9ate\",\"url\":\"https:\\\/\\\/www.emplea-te.com\\\/noticias-oposiciones\\\/\",\"logo\":{\"@type\":\"ImageObject\",\"inLanguage\":\"es\",\"@id\":\"https:\\\/\\\/www.emplea-te.com\\\/noticias-oposiciones\\\/#\\\/schema\\\/logo\\\/image\\\/\",\"url\":\"https:\\\/\\\/www.emplea-te.com\\\/noticias-oposiciones\\\/wp-content\\\/uploads\\\/2019\\\/04\\\/empleate.jpg\",\"contentUrl\":\"https:\\\/\\\/www.emplea-te.com\\\/noticias-oposiciones\\\/wp-content\\\/uploads\\\/2019\\\/04\\\/empleate.jpg\",\"width\":250,\"height\":150,\"caption\":\"Academia de oposiciones Empl\u00e9ate\"},\"image\":{\"@id\":\"https:\\\/\\\/www.emplea-te.com\\\/noticias-oposiciones\\\/#\\\/schema\\\/logo\\\/image\\\/\"},\"sameAs\":[\"https:\\\/\\\/www.facebook.com\\\/AcademiaEmpleate\\\/\",\"https:\\\/\\\/x.com\\\/Emplea_Te\",\"https:\\\/\\\/www.instagram.com\\\/academia_empleate\\\/\"]},{\"@type\":\"Person\",\"@id\":\"https:\\\/\\\/www.emplea-te.com\\\/noticias-oposiciones\\\/#\\\/schema\\\/person\\\/d1bc587e1af2b95e9c32aba1795509a6\",\"name\":\"Empleate\"}]}<\/script>\n<!-- \/ Yoast SEO plugin. -->","yoast_head_json":{"title":"Se publica la Oferta de Empleo P\u00fablico correspondiente al a\u00f1o 2019 del Concello de Redondela.  - Noticas de oposiciones por Academia Emplea-te","description":"Se publica la Oferta de Empleo P\u00fablico (2019) del Concello de Redondela. Se\u00f1or El alcalde dict\u00f3 la resoluci\u00f3n n\u00fam. 2019-0379, de fecha 02\/08\/2019, mediante la cual aprob\u00f3 la oferta p\u00fablica de empleo del Ayuntamiento de Redondela, que estipula su publicaci\u00f3n en el Bolet\u00edn Oficial de la Provincia de Pontevedra. De conformidad con la resoluci\u00f3n mencionada, la publicaci\u00f3n de la oferta p\u00fablica de empleo del Ayuntamiento de Redondela para el a\u00f1o 2019, cuyas vacantes se ofrecen, es la siguiente.Enlace a resoluci\u00f3n publicada en el BOPPO.","robots":{"index":"index","follow":"follow","max-snippet":"max-snippet:-1","max-image-preview":"max-image-preview:large","max-video-preview":"max-video-preview:-1"},"canonical":"https:\/\/www.emplea-te.com\/noticias-oposiciones\/se-publica-la-oferta-de-empleo-publico-correspondiente-al-ano-2019-del-concello-de-redondela\/","og_locale":"es_ES","og_type":"article","og_title":"Se publica la Oferta de Empleo P\u00fablico correspondiente al a\u00f1o 2019 del Concello de Redondela.  - Noticas de oposiciones por Academia Emplea-te","og_description":"Se publica la Oferta de Empleo P\u00fablico (2019) del Concello de Redondela. Se\u00f1or El alcalde dict\u00f3 la resoluci\u00f3n n\u00fam. 2019-0379, de fecha 02\/08\/2019, mediante la cual aprob\u00f3 la oferta p\u00fablica de empleo del Ayuntamiento de Redondela, que estipula su publicaci\u00f3n en el Bolet\u00edn Oficial de la Provincia de Pontevedra. De conformidad con la resoluci\u00f3n mencionada, la publicaci\u00f3n de la oferta p\u00fablica de empleo del Ayuntamiento de Redondela para el a\u00f1o 2019, cuyas vacantes se ofrecen, es la siguiente.Enlace a resoluci\u00f3n publicada en el BOPPO.","og_url":"https:\/\/www.emplea-te.com\/noticias-oposiciones\/se-publica-la-oferta-de-empleo-publico-correspondiente-al-ano-2019-del-concello-de-redondela\/","og_site_name":"Noticas de oposiciones por Academia Emplea-te","article_publisher":"https:\/\/www.facebook.com\/AcademiaEmpleate\/","article_published_time":"2019-02-12T23:00:00+00:00","author":"Empleate","twitter_card":"summary_large_image","twitter_creator":"@Emplea_Te","twitter_site":"@Emplea_Te","twitter_misc":{"Escrito por":"Empleate","Tiempo de lectura":"1 minuto"},"schema":{"@context":"https:\/\/schema.org","@graph":[{"@type":"Article","@id":"https:\/\/www.emplea-te.com\/noticias-oposiciones\/se-publica-la-oferta-de-empleo-publico-correspondiente-al-ano-2019-del-concello-de-redondela\/#article","isPartOf":{"@id":"https:\/\/www.emplea-te.com\/noticias-oposiciones\/se-publica-la-oferta-de-empleo-publico-correspondiente-al-ano-2019-del-concello-de-redondela\/"},"author":{"name":"Empleate","@id":"https:\/\/www.emplea-te.com\/noticias-oposiciones\/#\/schema\/person\/d1bc587e1af2b95e9c32aba1795509a6"},"headline":"Se publica la Oferta de Empleo P\u00fablico correspondiente al a\u00f1o 2019 del Concello de Redondela.","datePublished":"2019-02-12T23:00:00+00:00","mainEntityOfPage":{"@id":"https:\/\/www.emplea-te.com\/noticias-oposiciones\/se-publica-la-oferta-de-empleo-publico-correspondiente-al-ano-2019-del-concello-de-redondela\/"},"wordCount":202,"commentCount":0,"publisher":{"@id":"https:\/\/www.emplea-te.com\/noticias-oposiciones\/#organization"},"inLanguage":"es","potentialAction":[{"@type":"CommentAction","name":"Comment","target":["https:\/\/www.emplea-te.com\/noticias-oposiciones\/se-publica-la-oferta-de-empleo-publico-correspondiente-al-ano-2019-del-concello-de-redondela\/#respond"]}]},{"@type":"WebPage","@id":"https:\/\/www.emplea-te.com\/noticias-oposiciones\/se-publica-la-oferta-de-empleo-publico-correspondiente-al-ano-2019-del-concello-de-redondela\/","url":"https:\/\/www.emplea-te.com\/noticias-oposiciones\/se-publica-la-oferta-de-empleo-publico-correspondiente-al-ano-2019-del-concello-de-redondela\/","name":"Se publica la Oferta de Empleo P\u00fablico correspondiente al a\u00f1o 2019 del Concello de Redondela. - Noticas de oposiciones por Academia Emplea-te","isPartOf":{"@id":"https:\/\/www.emplea-te.com\/noticias-oposiciones\/#website"},"datePublished":"2019-02-12T23:00:00+00:00","description":"Se publica la Oferta de Empleo P\u00fablico (2019) del Concello de Redondela. Se\u00f1or El alcalde dict\u00f3 la resoluci\u00f3n n\u00fam. 2019-0379, de fecha 02\/08\/2019, mediante la cual aprob\u00f3 la oferta p\u00fablica de empleo del Ayuntamiento de Redondela, que estipula su publicaci\u00f3n en el Bolet\u00edn Oficial de la Provincia de Pontevedra. De conformidad con la resoluci\u00f3n mencionada, la publicaci\u00f3n de la oferta p\u00fablica de empleo del Ayuntamiento de Redondela para el a\u00f1o 2019, cuyas vacantes se ofrecen, es la siguiente.Enlace a resoluci\u00f3n publicada en el BOPPO.","breadcrumb":{"@id":"https:\/\/www.emplea-te.com\/noticias-oposiciones\/se-publica-la-oferta-de-empleo-publico-correspondiente-al-ano-2019-del-concello-de-redondela\/#breadcrumb"},"inLanguage":"es","potentialAction":[{"@type":"ReadAction","target":["https:\/\/www.emplea-te.com\/noticias-oposiciones\/se-publica-la-oferta-de-empleo-publico-correspondiente-al-ano-2019-del-concello-de-redondela\/"]}]},{"@type":"BreadcrumbList","@id":"https:\/\/www.emplea-te.com\/noticias-oposiciones\/se-publica-la-oferta-de-empleo-publico-correspondiente-al-ano-2019-del-concello-de-redondela\/#breadcrumb","itemListElement":[{"@type":"ListItem","position":1,"name":"Noticias Oposiciones","item":"https:\/\/www.emplea-te.com\/noticias-oposiciones\/"},{"@type":"ListItem","position":2,"name":"Se publica la Oferta de Empleo P\u00fablico correspondiente al a\u00f1o 2019 del Concello de Redondela."}]},{"@type":"WebSite","@id":"https:\/\/www.emplea-te.com\/noticias-oposiciones\/#website","url":"https:\/\/www.emplea-te.com\/noticias-oposiciones\/","name":"Noticas de oposiciones por Academia Emplea-te","description":"Toda la actualidad de las ofertas y convocatorias.","publisher":{"@id":"https:\/\/www.emplea-te.com\/noticias-oposiciones\/#organization"},"potentialAction":[{"@type":"SearchAction","target":{"@type":"EntryPoint","urlTemplate":"https:\/\/www.emplea-te.com\/noticias-oposiciones\/?s={search_term_string}"},"query-input":{"@type":"PropertyValueSpecification","valueRequired":true,"valueName":"search_term_string"}}],"inLanguage":"es"},{"@type":"Organization","@id":"https:\/\/www.emplea-te.com\/noticias-oposiciones\/#organization","name":"Academia de oposiciones Empl\u00e9ate","url":"https:\/\/www.emplea-te.com\/noticias-oposiciones\/","logo":{"@type":"ImageObject","inLanguage":"es","@id":"https:\/\/www.emplea-te.com\/noticias-oposiciones\/#\/schema\/logo\/image\/","url":"https:\/\/www.emplea-te.com\/noticias-oposiciones\/wp-content\/uploads\/2019\/04\/empleate.jpg","contentUrl":"https:\/\/www.emplea-te.com\/noticias-oposiciones\/wp-content\/uploads\/2019\/04\/empleate.jpg","width":250,"height":150,"caption":"Academia de oposiciones Empl\u00e9ate"},"image":{"@id":"https:\/\/www.emplea-te.com\/noticias-oposiciones\/#\/schema\/logo\/image\/"},"sameAs":["https:\/\/www.facebook.com\/AcademiaEmpleate\/","https:\/\/x.com\/Emplea_Te","https:\/\/www.instagram.com\/academia_empleate\/"]},{"@type":"Person","@id":"https:\/\/www.emplea-te.com\/noticias-oposiciones\/#\/schema\/person\/d1bc587e1af2b95e9c32aba1795509a6","name":"Empleate"}]}},"_links":{"self":[{"href":"https:\/\/www.emplea-te.com\/noticias-oposiciones\/wp-json\/wp\/v2\/posts\/1344","targetHints":{"allow":["GET"]}}],"collection":[{"href":"https:\/\/www.emplea-te.com\/noticias-oposiciones\/wp-json\/wp\/v2\/posts"}],"about":[{"href":"https:\/\/www.emplea-te.com\/noticias-oposiciones\/wp-json\/wp\/v2\/types\/post"}],"author":[{"embeddable":true,"href":"https:\/\/www.emplea-te.com\/noticias-oposiciones\/wp-json\/wp\/v2\/users\/1"}],"replies":[{"embeddable":true,"href":"https:\/\/www.emplea-te.com\/noticias-oposiciones\/wp-json\/wp\/v2\/comments?post=1344"}],"version-history":[{"count":0,"href":"https:\/\/www.emplea-te.com\/noticias-oposiciones\/wp-json\/wp\/v2\/posts\/1344\/revisions"}],"wp:attachment":[{"href":"https:\/\/www.emplea-te.com\/noticias-oposiciones\/wp-json\/wp\/v2\/media?parent=1344"}],"wp:term":[{"taxonomy":"category","embeddable":true,"href":"https:\/\/www.emplea-te.com\/noticias-oposiciones\/wp-json\/wp\/v2\/categories?post=1344"},{"taxonomy":"post_tag","embeddable":true,"href":"https:\/\/www.emplea-te.com\/noticias-oposiciones\/wp-json\/wp\/v2\/tags?post=1344"}],"curies":[{"name":"wp","href":"https:\/\/api.w.org\/{rel}","templated":true}]}}