{"id":1345,"date":"2019-02-13T00:00:00","date_gmt":"2019-02-12T23:00:00","guid":{"rendered":"https:\/\/www.emplea-te.com\/noticias-oposiciones\/novedades-de-la-funcion-publica-y-procesos-selectivos-en-galicia\/"},"modified":"2019-02-13T00:00:00","modified_gmt":"2019-02-12T23:00:00","slug":"novedades-de-la-funcion-publica-y-procesos-selectivos-en-galicia","status":"publish","type":"post","link":"https:\/\/www.emplea-te.com\/noticias-oposiciones\/novedades-de-la-funcion-publica-y-procesos-selectivos-en-galicia\/","title":{"rendered":"Novedades de la funci\u00f3n p\u00fablica y &nbsp;procesos selectivos en Galicia. <br>"},"content":{"rendered":"<p>Las \u00faltimas noticias de la funci\u00f3n p\u00fablica y procesos selectivos en Galicia nos informa de:<\/p>\n<p>I- Ejecuci\u00f3n de los Procesos selectivos ya convocados <\/p>\n<p>El   DXFP declara que las listas definitivas de los procesos selectivos de los organismos generales, ya convocadas, se har\u00e1n p\u00fablicas en las pr\u00f3ximas semanas. <\/p>\n<p>Indica que una vez vencido el plazo establecido en las convocatorias, los primeros ejercicios de dichas convocatorias tendr\u00e1n lugar en los pr\u00f3ximos meses:<\/p>\n<p><span><span><\/p>\n<ul style=\"margin: 0px 0px 30px; color: rgb(64, 64, 64); text-transform: none; text-indent: 0px; letter-spacing: normal; font-family: Arimo, sans-serif; font-size: 17px; font-style: normal; font-weight: 400; word-spacing: 0px; white-space: normal; orphans: 2; widows: 2; background-color: rgb(255, 255, 255); font-variant-ligatures: normal; font-variant-caps: normal; -webkit-text-stroke-width: 0px; text-decoration-style: initial; text-decoration-color: initial;\">\n<li style=\"box-sizing: inherit;\"><strong>Mes de abril<\/strong>: procesos de Acceso Libre<\/li>\n<li style=\"box-sizing: inherit;\"><strong>Mes de mayo<\/strong>: procesos de Promoci\u00f3n Interna e Grupo V, Camarero Limpiador.<\/li>\n<\/ul>\n<p>II-&nbsp;Convocatorias&nbsp;para las Ofertas&nbsp;pendientes de Empleo P\u00fablico de la OEP 2016 y 2017 y la&nbsp;OEP de 2018 (acumulaci\u00f3n) &nbsp;<\/p>\n<p>En el mes de febrero, los siguientes Cuerpos ser\u00e1n negociados en la Mesa de Negociaci\u00f3n correspondiente, correspondiente a los dictados de los&nbsp;&nbsp; Opes , que , en ciertos casos , tambi\u00e9n&nbsp;&nbsp; involucran la acumulaci\u00f3n con los lugares que se ofrecieron en el&nbsp;&nbsp; OPO 2018.<\/p>\n<p>&nbsp;En un primer bloque y Durante el mes de febrero: ISSGA&nbsp; ( cuerpos generales y especiales) Escala de la cl\u00ednica auxiliar (incluidas las que se ofrecen como Categor\u00eda IV.003) Incendios personales. Escala de bombero forestal. (Incluido como ofrecido como Grupo IV. 033) Escala de estad\u00edsticos, Subgrupos A1 y Escala de Letrados. <\/p>\n<p>&nbsp;En el mes de abril, hab\u00eda tocado el \u00bb turno\u00bbAl resto de los Procesos Ofrecidos y en 2016 y 2017, con la acumulaci\u00f3n de posiciones del&nbsp;&nbsp; OPE 2018, en su caso. El&nbsp;&nbsp; DXFP menciona como ejemplo la Escala de Veterinarios. <\/p>\n<p>Preguntado por s\u00ed solo convocar\u00e1 a todos los lugares del&nbsp;&nbsp; d\u00e9cimo DT ofrecido en estos tres \u00faltimos&nbsp;&nbsp; OPES , su respuesta y ese \u00abno\u00bb, que solo convocar\u00e1 a aquellos Grupos y Categor\u00edas del&nbsp;&nbsp; DT 10 lugares que pueden acumularse a los procesos que tienen lugares. Acceso gratuito o estabilizaci\u00f3n.<\/p>\n<p>III- Oferta de Empleo P\u00fablico de 2019<\/p>\n<p>El DXFP manifiesta la intenci\u00f3n de la Administraci\u00f3n de publicar,&nbsp; la OPE 2019 antes del final del primero trimestre de este a\u00f1o.<\/p>\n<p>IV- Concurso de traslados:<\/p>\n<p>Respecto del Concurso de Traslados de Cuerpos Generales, manifiesta que se empezar\u00e1 a negociar la convocatoria en cuanto finalice o est\u00e9 a punto de finalizar la tramitaci\u00f3n de la RPT de la Conseller\u00eda de en medio Rural y tambi\u00e9n las RPTs de la Secretar\u00eda General de la Presidencia y del ISSGA. No da una fecha aproximada.<\/p>\n<p><span><a href=\"https:\/\/heraldtoupeiras.es\/2019\/02\/12\/novas-de-funcion-publica-sobre-procesos-selectivos\/?fbclid=IwAR10IhoSIG-ye8SAJI52CsChjHGokR-sY_PGRNgb0gYNwGZ1wTzLcTBLpCI\" target=\"_blank\" rel=\"nofollow noopener noreferrer\"><span class=\"wysiwyg-color-green\">Enlace a&nbsp;publicaci\u00f3n <\/span><\/a><br \/>&nbsp;&nbsp;&nbsp;&nbsp; <\/span><\/p>\n<\/p>\n<p><\/span><\/p>\n<p><\/span><\/p>\n<p><\/p>\n","protected":false},"excerpt":{"rendered":"<p>Las \u00faltimas noticias de la funci\u00f3n p\u00fablica y procesos selectivos en Galicia nos informa de: I- Ejecuci\u00f3n de los Procesos selectivos ya convocados El DXFP declara que las listas definitivas de los procesos selectivos de los organismos generales, ya convocadas, se har\u00e1n p\u00fablicas en las pr\u00f3ximas semanas. Indica que una vez vencido el plazo establecido &hellip; <a href=\"https:\/\/www.emplea-te.com\/noticias-oposiciones\/novedades-de-la-funcion-publica-y-procesos-selectivos-en-galicia\/\" class=\"more-link\">Continuar leyendo<span class=\"screen-reader-text\"> \u00abNovedades de la funci\u00f3n p\u00fablica y &nbsp;procesos selectivos en Galicia. <br \/>\u00ab<\/span><\/a><\/p>\n","protected":false},"author":1,"featured_media":0,"comment_status":"open","ping_status":"open","sticky":false,"template":"","format":"standard","meta":{"footnotes":""},"categories":[],"tags":[],"class_list":["post-1345","post","type-post","status-publish","format-standard","hentry"],"yoast_head":"<!-- This site is optimized with the Yoast SEO plugin v27.5 - https:\/\/yoast.com\/product\/yoast-seo-wordpress\/ -->\n<title>Novedades de la funci\u00f3n p\u00fablica y &nbsp;procesos selectivos en Galicia.  - Noticas de oposiciones por Academia Emplea-te<\/title>\n<meta name=\"description\" content=\"Las \u00faltimas noticias de la funci\u00f3n p\u00fablica y procesos selectivos en Galicia nos informa de: Situaci\u00f3n procesos selectivos, pr\u00f3ximas convocatorias y fechas de ex\u00e1menes. Enlace a publicaci\u00f3n\" \/>\n<meta name=\"robots\" content=\"index, follow, max-snippet:-1, max-image-preview:large, max-video-preview:-1\" \/>\n<link rel=\"canonical\" href=\"https:\/\/www.emplea-te.com\/noticias-oposiciones\/novedades-de-la-funcion-publica-y-procesos-selectivos-en-galicia\/\" \/>\n<meta property=\"og:locale\" content=\"es_ES\" \/>\n<meta property=\"og:type\" content=\"article\" \/>\n<meta property=\"og:title\" content=\"Novedades de la funci\u00f3n p\u00fablica y &nbsp;procesos selectivos en Galicia.  - Noticas de oposiciones por Academia Emplea-te\" \/>\n<meta property=\"og:description\" content=\"Las \u00faltimas noticias de la funci\u00f3n p\u00fablica y procesos selectivos en Galicia nos informa de: Situaci\u00f3n procesos selectivos, pr\u00f3ximas convocatorias y fechas de ex\u00e1menes. Enlace a publicaci\u00f3n\" \/>\n<meta property=\"og:url\" content=\"https:\/\/www.emplea-te.com\/noticias-oposiciones\/novedades-de-la-funcion-publica-y-procesos-selectivos-en-galicia\/\" \/>\n<meta property=\"og:site_name\" content=\"Noticas de oposiciones por Academia Emplea-te\" \/>\n<meta property=\"article:publisher\" content=\"https:\/\/www.facebook.com\/AcademiaEmpleate\/\" \/>\n<meta property=\"article:published_time\" content=\"2019-02-12T23:00:00+00:00\" \/>\n<meta name=\"author\" content=\"Empleate\" \/>\n<meta name=\"twitter:card\" content=\"summary_large_image\" \/>\n<meta name=\"twitter:creator\" content=\"@Emplea_Te\" \/>\n<meta name=\"twitter:site\" content=\"@Emplea_Te\" \/>\n<meta name=\"twitter:label1\" content=\"Escrito por\" \/>\n\t<meta name=\"twitter:data1\" content=\"Empleate\" \/>\n\t<meta name=\"twitter:label2\" content=\"Tiempo de lectura\" \/>\n\t<meta name=\"twitter:data2\" content=\"2 minutos\" \/>\n<script type=\"application\/ld+json\" class=\"yoast-schema-graph\">{\"@context\":\"https:\\\/\\\/schema.org\",\"@graph\":[{\"@type\":\"Article\",\"@id\":\"https:\\\/\\\/www.emplea-te.com\\\/noticias-oposiciones\\\/novedades-de-la-funcion-publica-y-procesos-selectivos-en-galicia\\\/#article\",\"isPartOf\":{\"@id\":\"https:\\\/\\\/www.emplea-te.com\\\/noticias-oposiciones\\\/novedades-de-la-funcion-publica-y-procesos-selectivos-en-galicia\\\/\"},\"author\":{\"name\":\"Empleate\",\"@id\":\"https:\\\/\\\/www.emplea-te.com\\\/noticias-oposiciones\\\/#\\\/schema\\\/person\\\/d1bc587e1af2b95e9c32aba1795509a6\"},\"headline\":\"Novedades de la funci\u00f3n p\u00fablica y &nbsp;procesos selectivos en Galicia.\",\"datePublished\":\"2019-02-12T23:00:00+00:00\",\"mainEntityOfPage\":{\"@id\":\"https:\\\/\\\/www.emplea-te.com\\\/noticias-oposiciones\\\/novedades-de-la-funcion-publica-y-procesos-selectivos-en-galicia\\\/\"},\"wordCount\":445,\"commentCount\":0,\"publisher\":{\"@id\":\"https:\\\/\\\/www.emplea-te.com\\\/noticias-oposiciones\\\/#organization\"},\"inLanguage\":\"es\",\"potentialAction\":[{\"@type\":\"CommentAction\",\"name\":\"Comment\",\"target\":[\"https:\\\/\\\/www.emplea-te.com\\\/noticias-oposiciones\\\/novedades-de-la-funcion-publica-y-procesos-selectivos-en-galicia\\\/#respond\"]}]},{\"@type\":\"WebPage\",\"@id\":\"https:\\\/\\\/www.emplea-te.com\\\/noticias-oposiciones\\\/novedades-de-la-funcion-publica-y-procesos-selectivos-en-galicia\\\/\",\"url\":\"https:\\\/\\\/www.emplea-te.com\\\/noticias-oposiciones\\\/novedades-de-la-funcion-publica-y-procesos-selectivos-en-galicia\\\/\",\"name\":\"Novedades de la funci\u00f3n p\u00fablica y &nbsp;procesos selectivos en Galicia. - Noticas de oposiciones por Academia Emplea-te\",\"isPartOf\":{\"@id\":\"https:\\\/\\\/www.emplea-te.com\\\/noticias-oposiciones\\\/#website\"},\"datePublished\":\"2019-02-12T23:00:00+00:00\",\"description\":\"Las \u00faltimas noticias de la funci\u00f3n p\u00fablica y procesos selectivos en Galicia nos informa de: Situaci\u00f3n procesos selectivos, pr\u00f3ximas convocatorias y fechas de ex\u00e1menes. Enlace a publicaci\u00f3n\",\"breadcrumb\":{\"@id\":\"https:\\\/\\\/www.emplea-te.com\\\/noticias-oposiciones\\\/novedades-de-la-funcion-publica-y-procesos-selectivos-en-galicia\\\/#breadcrumb\"},\"inLanguage\":\"es\",\"potentialAction\":[{\"@type\":\"ReadAction\",\"target\":[\"https:\\\/\\\/www.emplea-te.com\\\/noticias-oposiciones\\\/novedades-de-la-funcion-publica-y-procesos-selectivos-en-galicia\\\/\"]}]},{\"@type\":\"BreadcrumbList\",\"@id\":\"https:\\\/\\\/www.emplea-te.com\\\/noticias-oposiciones\\\/novedades-de-la-funcion-publica-y-procesos-selectivos-en-galicia\\\/#breadcrumb\",\"itemListElement\":[{\"@type\":\"ListItem\",\"position\":1,\"name\":\"Noticias Oposiciones\",\"item\":\"https:\\\/\\\/www.emplea-te.com\\\/noticias-oposiciones\\\/\"},{\"@type\":\"ListItem\",\"position\":2,\"name\":\"Novedades de la funci\u00f3n p\u00fablica y &nbsp;procesos selectivos en Galicia.\"}]},{\"@type\":\"WebSite\",\"@id\":\"https:\\\/\\\/www.emplea-te.com\\\/noticias-oposiciones\\\/#website\",\"url\":\"https:\\\/\\\/www.emplea-te.com\\\/noticias-oposiciones\\\/\",\"name\":\"Noticas de oposiciones por Academia Emplea-te\",\"description\":\"Toda la actualidad de las ofertas y convocatorias.\",\"publisher\":{\"@id\":\"https:\\\/\\\/www.emplea-te.com\\\/noticias-oposiciones\\\/#organization\"},\"potentialAction\":[{\"@type\":\"SearchAction\",\"target\":{\"@type\":\"EntryPoint\",\"urlTemplate\":\"https:\\\/\\\/www.emplea-te.com\\\/noticias-oposiciones\\\/?s={search_term_string}\"},\"query-input\":{\"@type\":\"PropertyValueSpecification\",\"valueRequired\":true,\"valueName\":\"search_term_string\"}}],\"inLanguage\":\"es\"},{\"@type\":\"Organization\",\"@id\":\"https:\\\/\\\/www.emplea-te.com\\\/noticias-oposiciones\\\/#organization\",\"name\":\"Academia de oposiciones Empl\u00e9ate\",\"url\":\"https:\\\/\\\/www.emplea-te.com\\\/noticias-oposiciones\\\/\",\"logo\":{\"@type\":\"ImageObject\",\"inLanguage\":\"es\",\"@id\":\"https:\\\/\\\/www.emplea-te.com\\\/noticias-oposiciones\\\/#\\\/schema\\\/logo\\\/image\\\/\",\"url\":\"https:\\\/\\\/www.emplea-te.com\\\/noticias-oposiciones\\\/wp-content\\\/uploads\\\/2019\\\/04\\\/empleate.jpg\",\"contentUrl\":\"https:\\\/\\\/www.emplea-te.com\\\/noticias-oposiciones\\\/wp-content\\\/uploads\\\/2019\\\/04\\\/empleate.jpg\",\"width\":250,\"height\":150,\"caption\":\"Academia de oposiciones Empl\u00e9ate\"},\"image\":{\"@id\":\"https:\\\/\\\/www.emplea-te.com\\\/noticias-oposiciones\\\/#\\\/schema\\\/logo\\\/image\\\/\"},\"sameAs\":[\"https:\\\/\\\/www.facebook.com\\\/AcademiaEmpleate\\\/\",\"https:\\\/\\\/x.com\\\/Emplea_Te\",\"https:\\\/\\\/www.instagram.com\\\/academia_empleate\\\/\"]},{\"@type\":\"Person\",\"@id\":\"https:\\\/\\\/www.emplea-te.com\\\/noticias-oposiciones\\\/#\\\/schema\\\/person\\\/d1bc587e1af2b95e9c32aba1795509a6\",\"name\":\"Empleate\"}]}<\/script>\n<!-- \/ Yoast SEO plugin. -->","yoast_head_json":{"title":"Novedades de la funci\u00f3n p\u00fablica y &nbsp;procesos selectivos en Galicia.  - Noticas de oposiciones por Academia Emplea-te","description":"Las \u00faltimas noticias de la funci\u00f3n p\u00fablica y procesos selectivos en Galicia nos informa de: Situaci\u00f3n procesos selectivos, pr\u00f3ximas convocatorias y fechas de ex\u00e1menes. Enlace a publicaci\u00f3n","robots":{"index":"index","follow":"follow","max-snippet":"max-snippet:-1","max-image-preview":"max-image-preview:large","max-video-preview":"max-video-preview:-1"},"canonical":"https:\/\/www.emplea-te.com\/noticias-oposiciones\/novedades-de-la-funcion-publica-y-procesos-selectivos-en-galicia\/","og_locale":"es_ES","og_type":"article","og_title":"Novedades de la funci\u00f3n p\u00fablica y &nbsp;procesos selectivos en Galicia.  - Noticas de oposiciones por Academia Emplea-te","og_description":"Las \u00faltimas noticias de la funci\u00f3n p\u00fablica y procesos selectivos en Galicia nos informa de: Situaci\u00f3n procesos selectivos, pr\u00f3ximas convocatorias y fechas de ex\u00e1menes. Enlace a publicaci\u00f3n","og_url":"https:\/\/www.emplea-te.com\/noticias-oposiciones\/novedades-de-la-funcion-publica-y-procesos-selectivos-en-galicia\/","og_site_name":"Noticas de oposiciones por Academia Emplea-te","article_publisher":"https:\/\/www.facebook.com\/AcademiaEmpleate\/","article_published_time":"2019-02-12T23:00:00+00:00","author":"Empleate","twitter_card":"summary_large_image","twitter_creator":"@Emplea_Te","twitter_site":"@Emplea_Te","twitter_misc":{"Escrito por":"Empleate","Tiempo de lectura":"2 minutos"},"schema":{"@context":"https:\/\/schema.org","@graph":[{"@type":"Article","@id":"https:\/\/www.emplea-te.com\/noticias-oposiciones\/novedades-de-la-funcion-publica-y-procesos-selectivos-en-galicia\/#article","isPartOf":{"@id":"https:\/\/www.emplea-te.com\/noticias-oposiciones\/novedades-de-la-funcion-publica-y-procesos-selectivos-en-galicia\/"},"author":{"name":"Empleate","@id":"https:\/\/www.emplea-te.com\/noticias-oposiciones\/#\/schema\/person\/d1bc587e1af2b95e9c32aba1795509a6"},"headline":"Novedades de la funci\u00f3n p\u00fablica y &nbsp;procesos selectivos en Galicia.","datePublished":"2019-02-12T23:00:00+00:00","mainEntityOfPage":{"@id":"https:\/\/www.emplea-te.com\/noticias-oposiciones\/novedades-de-la-funcion-publica-y-procesos-selectivos-en-galicia\/"},"wordCount":445,"commentCount":0,"publisher":{"@id":"https:\/\/www.emplea-te.com\/noticias-oposiciones\/#organization"},"inLanguage":"es","potentialAction":[{"@type":"CommentAction","name":"Comment","target":["https:\/\/www.emplea-te.com\/noticias-oposiciones\/novedades-de-la-funcion-publica-y-procesos-selectivos-en-galicia\/#respond"]}]},{"@type":"WebPage","@id":"https:\/\/www.emplea-te.com\/noticias-oposiciones\/novedades-de-la-funcion-publica-y-procesos-selectivos-en-galicia\/","url":"https:\/\/www.emplea-te.com\/noticias-oposiciones\/novedades-de-la-funcion-publica-y-procesos-selectivos-en-galicia\/","name":"Novedades de la funci\u00f3n p\u00fablica y &nbsp;procesos selectivos en Galicia. - Noticas de oposiciones por Academia Emplea-te","isPartOf":{"@id":"https:\/\/www.emplea-te.com\/noticias-oposiciones\/#website"},"datePublished":"2019-02-12T23:00:00+00:00","description":"Las \u00faltimas noticias de la funci\u00f3n p\u00fablica y procesos selectivos en Galicia nos informa de: Situaci\u00f3n procesos selectivos, pr\u00f3ximas convocatorias y fechas de ex\u00e1menes. Enlace a publicaci\u00f3n","breadcrumb":{"@id":"https:\/\/www.emplea-te.com\/noticias-oposiciones\/novedades-de-la-funcion-publica-y-procesos-selectivos-en-galicia\/#breadcrumb"},"inLanguage":"es","potentialAction":[{"@type":"ReadAction","target":["https:\/\/www.emplea-te.com\/noticias-oposiciones\/novedades-de-la-funcion-publica-y-procesos-selectivos-en-galicia\/"]}]},{"@type":"BreadcrumbList","@id":"https:\/\/www.emplea-te.com\/noticias-oposiciones\/novedades-de-la-funcion-publica-y-procesos-selectivos-en-galicia\/#breadcrumb","itemListElement":[{"@type":"ListItem","position":1,"name":"Noticias Oposiciones","item":"https:\/\/www.emplea-te.com\/noticias-oposiciones\/"},{"@type":"ListItem","position":2,"name":"Novedades de la funci\u00f3n p\u00fablica y &nbsp;procesos selectivos en Galicia."}]},{"@type":"WebSite","@id":"https:\/\/www.emplea-te.com\/noticias-oposiciones\/#website","url":"https:\/\/www.emplea-te.com\/noticias-oposiciones\/","name":"Noticas de oposiciones por Academia Emplea-te","description":"Toda la actualidad de las ofertas y convocatorias.","publisher":{"@id":"https:\/\/www.emplea-te.com\/noticias-oposiciones\/#organization"},"potentialAction":[{"@type":"SearchAction","target":{"@type":"EntryPoint","urlTemplate":"https:\/\/www.emplea-te.com\/noticias-oposiciones\/?s={search_term_string}"},"query-input":{"@type":"PropertyValueSpecification","valueRequired":true,"valueName":"search_term_string"}}],"inLanguage":"es"},{"@type":"Organization","@id":"https:\/\/www.emplea-te.com\/noticias-oposiciones\/#organization","name":"Academia de oposiciones Empl\u00e9ate","url":"https:\/\/www.emplea-te.com\/noticias-oposiciones\/","logo":{"@type":"ImageObject","inLanguage":"es","@id":"https:\/\/www.emplea-te.com\/noticias-oposiciones\/#\/schema\/logo\/image\/","url":"https:\/\/www.emplea-te.com\/noticias-oposiciones\/wp-content\/uploads\/2019\/04\/empleate.jpg","contentUrl":"https:\/\/www.emplea-te.com\/noticias-oposiciones\/wp-content\/uploads\/2019\/04\/empleate.jpg","width":250,"height":150,"caption":"Academia de oposiciones Empl\u00e9ate"},"image":{"@id":"https:\/\/www.emplea-te.com\/noticias-oposiciones\/#\/schema\/logo\/image\/"},"sameAs":["https:\/\/www.facebook.com\/AcademiaEmpleate\/","https:\/\/x.com\/Emplea_Te","https:\/\/www.instagram.com\/academia_empleate\/"]},{"@type":"Person","@id":"https:\/\/www.emplea-te.com\/noticias-oposiciones\/#\/schema\/person\/d1bc587e1af2b95e9c32aba1795509a6","name":"Empleate"}]}},"_links":{"self":[{"href":"https:\/\/www.emplea-te.com\/noticias-oposiciones\/wp-json\/wp\/v2\/posts\/1345","targetHints":{"allow":["GET"]}}],"collection":[{"href":"https:\/\/www.emplea-te.com\/noticias-oposiciones\/wp-json\/wp\/v2\/posts"}],"about":[{"href":"https:\/\/www.emplea-te.com\/noticias-oposiciones\/wp-json\/wp\/v2\/types\/post"}],"author":[{"embeddable":true,"href":"https:\/\/www.emplea-te.com\/noticias-oposiciones\/wp-json\/wp\/v2\/users\/1"}],"replies":[{"embeddable":true,"href":"https:\/\/www.emplea-te.com\/noticias-oposiciones\/wp-json\/wp\/v2\/comments?post=1345"}],"version-history":[{"count":0,"href":"https:\/\/www.emplea-te.com\/noticias-oposiciones\/wp-json\/wp\/v2\/posts\/1345\/revisions"}],"wp:attachment":[{"href":"https:\/\/www.emplea-te.com\/noticias-oposiciones\/wp-json\/wp\/v2\/media?parent=1345"}],"wp:term":[{"taxonomy":"category","embeddable":true,"href":"https:\/\/www.emplea-te.com\/noticias-oposiciones\/wp-json\/wp\/v2\/categories?post=1345"},{"taxonomy":"post_tag","embeddable":true,"href":"https:\/\/www.emplea-te.com\/noticias-oposiciones\/wp-json\/wp\/v2\/tags?post=1345"}],"curies":[{"name":"wp","href":"https:\/\/api.w.org\/{rel}","templated":true}]}}