{"id":13455,"date":"2024-10-31T10:39:51","date_gmt":"2024-10-31T09:39:51","guid":{"rendered":"https:\/\/www.emplea-te.com\/noticias-oposiciones\/?p=13455"},"modified":"2024-10-31T10:39:51","modified_gmt":"2024-10-31T09:39:51","slug":"xunta-de-galicia-cuerpo-de-gestion-de-administracion-general-a2-turno-libre-90-plazas-convocadas-relacion-de-aspirantes-que-han-superado-el-proceso-selectivo","status":"publish","type":"post","link":"https:\/\/www.emplea-te.com\/noticias-oposiciones\/xunta-de-galicia-cuerpo-de-gestion-de-administracion-general-a2-turno-libre-90-plazas-convocadas-relacion-de-aspirantes-que-han-superado-el-proceso-selectivo\/","title":{"rendered":"Xunta de Galicia. Cuerpo de Gesti\u00f3n de Administraci\u00f3n General A2 turno libre 90 plazas convocadas. Relaci\u00f3n de aspirantes que han superado el proceso selectivo."},"content":{"rendered":"<p>Se publica en la Web de Funci\u00f3n P\u00fablica de la Xunta de Galicia, la Resoluci\u00f3n de 29 de octubre de 2024, del tribunal calificador del proceso selectivo de acceso libre para el ingreso en el cuerpo de gesti\u00f3n de la Administraci\u00f3n general de la Comunidad Aut\u00f3noma de Galicia, subgrupo A2, convocado por la Resoluci\u00f3n de 9 de junio de 2022, por la que se le de la publicidad a diversos acuerdos:<\/p>\n<p>Primero:<\/p>\n<p>Publicar la relaci\u00f3n de aspirantes que superaron el proceso selectivo, por orden de puntuaciones alcanzadas, con indicaci\u00f3n de su documento nacional de identidad (con las limitaciones previstas en la normativa en materia de protecci\u00f3n de datos de car\u00e1cter personal).<br \/>\nLas personas aspirantes dispondr\u00e1n de un plazo de diez (10) d\u00edas h\u00e1biles, contados a partir del d\u00eda siguiente al de la publicaci\u00f3n en el DOG de esta resoluci\u00f3n, para la presentaci\u00f3n de los documentos previstos en la citada base, en caso de que no fueran presentados o validados previamente.<\/p>\n<p>Segundo:<br \/>\nElevar esta relaci\u00f3n a la titular de la Direcci\u00f3n General de Empleo P\u00fablico y Administraci\u00f3n de Personal a los efectos de que las personas que figuran en ella sean propuestas para su nombramiento como funcionarios de carrera.<\/p>\n<p><a href=\"http:\/\/www.xunta.es\/rcp\/listas\/rcp_opo\/opo_novas.jsp?lang=es\" target=\"_blank\" rel=\"noopener\"><strong>Accede a la consulta de estos Acuerdos publicados en la Web de Funci\u00f3n P\u00fablica de la Xunta de Galicia.\u00a0<\/strong><\/a><\/p>\n","protected":false},"excerpt":{"rendered":"<p>Se publica en la Web de Funci\u00f3n P\u00fablica de la Xunta de Galicia, la Resoluci\u00f3n de 29 de octubre de 2024, del tribunal calificador del proceso selectivo de acceso libre para el ingreso en el cuerpo de gesti\u00f3n de la Administraci\u00f3n general de la Comunidad Aut\u00f3noma de Galicia, subgrupo A2, convocado por la Resoluci\u00f3n de &hellip; <a href=\"https:\/\/www.emplea-te.com\/noticias-oposiciones\/xunta-de-galicia-cuerpo-de-gestion-de-administracion-general-a2-turno-libre-90-plazas-convocadas-relacion-de-aspirantes-que-han-superado-el-proceso-selectivo\/\" class=\"more-link\">Continuar leyendo<span class=\"screen-reader-text\"> \u00abXunta de Galicia. Cuerpo de Gesti\u00f3n de Administraci\u00f3n General A2 turno libre 90 plazas convocadas. Relaci\u00f3n de aspirantes que han superado el proceso selectivo.\u00bb<\/span><\/a><\/p>\n","protected":false},"author":1,"featured_media":0,"comment_status":"closed","ping_status":"closed","sticky":false,"template":"","format":"standard","meta":{"footnotes":""},"categories":[58,56,4],"tags":[88,103],"class_list":["post-13455","post","type-post","status-publish","format-standard","hentry","category-cuerpo-de-gestion-de-la-administracion-a2-xunta","category-oposiciones-autonomicas-galicia","category-oposiciones-xunta","tag-aprobados-proceso-selectivo","tag-informacion-procesos-selectivos"],"yoast_head":"<!-- This site is optimized with the Yoast SEO plugin v27.5 - https:\/\/yoast.com\/product\/yoast-seo-wordpress\/ -->\n<title>Xunta de Galicia. Gesti\u00f3n A2 administraci\u00f3n general. Aprobados.<\/title>\n<meta name=\"description\" content=\"Xunta de Galicia. Cuerpo de Gesti\u00f3n de Administraci\u00f3n General A2 turno libre 90 plazas convocadas. Relaci\u00f3n de aspirantes que han superado el proceso selectivo.\" \/>\n<meta name=\"robots\" content=\"index, follow, max-snippet:-1, max-image-preview:large, max-video-preview:-1\" \/>\n<link rel=\"canonical\" href=\"https:\/\/www.emplea-te.com\/noticias-oposiciones\/xunta-de-galicia-cuerpo-de-gestion-de-administracion-general-a2-turno-libre-90-plazas-convocadas-relacion-de-aspirantes-que-han-superado-el-proceso-selectivo\/\" \/>\n<meta property=\"og:locale\" content=\"es_ES\" \/>\n<meta property=\"og:type\" content=\"article\" \/>\n<meta property=\"og:title\" content=\"Xunta de Galicia. Gesti\u00f3n A2 administraci\u00f3n general. Aprobados.\" \/>\n<meta property=\"og:description\" content=\"Xunta de Galicia. Cuerpo de Gesti\u00f3n de Administraci\u00f3n General A2 turno libre 90 plazas convocadas. Relaci\u00f3n de aspirantes que han superado el proceso selectivo.\" \/>\n<meta property=\"og:url\" content=\"https:\/\/www.emplea-te.com\/noticias-oposiciones\/xunta-de-galicia-cuerpo-de-gestion-de-administracion-general-a2-turno-libre-90-plazas-convocadas-relacion-de-aspirantes-que-han-superado-el-proceso-selectivo\/\" \/>\n<meta property=\"og:site_name\" content=\"Noticas de oposiciones por Academia Emplea-te\" \/>\n<meta property=\"article:publisher\" content=\"https:\/\/www.facebook.com\/AcademiaEmpleate\/\" \/>\n<meta property=\"article:published_time\" content=\"2024-10-31T09:39:51+00:00\" \/>\n<meta name=\"author\" content=\"Empleate\" \/>\n<meta name=\"twitter:card\" content=\"summary_large_image\" \/>\n<meta name=\"twitter:creator\" content=\"@Emplea_Te\" \/>\n<meta name=\"twitter:site\" content=\"@Emplea_Te\" \/>\n<meta name=\"twitter:label1\" content=\"Escrito por\" \/>\n\t<meta name=\"twitter:data1\" content=\"Empleate\" \/>\n\t<meta name=\"twitter:label2\" content=\"Tiempo de lectura\" \/>\n\t<meta name=\"twitter:data2\" content=\"1 minuto\" \/>\n<script type=\"application\/ld+json\" class=\"yoast-schema-graph\">{\"@context\":\"https:\\\/\\\/schema.org\",\"@graph\":[{\"@type\":\"Article\",\"@id\":\"https:\\\/\\\/www.emplea-te.com\\\/noticias-oposiciones\\\/xunta-de-galicia-cuerpo-de-gestion-de-administracion-general-a2-turno-libre-90-plazas-convocadas-relacion-de-aspirantes-que-han-superado-el-proceso-selectivo\\\/#article\",\"isPartOf\":{\"@id\":\"https:\\\/\\\/www.emplea-te.com\\\/noticias-oposiciones\\\/xunta-de-galicia-cuerpo-de-gestion-de-administracion-general-a2-turno-libre-90-plazas-convocadas-relacion-de-aspirantes-que-han-superado-el-proceso-selectivo\\\/\"},\"author\":{\"name\":\"Empleate\",\"@id\":\"https:\\\/\\\/www.emplea-te.com\\\/noticias-oposiciones\\\/#\\\/schema\\\/person\\\/d1bc587e1af2b95e9c32aba1795509a6\"},\"headline\":\"Xunta de Galicia. Cuerpo de Gesti\u00f3n de Administraci\u00f3n General A2 turno libre 90 plazas convocadas. Relaci\u00f3n de aspirantes que han superado el proceso selectivo.\",\"datePublished\":\"2024-10-31T09:39:51+00:00\",\"mainEntityOfPage\":{\"@id\":\"https:\\\/\\\/www.emplea-te.com\\\/noticias-oposiciones\\\/xunta-de-galicia-cuerpo-de-gestion-de-administracion-general-a2-turno-libre-90-plazas-convocadas-relacion-de-aspirantes-que-han-superado-el-proceso-selectivo\\\/\"},\"wordCount\":262,\"publisher\":{\"@id\":\"https:\\\/\\\/www.emplea-te.com\\\/noticias-oposiciones\\\/#organization\"},\"keywords\":[\"Aprobados proceso selectivo\",\"Informaci\u00f3n procesos selectivos\"],\"articleSection\":[\"Cuerpo de Gesti\u00f3n de la Administraci\u00f3n A2 Xunta\",\"Oposiciones Auton\u00f3micas Galicia\",\"Oposiciones Xunta\"],\"inLanguage\":\"es\"},{\"@type\":\"WebPage\",\"@id\":\"https:\\\/\\\/www.emplea-te.com\\\/noticias-oposiciones\\\/xunta-de-galicia-cuerpo-de-gestion-de-administracion-general-a2-turno-libre-90-plazas-convocadas-relacion-de-aspirantes-que-han-superado-el-proceso-selectivo\\\/\",\"url\":\"https:\\\/\\\/www.emplea-te.com\\\/noticias-oposiciones\\\/xunta-de-galicia-cuerpo-de-gestion-de-administracion-general-a2-turno-libre-90-plazas-convocadas-relacion-de-aspirantes-que-han-superado-el-proceso-selectivo\\\/\",\"name\":\"Xunta de Galicia. Gesti\u00f3n A2 administraci\u00f3n general. Aprobados.\",\"isPartOf\":{\"@id\":\"https:\\\/\\\/www.emplea-te.com\\\/noticias-oposiciones\\\/#website\"},\"datePublished\":\"2024-10-31T09:39:51+00:00\",\"description\":\"Xunta de Galicia. Cuerpo de Gesti\u00f3n de Administraci\u00f3n General A2 turno libre 90 plazas convocadas. Relaci\u00f3n de aspirantes que han superado el proceso selectivo.\",\"breadcrumb\":{\"@id\":\"https:\\\/\\\/www.emplea-te.com\\\/noticias-oposiciones\\\/xunta-de-galicia-cuerpo-de-gestion-de-administracion-general-a2-turno-libre-90-plazas-convocadas-relacion-de-aspirantes-que-han-superado-el-proceso-selectivo\\\/#breadcrumb\"},\"inLanguage\":\"es\",\"potentialAction\":[{\"@type\":\"ReadAction\",\"target\":[\"https:\\\/\\\/www.emplea-te.com\\\/noticias-oposiciones\\\/xunta-de-galicia-cuerpo-de-gestion-de-administracion-general-a2-turno-libre-90-plazas-convocadas-relacion-de-aspirantes-que-han-superado-el-proceso-selectivo\\\/\"]}]},{\"@type\":\"BreadcrumbList\",\"@id\":\"https:\\\/\\\/www.emplea-te.com\\\/noticias-oposiciones\\\/xunta-de-galicia-cuerpo-de-gestion-de-administracion-general-a2-turno-libre-90-plazas-convocadas-relacion-de-aspirantes-que-han-superado-el-proceso-selectivo\\\/#breadcrumb\",\"itemListElement\":[{\"@type\":\"ListItem\",\"position\":1,\"name\":\"Noticias Oposiciones\",\"item\":\"https:\\\/\\\/www.emplea-te.com\\\/noticias-oposiciones\\\/\"},{\"@type\":\"ListItem\",\"position\":2,\"name\":\"Oposiciones Xunta\",\"item\":\"https:\\\/\\\/www.emplea-te.com\\\/noticias-oposiciones\\\/categoria\\\/oposiciones-xunta\\\/\"},{\"@type\":\"ListItem\",\"position\":3,\"name\":\"Xunta de Galicia. Cuerpo de Gesti\u00f3n de Administraci\u00f3n General A2 turno libre 90 plazas convocadas. Relaci\u00f3n de aspirantes que han superado el proceso selectivo.\"}]},{\"@type\":\"WebSite\",\"@id\":\"https:\\\/\\\/www.emplea-te.com\\\/noticias-oposiciones\\\/#website\",\"url\":\"https:\\\/\\\/www.emplea-te.com\\\/noticias-oposiciones\\\/\",\"name\":\"Noticas de oposiciones por Academia Emplea-te\",\"description\":\"Toda la actualidad de las ofertas y convocatorias.\",\"publisher\":{\"@id\":\"https:\\\/\\\/www.emplea-te.com\\\/noticias-oposiciones\\\/#organization\"},\"potentialAction\":[{\"@type\":\"SearchAction\",\"target\":{\"@type\":\"EntryPoint\",\"urlTemplate\":\"https:\\\/\\\/www.emplea-te.com\\\/noticias-oposiciones\\\/?s={search_term_string}\"},\"query-input\":{\"@type\":\"PropertyValueSpecification\",\"valueRequired\":true,\"valueName\":\"search_term_string\"}}],\"inLanguage\":\"es\"},{\"@type\":\"Organization\",\"@id\":\"https:\\\/\\\/www.emplea-te.com\\\/noticias-oposiciones\\\/#organization\",\"name\":\"Academia de oposiciones Empl\u00e9ate\",\"url\":\"https:\\\/\\\/www.emplea-te.com\\\/noticias-oposiciones\\\/\",\"logo\":{\"@type\":\"ImageObject\",\"inLanguage\":\"es\",\"@id\":\"https:\\\/\\\/www.emplea-te.com\\\/noticias-oposiciones\\\/#\\\/schema\\\/logo\\\/image\\\/\",\"url\":\"https:\\\/\\\/www.emplea-te.com\\\/noticias-oposiciones\\\/wp-content\\\/uploads\\\/2019\\\/04\\\/empleate.jpg\",\"contentUrl\":\"https:\\\/\\\/www.emplea-te.com\\\/noticias-oposiciones\\\/wp-content\\\/uploads\\\/2019\\\/04\\\/empleate.jpg\",\"width\":250,\"height\":150,\"caption\":\"Academia de oposiciones Empl\u00e9ate\"},\"image\":{\"@id\":\"https:\\\/\\\/www.emplea-te.com\\\/noticias-oposiciones\\\/#\\\/schema\\\/logo\\\/image\\\/\"},\"sameAs\":[\"https:\\\/\\\/www.facebook.com\\\/AcademiaEmpleate\\\/\",\"https:\\\/\\\/x.com\\\/Emplea_Te\",\"https:\\\/\\\/www.instagram.com\\\/academia_empleate\\\/\"]},{\"@type\":\"Person\",\"@id\":\"https:\\\/\\\/www.emplea-te.com\\\/noticias-oposiciones\\\/#\\\/schema\\\/person\\\/d1bc587e1af2b95e9c32aba1795509a6\",\"name\":\"Empleate\"}]}<\/script>\n<!-- \/ Yoast SEO plugin. -->","yoast_head_json":{"title":"Xunta de Galicia. Gesti\u00f3n A2 administraci\u00f3n general. Aprobados.","description":"Xunta de Galicia. Cuerpo de Gesti\u00f3n de Administraci\u00f3n General A2 turno libre 90 plazas convocadas. Relaci\u00f3n de aspirantes que han superado el proceso selectivo.","robots":{"index":"index","follow":"follow","max-snippet":"max-snippet:-1","max-image-preview":"max-image-preview:large","max-video-preview":"max-video-preview:-1"},"canonical":"https:\/\/www.emplea-te.com\/noticias-oposiciones\/xunta-de-galicia-cuerpo-de-gestion-de-administracion-general-a2-turno-libre-90-plazas-convocadas-relacion-de-aspirantes-que-han-superado-el-proceso-selectivo\/","og_locale":"es_ES","og_type":"article","og_title":"Xunta de Galicia. Gesti\u00f3n A2 administraci\u00f3n general. Aprobados.","og_description":"Xunta de Galicia. Cuerpo de Gesti\u00f3n de Administraci\u00f3n General A2 turno libre 90 plazas convocadas. Relaci\u00f3n de aspirantes que han superado el proceso selectivo.","og_url":"https:\/\/www.emplea-te.com\/noticias-oposiciones\/xunta-de-galicia-cuerpo-de-gestion-de-administracion-general-a2-turno-libre-90-plazas-convocadas-relacion-de-aspirantes-que-han-superado-el-proceso-selectivo\/","og_site_name":"Noticas de oposiciones por Academia Emplea-te","article_publisher":"https:\/\/www.facebook.com\/AcademiaEmpleate\/","article_published_time":"2024-10-31T09:39:51+00:00","author":"Empleate","twitter_card":"summary_large_image","twitter_creator":"@Emplea_Te","twitter_site":"@Emplea_Te","twitter_misc":{"Escrito por":"Empleate","Tiempo de lectura":"1 minuto"},"schema":{"@context":"https:\/\/schema.org","@graph":[{"@type":"Article","@id":"https:\/\/www.emplea-te.com\/noticias-oposiciones\/xunta-de-galicia-cuerpo-de-gestion-de-administracion-general-a2-turno-libre-90-plazas-convocadas-relacion-de-aspirantes-que-han-superado-el-proceso-selectivo\/#article","isPartOf":{"@id":"https:\/\/www.emplea-te.com\/noticias-oposiciones\/xunta-de-galicia-cuerpo-de-gestion-de-administracion-general-a2-turno-libre-90-plazas-convocadas-relacion-de-aspirantes-que-han-superado-el-proceso-selectivo\/"},"author":{"name":"Empleate","@id":"https:\/\/www.emplea-te.com\/noticias-oposiciones\/#\/schema\/person\/d1bc587e1af2b95e9c32aba1795509a6"},"headline":"Xunta de Galicia. Cuerpo de Gesti\u00f3n de Administraci\u00f3n General A2 turno libre 90 plazas convocadas. Relaci\u00f3n de aspirantes que han superado el proceso selectivo.","datePublished":"2024-10-31T09:39:51+00:00","mainEntityOfPage":{"@id":"https:\/\/www.emplea-te.com\/noticias-oposiciones\/xunta-de-galicia-cuerpo-de-gestion-de-administracion-general-a2-turno-libre-90-plazas-convocadas-relacion-de-aspirantes-que-han-superado-el-proceso-selectivo\/"},"wordCount":262,"publisher":{"@id":"https:\/\/www.emplea-te.com\/noticias-oposiciones\/#organization"},"keywords":["Aprobados proceso selectivo","Informaci\u00f3n procesos selectivos"],"articleSection":["Cuerpo de Gesti\u00f3n de la Administraci\u00f3n A2 Xunta","Oposiciones Auton\u00f3micas Galicia","Oposiciones Xunta"],"inLanguage":"es"},{"@type":"WebPage","@id":"https:\/\/www.emplea-te.com\/noticias-oposiciones\/xunta-de-galicia-cuerpo-de-gestion-de-administracion-general-a2-turno-libre-90-plazas-convocadas-relacion-de-aspirantes-que-han-superado-el-proceso-selectivo\/","url":"https:\/\/www.emplea-te.com\/noticias-oposiciones\/xunta-de-galicia-cuerpo-de-gestion-de-administracion-general-a2-turno-libre-90-plazas-convocadas-relacion-de-aspirantes-que-han-superado-el-proceso-selectivo\/","name":"Xunta de Galicia. Gesti\u00f3n A2 administraci\u00f3n general. Aprobados.","isPartOf":{"@id":"https:\/\/www.emplea-te.com\/noticias-oposiciones\/#website"},"datePublished":"2024-10-31T09:39:51+00:00","description":"Xunta de Galicia. Cuerpo de Gesti\u00f3n de Administraci\u00f3n General A2 turno libre 90 plazas convocadas. Relaci\u00f3n de aspirantes que han superado el proceso selectivo.","breadcrumb":{"@id":"https:\/\/www.emplea-te.com\/noticias-oposiciones\/xunta-de-galicia-cuerpo-de-gestion-de-administracion-general-a2-turno-libre-90-plazas-convocadas-relacion-de-aspirantes-que-han-superado-el-proceso-selectivo\/#breadcrumb"},"inLanguage":"es","potentialAction":[{"@type":"ReadAction","target":["https:\/\/www.emplea-te.com\/noticias-oposiciones\/xunta-de-galicia-cuerpo-de-gestion-de-administracion-general-a2-turno-libre-90-plazas-convocadas-relacion-de-aspirantes-que-han-superado-el-proceso-selectivo\/"]}]},{"@type":"BreadcrumbList","@id":"https:\/\/www.emplea-te.com\/noticias-oposiciones\/xunta-de-galicia-cuerpo-de-gestion-de-administracion-general-a2-turno-libre-90-plazas-convocadas-relacion-de-aspirantes-que-han-superado-el-proceso-selectivo\/#breadcrumb","itemListElement":[{"@type":"ListItem","position":1,"name":"Noticias Oposiciones","item":"https:\/\/www.emplea-te.com\/noticias-oposiciones\/"},{"@type":"ListItem","position":2,"name":"Oposiciones Xunta","item":"https:\/\/www.emplea-te.com\/noticias-oposiciones\/categoria\/oposiciones-xunta\/"},{"@type":"ListItem","position":3,"name":"Xunta de Galicia. Cuerpo de Gesti\u00f3n de Administraci\u00f3n General A2 turno libre 90 plazas convocadas. Relaci\u00f3n de aspirantes que han superado el proceso selectivo."}]},{"@type":"WebSite","@id":"https:\/\/www.emplea-te.com\/noticias-oposiciones\/#website","url":"https:\/\/www.emplea-te.com\/noticias-oposiciones\/","name":"Noticas de oposiciones por Academia Emplea-te","description":"Toda la actualidad de las ofertas y convocatorias.","publisher":{"@id":"https:\/\/www.emplea-te.com\/noticias-oposiciones\/#organization"},"potentialAction":[{"@type":"SearchAction","target":{"@type":"EntryPoint","urlTemplate":"https:\/\/www.emplea-te.com\/noticias-oposiciones\/?s={search_term_string}"},"query-input":{"@type":"PropertyValueSpecification","valueRequired":true,"valueName":"search_term_string"}}],"inLanguage":"es"},{"@type":"Organization","@id":"https:\/\/www.emplea-te.com\/noticias-oposiciones\/#organization","name":"Academia de oposiciones Empl\u00e9ate","url":"https:\/\/www.emplea-te.com\/noticias-oposiciones\/","logo":{"@type":"ImageObject","inLanguage":"es","@id":"https:\/\/www.emplea-te.com\/noticias-oposiciones\/#\/schema\/logo\/image\/","url":"https:\/\/www.emplea-te.com\/noticias-oposiciones\/wp-content\/uploads\/2019\/04\/empleate.jpg","contentUrl":"https:\/\/www.emplea-te.com\/noticias-oposiciones\/wp-content\/uploads\/2019\/04\/empleate.jpg","width":250,"height":150,"caption":"Academia de oposiciones Empl\u00e9ate"},"image":{"@id":"https:\/\/www.emplea-te.com\/noticias-oposiciones\/#\/schema\/logo\/image\/"},"sameAs":["https:\/\/www.facebook.com\/AcademiaEmpleate\/","https:\/\/x.com\/Emplea_Te","https:\/\/www.instagram.com\/academia_empleate\/"]},{"@type":"Person","@id":"https:\/\/www.emplea-te.com\/noticias-oposiciones\/#\/schema\/person\/d1bc587e1af2b95e9c32aba1795509a6","name":"Empleate"}]}},"_links":{"self":[{"href":"https:\/\/www.emplea-te.com\/noticias-oposiciones\/wp-json\/wp\/v2\/posts\/13455","targetHints":{"allow":["GET"]}}],"collection":[{"href":"https:\/\/www.emplea-te.com\/noticias-oposiciones\/wp-json\/wp\/v2\/posts"}],"about":[{"href":"https:\/\/www.emplea-te.com\/noticias-oposiciones\/wp-json\/wp\/v2\/types\/post"}],"author":[{"embeddable":true,"href":"https:\/\/www.emplea-te.com\/noticias-oposiciones\/wp-json\/wp\/v2\/users\/1"}],"replies":[{"embeddable":true,"href":"https:\/\/www.emplea-te.com\/noticias-oposiciones\/wp-json\/wp\/v2\/comments?post=13455"}],"version-history":[{"count":1,"href":"https:\/\/www.emplea-te.com\/noticias-oposiciones\/wp-json\/wp\/v2\/posts\/13455\/revisions"}],"predecessor-version":[{"id":13456,"href":"https:\/\/www.emplea-te.com\/noticias-oposiciones\/wp-json\/wp\/v2\/posts\/13455\/revisions\/13456"}],"wp:attachment":[{"href":"https:\/\/www.emplea-te.com\/noticias-oposiciones\/wp-json\/wp\/v2\/media?parent=13455"}],"wp:term":[{"taxonomy":"category","embeddable":true,"href":"https:\/\/www.emplea-te.com\/noticias-oposiciones\/wp-json\/wp\/v2\/categories?post=13455"},{"taxonomy":"post_tag","embeddable":true,"href":"https:\/\/www.emplea-te.com\/noticias-oposiciones\/wp-json\/wp\/v2\/tags?post=13455"}],"curies":[{"name":"wp","href":"https:\/\/api.w.org\/{rel}","templated":true}]}}