{"id":13597,"date":"2024-11-18T10:20:33","date_gmt":"2024-11-18T09:20:33","guid":{"rendered":"https:\/\/www.emplea-te.com\/noticias-oposiciones\/?p=13597"},"modified":"2024-11-18T10:20:33","modified_gmt":"2024-11-18T09:20:33","slug":"cuerpos-generales-de-justicia-estabilizacion-concurso-oposicion-ultima-hora-sobre-estas-convocatorias","status":"publish","type":"post","link":"https:\/\/www.emplea-te.com\/noticias-oposiciones\/cuerpos-generales-de-justicia-estabilizacion-concurso-oposicion-ultima-hora-sobre-estas-convocatorias\/","title":{"rendered":"Cuerpos Generales de Justicia. Estabilizaci\u00f3n concurso-oposici\u00f3n. \u00daltima hora sobre estas convocatorias."},"content":{"rendered":"<p>En relaci\u00f3n con las dudas que han surgido sobre sobre la \u00faltima fase de las convocatorias de estabilizaci\u00f3n, se informa de lo siguiente:<\/p>\n<p>1.- Las convocatorias que se van a resolver en primer lugar son las de concurso. Por ello, las personas opositoras que han aprobado ambos procesos (tanto concurso como concurso-oposici\u00f3n) deber\u00e1n necesariamente optar por uno de ellos comunicando al Tribunal Calificador su renuncia a la que no opten.<\/p>\n<p>2.- De acuerdo con los requisitos de participaci\u00f3n que figuran en todas las bases para poder ser nombrado funcionario de carrera, es imprescindible no haber alcanzado la edad legal de jubilaci\u00f3n forzosa, que est\u00e1 establecida en la actualidad en 65 a\u00f1os para el r\u00e9gimen de clases pasivas y de 66 a\u00f1os y 6 meses para el r\u00e9gimen general. En este sentido, los interesados comunicar\u00e1n al tribunal correspondiente cuando se encuentren en esa situaci\u00f3n.<\/p>\n<p>3.- Para agilizar los nombramientos y poder agilizar la incorporaci\u00f3n de los nuevos aspirantes a las relaciones de propuestas de nombramientos, las renuncias por cualquier causa deben enviarse lo antes posible a las siguientes direcciones de correo indicando en el asunto el cuerpo por el que concurre.<\/p>\n<p><a href=\"https:\/\/www.mjusticia.gob.es\/es\/Ciudadano\/EmpleoPublico\/Documents\/nota%20sobre%20procesos%20de%20estabilizaci\u00f3n.pdf\" target=\"_blank\" rel=\"noopener\">Consulta las direcciones de correo electr\u00f3nico desde este enlace.<\/a><\/p>\n","protected":false},"excerpt":{"rendered":"<p>En relaci\u00f3n con las dudas que han surgido sobre sobre la \u00faltima fase de las convocatorias de estabilizaci\u00f3n, se informa de lo siguiente: 1.- Las convocatorias que se van a resolver en primer lugar son las de concurso. Por ello, las personas opositoras que han aprobado ambos procesos (tanto concurso como concurso-oposici\u00f3n) deber\u00e1n necesariamente optar &hellip; <a href=\"https:\/\/www.emplea-te.com\/noticias-oposiciones\/cuerpos-generales-de-justicia-estabilizacion-concurso-oposicion-ultima-hora-sobre-estas-convocatorias\/\" class=\"more-link\">Continuar leyendo<span class=\"screen-reader-text\"> \u00abCuerpos Generales de Justicia. Estabilizaci\u00f3n concurso-oposici\u00f3n. \u00daltima hora sobre estas convocatorias.\u00bb<\/span><\/a><\/p>\n","protected":false},"author":1,"featured_media":0,"comment_status":"closed","ping_status":"closed","sticky":false,"template":"","format":"standard","meta":{"footnotes":""},"categories":[15,17,14,16],"tags":[103],"class_list":["post-13597","post","type-post","status-publish","format-standard","hentry","category-oposiciones-auxilio-judicial","category-oposiciones-gestion-procesal","category-oposiciones-justicia","category-oposiciones-tramitacion-procesal","tag-informacion-procesos-selectivos"],"yoast_head":"<!-- This site is optimized with the Yoast SEO plugin v27.5 - https:\/\/yoast.com\/product\/yoast-seo-wordpress\/ -->\n<title>Cuerpos Generales de Justicia. Estabilizaci\u00f3n concurso-oposici\u00f3n.<\/title>\n<meta name=\"description\" content=\"Cuerpos Generales de Justicia. Estabilizaci\u00f3n concurso-oposici\u00f3n. \u00daltima hora sobre estas convocatorias.\" \/>\n<meta name=\"robots\" content=\"index, follow, max-snippet:-1, max-image-preview:large, max-video-preview:-1\" \/>\n<link rel=\"canonical\" href=\"https:\/\/www.emplea-te.com\/noticias-oposiciones\/cuerpos-generales-de-justicia-estabilizacion-concurso-oposicion-ultima-hora-sobre-estas-convocatorias\/\" \/>\n<meta property=\"og:locale\" content=\"es_ES\" \/>\n<meta property=\"og:type\" content=\"article\" \/>\n<meta property=\"og:title\" content=\"Cuerpos Generales de Justicia. Estabilizaci\u00f3n concurso-oposici\u00f3n.\" \/>\n<meta property=\"og:description\" content=\"Cuerpos Generales de Justicia. Estabilizaci\u00f3n concurso-oposici\u00f3n. \u00daltima hora sobre estas convocatorias.\" \/>\n<meta property=\"og:url\" content=\"https:\/\/www.emplea-te.com\/noticias-oposiciones\/cuerpos-generales-de-justicia-estabilizacion-concurso-oposicion-ultima-hora-sobre-estas-convocatorias\/\" \/>\n<meta property=\"og:site_name\" content=\"Noticas de oposiciones por Academia Emplea-te\" \/>\n<meta property=\"article:publisher\" content=\"https:\/\/www.facebook.com\/AcademiaEmpleate\/\" \/>\n<meta property=\"article:published_time\" content=\"2024-11-18T09:20:33+00:00\" \/>\n<meta name=\"author\" content=\"Empleate\" \/>\n<meta name=\"twitter:card\" content=\"summary_large_image\" \/>\n<meta name=\"twitter:creator\" content=\"@Emplea_Te\" \/>\n<meta name=\"twitter:site\" content=\"@Emplea_Te\" \/>\n<meta name=\"twitter:label1\" content=\"Escrito por\" \/>\n\t<meta name=\"twitter:data1\" content=\"Empleate\" \/>\n\t<meta name=\"twitter:label2\" content=\"Tiempo de lectura\" \/>\n\t<meta name=\"twitter:data2\" content=\"1 minuto\" \/>\n<script type=\"application\/ld+json\" class=\"yoast-schema-graph\">{\"@context\":\"https:\\\/\\\/schema.org\",\"@graph\":[{\"@type\":\"Article\",\"@id\":\"https:\\\/\\\/www.emplea-te.com\\\/noticias-oposiciones\\\/cuerpos-generales-de-justicia-estabilizacion-concurso-oposicion-ultima-hora-sobre-estas-convocatorias\\\/#article\",\"isPartOf\":{\"@id\":\"https:\\\/\\\/www.emplea-te.com\\\/noticias-oposiciones\\\/cuerpos-generales-de-justicia-estabilizacion-concurso-oposicion-ultima-hora-sobre-estas-convocatorias\\\/\"},\"author\":{\"name\":\"Empleate\",\"@id\":\"https:\\\/\\\/www.emplea-te.com\\\/noticias-oposiciones\\\/#\\\/schema\\\/person\\\/d1bc587e1af2b95e9c32aba1795509a6\"},\"headline\":\"Cuerpos Generales de Justicia. Estabilizaci\u00f3n concurso-oposici\u00f3n. \u00daltima hora sobre estas convocatorias.\",\"datePublished\":\"2024-11-18T09:20:33+00:00\",\"mainEntityOfPage\":{\"@id\":\"https:\\\/\\\/www.emplea-te.com\\\/noticias-oposiciones\\\/cuerpos-generales-de-justicia-estabilizacion-concurso-oposicion-ultima-hora-sobre-estas-convocatorias\\\/\"},\"wordCount\":223,\"publisher\":{\"@id\":\"https:\\\/\\\/www.emplea-te.com\\\/noticias-oposiciones\\\/#organization\"},\"keywords\":[\"Informaci\u00f3n procesos selectivos\"],\"articleSection\":[\"Oposiciones Auxilio Judicial\",\"Oposiciones Gesti\u00f3n Procesal\",\"Oposiciones Justicia\",\"Oposiciones Tramitaci\u00f3n Procesal\"],\"inLanguage\":\"es\"},{\"@type\":\"WebPage\",\"@id\":\"https:\\\/\\\/www.emplea-te.com\\\/noticias-oposiciones\\\/cuerpos-generales-de-justicia-estabilizacion-concurso-oposicion-ultima-hora-sobre-estas-convocatorias\\\/\",\"url\":\"https:\\\/\\\/www.emplea-te.com\\\/noticias-oposiciones\\\/cuerpos-generales-de-justicia-estabilizacion-concurso-oposicion-ultima-hora-sobre-estas-convocatorias\\\/\",\"name\":\"Cuerpos Generales de Justicia. Estabilizaci\u00f3n concurso-oposici\u00f3n.\",\"isPartOf\":{\"@id\":\"https:\\\/\\\/www.emplea-te.com\\\/noticias-oposiciones\\\/#website\"},\"datePublished\":\"2024-11-18T09:20:33+00:00\",\"description\":\"Cuerpos Generales de Justicia. Estabilizaci\u00f3n concurso-oposici\u00f3n. \u00daltima hora sobre estas convocatorias.\",\"breadcrumb\":{\"@id\":\"https:\\\/\\\/www.emplea-te.com\\\/noticias-oposiciones\\\/cuerpos-generales-de-justicia-estabilizacion-concurso-oposicion-ultima-hora-sobre-estas-convocatorias\\\/#breadcrumb\"},\"inLanguage\":\"es\",\"potentialAction\":[{\"@type\":\"ReadAction\",\"target\":[\"https:\\\/\\\/www.emplea-te.com\\\/noticias-oposiciones\\\/cuerpos-generales-de-justicia-estabilizacion-concurso-oposicion-ultima-hora-sobre-estas-convocatorias\\\/\"]}]},{\"@type\":\"BreadcrumbList\",\"@id\":\"https:\\\/\\\/www.emplea-te.com\\\/noticias-oposiciones\\\/cuerpos-generales-de-justicia-estabilizacion-concurso-oposicion-ultima-hora-sobre-estas-convocatorias\\\/#breadcrumb\",\"itemListElement\":[{\"@type\":\"ListItem\",\"position\":1,\"name\":\"Noticias Oposiciones\",\"item\":\"https:\\\/\\\/www.emplea-te.com\\\/noticias-oposiciones\\\/\"},{\"@type\":\"ListItem\",\"position\":2,\"name\":\"Oposiciones Justicia\",\"item\":\"https:\\\/\\\/www.emplea-te.com\\\/noticias-oposiciones\\\/categoria\\\/oposiciones-justicia\\\/\"},{\"@type\":\"ListItem\",\"position\":3,\"name\":\"Cuerpos Generales de Justicia. Estabilizaci\u00f3n concurso-oposici\u00f3n. \u00daltima hora sobre estas convocatorias.\"}]},{\"@type\":\"WebSite\",\"@id\":\"https:\\\/\\\/www.emplea-te.com\\\/noticias-oposiciones\\\/#website\",\"url\":\"https:\\\/\\\/www.emplea-te.com\\\/noticias-oposiciones\\\/\",\"name\":\"Noticas de oposiciones por Academia Emplea-te\",\"description\":\"Toda la actualidad de las ofertas y convocatorias.\",\"publisher\":{\"@id\":\"https:\\\/\\\/www.emplea-te.com\\\/noticias-oposiciones\\\/#organization\"},\"potentialAction\":[{\"@type\":\"SearchAction\",\"target\":{\"@type\":\"EntryPoint\",\"urlTemplate\":\"https:\\\/\\\/www.emplea-te.com\\\/noticias-oposiciones\\\/?s={search_term_string}\"},\"query-input\":{\"@type\":\"PropertyValueSpecification\",\"valueRequired\":true,\"valueName\":\"search_term_string\"}}],\"inLanguage\":\"es\"},{\"@type\":\"Organization\",\"@id\":\"https:\\\/\\\/www.emplea-te.com\\\/noticias-oposiciones\\\/#organization\",\"name\":\"Academia de oposiciones Empl\u00e9ate\",\"url\":\"https:\\\/\\\/www.emplea-te.com\\\/noticias-oposiciones\\\/\",\"logo\":{\"@type\":\"ImageObject\",\"inLanguage\":\"es\",\"@id\":\"https:\\\/\\\/www.emplea-te.com\\\/noticias-oposiciones\\\/#\\\/schema\\\/logo\\\/image\\\/\",\"url\":\"https:\\\/\\\/www.emplea-te.com\\\/noticias-oposiciones\\\/wp-content\\\/uploads\\\/2019\\\/04\\\/empleate.jpg\",\"contentUrl\":\"https:\\\/\\\/www.emplea-te.com\\\/noticias-oposiciones\\\/wp-content\\\/uploads\\\/2019\\\/04\\\/empleate.jpg\",\"width\":250,\"height\":150,\"caption\":\"Academia de oposiciones Empl\u00e9ate\"},\"image\":{\"@id\":\"https:\\\/\\\/www.emplea-te.com\\\/noticias-oposiciones\\\/#\\\/schema\\\/logo\\\/image\\\/\"},\"sameAs\":[\"https:\\\/\\\/www.facebook.com\\\/AcademiaEmpleate\\\/\",\"https:\\\/\\\/x.com\\\/Emplea_Te\",\"https:\\\/\\\/www.instagram.com\\\/academia_empleate\\\/\"]},{\"@type\":\"Person\",\"@id\":\"https:\\\/\\\/www.emplea-te.com\\\/noticias-oposiciones\\\/#\\\/schema\\\/person\\\/d1bc587e1af2b95e9c32aba1795509a6\",\"name\":\"Empleate\"}]}<\/script>\n<!-- \/ Yoast SEO plugin. -->","yoast_head_json":{"title":"Cuerpos Generales de Justicia. Estabilizaci\u00f3n concurso-oposici\u00f3n.","description":"Cuerpos Generales de Justicia. Estabilizaci\u00f3n concurso-oposici\u00f3n. \u00daltima hora sobre estas convocatorias.","robots":{"index":"index","follow":"follow","max-snippet":"max-snippet:-1","max-image-preview":"max-image-preview:large","max-video-preview":"max-video-preview:-1"},"canonical":"https:\/\/www.emplea-te.com\/noticias-oposiciones\/cuerpos-generales-de-justicia-estabilizacion-concurso-oposicion-ultima-hora-sobre-estas-convocatorias\/","og_locale":"es_ES","og_type":"article","og_title":"Cuerpos Generales de Justicia. Estabilizaci\u00f3n concurso-oposici\u00f3n.","og_description":"Cuerpos Generales de Justicia. Estabilizaci\u00f3n concurso-oposici\u00f3n. \u00daltima hora sobre estas convocatorias.","og_url":"https:\/\/www.emplea-te.com\/noticias-oposiciones\/cuerpos-generales-de-justicia-estabilizacion-concurso-oposicion-ultima-hora-sobre-estas-convocatorias\/","og_site_name":"Noticas de oposiciones por Academia Emplea-te","article_publisher":"https:\/\/www.facebook.com\/AcademiaEmpleate\/","article_published_time":"2024-11-18T09:20:33+00:00","author":"Empleate","twitter_card":"summary_large_image","twitter_creator":"@Emplea_Te","twitter_site":"@Emplea_Te","twitter_misc":{"Escrito por":"Empleate","Tiempo de lectura":"1 minuto"},"schema":{"@context":"https:\/\/schema.org","@graph":[{"@type":"Article","@id":"https:\/\/www.emplea-te.com\/noticias-oposiciones\/cuerpos-generales-de-justicia-estabilizacion-concurso-oposicion-ultima-hora-sobre-estas-convocatorias\/#article","isPartOf":{"@id":"https:\/\/www.emplea-te.com\/noticias-oposiciones\/cuerpos-generales-de-justicia-estabilizacion-concurso-oposicion-ultima-hora-sobre-estas-convocatorias\/"},"author":{"name":"Empleate","@id":"https:\/\/www.emplea-te.com\/noticias-oposiciones\/#\/schema\/person\/d1bc587e1af2b95e9c32aba1795509a6"},"headline":"Cuerpos Generales de Justicia. Estabilizaci\u00f3n concurso-oposici\u00f3n. \u00daltima hora sobre estas convocatorias.","datePublished":"2024-11-18T09:20:33+00:00","mainEntityOfPage":{"@id":"https:\/\/www.emplea-te.com\/noticias-oposiciones\/cuerpos-generales-de-justicia-estabilizacion-concurso-oposicion-ultima-hora-sobre-estas-convocatorias\/"},"wordCount":223,"publisher":{"@id":"https:\/\/www.emplea-te.com\/noticias-oposiciones\/#organization"},"keywords":["Informaci\u00f3n procesos selectivos"],"articleSection":["Oposiciones Auxilio Judicial","Oposiciones Gesti\u00f3n Procesal","Oposiciones Justicia","Oposiciones Tramitaci\u00f3n Procesal"],"inLanguage":"es"},{"@type":"WebPage","@id":"https:\/\/www.emplea-te.com\/noticias-oposiciones\/cuerpos-generales-de-justicia-estabilizacion-concurso-oposicion-ultima-hora-sobre-estas-convocatorias\/","url":"https:\/\/www.emplea-te.com\/noticias-oposiciones\/cuerpos-generales-de-justicia-estabilizacion-concurso-oposicion-ultima-hora-sobre-estas-convocatorias\/","name":"Cuerpos Generales de Justicia. Estabilizaci\u00f3n concurso-oposici\u00f3n.","isPartOf":{"@id":"https:\/\/www.emplea-te.com\/noticias-oposiciones\/#website"},"datePublished":"2024-11-18T09:20:33+00:00","description":"Cuerpos Generales de Justicia. Estabilizaci\u00f3n concurso-oposici\u00f3n. \u00daltima hora sobre estas convocatorias.","breadcrumb":{"@id":"https:\/\/www.emplea-te.com\/noticias-oposiciones\/cuerpos-generales-de-justicia-estabilizacion-concurso-oposicion-ultima-hora-sobre-estas-convocatorias\/#breadcrumb"},"inLanguage":"es","potentialAction":[{"@type":"ReadAction","target":["https:\/\/www.emplea-te.com\/noticias-oposiciones\/cuerpos-generales-de-justicia-estabilizacion-concurso-oposicion-ultima-hora-sobre-estas-convocatorias\/"]}]},{"@type":"BreadcrumbList","@id":"https:\/\/www.emplea-te.com\/noticias-oposiciones\/cuerpos-generales-de-justicia-estabilizacion-concurso-oposicion-ultima-hora-sobre-estas-convocatorias\/#breadcrumb","itemListElement":[{"@type":"ListItem","position":1,"name":"Noticias Oposiciones","item":"https:\/\/www.emplea-te.com\/noticias-oposiciones\/"},{"@type":"ListItem","position":2,"name":"Oposiciones Justicia","item":"https:\/\/www.emplea-te.com\/noticias-oposiciones\/categoria\/oposiciones-justicia\/"},{"@type":"ListItem","position":3,"name":"Cuerpos Generales de Justicia. Estabilizaci\u00f3n concurso-oposici\u00f3n. \u00daltima hora sobre estas convocatorias."}]},{"@type":"WebSite","@id":"https:\/\/www.emplea-te.com\/noticias-oposiciones\/#website","url":"https:\/\/www.emplea-te.com\/noticias-oposiciones\/","name":"Noticas de oposiciones por Academia Emplea-te","description":"Toda la actualidad de las ofertas y convocatorias.","publisher":{"@id":"https:\/\/www.emplea-te.com\/noticias-oposiciones\/#organization"},"potentialAction":[{"@type":"SearchAction","target":{"@type":"EntryPoint","urlTemplate":"https:\/\/www.emplea-te.com\/noticias-oposiciones\/?s={search_term_string}"},"query-input":{"@type":"PropertyValueSpecification","valueRequired":true,"valueName":"search_term_string"}}],"inLanguage":"es"},{"@type":"Organization","@id":"https:\/\/www.emplea-te.com\/noticias-oposiciones\/#organization","name":"Academia de oposiciones Empl\u00e9ate","url":"https:\/\/www.emplea-te.com\/noticias-oposiciones\/","logo":{"@type":"ImageObject","inLanguage":"es","@id":"https:\/\/www.emplea-te.com\/noticias-oposiciones\/#\/schema\/logo\/image\/","url":"https:\/\/www.emplea-te.com\/noticias-oposiciones\/wp-content\/uploads\/2019\/04\/empleate.jpg","contentUrl":"https:\/\/www.emplea-te.com\/noticias-oposiciones\/wp-content\/uploads\/2019\/04\/empleate.jpg","width":250,"height":150,"caption":"Academia de oposiciones Empl\u00e9ate"},"image":{"@id":"https:\/\/www.emplea-te.com\/noticias-oposiciones\/#\/schema\/logo\/image\/"},"sameAs":["https:\/\/www.facebook.com\/AcademiaEmpleate\/","https:\/\/x.com\/Emplea_Te","https:\/\/www.instagram.com\/academia_empleate\/"]},{"@type":"Person","@id":"https:\/\/www.emplea-te.com\/noticias-oposiciones\/#\/schema\/person\/d1bc587e1af2b95e9c32aba1795509a6","name":"Empleate"}]}},"_links":{"self":[{"href":"https:\/\/www.emplea-te.com\/noticias-oposiciones\/wp-json\/wp\/v2\/posts\/13597","targetHints":{"allow":["GET"]}}],"collection":[{"href":"https:\/\/www.emplea-te.com\/noticias-oposiciones\/wp-json\/wp\/v2\/posts"}],"about":[{"href":"https:\/\/www.emplea-te.com\/noticias-oposiciones\/wp-json\/wp\/v2\/types\/post"}],"author":[{"embeddable":true,"href":"https:\/\/www.emplea-te.com\/noticias-oposiciones\/wp-json\/wp\/v2\/users\/1"}],"replies":[{"embeddable":true,"href":"https:\/\/www.emplea-te.com\/noticias-oposiciones\/wp-json\/wp\/v2\/comments?post=13597"}],"version-history":[{"count":1,"href":"https:\/\/www.emplea-te.com\/noticias-oposiciones\/wp-json\/wp\/v2\/posts\/13597\/revisions"}],"predecessor-version":[{"id":13598,"href":"https:\/\/www.emplea-te.com\/noticias-oposiciones\/wp-json\/wp\/v2\/posts\/13597\/revisions\/13598"}],"wp:attachment":[{"href":"https:\/\/www.emplea-te.com\/noticias-oposiciones\/wp-json\/wp\/v2\/media?parent=13597"}],"wp:term":[{"taxonomy":"category","embeddable":true,"href":"https:\/\/www.emplea-te.com\/noticias-oposiciones\/wp-json\/wp\/v2\/categories?post=13597"},{"taxonomy":"post_tag","embeddable":true,"href":"https:\/\/www.emplea-te.com\/noticias-oposiciones\/wp-json\/wp\/v2\/tags?post=13597"}],"curies":[{"name":"wp","href":"https:\/\/api.w.org\/{rel}","templated":true}]}}