{"id":13599,"date":"2024-11-18T10:30:31","date_gmt":"2024-11-18T09:30:31","guid":{"rendered":"https:\/\/www.emplea-te.com\/noticias-oposiciones\/?p=13599"},"modified":"2024-11-18T10:30:31","modified_gmt":"2024-11-18T09:30:31","slug":"universidad-complutense-de-madrid-modificacion-de-la-oep-2023-de-tasa-especifica-incluyendo-105-plazas-de-escala-auxiliar","status":"publish","type":"post","link":"https:\/\/www.emplea-te.com\/noticias-oposiciones\/universidad-complutense-de-madrid-modificacion-de-la-oep-2023-de-tasa-especifica-incluyendo-105-plazas-de-escala-auxiliar\/","title":{"rendered":"Universidad Complutense de Madrid. Modificaci\u00f3n de la OEP 2023 de tasa espec\u00edfica incluyendo 105 plazas de Escala Auxiliar."},"content":{"rendered":"<p>Se publica en el BOCM de hoy, d\u00eda 18 de noviembre de 2024, la RESOLUCI\u00d3N de 5 de noviembre de 2024, de la Universidad Complutense de Madrid, por la que se publica la modificaci\u00f3n de la Oferta de Empleo P\u00fablico del Personal T\u00e9cnico, de Gesti\u00f3n y de Administraci\u00f3n y Servicios, derivada de la tasa espec\u00edfica prevista en el art\u00edculo 20.dos, apartados 1.d) y 4 de la Ley 31\/2022, de 23 de diciembre, de Presupuestos Generales del Estado para 2023.<\/p>\n<p>Con fecha 4 de noviembre de 2024, la Comisi\u00f3n Permanente del Consejo de Gobierno de la UCM aprueba, definitivamente, la Oferta de Empleo P\u00fablico de la Universidad Complutense de Madrid derivada de la tasa espec\u00edfica prevista en el art\u00edculo 20.2, apartados 1.d) y 4 de la Ley 31\/2022, de 23 de diciembre, de Presupuestos Generales del Estado para 2023.<\/p>\n<p>OEP 2023 tasa espec\u00edfica plazas reservadas a personal Funcionario :<br \/>\n105 plazas Escala Auxiliar C2 .<\/p>\n<p><a href=\"https:\/\/www.bocm.es\/boletin\/CM_Orden_BOCM\/2024\/11\/18\/BOCM-20241118-11.PDF\" target=\"_blank\" rel=\"noopener\"><strong>Accede a la publicaci\u00f3n de la modificaci\u00f3n de la OEP 2023 (tasa espec\u00edfica) de la Universidad Complutense desde este enlace.\u00a0<\/strong><\/a><\/p>\n<p><a href=\"https:\/\/academiamadrid.emplea-te.com\/\" target=\"_blank\" rel=\"noopener\"><strong>Prepara tu plaza de Escala Auxiliar para trabajar en las Universidades de Madrid en nuestros cursos a los que puedes asistir de manera presencial y online.\u00a0<\/strong><\/a><\/p>\n<p>&nbsp;<\/p>\n<p>&nbsp;<\/p>\n","protected":false},"excerpt":{"rendered":"<p>Se publica en el BOCM de hoy, d\u00eda 18 de noviembre de 2024, la RESOLUCI\u00d3N de 5 de noviembre de 2024, de la Universidad Complutense de Madrid, por la que se publica la modificaci\u00f3n de la Oferta de Empleo P\u00fablico del Personal T\u00e9cnico, de Gesti\u00f3n y de Administraci\u00f3n y Servicios, derivada de la tasa espec\u00edfica &hellip; <a href=\"https:\/\/www.emplea-te.com\/noticias-oposiciones\/universidad-complutense-de-madrid-modificacion-de-la-oep-2023-de-tasa-especifica-incluyendo-105-plazas-de-escala-auxiliar\/\" class=\"more-link\">Continuar leyendo<span class=\"screen-reader-text\"> \u00abUniversidad Complutense de Madrid. Modificaci\u00f3n de la OEP 2023 de tasa espec\u00edfica incluyendo 105 plazas de Escala Auxiliar.\u00bb<\/span><\/a><\/p>\n","protected":false},"author":1,"featured_media":0,"comment_status":"closed","ping_status":"closed","sticky":false,"template":"","format":"standard","meta":{"footnotes":""},"categories":[109,110],"tags":[103,84],"class_list":["post-13599","post","type-post","status-publish","format-standard","hentry","category-oposiciones-madrid","category-p-a-s-universidades-madrid","tag-informacion-procesos-selectivos","tag-oferta-de-empleo-publico"],"yoast_head":"<!-- This site is optimized with the Yoast SEO plugin v27.5 - https:\/\/yoast.com\/product\/yoast-seo-wordpress\/ -->\n<title>Universidad Complutense de Madrid. OEP 2023 tasa espec\u00edfica.<\/title>\n<meta name=\"description\" content=\"Universidad Complutense de Madrid. Modificaci\u00f3n de la OEP 2023 de tasa espec\u00edfica incluyendo 105 plazas de Escala Auxiliar.\" \/>\n<meta name=\"robots\" content=\"index, follow, max-snippet:-1, max-image-preview:large, max-video-preview:-1\" \/>\n<link rel=\"canonical\" href=\"https:\/\/www.emplea-te.com\/noticias-oposiciones\/universidad-complutense-de-madrid-modificacion-de-la-oep-2023-de-tasa-especifica-incluyendo-105-plazas-de-escala-auxiliar\/\" \/>\n<meta property=\"og:locale\" content=\"es_ES\" \/>\n<meta property=\"og:type\" content=\"article\" \/>\n<meta property=\"og:title\" content=\"Universidad Complutense de Madrid. OEP 2023 tasa espec\u00edfica.\" \/>\n<meta property=\"og:description\" content=\"Universidad Complutense de Madrid. Modificaci\u00f3n de la OEP 2023 de tasa espec\u00edfica incluyendo 105 plazas de Escala Auxiliar.\" \/>\n<meta property=\"og:url\" content=\"https:\/\/www.emplea-te.com\/noticias-oposiciones\/universidad-complutense-de-madrid-modificacion-de-la-oep-2023-de-tasa-especifica-incluyendo-105-plazas-de-escala-auxiliar\/\" \/>\n<meta property=\"og:site_name\" content=\"Noticas de oposiciones por Academia Emplea-te\" \/>\n<meta property=\"article:publisher\" content=\"https:\/\/www.facebook.com\/AcademiaEmpleate\/\" \/>\n<meta property=\"article:published_time\" content=\"2024-11-18T09:30:31+00:00\" \/>\n<meta name=\"author\" content=\"Empleate\" \/>\n<meta name=\"twitter:card\" content=\"summary_large_image\" \/>\n<meta name=\"twitter:creator\" content=\"@Emplea_Te\" \/>\n<meta name=\"twitter:site\" content=\"@Emplea_Te\" \/>\n<meta name=\"twitter:label1\" content=\"Escrito por\" \/>\n\t<meta name=\"twitter:data1\" content=\"Empleate\" \/>\n\t<meta name=\"twitter:label2\" content=\"Tiempo de lectura\" \/>\n\t<meta name=\"twitter:data2\" content=\"1 minuto\" \/>\n<script type=\"application\/ld+json\" class=\"yoast-schema-graph\">{\"@context\":\"https:\\\/\\\/schema.org\",\"@graph\":[{\"@type\":\"Article\",\"@id\":\"https:\\\/\\\/www.emplea-te.com\\\/noticias-oposiciones\\\/universidad-complutense-de-madrid-modificacion-de-la-oep-2023-de-tasa-especifica-incluyendo-105-plazas-de-escala-auxiliar\\\/#article\",\"isPartOf\":{\"@id\":\"https:\\\/\\\/www.emplea-te.com\\\/noticias-oposiciones\\\/universidad-complutense-de-madrid-modificacion-de-la-oep-2023-de-tasa-especifica-incluyendo-105-plazas-de-escala-auxiliar\\\/\"},\"author\":{\"name\":\"Empleate\",\"@id\":\"https:\\\/\\\/www.emplea-te.com\\\/noticias-oposiciones\\\/#\\\/schema\\\/person\\\/d1bc587e1af2b95e9c32aba1795509a6\"},\"headline\":\"Universidad Complutense de Madrid. Modificaci\u00f3n de la OEP 2023 de tasa espec\u00edfica incluyendo 105 plazas de Escala Auxiliar.\",\"datePublished\":\"2024-11-18T09:30:31+00:00\",\"mainEntityOfPage\":{\"@id\":\"https:\\\/\\\/www.emplea-te.com\\\/noticias-oposiciones\\\/universidad-complutense-de-madrid-modificacion-de-la-oep-2023-de-tasa-especifica-incluyendo-105-plazas-de-escala-auxiliar\\\/\"},\"wordCount\":217,\"publisher\":{\"@id\":\"https:\\\/\\\/www.emplea-te.com\\\/noticias-oposiciones\\\/#organization\"},\"keywords\":[\"Informaci\u00f3n procesos selectivos\",\"Oferta de Empleo P\u00fablico\"],\"articleSection\":[\"Oposiciones Madrid.\",\"P.A.S Universidades Madrid\"],\"inLanguage\":\"es\"},{\"@type\":\"WebPage\",\"@id\":\"https:\\\/\\\/www.emplea-te.com\\\/noticias-oposiciones\\\/universidad-complutense-de-madrid-modificacion-de-la-oep-2023-de-tasa-especifica-incluyendo-105-plazas-de-escala-auxiliar\\\/\",\"url\":\"https:\\\/\\\/www.emplea-te.com\\\/noticias-oposiciones\\\/universidad-complutense-de-madrid-modificacion-de-la-oep-2023-de-tasa-especifica-incluyendo-105-plazas-de-escala-auxiliar\\\/\",\"name\":\"Universidad Complutense de Madrid. OEP 2023 tasa espec\u00edfica.\",\"isPartOf\":{\"@id\":\"https:\\\/\\\/www.emplea-te.com\\\/noticias-oposiciones\\\/#website\"},\"datePublished\":\"2024-11-18T09:30:31+00:00\",\"description\":\"Universidad Complutense de Madrid. Modificaci\u00f3n de la OEP 2023 de tasa espec\u00edfica incluyendo 105 plazas de Escala Auxiliar.\",\"breadcrumb\":{\"@id\":\"https:\\\/\\\/www.emplea-te.com\\\/noticias-oposiciones\\\/universidad-complutense-de-madrid-modificacion-de-la-oep-2023-de-tasa-especifica-incluyendo-105-plazas-de-escala-auxiliar\\\/#breadcrumb\"},\"inLanguage\":\"es\",\"potentialAction\":[{\"@type\":\"ReadAction\",\"target\":[\"https:\\\/\\\/www.emplea-te.com\\\/noticias-oposiciones\\\/universidad-complutense-de-madrid-modificacion-de-la-oep-2023-de-tasa-especifica-incluyendo-105-plazas-de-escala-auxiliar\\\/\"]}]},{\"@type\":\"BreadcrumbList\",\"@id\":\"https:\\\/\\\/www.emplea-te.com\\\/noticias-oposiciones\\\/universidad-complutense-de-madrid-modificacion-de-la-oep-2023-de-tasa-especifica-incluyendo-105-plazas-de-escala-auxiliar\\\/#breadcrumb\",\"itemListElement\":[{\"@type\":\"ListItem\",\"position\":1,\"name\":\"Noticias Oposiciones\",\"item\":\"https:\\\/\\\/www.emplea-te.com\\\/noticias-oposiciones\\\/\"},{\"@type\":\"ListItem\",\"position\":2,\"name\":\"Oposiciones Madrid.\",\"item\":\"https:\\\/\\\/www.emplea-te.com\\\/noticias-oposiciones\\\/categoria\\\/oposiciones-madrid\\\/\"},{\"@type\":\"ListItem\",\"position\":3,\"name\":\"P.A.S Universidades Madrid\",\"item\":\"https:\\\/\\\/www.emplea-te.com\\\/noticias-oposiciones\\\/categoria\\\/oposiciones-madrid\\\/p-a-s-universidades-madrid\\\/\"},{\"@type\":\"ListItem\",\"position\":4,\"name\":\"Universidad Complutense de Madrid. Modificaci\u00f3n de la OEP 2023 de tasa espec\u00edfica incluyendo 105 plazas de Escala Auxiliar.\"}]},{\"@type\":\"WebSite\",\"@id\":\"https:\\\/\\\/www.emplea-te.com\\\/noticias-oposiciones\\\/#website\",\"url\":\"https:\\\/\\\/www.emplea-te.com\\\/noticias-oposiciones\\\/\",\"name\":\"Noticas de oposiciones por Academia Emplea-te\",\"description\":\"Toda la actualidad de las ofertas y convocatorias.\",\"publisher\":{\"@id\":\"https:\\\/\\\/www.emplea-te.com\\\/noticias-oposiciones\\\/#organization\"},\"potentialAction\":[{\"@type\":\"SearchAction\",\"target\":{\"@type\":\"EntryPoint\",\"urlTemplate\":\"https:\\\/\\\/www.emplea-te.com\\\/noticias-oposiciones\\\/?s={search_term_string}\"},\"query-input\":{\"@type\":\"PropertyValueSpecification\",\"valueRequired\":true,\"valueName\":\"search_term_string\"}}],\"inLanguage\":\"es\"},{\"@type\":\"Organization\",\"@id\":\"https:\\\/\\\/www.emplea-te.com\\\/noticias-oposiciones\\\/#organization\",\"name\":\"Academia de oposiciones Empl\u00e9ate\",\"url\":\"https:\\\/\\\/www.emplea-te.com\\\/noticias-oposiciones\\\/\",\"logo\":{\"@type\":\"ImageObject\",\"inLanguage\":\"es\",\"@id\":\"https:\\\/\\\/www.emplea-te.com\\\/noticias-oposiciones\\\/#\\\/schema\\\/logo\\\/image\\\/\",\"url\":\"https:\\\/\\\/www.emplea-te.com\\\/noticias-oposiciones\\\/wp-content\\\/uploads\\\/2019\\\/04\\\/empleate.jpg\",\"contentUrl\":\"https:\\\/\\\/www.emplea-te.com\\\/noticias-oposiciones\\\/wp-content\\\/uploads\\\/2019\\\/04\\\/empleate.jpg\",\"width\":250,\"height\":150,\"caption\":\"Academia de oposiciones Empl\u00e9ate\"},\"image\":{\"@id\":\"https:\\\/\\\/www.emplea-te.com\\\/noticias-oposiciones\\\/#\\\/schema\\\/logo\\\/image\\\/\"},\"sameAs\":[\"https:\\\/\\\/www.facebook.com\\\/AcademiaEmpleate\\\/\",\"https:\\\/\\\/x.com\\\/Emplea_Te\",\"https:\\\/\\\/www.instagram.com\\\/academia_empleate\\\/\"]},{\"@type\":\"Person\",\"@id\":\"https:\\\/\\\/www.emplea-te.com\\\/noticias-oposiciones\\\/#\\\/schema\\\/person\\\/d1bc587e1af2b95e9c32aba1795509a6\",\"name\":\"Empleate\"}]}<\/script>\n<!-- \/ Yoast SEO plugin. -->","yoast_head_json":{"title":"Universidad Complutense de Madrid. OEP 2023 tasa espec\u00edfica.","description":"Universidad Complutense de Madrid. Modificaci\u00f3n de la OEP 2023 de tasa espec\u00edfica incluyendo 105 plazas de Escala Auxiliar.","robots":{"index":"index","follow":"follow","max-snippet":"max-snippet:-1","max-image-preview":"max-image-preview:large","max-video-preview":"max-video-preview:-1"},"canonical":"https:\/\/www.emplea-te.com\/noticias-oposiciones\/universidad-complutense-de-madrid-modificacion-de-la-oep-2023-de-tasa-especifica-incluyendo-105-plazas-de-escala-auxiliar\/","og_locale":"es_ES","og_type":"article","og_title":"Universidad Complutense de Madrid. OEP 2023 tasa espec\u00edfica.","og_description":"Universidad Complutense de Madrid. Modificaci\u00f3n de la OEP 2023 de tasa espec\u00edfica incluyendo 105 plazas de Escala Auxiliar.","og_url":"https:\/\/www.emplea-te.com\/noticias-oposiciones\/universidad-complutense-de-madrid-modificacion-de-la-oep-2023-de-tasa-especifica-incluyendo-105-plazas-de-escala-auxiliar\/","og_site_name":"Noticas de oposiciones por Academia Emplea-te","article_publisher":"https:\/\/www.facebook.com\/AcademiaEmpleate\/","article_published_time":"2024-11-18T09:30:31+00:00","author":"Empleate","twitter_card":"summary_large_image","twitter_creator":"@Emplea_Te","twitter_site":"@Emplea_Te","twitter_misc":{"Escrito por":"Empleate","Tiempo de lectura":"1 minuto"},"schema":{"@context":"https:\/\/schema.org","@graph":[{"@type":"Article","@id":"https:\/\/www.emplea-te.com\/noticias-oposiciones\/universidad-complutense-de-madrid-modificacion-de-la-oep-2023-de-tasa-especifica-incluyendo-105-plazas-de-escala-auxiliar\/#article","isPartOf":{"@id":"https:\/\/www.emplea-te.com\/noticias-oposiciones\/universidad-complutense-de-madrid-modificacion-de-la-oep-2023-de-tasa-especifica-incluyendo-105-plazas-de-escala-auxiliar\/"},"author":{"name":"Empleate","@id":"https:\/\/www.emplea-te.com\/noticias-oposiciones\/#\/schema\/person\/d1bc587e1af2b95e9c32aba1795509a6"},"headline":"Universidad Complutense de Madrid. Modificaci\u00f3n de la OEP 2023 de tasa espec\u00edfica incluyendo 105 plazas de Escala Auxiliar.","datePublished":"2024-11-18T09:30:31+00:00","mainEntityOfPage":{"@id":"https:\/\/www.emplea-te.com\/noticias-oposiciones\/universidad-complutense-de-madrid-modificacion-de-la-oep-2023-de-tasa-especifica-incluyendo-105-plazas-de-escala-auxiliar\/"},"wordCount":217,"publisher":{"@id":"https:\/\/www.emplea-te.com\/noticias-oposiciones\/#organization"},"keywords":["Informaci\u00f3n procesos selectivos","Oferta de Empleo P\u00fablico"],"articleSection":["Oposiciones Madrid.","P.A.S Universidades Madrid"],"inLanguage":"es"},{"@type":"WebPage","@id":"https:\/\/www.emplea-te.com\/noticias-oposiciones\/universidad-complutense-de-madrid-modificacion-de-la-oep-2023-de-tasa-especifica-incluyendo-105-plazas-de-escala-auxiliar\/","url":"https:\/\/www.emplea-te.com\/noticias-oposiciones\/universidad-complutense-de-madrid-modificacion-de-la-oep-2023-de-tasa-especifica-incluyendo-105-plazas-de-escala-auxiliar\/","name":"Universidad Complutense de Madrid. OEP 2023 tasa espec\u00edfica.","isPartOf":{"@id":"https:\/\/www.emplea-te.com\/noticias-oposiciones\/#website"},"datePublished":"2024-11-18T09:30:31+00:00","description":"Universidad Complutense de Madrid. Modificaci\u00f3n de la OEP 2023 de tasa espec\u00edfica incluyendo 105 plazas de Escala Auxiliar.","breadcrumb":{"@id":"https:\/\/www.emplea-te.com\/noticias-oposiciones\/universidad-complutense-de-madrid-modificacion-de-la-oep-2023-de-tasa-especifica-incluyendo-105-plazas-de-escala-auxiliar\/#breadcrumb"},"inLanguage":"es","potentialAction":[{"@type":"ReadAction","target":["https:\/\/www.emplea-te.com\/noticias-oposiciones\/universidad-complutense-de-madrid-modificacion-de-la-oep-2023-de-tasa-especifica-incluyendo-105-plazas-de-escala-auxiliar\/"]}]},{"@type":"BreadcrumbList","@id":"https:\/\/www.emplea-te.com\/noticias-oposiciones\/universidad-complutense-de-madrid-modificacion-de-la-oep-2023-de-tasa-especifica-incluyendo-105-plazas-de-escala-auxiliar\/#breadcrumb","itemListElement":[{"@type":"ListItem","position":1,"name":"Noticias Oposiciones","item":"https:\/\/www.emplea-te.com\/noticias-oposiciones\/"},{"@type":"ListItem","position":2,"name":"Oposiciones Madrid.","item":"https:\/\/www.emplea-te.com\/noticias-oposiciones\/categoria\/oposiciones-madrid\/"},{"@type":"ListItem","position":3,"name":"P.A.S Universidades Madrid","item":"https:\/\/www.emplea-te.com\/noticias-oposiciones\/categoria\/oposiciones-madrid\/p-a-s-universidades-madrid\/"},{"@type":"ListItem","position":4,"name":"Universidad Complutense de Madrid. Modificaci\u00f3n de la OEP 2023 de tasa espec\u00edfica incluyendo 105 plazas de Escala Auxiliar."}]},{"@type":"WebSite","@id":"https:\/\/www.emplea-te.com\/noticias-oposiciones\/#website","url":"https:\/\/www.emplea-te.com\/noticias-oposiciones\/","name":"Noticas de oposiciones por Academia Emplea-te","description":"Toda la actualidad de las ofertas y convocatorias.","publisher":{"@id":"https:\/\/www.emplea-te.com\/noticias-oposiciones\/#organization"},"potentialAction":[{"@type":"SearchAction","target":{"@type":"EntryPoint","urlTemplate":"https:\/\/www.emplea-te.com\/noticias-oposiciones\/?s={search_term_string}"},"query-input":{"@type":"PropertyValueSpecification","valueRequired":true,"valueName":"search_term_string"}}],"inLanguage":"es"},{"@type":"Organization","@id":"https:\/\/www.emplea-te.com\/noticias-oposiciones\/#organization","name":"Academia de oposiciones Empl\u00e9ate","url":"https:\/\/www.emplea-te.com\/noticias-oposiciones\/","logo":{"@type":"ImageObject","inLanguage":"es","@id":"https:\/\/www.emplea-te.com\/noticias-oposiciones\/#\/schema\/logo\/image\/","url":"https:\/\/www.emplea-te.com\/noticias-oposiciones\/wp-content\/uploads\/2019\/04\/empleate.jpg","contentUrl":"https:\/\/www.emplea-te.com\/noticias-oposiciones\/wp-content\/uploads\/2019\/04\/empleate.jpg","width":250,"height":150,"caption":"Academia de oposiciones Empl\u00e9ate"},"image":{"@id":"https:\/\/www.emplea-te.com\/noticias-oposiciones\/#\/schema\/logo\/image\/"},"sameAs":["https:\/\/www.facebook.com\/AcademiaEmpleate\/","https:\/\/x.com\/Emplea_Te","https:\/\/www.instagram.com\/academia_empleate\/"]},{"@type":"Person","@id":"https:\/\/www.emplea-te.com\/noticias-oposiciones\/#\/schema\/person\/d1bc587e1af2b95e9c32aba1795509a6","name":"Empleate"}]}},"_links":{"self":[{"href":"https:\/\/www.emplea-te.com\/noticias-oposiciones\/wp-json\/wp\/v2\/posts\/13599","targetHints":{"allow":["GET"]}}],"collection":[{"href":"https:\/\/www.emplea-te.com\/noticias-oposiciones\/wp-json\/wp\/v2\/posts"}],"about":[{"href":"https:\/\/www.emplea-te.com\/noticias-oposiciones\/wp-json\/wp\/v2\/types\/post"}],"author":[{"embeddable":true,"href":"https:\/\/www.emplea-te.com\/noticias-oposiciones\/wp-json\/wp\/v2\/users\/1"}],"replies":[{"embeddable":true,"href":"https:\/\/www.emplea-te.com\/noticias-oposiciones\/wp-json\/wp\/v2\/comments?post=13599"}],"version-history":[{"count":1,"href":"https:\/\/www.emplea-te.com\/noticias-oposiciones\/wp-json\/wp\/v2\/posts\/13599\/revisions"}],"predecessor-version":[{"id":13600,"href":"https:\/\/www.emplea-te.com\/noticias-oposiciones\/wp-json\/wp\/v2\/posts\/13599\/revisions\/13600"}],"wp:attachment":[{"href":"https:\/\/www.emplea-te.com\/noticias-oposiciones\/wp-json\/wp\/v2\/media?parent=13599"}],"wp:term":[{"taxonomy":"category","embeddable":true,"href":"https:\/\/www.emplea-te.com\/noticias-oposiciones\/wp-json\/wp\/v2\/categories?post=13599"},{"taxonomy":"post_tag","embeddable":true,"href":"https:\/\/www.emplea-te.com\/noticias-oposiciones\/wp-json\/wp\/v2\/tags?post=13599"}],"curies":[{"name":"wp","href":"https:\/\/api.w.org\/{rel}","templated":true}]}}