{"id":13601,"date":"2024-11-18T10:43:16","date_gmt":"2024-11-18T09:43:16","guid":{"rendered":"https:\/\/www.emplea-te.com\/noticias-oposiciones\/?p=13601"},"modified":"2024-11-19T09:46:52","modified_gmt":"2024-11-19T08:46:52","slug":"universidad-carlos-iii-de-madrid-convocadas-60-plazas-de-escala-auxiliar-por-turno-libre","status":"publish","type":"post","link":"https:\/\/www.emplea-te.com\/noticias-oposiciones\/universidad-carlos-iii-de-madrid-convocadas-60-plazas-de-escala-auxiliar-por-turno-libre\/","title":{"rendered":"Universidad Carlos III de Madrid. Convocadas 60 plazas de Escala Auxiliar por turno libre."},"content":{"rendered":"<p>Se publica en el BOCM de hoy d\u00eda 18 de noviembre de 2024, la Resoluci\u00f3n de 14 de noviembre de 2024, de la Universidad Carlos III de Madrid, por la que se modifica la Resoluci\u00f3n de 2 de septiembre de 2024, por la que se convocaba proceso selectivo para el ingreso en la Escala Auxiliar Administrativa (Subgrupo C2) de la Universidad Carlos III de Madrid.<\/p>\n<p><a href=\"https:\/\/www.bocm.es\/boletin\/CM_Orden_BOCM\/2024\/11\/18\/BOCM-20241118-15.PDF\" target=\"_blank\" rel=\"noopener\"><strong>Accede a la Resoluci\u00f3n con su contenido \u00edntegro desde este enlace.\u00a0<\/strong><\/a><br \/>\n<a href=\"https:\/\/www.uc3m.es\/empleo\/pas\/AuxiliarAdministrativoC2\" target=\"_blank\" rel=\"noopener\"><strong>Accede a la Web de la Universidad Carlos III de Madrid d\u00f3nde se publicar\u00e1 la convocatoria.\u00a0<\/strong><\/a><\/p>\n<p>Se dispone:<br \/>\nAmpliar en 35 plazas el n\u00famero de plazas de la Resoluci\u00f3n de 2 de septiembre de 2024, por la que se convocaban 25 plazas por turno libre para el ingreso como personal funcionario de carrera en la Escala Auxiliar Administrativa (Subgrupo C2) de la Universidad Carlos III de Madrid, siendo 60 el n\u00famero total de plazas objeto de convocatoria.<br \/>\n<strong>Quedan por tanto 60 plazas convocadas de escala auxiliar reservadas a personal funcionario de carrera y por turno libre.\u00a0<\/strong><\/p>\n<p><strong>Abrir un nuevo plazo de veinte d\u00edas h\u00e1biles<\/strong> contados a partir del d\u00eda siguiente al de la publicaci\u00f3n de esta Resoluci\u00f3n en el \u201cBolet\u00edn Electr\u00f3nico de la Universidad Carlos III de Madrid\u201d, sin perjuicio de la publicaci\u00f3n de la Resoluci\u00f3n en el BOLET\u00cdN OFICIALDE LACOMUNIDAD DE MADRID, <strong>para la presentaci\u00f3n de nuevas solicitudes de participaci\u00f3n en el proceso selectivo convocado mediante Resoluci\u00f3n de 2 de septiembre de 2024 de la Universidad Carlos III de Madrid.<\/strong><\/p>\n<p>NUEVO PLAZO DE PRESENTACI\u00d3N DE SOLICITUDES DESDE EL D\u00cdA \u00a019\/11\/2024 \u00a0HASTA EL D\u00cdA 17\/12\/2024 (AMBOS INCLUSIVE).<br \/>\n<a href=\"https:\/\/www.uc3m.es\/empleo\/pas\/AuxiliarAdministrativoC2\" target=\"_blank\" rel=\"noopener\">Web Universidad Carlos III<\/a><\/p>\n<p>Declarar que mantienen su validez las solicitudes ya presentadas en la convocatoria cuyas plazas ahora se ampl\u00edan, convocatoria aprobada por Resoluci\u00f3n de 2 de septiembre de 2024 de la Universidad Carlos III de Madrid por la que se convoc\u00f3 proceso selectivo para ingreso en la Escala Auxiliar Administrativa (Subgrupo C2) de la Universidad Carlos III de Madrid.<\/p>\n<p>Prep\u00e1rate en nuestros <a href=\"https:\/\/www.bocm.es\/boletin\/CM_Orden_BOCM\/2024\/11\/18\/BOCM-20241118-15.PDF\" target=\"_blank\" rel=\"noopener\"><strong>cursos de preparaci\u00f3n de oposiciones de plazas de administraci\u00f3n de Universidades de Madrid.\u00a0<\/strong><\/a><\/p>\n<p>&nbsp;<\/p>\n","protected":false},"excerpt":{"rendered":"<p>Se publica en el BOCM de hoy d\u00eda 18 de noviembre de 2024, la Resoluci\u00f3n de 14 de noviembre de 2024, de la Universidad Carlos III de Madrid, por la que se modifica la Resoluci\u00f3n de 2 de septiembre de 2024, por la que se convocaba proceso selectivo para el ingreso en la Escala Auxiliar &hellip; <a href=\"https:\/\/www.emplea-te.com\/noticias-oposiciones\/universidad-carlos-iii-de-madrid-convocadas-60-plazas-de-escala-auxiliar-por-turno-libre\/\" class=\"more-link\">Continuar leyendo<span class=\"screen-reader-text\"> \u00abUniversidad Carlos III de Madrid. Convocadas 60 plazas de Escala Auxiliar por turno libre.\u00bb<\/span><\/a><\/p>\n","protected":false},"author":1,"featured_media":0,"comment_status":"closed","ping_status":"closed","sticky":false,"template":"","format":"standard","meta":{"footnotes":""},"categories":[109,110],"tags":[82,49,103],"class_list":["post-13601","post","type-post","status-publish","format-standard","hentry","category-oposiciones-madrid","category-p-a-s-universidades-madrid","tag-acceso-libre","tag-convocatorias-de-oposiciones","tag-informacion-procesos-selectivos"],"yoast_head":"<!-- This site is optimized with the Yoast SEO plugin v27.5 - https:\/\/yoast.com\/product\/yoast-seo-wordpress\/ -->\n<title>Uni Carlos III de Madrid. Convocadas 60 plazas de Escala Auxiliar<\/title>\n<meta name=\"description\" content=\"Universidad Carlos III de Madrid. Convocadas 60 plazas de Escala Auxiliar por turno libre.\" \/>\n<meta name=\"robots\" content=\"index, follow, max-snippet:-1, max-image-preview:large, max-video-preview:-1\" \/>\n<link rel=\"canonical\" href=\"https:\/\/www.emplea-te.com\/noticias-oposiciones\/universidad-carlos-iii-de-madrid-convocadas-60-plazas-de-escala-auxiliar-por-turno-libre\/\" \/>\n<meta property=\"og:locale\" content=\"es_ES\" \/>\n<meta property=\"og:type\" content=\"article\" \/>\n<meta property=\"og:title\" content=\"Uni Carlos III de Madrid. Convocadas 60 plazas de Escala Auxiliar\" \/>\n<meta property=\"og:description\" content=\"Universidad Carlos III de Madrid. Convocadas 60 plazas de Escala Auxiliar por turno libre.\" \/>\n<meta property=\"og:url\" content=\"https:\/\/www.emplea-te.com\/noticias-oposiciones\/universidad-carlos-iii-de-madrid-convocadas-60-plazas-de-escala-auxiliar-por-turno-libre\/\" \/>\n<meta property=\"og:site_name\" content=\"Noticas de oposiciones por Academia Emplea-te\" \/>\n<meta property=\"article:publisher\" content=\"https:\/\/www.facebook.com\/AcademiaEmpleate\/\" \/>\n<meta property=\"article:published_time\" content=\"2024-11-18T09:43:16+00:00\" \/>\n<meta property=\"article:modified_time\" content=\"2024-11-19T08:46:52+00:00\" \/>\n<meta name=\"author\" content=\"Empleate\" \/>\n<meta name=\"twitter:card\" content=\"summary_large_image\" \/>\n<meta name=\"twitter:creator\" content=\"@Emplea_Te\" \/>\n<meta name=\"twitter:site\" content=\"@Emplea_Te\" \/>\n<meta name=\"twitter:label1\" content=\"Escrito por\" \/>\n\t<meta name=\"twitter:data1\" content=\"Empleate\" \/>\n\t<meta name=\"twitter:label2\" content=\"Tiempo de lectura\" \/>\n\t<meta name=\"twitter:data2\" content=\"2 minutos\" \/>\n<script type=\"application\/ld+json\" class=\"yoast-schema-graph\">{\"@context\":\"https:\\\/\\\/schema.org\",\"@graph\":[{\"@type\":\"Article\",\"@id\":\"https:\\\/\\\/www.emplea-te.com\\\/noticias-oposiciones\\\/universidad-carlos-iii-de-madrid-convocadas-60-plazas-de-escala-auxiliar-por-turno-libre\\\/#article\",\"isPartOf\":{\"@id\":\"https:\\\/\\\/www.emplea-te.com\\\/noticias-oposiciones\\\/universidad-carlos-iii-de-madrid-convocadas-60-plazas-de-escala-auxiliar-por-turno-libre\\\/\"},\"author\":{\"name\":\"Empleate\",\"@id\":\"https:\\\/\\\/www.emplea-te.com\\\/noticias-oposiciones\\\/#\\\/schema\\\/person\\\/d1bc587e1af2b95e9c32aba1795509a6\"},\"headline\":\"Universidad Carlos III de Madrid. Convocadas 60 plazas de Escala Auxiliar por turno libre.\",\"datePublished\":\"2024-11-18T09:43:16+00:00\",\"dateModified\":\"2024-11-19T08:46:52+00:00\",\"mainEntityOfPage\":{\"@id\":\"https:\\\/\\\/www.emplea-te.com\\\/noticias-oposiciones\\\/universidad-carlos-iii-de-madrid-convocadas-60-plazas-de-escala-auxiliar-por-turno-libre\\\/\"},\"wordCount\":365,\"publisher\":{\"@id\":\"https:\\\/\\\/www.emplea-te.com\\\/noticias-oposiciones\\\/#organization\"},\"keywords\":[\"Acceso libre\",\"Convocatoria\",\"Informaci\u00f3n procesos selectivos\"],\"articleSection\":[\"Oposiciones Madrid.\",\"P.A.S Universidades Madrid\"],\"inLanguage\":\"es\"},{\"@type\":\"WebPage\",\"@id\":\"https:\\\/\\\/www.emplea-te.com\\\/noticias-oposiciones\\\/universidad-carlos-iii-de-madrid-convocadas-60-plazas-de-escala-auxiliar-por-turno-libre\\\/\",\"url\":\"https:\\\/\\\/www.emplea-te.com\\\/noticias-oposiciones\\\/universidad-carlos-iii-de-madrid-convocadas-60-plazas-de-escala-auxiliar-por-turno-libre\\\/\",\"name\":\"Uni Carlos III de Madrid. Convocadas 60 plazas de Escala Auxiliar\",\"isPartOf\":{\"@id\":\"https:\\\/\\\/www.emplea-te.com\\\/noticias-oposiciones\\\/#website\"},\"datePublished\":\"2024-11-18T09:43:16+00:00\",\"dateModified\":\"2024-11-19T08:46:52+00:00\",\"description\":\"Universidad Carlos III de Madrid. Convocadas 60 plazas de Escala Auxiliar por turno libre.\",\"breadcrumb\":{\"@id\":\"https:\\\/\\\/www.emplea-te.com\\\/noticias-oposiciones\\\/universidad-carlos-iii-de-madrid-convocadas-60-plazas-de-escala-auxiliar-por-turno-libre\\\/#breadcrumb\"},\"inLanguage\":\"es\",\"potentialAction\":[{\"@type\":\"ReadAction\",\"target\":[\"https:\\\/\\\/www.emplea-te.com\\\/noticias-oposiciones\\\/universidad-carlos-iii-de-madrid-convocadas-60-plazas-de-escala-auxiliar-por-turno-libre\\\/\"]}]},{\"@type\":\"BreadcrumbList\",\"@id\":\"https:\\\/\\\/www.emplea-te.com\\\/noticias-oposiciones\\\/universidad-carlos-iii-de-madrid-convocadas-60-plazas-de-escala-auxiliar-por-turno-libre\\\/#breadcrumb\",\"itemListElement\":[{\"@type\":\"ListItem\",\"position\":1,\"name\":\"Noticias Oposiciones\",\"item\":\"https:\\\/\\\/www.emplea-te.com\\\/noticias-oposiciones\\\/\"},{\"@type\":\"ListItem\",\"position\":2,\"name\":\"Oposiciones Madrid.\",\"item\":\"https:\\\/\\\/www.emplea-te.com\\\/noticias-oposiciones\\\/categoria\\\/oposiciones-madrid\\\/\"},{\"@type\":\"ListItem\",\"position\":3,\"name\":\"Universidad Carlos III de Madrid. Convocadas 60 plazas de Escala Auxiliar por turno libre.\"}]},{\"@type\":\"WebSite\",\"@id\":\"https:\\\/\\\/www.emplea-te.com\\\/noticias-oposiciones\\\/#website\",\"url\":\"https:\\\/\\\/www.emplea-te.com\\\/noticias-oposiciones\\\/\",\"name\":\"Noticas de oposiciones por Academia Emplea-te\",\"description\":\"Toda la actualidad de las ofertas y convocatorias.\",\"publisher\":{\"@id\":\"https:\\\/\\\/www.emplea-te.com\\\/noticias-oposiciones\\\/#organization\"},\"potentialAction\":[{\"@type\":\"SearchAction\",\"target\":{\"@type\":\"EntryPoint\",\"urlTemplate\":\"https:\\\/\\\/www.emplea-te.com\\\/noticias-oposiciones\\\/?s={search_term_string}\"},\"query-input\":{\"@type\":\"PropertyValueSpecification\",\"valueRequired\":true,\"valueName\":\"search_term_string\"}}],\"inLanguage\":\"es\"},{\"@type\":\"Organization\",\"@id\":\"https:\\\/\\\/www.emplea-te.com\\\/noticias-oposiciones\\\/#organization\",\"name\":\"Academia de oposiciones Empl\u00e9ate\",\"url\":\"https:\\\/\\\/www.emplea-te.com\\\/noticias-oposiciones\\\/\",\"logo\":{\"@type\":\"ImageObject\",\"inLanguage\":\"es\",\"@id\":\"https:\\\/\\\/www.emplea-te.com\\\/noticias-oposiciones\\\/#\\\/schema\\\/logo\\\/image\\\/\",\"url\":\"https:\\\/\\\/www.emplea-te.com\\\/noticias-oposiciones\\\/wp-content\\\/uploads\\\/2019\\\/04\\\/empleate.jpg\",\"contentUrl\":\"https:\\\/\\\/www.emplea-te.com\\\/noticias-oposiciones\\\/wp-content\\\/uploads\\\/2019\\\/04\\\/empleate.jpg\",\"width\":250,\"height\":150,\"caption\":\"Academia de oposiciones Empl\u00e9ate\"},\"image\":{\"@id\":\"https:\\\/\\\/www.emplea-te.com\\\/noticias-oposiciones\\\/#\\\/schema\\\/logo\\\/image\\\/\"},\"sameAs\":[\"https:\\\/\\\/www.facebook.com\\\/AcademiaEmpleate\\\/\",\"https:\\\/\\\/x.com\\\/Emplea_Te\",\"https:\\\/\\\/www.instagram.com\\\/academia_empleate\\\/\"]},{\"@type\":\"Person\",\"@id\":\"https:\\\/\\\/www.emplea-te.com\\\/noticias-oposiciones\\\/#\\\/schema\\\/person\\\/d1bc587e1af2b95e9c32aba1795509a6\",\"name\":\"Empleate\"}]}<\/script>\n<!-- \/ Yoast SEO plugin. -->","yoast_head_json":{"title":"Uni Carlos III de Madrid. Convocadas 60 plazas de Escala Auxiliar","description":"Universidad Carlos III de Madrid. Convocadas 60 plazas de Escala Auxiliar por turno libre.","robots":{"index":"index","follow":"follow","max-snippet":"max-snippet:-1","max-image-preview":"max-image-preview:large","max-video-preview":"max-video-preview:-1"},"canonical":"https:\/\/www.emplea-te.com\/noticias-oposiciones\/universidad-carlos-iii-de-madrid-convocadas-60-plazas-de-escala-auxiliar-por-turno-libre\/","og_locale":"es_ES","og_type":"article","og_title":"Uni Carlos III de Madrid. Convocadas 60 plazas de Escala Auxiliar","og_description":"Universidad Carlos III de Madrid. Convocadas 60 plazas de Escala Auxiliar por turno libre.","og_url":"https:\/\/www.emplea-te.com\/noticias-oposiciones\/universidad-carlos-iii-de-madrid-convocadas-60-plazas-de-escala-auxiliar-por-turno-libre\/","og_site_name":"Noticas de oposiciones por Academia Emplea-te","article_publisher":"https:\/\/www.facebook.com\/AcademiaEmpleate\/","article_published_time":"2024-11-18T09:43:16+00:00","article_modified_time":"2024-11-19T08:46:52+00:00","author":"Empleate","twitter_card":"summary_large_image","twitter_creator":"@Emplea_Te","twitter_site":"@Emplea_Te","twitter_misc":{"Escrito por":"Empleate","Tiempo de lectura":"2 minutos"},"schema":{"@context":"https:\/\/schema.org","@graph":[{"@type":"Article","@id":"https:\/\/www.emplea-te.com\/noticias-oposiciones\/universidad-carlos-iii-de-madrid-convocadas-60-plazas-de-escala-auxiliar-por-turno-libre\/#article","isPartOf":{"@id":"https:\/\/www.emplea-te.com\/noticias-oposiciones\/universidad-carlos-iii-de-madrid-convocadas-60-plazas-de-escala-auxiliar-por-turno-libre\/"},"author":{"name":"Empleate","@id":"https:\/\/www.emplea-te.com\/noticias-oposiciones\/#\/schema\/person\/d1bc587e1af2b95e9c32aba1795509a6"},"headline":"Universidad Carlos III de Madrid. Convocadas 60 plazas de Escala Auxiliar por turno libre.","datePublished":"2024-11-18T09:43:16+00:00","dateModified":"2024-11-19T08:46:52+00:00","mainEntityOfPage":{"@id":"https:\/\/www.emplea-te.com\/noticias-oposiciones\/universidad-carlos-iii-de-madrid-convocadas-60-plazas-de-escala-auxiliar-por-turno-libre\/"},"wordCount":365,"publisher":{"@id":"https:\/\/www.emplea-te.com\/noticias-oposiciones\/#organization"},"keywords":["Acceso libre","Convocatoria","Informaci\u00f3n procesos selectivos"],"articleSection":["Oposiciones Madrid.","P.A.S Universidades Madrid"],"inLanguage":"es"},{"@type":"WebPage","@id":"https:\/\/www.emplea-te.com\/noticias-oposiciones\/universidad-carlos-iii-de-madrid-convocadas-60-plazas-de-escala-auxiliar-por-turno-libre\/","url":"https:\/\/www.emplea-te.com\/noticias-oposiciones\/universidad-carlos-iii-de-madrid-convocadas-60-plazas-de-escala-auxiliar-por-turno-libre\/","name":"Uni Carlos III de Madrid. Convocadas 60 plazas de Escala Auxiliar","isPartOf":{"@id":"https:\/\/www.emplea-te.com\/noticias-oposiciones\/#website"},"datePublished":"2024-11-18T09:43:16+00:00","dateModified":"2024-11-19T08:46:52+00:00","description":"Universidad Carlos III de Madrid. Convocadas 60 plazas de Escala Auxiliar por turno libre.","breadcrumb":{"@id":"https:\/\/www.emplea-te.com\/noticias-oposiciones\/universidad-carlos-iii-de-madrid-convocadas-60-plazas-de-escala-auxiliar-por-turno-libre\/#breadcrumb"},"inLanguage":"es","potentialAction":[{"@type":"ReadAction","target":["https:\/\/www.emplea-te.com\/noticias-oposiciones\/universidad-carlos-iii-de-madrid-convocadas-60-plazas-de-escala-auxiliar-por-turno-libre\/"]}]},{"@type":"BreadcrumbList","@id":"https:\/\/www.emplea-te.com\/noticias-oposiciones\/universidad-carlos-iii-de-madrid-convocadas-60-plazas-de-escala-auxiliar-por-turno-libre\/#breadcrumb","itemListElement":[{"@type":"ListItem","position":1,"name":"Noticias Oposiciones","item":"https:\/\/www.emplea-te.com\/noticias-oposiciones\/"},{"@type":"ListItem","position":2,"name":"Oposiciones Madrid.","item":"https:\/\/www.emplea-te.com\/noticias-oposiciones\/categoria\/oposiciones-madrid\/"},{"@type":"ListItem","position":3,"name":"Universidad Carlos III de Madrid. Convocadas 60 plazas de Escala Auxiliar por turno libre."}]},{"@type":"WebSite","@id":"https:\/\/www.emplea-te.com\/noticias-oposiciones\/#website","url":"https:\/\/www.emplea-te.com\/noticias-oposiciones\/","name":"Noticas de oposiciones por Academia Emplea-te","description":"Toda la actualidad de las ofertas y convocatorias.","publisher":{"@id":"https:\/\/www.emplea-te.com\/noticias-oposiciones\/#organization"},"potentialAction":[{"@type":"SearchAction","target":{"@type":"EntryPoint","urlTemplate":"https:\/\/www.emplea-te.com\/noticias-oposiciones\/?s={search_term_string}"},"query-input":{"@type":"PropertyValueSpecification","valueRequired":true,"valueName":"search_term_string"}}],"inLanguage":"es"},{"@type":"Organization","@id":"https:\/\/www.emplea-te.com\/noticias-oposiciones\/#organization","name":"Academia de oposiciones Empl\u00e9ate","url":"https:\/\/www.emplea-te.com\/noticias-oposiciones\/","logo":{"@type":"ImageObject","inLanguage":"es","@id":"https:\/\/www.emplea-te.com\/noticias-oposiciones\/#\/schema\/logo\/image\/","url":"https:\/\/www.emplea-te.com\/noticias-oposiciones\/wp-content\/uploads\/2019\/04\/empleate.jpg","contentUrl":"https:\/\/www.emplea-te.com\/noticias-oposiciones\/wp-content\/uploads\/2019\/04\/empleate.jpg","width":250,"height":150,"caption":"Academia de oposiciones Empl\u00e9ate"},"image":{"@id":"https:\/\/www.emplea-te.com\/noticias-oposiciones\/#\/schema\/logo\/image\/"},"sameAs":["https:\/\/www.facebook.com\/AcademiaEmpleate\/","https:\/\/x.com\/Emplea_Te","https:\/\/www.instagram.com\/academia_empleate\/"]},{"@type":"Person","@id":"https:\/\/www.emplea-te.com\/noticias-oposiciones\/#\/schema\/person\/d1bc587e1af2b95e9c32aba1795509a6","name":"Empleate"}]}},"_links":{"self":[{"href":"https:\/\/www.emplea-te.com\/noticias-oposiciones\/wp-json\/wp\/v2\/posts\/13601","targetHints":{"allow":["GET"]}}],"collection":[{"href":"https:\/\/www.emplea-te.com\/noticias-oposiciones\/wp-json\/wp\/v2\/posts"}],"about":[{"href":"https:\/\/www.emplea-te.com\/noticias-oposiciones\/wp-json\/wp\/v2\/types\/post"}],"author":[{"embeddable":true,"href":"https:\/\/www.emplea-te.com\/noticias-oposiciones\/wp-json\/wp\/v2\/users\/1"}],"replies":[{"embeddable":true,"href":"https:\/\/www.emplea-te.com\/noticias-oposiciones\/wp-json\/wp\/v2\/comments?post=13601"}],"version-history":[{"count":4,"href":"https:\/\/www.emplea-te.com\/noticias-oposiciones\/wp-json\/wp\/v2\/posts\/13601\/revisions"}],"predecessor-version":[{"id":13609,"href":"https:\/\/www.emplea-te.com\/noticias-oposiciones\/wp-json\/wp\/v2\/posts\/13601\/revisions\/13609"}],"wp:attachment":[{"href":"https:\/\/www.emplea-te.com\/noticias-oposiciones\/wp-json\/wp\/v2\/media?parent=13601"}],"wp:term":[{"taxonomy":"category","embeddable":true,"href":"https:\/\/www.emplea-te.com\/noticias-oposiciones\/wp-json\/wp\/v2\/categories?post=13601"},{"taxonomy":"post_tag","embeddable":true,"href":"https:\/\/www.emplea-te.com\/noticias-oposiciones\/wp-json\/wp\/v2\/tags?post=13601"}],"curies":[{"name":"wp","href":"https:\/\/api.w.org\/{rel}","templated":true}]}}