{"id":13785,"date":"2024-12-09T09:48:43","date_gmt":"2024-12-09T08:48:43","guid":{"rendered":"https:\/\/www.emplea-te.com\/noticias-oposiciones\/?p=13785"},"modified":"2024-12-09T09:48:43","modified_gmt":"2024-12-09T08:48:43","slug":"xunta-de-galicia-auxiliar-de-bibliotecas-c2-turno-libre-15-plazas-convocadas-fecha-realizacion-primer-ejercicio-previsto-para-el-dia-12-de-diciembre-de-2024","status":"publish","type":"post","link":"https:\/\/www.emplea-te.com\/noticias-oposiciones\/xunta-de-galicia-auxiliar-de-bibliotecas-c2-turno-libre-15-plazas-convocadas-fecha-realizacion-primer-ejercicio-previsto-para-el-dia-12-de-diciembre-de-2024\/","title":{"rendered":"Xunta de Galicia. Auxiliar de bibliotecas C2 turno libre 15 plazas convocadas. Fecha realizaci\u00f3n primer ejercicio previsto para el d\u00eda 12 de diciembre de 2024."},"content":{"rendered":"<p>Se publica en el DOG de hoy, d\u00eda 9 de diciembre de 2024,\u00a0la Resoluci\u00f3n del Tribunal Calificador por la que se hacen p\u00fablicos la fecha, la hora y el lugar de realizaci\u00f3n del primer ejercicio del proceso selectivo convocado en el Diario Oficial de Galicia n\u00famero 221, de 21 de noviembre para cubrir 15 plazas por turno libre de Auxiliar de Archivos y Bibliotecas C2 ,especialidad archivos y bibliotecas.<\/p>\n<p>El\u00a0 primer ejercicio de la oposici\u00f3n tendr\u00e1 lugar el d\u00eda 14 de diciembre de 2024, en llamamiento \u00fanico que se iniciar\u00e1 a las 9.00 horas, en el pabell\u00f3n 2 de la Feria internacional de Galicia Abanca en Silleda.<\/p>\n<p>Las personas aspirantes deber\u00e1n ir provistas del NIF u otro documento fidedigno que a juicio del tribunal acredite su identidad, l\u00e1piz del n\u00famero 2 y goma de borrar.<\/p>\n<p>No se permitir\u00e1 el acceso al pabell\u00f3n donde se realice el ejercicio con tel\u00e9fonos m\u00f3viles, agendas electr\u00f3nicas, relojes inteligentes o cualquier otro material o instrumento de que se puedan valer las personas aspirantes para auxiliarse en la realizaci\u00f3n del ejercicio.<br \/>\nNo se habilitar\u00e1 ning\u00fan servicio de recogida de m\u00f3viles.<\/p>\n<p><a href=\"https:\/\/www.xunta.gal\/dog\/Publicados\/2024\/20241209\/AnuncioG0597-021224-0001_es.html\" target=\"_blank\" rel=\"noopener\"><strong>Accede a la Resoluci\u00f3n con su contenido \u00edntegro desde este enlace.\u00a0<\/strong><\/a><\/p>\n","protected":false},"excerpt":{"rendered":"<p>Se publica en el DOG de hoy, d\u00eda 9 de diciembre de 2024,\u00a0la Resoluci\u00f3n del Tribunal Calificador por la que se hacen p\u00fablicos la fecha, la hora y el lugar de realizaci\u00f3n del primer ejercicio del proceso selectivo convocado en el Diario Oficial de Galicia n\u00famero 221, de 21 de noviembre para cubrir 15 plazas &hellip; <a href=\"https:\/\/www.emplea-te.com\/noticias-oposiciones\/xunta-de-galicia-auxiliar-de-bibliotecas-c2-turno-libre-15-plazas-convocadas-fecha-realizacion-primer-ejercicio-previsto-para-el-dia-12-de-diciembre-de-2024\/\" class=\"more-link\">Continuar leyendo<span class=\"screen-reader-text\"> \u00abXunta de Galicia. Auxiliar de bibliotecas C2 turno libre 15 plazas convocadas. Fecha realizaci\u00f3n primer ejercicio previsto para el d\u00eda 12 de diciembre de 2024.\u00bb<\/span><\/a><\/p>\n","protected":false},"author":1,"featured_media":0,"comment_status":"closed","ping_status":"closed","sticky":false,"template":"","format":"standard","meta":{"footnotes":""},"categories":[47,48,45,44,42,56,41,4,43,40],"tags":[49,71,103],"class_list":["post-13785","post","type-post","status-publish","format-standard","hentry","category-administracion-general-del-estado","category-boe","category-diputacion-de-ourense","category-diputacion-de-pontevedra","category-informacion-boe","category-oposiciones-autonomicas-galicia","category-oposiciones-cuerpo-de-bomberos-c2","category-oposiciones-xunta","category-subalterno-a-p","category-universidad-santiago-de-compostela-usc","tag-convocatorias-de-oposiciones","tag-fecha-examenes","tag-informacion-procesos-selectivos"],"yoast_head":"<!-- This site is optimized with the Yoast SEO plugin v27.5 - https:\/\/yoast.com\/product\/yoast-seo-wordpress\/ -->\n<title>Xunta de Galicia. Convocatoria proceso selectivo.<\/title>\n<meta name=\"description\" content=\"Xunta de Galicia. Auxiliar de bibliotecas C2 turno libre 15 plazas convocadas. Fecha realizaci\u00f3n primer ejercicio previsto para el d\u00eda 12 de diciembre de 2024.\" \/>\n<meta name=\"robots\" content=\"index, follow, max-snippet:-1, max-image-preview:large, max-video-preview:-1\" \/>\n<link rel=\"canonical\" href=\"https:\/\/www.emplea-te.com\/noticias-oposiciones\/xunta-de-galicia-auxiliar-de-bibliotecas-c2-turno-libre-15-plazas-convocadas-fecha-realizacion-primer-ejercicio-previsto-para-el-dia-12-de-diciembre-de-2024\/\" \/>\n<meta property=\"og:locale\" content=\"es_ES\" \/>\n<meta property=\"og:type\" content=\"article\" \/>\n<meta property=\"og:title\" content=\"Xunta de Galicia. Convocatoria proceso selectivo.\" \/>\n<meta property=\"og:description\" content=\"Xunta de Galicia. Auxiliar de bibliotecas C2 turno libre 15 plazas convocadas. Fecha realizaci\u00f3n primer ejercicio previsto para el d\u00eda 12 de diciembre de 2024.\" \/>\n<meta property=\"og:url\" content=\"https:\/\/www.emplea-te.com\/noticias-oposiciones\/xunta-de-galicia-auxiliar-de-bibliotecas-c2-turno-libre-15-plazas-convocadas-fecha-realizacion-primer-ejercicio-previsto-para-el-dia-12-de-diciembre-de-2024\/\" \/>\n<meta property=\"og:site_name\" content=\"Noticas de oposiciones por Academia Emplea-te\" \/>\n<meta property=\"article:publisher\" content=\"https:\/\/www.facebook.com\/AcademiaEmpleate\/\" \/>\n<meta property=\"article:published_time\" content=\"2024-12-09T08:48:43+00:00\" \/>\n<meta name=\"author\" content=\"Empleate\" \/>\n<meta name=\"twitter:card\" content=\"summary_large_image\" \/>\n<meta name=\"twitter:creator\" content=\"@Emplea_Te\" \/>\n<meta name=\"twitter:site\" content=\"@Emplea_Te\" \/>\n<meta name=\"twitter:label1\" content=\"Escrito por\" \/>\n\t<meta name=\"twitter:data1\" content=\"Empleate\" \/>\n\t<meta name=\"twitter:label2\" content=\"Tiempo de lectura\" \/>\n\t<meta name=\"twitter:data2\" content=\"1 minuto\" \/>\n<script type=\"application\/ld+json\" class=\"yoast-schema-graph\">{\"@context\":\"https:\\\/\\\/schema.org\",\"@graph\":[{\"@type\":\"Article\",\"@id\":\"https:\\\/\\\/www.emplea-te.com\\\/noticias-oposiciones\\\/xunta-de-galicia-auxiliar-de-bibliotecas-c2-turno-libre-15-plazas-convocadas-fecha-realizacion-primer-ejercicio-previsto-para-el-dia-12-de-diciembre-de-2024\\\/#article\",\"isPartOf\":{\"@id\":\"https:\\\/\\\/www.emplea-te.com\\\/noticias-oposiciones\\\/xunta-de-galicia-auxiliar-de-bibliotecas-c2-turno-libre-15-plazas-convocadas-fecha-realizacion-primer-ejercicio-previsto-para-el-dia-12-de-diciembre-de-2024\\\/\"},\"author\":{\"name\":\"Empleate\",\"@id\":\"https:\\\/\\\/www.emplea-te.com\\\/noticias-oposiciones\\\/#\\\/schema\\\/person\\\/d1bc587e1af2b95e9c32aba1795509a6\"},\"headline\":\"Xunta de Galicia. Auxiliar de bibliotecas C2 turno libre 15 plazas convocadas. Fecha realizaci\u00f3n primer ejercicio previsto para el d\u00eda 12 de diciembre de 2024.\",\"datePublished\":\"2024-12-09T08:48:43+00:00\",\"mainEntityOfPage\":{\"@id\":\"https:\\\/\\\/www.emplea-te.com\\\/noticias-oposiciones\\\/xunta-de-galicia-auxiliar-de-bibliotecas-c2-turno-libre-15-plazas-convocadas-fecha-realizacion-primer-ejercicio-previsto-para-el-dia-12-de-diciembre-de-2024\\\/\"},\"wordCount\":229,\"publisher\":{\"@id\":\"https:\\\/\\\/www.emplea-te.com\\\/noticias-oposiciones\\\/#organization\"},\"keywords\":[\"Convocatoria\",\"Fecha ex\u00e1menes\",\"Informaci\u00f3n procesos selectivos\"],\"articleSection\":[\"Administraci\u00f3n General del Estado.\",\"BOE\",\"Diputaci\u00f3n de Ourense\",\"Diputaci\u00f3n de Pontevedra.\",\"Informaci\u00f3n BOE\",\"Oposiciones Auton\u00f3micas Galicia\",\"Oposiciones Cuerpo de Bomberos C2\",\"Oposiciones Xunta\",\"Subalterno A.P Xunta de Galicia\",\"Universidad Santiago de Compostela USC\"],\"inLanguage\":\"es\"},{\"@type\":\"WebPage\",\"@id\":\"https:\\\/\\\/www.emplea-te.com\\\/noticias-oposiciones\\\/xunta-de-galicia-auxiliar-de-bibliotecas-c2-turno-libre-15-plazas-convocadas-fecha-realizacion-primer-ejercicio-previsto-para-el-dia-12-de-diciembre-de-2024\\\/\",\"url\":\"https:\\\/\\\/www.emplea-te.com\\\/noticias-oposiciones\\\/xunta-de-galicia-auxiliar-de-bibliotecas-c2-turno-libre-15-plazas-convocadas-fecha-realizacion-primer-ejercicio-previsto-para-el-dia-12-de-diciembre-de-2024\\\/\",\"name\":\"Xunta de Galicia. Convocatoria proceso selectivo.\",\"isPartOf\":{\"@id\":\"https:\\\/\\\/www.emplea-te.com\\\/noticias-oposiciones\\\/#website\"},\"datePublished\":\"2024-12-09T08:48:43+00:00\",\"description\":\"Xunta de Galicia. Auxiliar de bibliotecas C2 turno libre 15 plazas convocadas. Fecha realizaci\u00f3n primer ejercicio previsto para el d\u00eda 12 de diciembre de 2024.\",\"breadcrumb\":{\"@id\":\"https:\\\/\\\/www.emplea-te.com\\\/noticias-oposiciones\\\/xunta-de-galicia-auxiliar-de-bibliotecas-c2-turno-libre-15-plazas-convocadas-fecha-realizacion-primer-ejercicio-previsto-para-el-dia-12-de-diciembre-de-2024\\\/#breadcrumb\"},\"inLanguage\":\"es\",\"potentialAction\":[{\"@type\":\"ReadAction\",\"target\":[\"https:\\\/\\\/www.emplea-te.com\\\/noticias-oposiciones\\\/xunta-de-galicia-auxiliar-de-bibliotecas-c2-turno-libre-15-plazas-convocadas-fecha-realizacion-primer-ejercicio-previsto-para-el-dia-12-de-diciembre-de-2024\\\/\"]}]},{\"@type\":\"BreadcrumbList\",\"@id\":\"https:\\\/\\\/www.emplea-te.com\\\/noticias-oposiciones\\\/xunta-de-galicia-auxiliar-de-bibliotecas-c2-turno-libre-15-plazas-convocadas-fecha-realizacion-primer-ejercicio-previsto-para-el-dia-12-de-diciembre-de-2024\\\/#breadcrumb\",\"itemListElement\":[{\"@type\":\"ListItem\",\"position\":1,\"name\":\"Noticias Oposiciones\",\"item\":\"https:\\\/\\\/www.emplea-te.com\\\/noticias-oposiciones\\\/\"},{\"@type\":\"ListItem\",\"position\":2,\"name\":\"Oposiciones Xunta\",\"item\":\"https:\\\/\\\/www.emplea-te.com\\\/noticias-oposiciones\\\/categoria\\\/oposiciones-xunta\\\/\"},{\"@type\":\"ListItem\",\"position\":3,\"name\":\"Xunta de Galicia. Auxiliar de bibliotecas C2 turno libre 15 plazas convocadas. Fecha realizaci\u00f3n primer ejercicio previsto para el d\u00eda 12 de diciembre de 2024.\"}]},{\"@type\":\"WebSite\",\"@id\":\"https:\\\/\\\/www.emplea-te.com\\\/noticias-oposiciones\\\/#website\",\"url\":\"https:\\\/\\\/www.emplea-te.com\\\/noticias-oposiciones\\\/\",\"name\":\"Noticas de oposiciones por Academia Emplea-te\",\"description\":\"Toda la actualidad de las ofertas y convocatorias.\",\"publisher\":{\"@id\":\"https:\\\/\\\/www.emplea-te.com\\\/noticias-oposiciones\\\/#organization\"},\"potentialAction\":[{\"@type\":\"SearchAction\",\"target\":{\"@type\":\"EntryPoint\",\"urlTemplate\":\"https:\\\/\\\/www.emplea-te.com\\\/noticias-oposiciones\\\/?s={search_term_string}\"},\"query-input\":{\"@type\":\"PropertyValueSpecification\",\"valueRequired\":true,\"valueName\":\"search_term_string\"}}],\"inLanguage\":\"es\"},{\"@type\":\"Organization\",\"@id\":\"https:\\\/\\\/www.emplea-te.com\\\/noticias-oposiciones\\\/#organization\",\"name\":\"Academia de oposiciones Empl\u00e9ate\",\"url\":\"https:\\\/\\\/www.emplea-te.com\\\/noticias-oposiciones\\\/\",\"logo\":{\"@type\":\"ImageObject\",\"inLanguage\":\"es\",\"@id\":\"https:\\\/\\\/www.emplea-te.com\\\/noticias-oposiciones\\\/#\\\/schema\\\/logo\\\/image\\\/\",\"url\":\"https:\\\/\\\/www.emplea-te.com\\\/noticias-oposiciones\\\/wp-content\\\/uploads\\\/2019\\\/04\\\/empleate.jpg\",\"contentUrl\":\"https:\\\/\\\/www.emplea-te.com\\\/noticias-oposiciones\\\/wp-content\\\/uploads\\\/2019\\\/04\\\/empleate.jpg\",\"width\":250,\"height\":150,\"caption\":\"Academia de oposiciones Empl\u00e9ate\"},\"image\":{\"@id\":\"https:\\\/\\\/www.emplea-te.com\\\/noticias-oposiciones\\\/#\\\/schema\\\/logo\\\/image\\\/\"},\"sameAs\":[\"https:\\\/\\\/www.facebook.com\\\/AcademiaEmpleate\\\/\",\"https:\\\/\\\/x.com\\\/Emplea_Te\",\"https:\\\/\\\/www.instagram.com\\\/academia_empleate\\\/\"]},{\"@type\":\"Person\",\"@id\":\"https:\\\/\\\/www.emplea-te.com\\\/noticias-oposiciones\\\/#\\\/schema\\\/person\\\/d1bc587e1af2b95e9c32aba1795509a6\",\"name\":\"Empleate\"}]}<\/script>\n<!-- \/ Yoast SEO plugin. -->","yoast_head_json":{"title":"Xunta de Galicia. Convocatoria proceso selectivo.","description":"Xunta de Galicia. Auxiliar de bibliotecas C2 turno libre 15 plazas convocadas. Fecha realizaci\u00f3n primer ejercicio previsto para el d\u00eda 12 de diciembre de 2024.","robots":{"index":"index","follow":"follow","max-snippet":"max-snippet:-1","max-image-preview":"max-image-preview:large","max-video-preview":"max-video-preview:-1"},"canonical":"https:\/\/www.emplea-te.com\/noticias-oposiciones\/xunta-de-galicia-auxiliar-de-bibliotecas-c2-turno-libre-15-plazas-convocadas-fecha-realizacion-primer-ejercicio-previsto-para-el-dia-12-de-diciembre-de-2024\/","og_locale":"es_ES","og_type":"article","og_title":"Xunta de Galicia. Convocatoria proceso selectivo.","og_description":"Xunta de Galicia. Auxiliar de bibliotecas C2 turno libre 15 plazas convocadas. Fecha realizaci\u00f3n primer ejercicio previsto para el d\u00eda 12 de diciembre de 2024.","og_url":"https:\/\/www.emplea-te.com\/noticias-oposiciones\/xunta-de-galicia-auxiliar-de-bibliotecas-c2-turno-libre-15-plazas-convocadas-fecha-realizacion-primer-ejercicio-previsto-para-el-dia-12-de-diciembre-de-2024\/","og_site_name":"Noticas de oposiciones por Academia Emplea-te","article_publisher":"https:\/\/www.facebook.com\/AcademiaEmpleate\/","article_published_time":"2024-12-09T08:48:43+00:00","author":"Empleate","twitter_card":"summary_large_image","twitter_creator":"@Emplea_Te","twitter_site":"@Emplea_Te","twitter_misc":{"Escrito por":"Empleate","Tiempo de lectura":"1 minuto"},"schema":{"@context":"https:\/\/schema.org","@graph":[{"@type":"Article","@id":"https:\/\/www.emplea-te.com\/noticias-oposiciones\/xunta-de-galicia-auxiliar-de-bibliotecas-c2-turno-libre-15-plazas-convocadas-fecha-realizacion-primer-ejercicio-previsto-para-el-dia-12-de-diciembre-de-2024\/#article","isPartOf":{"@id":"https:\/\/www.emplea-te.com\/noticias-oposiciones\/xunta-de-galicia-auxiliar-de-bibliotecas-c2-turno-libre-15-plazas-convocadas-fecha-realizacion-primer-ejercicio-previsto-para-el-dia-12-de-diciembre-de-2024\/"},"author":{"name":"Empleate","@id":"https:\/\/www.emplea-te.com\/noticias-oposiciones\/#\/schema\/person\/d1bc587e1af2b95e9c32aba1795509a6"},"headline":"Xunta de Galicia. Auxiliar de bibliotecas C2 turno libre 15 plazas convocadas. Fecha realizaci\u00f3n primer ejercicio previsto para el d\u00eda 12 de diciembre de 2024.","datePublished":"2024-12-09T08:48:43+00:00","mainEntityOfPage":{"@id":"https:\/\/www.emplea-te.com\/noticias-oposiciones\/xunta-de-galicia-auxiliar-de-bibliotecas-c2-turno-libre-15-plazas-convocadas-fecha-realizacion-primer-ejercicio-previsto-para-el-dia-12-de-diciembre-de-2024\/"},"wordCount":229,"publisher":{"@id":"https:\/\/www.emplea-te.com\/noticias-oposiciones\/#organization"},"keywords":["Convocatoria","Fecha ex\u00e1menes","Informaci\u00f3n procesos selectivos"],"articleSection":["Administraci\u00f3n General del Estado.","BOE","Diputaci\u00f3n de Ourense","Diputaci\u00f3n de Pontevedra.","Informaci\u00f3n BOE","Oposiciones Auton\u00f3micas Galicia","Oposiciones Cuerpo de Bomberos C2","Oposiciones Xunta","Subalterno A.P Xunta de Galicia","Universidad Santiago de Compostela USC"],"inLanguage":"es"},{"@type":"WebPage","@id":"https:\/\/www.emplea-te.com\/noticias-oposiciones\/xunta-de-galicia-auxiliar-de-bibliotecas-c2-turno-libre-15-plazas-convocadas-fecha-realizacion-primer-ejercicio-previsto-para-el-dia-12-de-diciembre-de-2024\/","url":"https:\/\/www.emplea-te.com\/noticias-oposiciones\/xunta-de-galicia-auxiliar-de-bibliotecas-c2-turno-libre-15-plazas-convocadas-fecha-realizacion-primer-ejercicio-previsto-para-el-dia-12-de-diciembre-de-2024\/","name":"Xunta de Galicia. Convocatoria proceso selectivo.","isPartOf":{"@id":"https:\/\/www.emplea-te.com\/noticias-oposiciones\/#website"},"datePublished":"2024-12-09T08:48:43+00:00","description":"Xunta de Galicia. Auxiliar de bibliotecas C2 turno libre 15 plazas convocadas. Fecha realizaci\u00f3n primer ejercicio previsto para el d\u00eda 12 de diciembre de 2024.","breadcrumb":{"@id":"https:\/\/www.emplea-te.com\/noticias-oposiciones\/xunta-de-galicia-auxiliar-de-bibliotecas-c2-turno-libre-15-plazas-convocadas-fecha-realizacion-primer-ejercicio-previsto-para-el-dia-12-de-diciembre-de-2024\/#breadcrumb"},"inLanguage":"es","potentialAction":[{"@type":"ReadAction","target":["https:\/\/www.emplea-te.com\/noticias-oposiciones\/xunta-de-galicia-auxiliar-de-bibliotecas-c2-turno-libre-15-plazas-convocadas-fecha-realizacion-primer-ejercicio-previsto-para-el-dia-12-de-diciembre-de-2024\/"]}]},{"@type":"BreadcrumbList","@id":"https:\/\/www.emplea-te.com\/noticias-oposiciones\/xunta-de-galicia-auxiliar-de-bibliotecas-c2-turno-libre-15-plazas-convocadas-fecha-realizacion-primer-ejercicio-previsto-para-el-dia-12-de-diciembre-de-2024\/#breadcrumb","itemListElement":[{"@type":"ListItem","position":1,"name":"Noticias Oposiciones","item":"https:\/\/www.emplea-te.com\/noticias-oposiciones\/"},{"@type":"ListItem","position":2,"name":"Oposiciones Xunta","item":"https:\/\/www.emplea-te.com\/noticias-oposiciones\/categoria\/oposiciones-xunta\/"},{"@type":"ListItem","position":3,"name":"Xunta de Galicia. Auxiliar de bibliotecas C2 turno libre 15 plazas convocadas. Fecha realizaci\u00f3n primer ejercicio previsto para el d\u00eda 12 de diciembre de 2024."}]},{"@type":"WebSite","@id":"https:\/\/www.emplea-te.com\/noticias-oposiciones\/#website","url":"https:\/\/www.emplea-te.com\/noticias-oposiciones\/","name":"Noticas de oposiciones por Academia Emplea-te","description":"Toda la actualidad de las ofertas y convocatorias.","publisher":{"@id":"https:\/\/www.emplea-te.com\/noticias-oposiciones\/#organization"},"potentialAction":[{"@type":"SearchAction","target":{"@type":"EntryPoint","urlTemplate":"https:\/\/www.emplea-te.com\/noticias-oposiciones\/?s={search_term_string}"},"query-input":{"@type":"PropertyValueSpecification","valueRequired":true,"valueName":"search_term_string"}}],"inLanguage":"es"},{"@type":"Organization","@id":"https:\/\/www.emplea-te.com\/noticias-oposiciones\/#organization","name":"Academia de oposiciones Empl\u00e9ate","url":"https:\/\/www.emplea-te.com\/noticias-oposiciones\/","logo":{"@type":"ImageObject","inLanguage":"es","@id":"https:\/\/www.emplea-te.com\/noticias-oposiciones\/#\/schema\/logo\/image\/","url":"https:\/\/www.emplea-te.com\/noticias-oposiciones\/wp-content\/uploads\/2019\/04\/empleate.jpg","contentUrl":"https:\/\/www.emplea-te.com\/noticias-oposiciones\/wp-content\/uploads\/2019\/04\/empleate.jpg","width":250,"height":150,"caption":"Academia de oposiciones Empl\u00e9ate"},"image":{"@id":"https:\/\/www.emplea-te.com\/noticias-oposiciones\/#\/schema\/logo\/image\/"},"sameAs":["https:\/\/www.facebook.com\/AcademiaEmpleate\/","https:\/\/x.com\/Emplea_Te","https:\/\/www.instagram.com\/academia_empleate\/"]},{"@type":"Person","@id":"https:\/\/www.emplea-te.com\/noticias-oposiciones\/#\/schema\/person\/d1bc587e1af2b95e9c32aba1795509a6","name":"Empleate"}]}},"_links":{"self":[{"href":"https:\/\/www.emplea-te.com\/noticias-oposiciones\/wp-json\/wp\/v2\/posts\/13785","targetHints":{"allow":["GET"]}}],"collection":[{"href":"https:\/\/www.emplea-te.com\/noticias-oposiciones\/wp-json\/wp\/v2\/posts"}],"about":[{"href":"https:\/\/www.emplea-te.com\/noticias-oposiciones\/wp-json\/wp\/v2\/types\/post"}],"author":[{"embeddable":true,"href":"https:\/\/www.emplea-te.com\/noticias-oposiciones\/wp-json\/wp\/v2\/users\/1"}],"replies":[{"embeddable":true,"href":"https:\/\/www.emplea-te.com\/noticias-oposiciones\/wp-json\/wp\/v2\/comments?post=13785"}],"version-history":[{"count":1,"href":"https:\/\/www.emplea-te.com\/noticias-oposiciones\/wp-json\/wp\/v2\/posts\/13785\/revisions"}],"predecessor-version":[{"id":13786,"href":"https:\/\/www.emplea-te.com\/noticias-oposiciones\/wp-json\/wp\/v2\/posts\/13785\/revisions\/13786"}],"wp:attachment":[{"href":"https:\/\/www.emplea-te.com\/noticias-oposiciones\/wp-json\/wp\/v2\/media?parent=13785"}],"wp:term":[{"taxonomy":"category","embeddable":true,"href":"https:\/\/www.emplea-te.com\/noticias-oposiciones\/wp-json\/wp\/v2\/categories?post=13785"},{"taxonomy":"post_tag","embeddable":true,"href":"https:\/\/www.emplea-te.com\/noticias-oposiciones\/wp-json\/wp\/v2\/tags?post=13785"}],"curies":[{"name":"wp","href":"https:\/\/api.w.org\/{rel}","templated":true}]}}