{"id":13883,"date":"2024-12-19T10:09:47","date_gmt":"2024-12-19T09:09:47","guid":{"rendered":"https:\/\/www.emplea-te.com\/noticias-oposiciones\/?p=13883"},"modified":"2024-12-19T10:09:47","modified_gmt":"2024-12-19T09:09:47","slug":"cuerpos-generales-de-justicia-turno-libre-convocadas-731-plazas-de-gestion-855-plazas-de-tramitacion-y-726-plazas-de-auxilio-judicial-plazo-de-instancias-abierto-hasta-el-dia-21-01-2025","status":"publish","type":"post","link":"https:\/\/www.emplea-te.com\/noticias-oposiciones\/cuerpos-generales-de-justicia-turno-libre-convocadas-731-plazas-de-gestion-855-plazas-de-tramitacion-y-726-plazas-de-auxilio-judicial-plazo-de-instancias-abierto-hasta-el-dia-21-01-2025\/","title":{"rendered":"Cuerpos Generales de Justicia turno libre. Convocadas 731 plazas de Gesti\u00f3n, 855 plazas de Tramitaci\u00f3n y 726 plazas de Auxilio judicial. Plazo de instancias abierto hasta el d\u00eda 21\/01\/2025."},"content":{"rendered":"<p>Se publica en el BOE de hoy, d\u00eda 19 de diciembre de 2024, la Orden PJC\/1437\/2024, de 3 de diciembre, por la que se convocan procesos selectivos para el acceso por turno libre, a los Cuerpos de Gesti\u00f3n Procesal y Administrativa, Tramitaci\u00f3n Procesal y Administrativa y Auxilio Judicial de la Administraci\u00f3n de Justicia.<\/p>\n<p><a href=\"https:\/\/www.boe.es\/boe\/dias\/2024\/12\/19\/pdfs\/BOE-A-2024-26507.pdf\" target=\"_blank\" rel=\"noopener\"><strong>Acceso a la Orden con el contenido \u00edntegro de la convocatoria de estas plazas.\u00a0<\/strong><\/a><\/p>\n<p><strong>\u2003Descripci\u00f3n de las plazas convocadas:<\/strong><br \/>\nSe convocan procesos selectivos para cubrir por turno libre y sistema selectivo de oposici\u00f3n:<br \/>\n\u2013\u2002Cuerpo de Gesti\u00f3n Procesal y Administrativa: 731 plazas.<br \/>\n\u2013\u2002Cuerpo de Tramitaci\u00f3n Procesal y Administrativa: 855 plazas.<br \/>\n\u2013\u2002Cuerpo de Auxilio Judicial: 726 plazas.<\/p>\n<p>Del total de estas plazas se reservan para ser cubiertas por el cupo de reserva personas con discapacidad con un grado igual o superior al 33\u202f%:<br \/>\n\u2013\u2002Cuerpo de Gesti\u00f3n Procesal y Administrativa: 75 plazas.<br \/>\n\u2013\u2002Cuerpo de Tramitaci\u00f3n Procesal y Administrativa: 86 plazas.<br \/>\n\u2013\u2002Cuerpo de Auxilio Judicial: 72 plazas.<\/p>\n<p>Los procesos selectivos se desarrollar\u00e1n por el sistema de oposici\u00f3n.<\/p>\n<p>&nbsp;<\/p>\n<p><strong>Requisitos de participaci\u00f3n:<\/strong><br \/>\nPara ser admitidos a la realizaci\u00f3n de los procesos selectivos, las personas aspirantes deber\u00e1n poseer en el d\u00eda de finalizaci\u00f3n del plazo de presentaci\u00f3n de solicitudes y mantener hasta el momento de la toma de posesi\u00f3n como funcionario o funcionaria de carrera, los siguientes requisitos de participaci\u00f3n:<br \/>\n-Nacionalidad: Tener la nacionalidad espa\u00f1ola.<br \/>\n-Edad: Tener cumplidos diecis\u00e9is a\u00f1os y no haber alcanzado la edad legal de jubilaci\u00f3n forzosa.<br \/>\n-Titulaci\u00f3n:<br \/>\na)\u2003Para el Cuerpo de Gesti\u00f3n Procesal y Administrativa: estar en posesi\u00f3n o en condiciones de obtener el t\u00edtulo de Grado, Licenciado, Diplomado Universitario, Ingeniero T\u00e9cnico, Arquitecto T\u00e9cnico o equivalente.<br \/>\nb)\u2003Para el Cuerpo de Tramitaci\u00f3n Procesal y Administrativa: Estar en posesi\u00f3n o en condiciones de obtener el t\u00edtulo de Bachillerato o equivalente.<br \/>\nc)\u2003Para el Cuerpo de Auxilio Judicial: Estar en posesi\u00f3n o en condiciones de obtener el t\u00edtulo de Graduado en Educaci\u00f3n Secundaria Obligatoria o equivalente.<\/p>\n<p><strong>Plazo y forma de presentaci\u00f3n de instancias para participar en este proceso selectivo.<\/strong><\/p>\n<p>El plazo de presentaci\u00f3n de instancias es de <strong>20 d\u00edas h\u00e1biles contados<\/strong> a partir del siguiente al de la publicaci\u00f3n de la presente orden en el \u00abBolet\u00edn Oficial del Estado\u00bb, y se dirigir\u00e1 a la Secretar\u00eda de Estado de Justicia. Por tanto el plazo permanecer\u00e1 <strong>abierto desde el d\u00eda 20\/12\/2024 hasta el d\u00eda 21\/01\/2025.<\/strong><\/p>\n<p>Quienes deseen participar en estos procesos selectivos deber\u00e1n cumplimentar y presentar electr\u00f3nicamente el modelo oficial de solicitud de admisi\u00f3n a pruebas selectivas en la Administraci\u00f3n P\u00fablica y liquidaci\u00f3n de tasas de derechos de examen (modelo 790), que estar\u00e1 disponible en el servicio de Inscripci\u00f3n en Pruebas Selectivas (IPS) del Punto de Acceso General (<a href=\"https:\/\/administracion.gob.es\/pag_Home\/empleoPublico\/ips.html\" target=\"_blank\" rel=\"noopener\"><strong>https:\/\/administracion.gob.es\/pag_Home\/empleoPublico\/ips.html<\/strong><\/a>)<\/p>\n<p>&nbsp;<\/p>\n<p>Ejercicios de cada uno de los procesos selectivos:<\/p>\n<p><strong>\u00a0GESTI\u00d3N PROCESAL<\/strong><\/p>\n<p><strong>1) Primer ejercicio.<\/strong><\/p>\n<p>De car\u00e1cter te\u00f3rico, escrito y eliminatorio.<br \/>\nConsistir\u00e1 en contestar un cuestionario-test sobre las materias del programa (que consta de 68 temas).<br \/>\nConstar\u00e1 de 100 preguntas con cuatro respuestas alternativas de las cuales s\u00f3lo una es la correcta.<\/p>\n<p><strong>2) Segundo ejercicio.<\/strong><\/p>\n<p>De car\u00e1cter pr\u00e1ctico, escrito y eliminatorio.<br \/>\nConsistir\u00e1 en contestar 10 preguntas tipo-test, referidas a un caso pr\u00e1ctico relacionado con el contenido del programa y las funciones propias del cuerpo que plantear\u00e1 el Tribunal.<\/p>\n<p><strong>3) Tercer ejercicio.<\/strong><\/p>\n<p>De car\u00e1cter te\u00f3rico, escrito y eliminatorio.<br \/>\nConsistir\u00e1 en contestar sin ayuda de texto alguno y con letra legible a cinco preguntas de contenido procesal sobre los temas 17 a 39 y 43 a 67, ambos inclusive.<br \/>\nLa duraci\u00f3n de la prueba ser\u00e1 de 45 minutos, con la limitaci\u00f3n de espacio para responder que determine el tribunal.<\/p>\n<p><strong>\u00a0TRAMITACI\u00d3N PROCESAL<\/strong><\/p>\n<p>1) Primer ejercicio.<\/p>\n<p>De car\u00e1cter te\u00f3rico, escrito y eliminatorio.<br \/>\nConsistir\u00e1 en contestar un cuestionario-test sobre las materias del programa (temas 1 a 31).<br \/>\nConstar\u00e1 de 100 preguntas con cuatro respuestas alternativas de las cuales s\u00f3lo una es la correcta.<\/p>\n<p>2) Segundo ejercicio.<\/p>\n<p>De car\u00e1cter pr\u00e1ctico, escrito y eliminatorio.<br \/>\nConsistir\u00e1 en contestar 10 preguntas tipo-test, referidas a un caso pr\u00e1ctico relacionado con el contenido del programa (temas 1 a 31) y las funciones propias del cuerpo que plantear\u00e1 el Tribunal.<\/p>\n<p>3) Tercer ejercicio.<\/p>\n<p>Consistir\u00e1 en contestar a preguntas pr\u00e1cticas y aplicadas sobre Windows y Office, que estar\u00e1n referidas, en concreto, a las siguientes versiones: Windows 10 y Microsoft 365 versi\u00f3n de escritorio. (Temas 32 a 37).<\/p>\n<p><strong>AUXILIO JUDICIAL<\/strong><\/p>\n<p>1) Primer ejercicio.<\/p>\n<p>De car\u00e1cter te\u00f3rico, escrito, obligatorio y eliminatorio.<br \/>\nConsistir\u00e1 en contestar un cuestionario-test sobre las materias del programa (que consta de 26 temas). Constar\u00e1 de 100 preguntas con cuatro respuestas alternativas de las cuales s\u00f3lo una es la correcta.<\/p>\n<p>2) Segundo ejercicio.<\/p>\n<p>De car\u00e1cter pr\u00e1ctico, escrito, obligatorio y eliminatorio.<br \/>\nConsistir\u00e1 en la contestaci\u00f3n a un cuestionario-test de 40 preguntas, con 4 respuestas alternativas de las cuales s\u00f3lo una es la correcta y referidas a 2 casos pr\u00e1cticos de diligencia judicial que ser\u00e1n propuestos por el Tribunal.<\/p>\n<p>&nbsp;<\/p>\n<p>PREP\u00c1RATE EN NUESTROS <a href=\"https:\/\/www.emplea-te.com\/2\/oposiciones-de-justicia\" target=\"_blank\" rel=\"noopener\"><strong>CURSOS INTENSIVOS DE PREPARACI\u00d3N DE OPOSICIONES DE JUSTICIA.\u00a0<\/strong><\/a><\/p>\n","protected":false},"excerpt":{"rendered":"<p>Se publica en el BOE de hoy, d\u00eda 19 de diciembre de 2024, la Orden PJC\/1437\/2024, de 3 de diciembre, por la que se convocan procesos selectivos para el acceso por turno libre, a los Cuerpos de Gesti\u00f3n Procesal y Administrativa, Tramitaci\u00f3n Procesal y Administrativa y Auxilio Judicial de la Administraci\u00f3n de Justicia. Acceso a &hellip; <a href=\"https:\/\/www.emplea-te.com\/noticias-oposiciones\/cuerpos-generales-de-justicia-turno-libre-convocadas-731-plazas-de-gestion-855-plazas-de-tramitacion-y-726-plazas-de-auxilio-judicial-plazo-de-instancias-abierto-hasta-el-dia-21-01-2025\/\" class=\"more-link\">Continuar leyendo<span class=\"screen-reader-text\"> \u00abCuerpos Generales de Justicia turno libre. Convocadas 731 plazas de Gesti\u00f3n, 855 plazas de Tramitaci\u00f3n y 726 plazas de Auxilio judicial. Plazo de instancias abierto hasta el d\u00eda 21\/01\/2025.\u00bb<\/span><\/a><\/p>\n","protected":false},"author":1,"featured_media":0,"comment_status":"closed","ping_status":"closed","sticky":false,"template":"","format":"standard","meta":{"footnotes":""},"categories":[140,15,17,14,16],"tags":[82,49,103],"class_list":["post-13883","post","type-post","status-publish","format-standard","hentry","category-administrativo-seguridad-social","category-oposiciones-auxilio-judicial","category-oposiciones-gestion-procesal","category-oposiciones-justicia","category-oposiciones-tramitacion-procesal","tag-acceso-libre","tag-convocatorias-de-oposiciones","tag-informacion-procesos-selectivos"],"yoast_head":"<!-- This site is optimized with the Yoast SEO plugin v27.5 - https:\/\/yoast.com\/product\/yoast-seo-wordpress\/ -->\n<title>Cuerpos Generales de Justicia turno libre. Convocatoria turno libre.<\/title>\n<meta name=\"description\" content=\"Cuerpos Generales de Justicia turno libre. Convocadas 731 plazas de Gesti\u00f3n, 855 plazas de Tramitaci\u00f3n y 726 plazas de Auxilio judicial. Plazo de instancias abierto hasta el d\u00eda 21\/01\/2025.\" \/>\n<meta name=\"robots\" content=\"index, follow, max-snippet:-1, max-image-preview:large, max-video-preview:-1\" \/>\n<link rel=\"canonical\" href=\"https:\/\/www.emplea-te.com\/noticias-oposiciones\/cuerpos-generales-de-justicia-turno-libre-convocadas-731-plazas-de-gestion-855-plazas-de-tramitacion-y-726-plazas-de-auxilio-judicial-plazo-de-instancias-abierto-hasta-el-dia-21-01-2025\/\" \/>\n<meta property=\"og:locale\" content=\"es_ES\" \/>\n<meta property=\"og:type\" content=\"article\" \/>\n<meta property=\"og:title\" content=\"Cuerpos Generales de Justicia turno libre. Convocatoria turno libre.\" \/>\n<meta property=\"og:description\" content=\"Cuerpos Generales de Justicia turno libre. Convocadas 731 plazas de Gesti\u00f3n, 855 plazas de Tramitaci\u00f3n y 726 plazas de Auxilio judicial. Plazo de instancias abierto hasta el d\u00eda 21\/01\/2025.\" \/>\n<meta property=\"og:url\" content=\"https:\/\/www.emplea-te.com\/noticias-oposiciones\/cuerpos-generales-de-justicia-turno-libre-convocadas-731-plazas-de-gestion-855-plazas-de-tramitacion-y-726-plazas-de-auxilio-judicial-plazo-de-instancias-abierto-hasta-el-dia-21-01-2025\/\" \/>\n<meta property=\"og:site_name\" content=\"Noticas de oposiciones por Academia Emplea-te\" \/>\n<meta property=\"article:publisher\" content=\"https:\/\/www.facebook.com\/AcademiaEmpleate\/\" \/>\n<meta property=\"article:published_time\" content=\"2024-12-19T09:09:47+00:00\" \/>\n<meta name=\"author\" content=\"Empleate\" \/>\n<meta name=\"twitter:card\" content=\"summary_large_image\" \/>\n<meta name=\"twitter:creator\" content=\"@Emplea_Te\" \/>\n<meta name=\"twitter:site\" content=\"@Emplea_Te\" \/>\n<meta name=\"twitter:label1\" content=\"Escrito por\" \/>\n\t<meta name=\"twitter:data1\" content=\"Empleate\" \/>\n\t<meta name=\"twitter:label2\" content=\"Tiempo de lectura\" \/>\n\t<meta name=\"twitter:data2\" content=\"4 minutos\" \/>\n<script type=\"application\/ld+json\" class=\"yoast-schema-graph\">{\"@context\":\"https:\\\/\\\/schema.org\",\"@graph\":[{\"@type\":\"Article\",\"@id\":\"https:\\\/\\\/www.emplea-te.com\\\/noticias-oposiciones\\\/cuerpos-generales-de-justicia-turno-libre-convocadas-731-plazas-de-gestion-855-plazas-de-tramitacion-y-726-plazas-de-auxilio-judicial-plazo-de-instancias-abierto-hasta-el-dia-21-01-2025\\\/#article\",\"isPartOf\":{\"@id\":\"https:\\\/\\\/www.emplea-te.com\\\/noticias-oposiciones\\\/cuerpos-generales-de-justicia-turno-libre-convocadas-731-plazas-de-gestion-855-plazas-de-tramitacion-y-726-plazas-de-auxilio-judicial-plazo-de-instancias-abierto-hasta-el-dia-21-01-2025\\\/\"},\"author\":{\"name\":\"Empleate\",\"@id\":\"https:\\\/\\\/www.emplea-te.com\\\/noticias-oposiciones\\\/#\\\/schema\\\/person\\\/d1bc587e1af2b95e9c32aba1795509a6\"},\"headline\":\"Cuerpos Generales de Justicia turno libre. Convocadas 731 plazas de Gesti\u00f3n, 855 plazas de Tramitaci\u00f3n y 726 plazas de Auxilio judicial. Plazo de instancias abierto hasta el d\u00eda 21\\\/01\\\/2025.\",\"datePublished\":\"2024-12-19T09:09:47+00:00\",\"mainEntityOfPage\":{\"@id\":\"https:\\\/\\\/www.emplea-te.com\\\/noticias-oposiciones\\\/cuerpos-generales-de-justicia-turno-libre-convocadas-731-plazas-de-gestion-855-plazas-de-tramitacion-y-726-plazas-de-auxilio-judicial-plazo-de-instancias-abierto-hasta-el-dia-21-01-2025\\\/\"},\"wordCount\":877,\"publisher\":{\"@id\":\"https:\\\/\\\/www.emplea-te.com\\\/noticias-oposiciones\\\/#organization\"},\"keywords\":[\"Acceso libre\",\"Convocatoria\",\"Informaci\u00f3n procesos selectivos\"],\"articleSection\":[\"administrativo seguridad social\",\"Oposiciones Auxilio Judicial\",\"Oposiciones Gesti\u00f3n Procesal\",\"Oposiciones Justicia\",\"Oposiciones Tramitaci\u00f3n Procesal\"],\"inLanguage\":\"es\"},{\"@type\":\"WebPage\",\"@id\":\"https:\\\/\\\/www.emplea-te.com\\\/noticias-oposiciones\\\/cuerpos-generales-de-justicia-turno-libre-convocadas-731-plazas-de-gestion-855-plazas-de-tramitacion-y-726-plazas-de-auxilio-judicial-plazo-de-instancias-abierto-hasta-el-dia-21-01-2025\\\/\",\"url\":\"https:\\\/\\\/www.emplea-te.com\\\/noticias-oposiciones\\\/cuerpos-generales-de-justicia-turno-libre-convocadas-731-plazas-de-gestion-855-plazas-de-tramitacion-y-726-plazas-de-auxilio-judicial-plazo-de-instancias-abierto-hasta-el-dia-21-01-2025\\\/\",\"name\":\"Cuerpos Generales de Justicia turno libre. Convocatoria turno libre.\",\"isPartOf\":{\"@id\":\"https:\\\/\\\/www.emplea-te.com\\\/noticias-oposiciones\\\/#website\"},\"datePublished\":\"2024-12-19T09:09:47+00:00\",\"description\":\"Cuerpos Generales de Justicia turno libre. Convocadas 731 plazas de Gesti\u00f3n, 855 plazas de Tramitaci\u00f3n y 726 plazas de Auxilio judicial. Plazo de instancias abierto hasta el d\u00eda 21\\\/01\\\/2025.\",\"breadcrumb\":{\"@id\":\"https:\\\/\\\/www.emplea-te.com\\\/noticias-oposiciones\\\/cuerpos-generales-de-justicia-turno-libre-convocadas-731-plazas-de-gestion-855-plazas-de-tramitacion-y-726-plazas-de-auxilio-judicial-plazo-de-instancias-abierto-hasta-el-dia-21-01-2025\\\/#breadcrumb\"},\"inLanguage\":\"es\",\"potentialAction\":[{\"@type\":\"ReadAction\",\"target\":[\"https:\\\/\\\/www.emplea-te.com\\\/noticias-oposiciones\\\/cuerpos-generales-de-justicia-turno-libre-convocadas-731-plazas-de-gestion-855-plazas-de-tramitacion-y-726-plazas-de-auxilio-judicial-plazo-de-instancias-abierto-hasta-el-dia-21-01-2025\\\/\"]}]},{\"@type\":\"BreadcrumbList\",\"@id\":\"https:\\\/\\\/www.emplea-te.com\\\/noticias-oposiciones\\\/cuerpos-generales-de-justicia-turno-libre-convocadas-731-plazas-de-gestion-855-plazas-de-tramitacion-y-726-plazas-de-auxilio-judicial-plazo-de-instancias-abierto-hasta-el-dia-21-01-2025\\\/#breadcrumb\",\"itemListElement\":[{\"@type\":\"ListItem\",\"position\":1,\"name\":\"Noticias Oposiciones\",\"item\":\"https:\\\/\\\/www.emplea-te.com\\\/noticias-oposiciones\\\/\"},{\"@type\":\"ListItem\",\"position\":2,\"name\":\"Oposiciones Justicia\",\"item\":\"https:\\\/\\\/www.emplea-te.com\\\/noticias-oposiciones\\\/categoria\\\/oposiciones-justicia\\\/\"},{\"@type\":\"ListItem\",\"position\":3,\"name\":\"Cuerpos Generales de Justicia turno libre. Convocadas 731 plazas de Gesti\u00f3n, 855 plazas de Tramitaci\u00f3n y 726 plazas de Auxilio judicial. Plazo de instancias abierto hasta el d\u00eda 21\\\/01\\\/2025.\"}]},{\"@type\":\"WebSite\",\"@id\":\"https:\\\/\\\/www.emplea-te.com\\\/noticias-oposiciones\\\/#website\",\"url\":\"https:\\\/\\\/www.emplea-te.com\\\/noticias-oposiciones\\\/\",\"name\":\"Noticas de oposiciones por Academia Emplea-te\",\"description\":\"Toda la actualidad de las ofertas y convocatorias.\",\"publisher\":{\"@id\":\"https:\\\/\\\/www.emplea-te.com\\\/noticias-oposiciones\\\/#organization\"},\"potentialAction\":[{\"@type\":\"SearchAction\",\"target\":{\"@type\":\"EntryPoint\",\"urlTemplate\":\"https:\\\/\\\/www.emplea-te.com\\\/noticias-oposiciones\\\/?s={search_term_string}\"},\"query-input\":{\"@type\":\"PropertyValueSpecification\",\"valueRequired\":true,\"valueName\":\"search_term_string\"}}],\"inLanguage\":\"es\"},{\"@type\":\"Organization\",\"@id\":\"https:\\\/\\\/www.emplea-te.com\\\/noticias-oposiciones\\\/#organization\",\"name\":\"Academia de oposiciones Empl\u00e9ate\",\"url\":\"https:\\\/\\\/www.emplea-te.com\\\/noticias-oposiciones\\\/\",\"logo\":{\"@type\":\"ImageObject\",\"inLanguage\":\"es\",\"@id\":\"https:\\\/\\\/www.emplea-te.com\\\/noticias-oposiciones\\\/#\\\/schema\\\/logo\\\/image\\\/\",\"url\":\"https:\\\/\\\/www.emplea-te.com\\\/noticias-oposiciones\\\/wp-content\\\/uploads\\\/2019\\\/04\\\/empleate.jpg\",\"contentUrl\":\"https:\\\/\\\/www.emplea-te.com\\\/noticias-oposiciones\\\/wp-content\\\/uploads\\\/2019\\\/04\\\/empleate.jpg\",\"width\":250,\"height\":150,\"caption\":\"Academia de oposiciones Empl\u00e9ate\"},\"image\":{\"@id\":\"https:\\\/\\\/www.emplea-te.com\\\/noticias-oposiciones\\\/#\\\/schema\\\/logo\\\/image\\\/\"},\"sameAs\":[\"https:\\\/\\\/www.facebook.com\\\/AcademiaEmpleate\\\/\",\"https:\\\/\\\/x.com\\\/Emplea_Te\",\"https:\\\/\\\/www.instagram.com\\\/academia_empleate\\\/\"]},{\"@type\":\"Person\",\"@id\":\"https:\\\/\\\/www.emplea-te.com\\\/noticias-oposiciones\\\/#\\\/schema\\\/person\\\/d1bc587e1af2b95e9c32aba1795509a6\",\"name\":\"Empleate\"}]}<\/script>\n<!-- \/ Yoast SEO plugin. -->","yoast_head_json":{"title":"Cuerpos Generales de Justicia turno libre. Convocatoria turno libre.","description":"Cuerpos Generales de Justicia turno libre. Convocadas 731 plazas de Gesti\u00f3n, 855 plazas de Tramitaci\u00f3n y 726 plazas de Auxilio judicial. Plazo de instancias abierto hasta el d\u00eda 21\/01\/2025.","robots":{"index":"index","follow":"follow","max-snippet":"max-snippet:-1","max-image-preview":"max-image-preview:large","max-video-preview":"max-video-preview:-1"},"canonical":"https:\/\/www.emplea-te.com\/noticias-oposiciones\/cuerpos-generales-de-justicia-turno-libre-convocadas-731-plazas-de-gestion-855-plazas-de-tramitacion-y-726-plazas-de-auxilio-judicial-plazo-de-instancias-abierto-hasta-el-dia-21-01-2025\/","og_locale":"es_ES","og_type":"article","og_title":"Cuerpos Generales de Justicia turno libre. Convocatoria turno libre.","og_description":"Cuerpos Generales de Justicia turno libre. Convocadas 731 plazas de Gesti\u00f3n, 855 plazas de Tramitaci\u00f3n y 726 plazas de Auxilio judicial. Plazo de instancias abierto hasta el d\u00eda 21\/01\/2025.","og_url":"https:\/\/www.emplea-te.com\/noticias-oposiciones\/cuerpos-generales-de-justicia-turno-libre-convocadas-731-plazas-de-gestion-855-plazas-de-tramitacion-y-726-plazas-de-auxilio-judicial-plazo-de-instancias-abierto-hasta-el-dia-21-01-2025\/","og_site_name":"Noticas de oposiciones por Academia Emplea-te","article_publisher":"https:\/\/www.facebook.com\/AcademiaEmpleate\/","article_published_time":"2024-12-19T09:09:47+00:00","author":"Empleate","twitter_card":"summary_large_image","twitter_creator":"@Emplea_Te","twitter_site":"@Emplea_Te","twitter_misc":{"Escrito por":"Empleate","Tiempo de lectura":"4 minutos"},"schema":{"@context":"https:\/\/schema.org","@graph":[{"@type":"Article","@id":"https:\/\/www.emplea-te.com\/noticias-oposiciones\/cuerpos-generales-de-justicia-turno-libre-convocadas-731-plazas-de-gestion-855-plazas-de-tramitacion-y-726-plazas-de-auxilio-judicial-plazo-de-instancias-abierto-hasta-el-dia-21-01-2025\/#article","isPartOf":{"@id":"https:\/\/www.emplea-te.com\/noticias-oposiciones\/cuerpos-generales-de-justicia-turno-libre-convocadas-731-plazas-de-gestion-855-plazas-de-tramitacion-y-726-plazas-de-auxilio-judicial-plazo-de-instancias-abierto-hasta-el-dia-21-01-2025\/"},"author":{"name":"Empleate","@id":"https:\/\/www.emplea-te.com\/noticias-oposiciones\/#\/schema\/person\/d1bc587e1af2b95e9c32aba1795509a6"},"headline":"Cuerpos Generales de Justicia turno libre. Convocadas 731 plazas de Gesti\u00f3n, 855 plazas de Tramitaci\u00f3n y 726 plazas de Auxilio judicial. Plazo de instancias abierto hasta el d\u00eda 21\/01\/2025.","datePublished":"2024-12-19T09:09:47+00:00","mainEntityOfPage":{"@id":"https:\/\/www.emplea-te.com\/noticias-oposiciones\/cuerpos-generales-de-justicia-turno-libre-convocadas-731-plazas-de-gestion-855-plazas-de-tramitacion-y-726-plazas-de-auxilio-judicial-plazo-de-instancias-abierto-hasta-el-dia-21-01-2025\/"},"wordCount":877,"publisher":{"@id":"https:\/\/www.emplea-te.com\/noticias-oposiciones\/#organization"},"keywords":["Acceso libre","Convocatoria","Informaci\u00f3n procesos selectivos"],"articleSection":["administrativo seguridad social","Oposiciones Auxilio Judicial","Oposiciones Gesti\u00f3n Procesal","Oposiciones Justicia","Oposiciones Tramitaci\u00f3n Procesal"],"inLanguage":"es"},{"@type":"WebPage","@id":"https:\/\/www.emplea-te.com\/noticias-oposiciones\/cuerpos-generales-de-justicia-turno-libre-convocadas-731-plazas-de-gestion-855-plazas-de-tramitacion-y-726-plazas-de-auxilio-judicial-plazo-de-instancias-abierto-hasta-el-dia-21-01-2025\/","url":"https:\/\/www.emplea-te.com\/noticias-oposiciones\/cuerpos-generales-de-justicia-turno-libre-convocadas-731-plazas-de-gestion-855-plazas-de-tramitacion-y-726-plazas-de-auxilio-judicial-plazo-de-instancias-abierto-hasta-el-dia-21-01-2025\/","name":"Cuerpos Generales de Justicia turno libre. Convocatoria turno libre.","isPartOf":{"@id":"https:\/\/www.emplea-te.com\/noticias-oposiciones\/#website"},"datePublished":"2024-12-19T09:09:47+00:00","description":"Cuerpos Generales de Justicia turno libre. Convocadas 731 plazas de Gesti\u00f3n, 855 plazas de Tramitaci\u00f3n y 726 plazas de Auxilio judicial. Plazo de instancias abierto hasta el d\u00eda 21\/01\/2025.","breadcrumb":{"@id":"https:\/\/www.emplea-te.com\/noticias-oposiciones\/cuerpos-generales-de-justicia-turno-libre-convocadas-731-plazas-de-gestion-855-plazas-de-tramitacion-y-726-plazas-de-auxilio-judicial-plazo-de-instancias-abierto-hasta-el-dia-21-01-2025\/#breadcrumb"},"inLanguage":"es","potentialAction":[{"@type":"ReadAction","target":["https:\/\/www.emplea-te.com\/noticias-oposiciones\/cuerpos-generales-de-justicia-turno-libre-convocadas-731-plazas-de-gestion-855-plazas-de-tramitacion-y-726-plazas-de-auxilio-judicial-plazo-de-instancias-abierto-hasta-el-dia-21-01-2025\/"]}]},{"@type":"BreadcrumbList","@id":"https:\/\/www.emplea-te.com\/noticias-oposiciones\/cuerpos-generales-de-justicia-turno-libre-convocadas-731-plazas-de-gestion-855-plazas-de-tramitacion-y-726-plazas-de-auxilio-judicial-plazo-de-instancias-abierto-hasta-el-dia-21-01-2025\/#breadcrumb","itemListElement":[{"@type":"ListItem","position":1,"name":"Noticias Oposiciones","item":"https:\/\/www.emplea-te.com\/noticias-oposiciones\/"},{"@type":"ListItem","position":2,"name":"Oposiciones Justicia","item":"https:\/\/www.emplea-te.com\/noticias-oposiciones\/categoria\/oposiciones-justicia\/"},{"@type":"ListItem","position":3,"name":"Cuerpos Generales de Justicia turno libre. Convocadas 731 plazas de Gesti\u00f3n, 855 plazas de Tramitaci\u00f3n y 726 plazas de Auxilio judicial. Plazo de instancias abierto hasta el d\u00eda 21\/01\/2025."}]},{"@type":"WebSite","@id":"https:\/\/www.emplea-te.com\/noticias-oposiciones\/#website","url":"https:\/\/www.emplea-te.com\/noticias-oposiciones\/","name":"Noticas de oposiciones por Academia Emplea-te","description":"Toda la actualidad de las ofertas y convocatorias.","publisher":{"@id":"https:\/\/www.emplea-te.com\/noticias-oposiciones\/#organization"},"potentialAction":[{"@type":"SearchAction","target":{"@type":"EntryPoint","urlTemplate":"https:\/\/www.emplea-te.com\/noticias-oposiciones\/?s={search_term_string}"},"query-input":{"@type":"PropertyValueSpecification","valueRequired":true,"valueName":"search_term_string"}}],"inLanguage":"es"},{"@type":"Organization","@id":"https:\/\/www.emplea-te.com\/noticias-oposiciones\/#organization","name":"Academia de oposiciones Empl\u00e9ate","url":"https:\/\/www.emplea-te.com\/noticias-oposiciones\/","logo":{"@type":"ImageObject","inLanguage":"es","@id":"https:\/\/www.emplea-te.com\/noticias-oposiciones\/#\/schema\/logo\/image\/","url":"https:\/\/www.emplea-te.com\/noticias-oposiciones\/wp-content\/uploads\/2019\/04\/empleate.jpg","contentUrl":"https:\/\/www.emplea-te.com\/noticias-oposiciones\/wp-content\/uploads\/2019\/04\/empleate.jpg","width":250,"height":150,"caption":"Academia de oposiciones Empl\u00e9ate"},"image":{"@id":"https:\/\/www.emplea-te.com\/noticias-oposiciones\/#\/schema\/logo\/image\/"},"sameAs":["https:\/\/www.facebook.com\/AcademiaEmpleate\/","https:\/\/x.com\/Emplea_Te","https:\/\/www.instagram.com\/academia_empleate\/"]},{"@type":"Person","@id":"https:\/\/www.emplea-te.com\/noticias-oposiciones\/#\/schema\/person\/d1bc587e1af2b95e9c32aba1795509a6","name":"Empleate"}]}},"_links":{"self":[{"href":"https:\/\/www.emplea-te.com\/noticias-oposiciones\/wp-json\/wp\/v2\/posts\/13883","targetHints":{"allow":["GET"]}}],"collection":[{"href":"https:\/\/www.emplea-te.com\/noticias-oposiciones\/wp-json\/wp\/v2\/posts"}],"about":[{"href":"https:\/\/www.emplea-te.com\/noticias-oposiciones\/wp-json\/wp\/v2\/types\/post"}],"author":[{"embeddable":true,"href":"https:\/\/www.emplea-te.com\/noticias-oposiciones\/wp-json\/wp\/v2\/users\/1"}],"replies":[{"embeddable":true,"href":"https:\/\/www.emplea-te.com\/noticias-oposiciones\/wp-json\/wp\/v2\/comments?post=13883"}],"version-history":[{"count":1,"href":"https:\/\/www.emplea-te.com\/noticias-oposiciones\/wp-json\/wp\/v2\/posts\/13883\/revisions"}],"predecessor-version":[{"id":13884,"href":"https:\/\/www.emplea-te.com\/noticias-oposiciones\/wp-json\/wp\/v2\/posts\/13883\/revisions\/13884"}],"wp:attachment":[{"href":"https:\/\/www.emplea-te.com\/noticias-oposiciones\/wp-json\/wp\/v2\/media?parent=13883"}],"wp:term":[{"taxonomy":"category","embeddable":true,"href":"https:\/\/www.emplea-te.com\/noticias-oposiciones\/wp-json\/wp\/v2\/categories?post=13883"},{"taxonomy":"post_tag","embeddable":true,"href":"https:\/\/www.emplea-te.com\/noticias-oposiciones\/wp-json\/wp\/v2\/tags?post=13883"}],"curies":[{"name":"wp","href":"https:\/\/api.w.org\/{rel}","templated":true}]}}