{"id":13934,"date":"2024-12-27T09:39:40","date_gmt":"2024-12-27T08:39:40","guid":{"rendered":"https:\/\/www.emplea-te.com\/noticias-oposiciones\/?p=13934"},"modified":"2024-12-27T09:39:40","modified_gmt":"2024-12-27T08:39:40","slug":"xunta-de-galicia-cuerpo-superior-de-la-administracion-a1-estabilizacion-9-plazas-convocadas-relacion-de-aspirantes-que-han-superado-el-proceso-selectivo","status":"publish","type":"post","link":"https:\/\/www.emplea-te.com\/noticias-oposiciones\/xunta-de-galicia-cuerpo-superior-de-la-administracion-a1-estabilizacion-9-plazas-convocadas-relacion-de-aspirantes-que-han-superado-el-proceso-selectivo\/","title":{"rendered":"Xunta de Galicia. Cuerpo Superior de la Administraci\u00f3n A1. Estabilizaci\u00f3n 9 plazas convocadas. Relaci\u00f3n de aspirantes que han superado el proceso selectivo."},"content":{"rendered":"<p>Se publica en el DOG de hoy, d\u00eda 27 de diciembre de 2024, la\u00a0Resoluci\u00f3n de 20 de diciembre de 2024, del tribunal designado para calificar el proceso selectivo extraordinario de estabilizaci\u00f3n derivado de la Ley 20\/2021, de 28 de diciembre, por el turno de acceso libre y mediante el sistema de concurso-oposici\u00f3n, para el ingreso en el cuerpo superior de la Administraci\u00f3n general de la Comunidad Aut\u00f3noma de Galicia, subgrupo A1, por la que se hace p\u00fablica la relaci\u00f3n de personas aspirantes que superaron el proceso selectivo.<\/p>\n<p>La relaci\u00f3n de aspirantes que superaron el proceso selectivo se publica en el portal web corporativo de la Direcci\u00f3n General de Empleo P\u00fablico y Administraci\u00f3n de Personal:<br \/>\n<a href=\"https:\/\/www.xunta.gal\/funcion-publica\/procesos-selectivos\/consulta\" target=\"_blank\" rel=\"noopener\"><strong>https:\/\/www.xunta.gal\/funcion-publica\/procesos-selectivos\/consulta<\/strong><\/a><\/p>\n<p>De conformidad con lo dispuesto en la base VI.2 de la convocatoria y de acuerdo con el Informe de 9 de octubre de 2024, de la Direcci\u00f3n General de Empleo P\u00fablico y Administraci\u00f3n de Personal, sobre la aplicaci\u00f3n de la tramitaci\u00f3n de urgencia a los procesos selectivos de estabilizaci\u00f3n de la Ley 20\/2021, conforme al art\u00edculo 33 de la Ley 39\/2015, de 1 de octubre, del procedimiento administrativo com\u00fan de las administraciones p\u00fablicas, las personas aspirantes que superaron los procesos selectivos dispondr\u00e1n de un plazo de 10 d\u00edas h\u00e1biles, contados a partir del d\u00eda siguiente al de la publicaci\u00f3n de esta resoluci\u00f3n en el DOG, para presentar los documentos previstos en dicha base, en caso de que no hubieran sido presentados o validados previamente.<\/p>\n<p><a href=\"https:\/\/www.xunta.gal\/dog\/Publicados\/2024\/20241227\/AnuncioG0597-231224-0004_es.html\" target=\"_blank\" rel=\"noopener\"><strong>Accede a la Resoluci\u00f3n desde este enlace.\u00a0<\/strong><\/a><\/p>\n<p>Prepara tu plaza para pr\u00f3xima convocatoria en nuestros <a href=\"https:\/\/www.emplea-te.com\/54\/oposiciones-de-xunta-de-galicia\" target=\"_blank\" rel=\"noopener\"><strong>cursos de preparaci\u00f3n de oposiciones de Administraci\u00f3n de la Xunta de Galicia.\u00a0<\/strong><\/a><\/p>\n","protected":false},"excerpt":{"rendered":"<p>Se publica en el DOG de hoy, d\u00eda 27 de diciembre de 2024, la\u00a0Resoluci\u00f3n de 20 de diciembre de 2024, del tribunal designado para calificar el proceso selectivo extraordinario de estabilizaci\u00f3n derivado de la Ley 20\/2021, de 28 de diciembre, por el turno de acceso libre y mediante el sistema de concurso-oposici\u00f3n, para el ingreso &hellip; <a href=\"https:\/\/www.emplea-te.com\/noticias-oposiciones\/xunta-de-galicia-cuerpo-superior-de-la-administracion-a1-estabilizacion-9-plazas-convocadas-relacion-de-aspirantes-que-han-superado-el-proceso-selectivo\/\" class=\"more-link\">Continuar leyendo<span class=\"screen-reader-text\"> \u00abXunta de Galicia. Cuerpo Superior de la Administraci\u00f3n A1. Estabilizaci\u00f3n 9 plazas convocadas. Relaci\u00f3n de aspirantes que han superado el proceso selectivo.\u00bb<\/span><\/a><\/p>\n","protected":false},"author":1,"featured_media":0,"comment_status":"closed","ping_status":"closed","sticky":false,"template":"","format":"standard","meta":{"footnotes":""},"categories":[56,4],"tags":[103],"class_list":["post-13934","post","type-post","status-publish","format-standard","hentry","category-oposiciones-autonomicas-galicia","category-oposiciones-xunta","tag-informacion-procesos-selectivos"],"yoast_head":"<!-- This site is optimized with the Yoast SEO plugin v27.5 - https:\/\/yoast.com\/product\/yoast-seo-wordpress\/ -->\n<title>Xunta de Galicia. Convocatoria proceso selectivo.<\/title>\n<meta name=\"description\" content=\"Xunta de Galicia. Cuerpo Superior de la Administraci\u00f3n A1. Estabilizaci\u00f3n 9 plazas convocadas. Relaci\u00f3n de aspirantes que han superado el proceso selectivo.\" \/>\n<meta name=\"robots\" content=\"index, follow, max-snippet:-1, max-image-preview:large, max-video-preview:-1\" \/>\n<link rel=\"canonical\" href=\"https:\/\/www.emplea-te.com\/noticias-oposiciones\/xunta-de-galicia-cuerpo-superior-de-la-administracion-a1-estabilizacion-9-plazas-convocadas-relacion-de-aspirantes-que-han-superado-el-proceso-selectivo\/\" \/>\n<meta property=\"og:locale\" content=\"es_ES\" \/>\n<meta property=\"og:type\" content=\"article\" \/>\n<meta property=\"og:title\" content=\"Xunta de Galicia. Convocatoria proceso selectivo.\" \/>\n<meta property=\"og:description\" content=\"Xunta de Galicia. Cuerpo Superior de la Administraci\u00f3n A1. Estabilizaci\u00f3n 9 plazas convocadas. Relaci\u00f3n de aspirantes que han superado el proceso selectivo.\" \/>\n<meta property=\"og:url\" content=\"https:\/\/www.emplea-te.com\/noticias-oposiciones\/xunta-de-galicia-cuerpo-superior-de-la-administracion-a1-estabilizacion-9-plazas-convocadas-relacion-de-aspirantes-que-han-superado-el-proceso-selectivo\/\" \/>\n<meta property=\"og:site_name\" content=\"Noticas de oposiciones por Academia Emplea-te\" \/>\n<meta property=\"article:publisher\" content=\"https:\/\/www.facebook.com\/AcademiaEmpleate\/\" \/>\n<meta property=\"article:published_time\" content=\"2024-12-27T08:39:40+00:00\" \/>\n<meta name=\"author\" content=\"Empleate\" \/>\n<meta name=\"twitter:card\" content=\"summary_large_image\" \/>\n<meta name=\"twitter:creator\" content=\"@Emplea_Te\" \/>\n<meta name=\"twitter:site\" content=\"@Emplea_Te\" \/>\n<meta name=\"twitter:label1\" content=\"Escrito por\" \/>\n\t<meta name=\"twitter:data1\" content=\"Empleate\" \/>\n\t<meta name=\"twitter:label2\" content=\"Tiempo de lectura\" \/>\n\t<meta name=\"twitter:data2\" content=\"2 minutos\" \/>\n<script type=\"application\/ld+json\" class=\"yoast-schema-graph\">{\"@context\":\"https:\\\/\\\/schema.org\",\"@graph\":[{\"@type\":\"Article\",\"@id\":\"https:\\\/\\\/www.emplea-te.com\\\/noticias-oposiciones\\\/xunta-de-galicia-cuerpo-superior-de-la-administracion-a1-estabilizacion-9-plazas-convocadas-relacion-de-aspirantes-que-han-superado-el-proceso-selectivo\\\/#article\",\"isPartOf\":{\"@id\":\"https:\\\/\\\/www.emplea-te.com\\\/noticias-oposiciones\\\/xunta-de-galicia-cuerpo-superior-de-la-administracion-a1-estabilizacion-9-plazas-convocadas-relacion-de-aspirantes-que-han-superado-el-proceso-selectivo\\\/\"},\"author\":{\"name\":\"Empleate\",\"@id\":\"https:\\\/\\\/www.emplea-te.com\\\/noticias-oposiciones\\\/#\\\/schema\\\/person\\\/d1bc587e1af2b95e9c32aba1795509a6\"},\"headline\":\"Xunta de Galicia. Cuerpo Superior de la Administraci\u00f3n A1. Estabilizaci\u00f3n 9 plazas convocadas. Relaci\u00f3n de aspirantes que han superado el proceso selectivo.\",\"datePublished\":\"2024-12-27T08:39:40+00:00\",\"mainEntityOfPage\":{\"@id\":\"https:\\\/\\\/www.emplea-te.com\\\/noticias-oposiciones\\\/xunta-de-galicia-cuerpo-superior-de-la-administracion-a1-estabilizacion-9-plazas-convocadas-relacion-de-aspirantes-que-han-superado-el-proceso-selectivo\\\/\"},\"wordCount\":315,\"publisher\":{\"@id\":\"https:\\\/\\\/www.emplea-te.com\\\/noticias-oposiciones\\\/#organization\"},\"keywords\":[\"Informaci\u00f3n procesos selectivos\"],\"articleSection\":[\"Oposiciones Auton\u00f3micas Galicia\",\"Oposiciones Xunta\"],\"inLanguage\":\"es\"},{\"@type\":\"WebPage\",\"@id\":\"https:\\\/\\\/www.emplea-te.com\\\/noticias-oposiciones\\\/xunta-de-galicia-cuerpo-superior-de-la-administracion-a1-estabilizacion-9-plazas-convocadas-relacion-de-aspirantes-que-han-superado-el-proceso-selectivo\\\/\",\"url\":\"https:\\\/\\\/www.emplea-te.com\\\/noticias-oposiciones\\\/xunta-de-galicia-cuerpo-superior-de-la-administracion-a1-estabilizacion-9-plazas-convocadas-relacion-de-aspirantes-que-han-superado-el-proceso-selectivo\\\/\",\"name\":\"Xunta de Galicia. Convocatoria proceso selectivo.\",\"isPartOf\":{\"@id\":\"https:\\\/\\\/www.emplea-te.com\\\/noticias-oposiciones\\\/#website\"},\"datePublished\":\"2024-12-27T08:39:40+00:00\",\"description\":\"Xunta de Galicia. Cuerpo Superior de la Administraci\u00f3n A1. Estabilizaci\u00f3n 9 plazas convocadas. Relaci\u00f3n de aspirantes que han superado el proceso selectivo.\",\"breadcrumb\":{\"@id\":\"https:\\\/\\\/www.emplea-te.com\\\/noticias-oposiciones\\\/xunta-de-galicia-cuerpo-superior-de-la-administracion-a1-estabilizacion-9-plazas-convocadas-relacion-de-aspirantes-que-han-superado-el-proceso-selectivo\\\/#breadcrumb\"},\"inLanguage\":\"es\",\"potentialAction\":[{\"@type\":\"ReadAction\",\"target\":[\"https:\\\/\\\/www.emplea-te.com\\\/noticias-oposiciones\\\/xunta-de-galicia-cuerpo-superior-de-la-administracion-a1-estabilizacion-9-plazas-convocadas-relacion-de-aspirantes-que-han-superado-el-proceso-selectivo\\\/\"]}]},{\"@type\":\"BreadcrumbList\",\"@id\":\"https:\\\/\\\/www.emplea-te.com\\\/noticias-oposiciones\\\/xunta-de-galicia-cuerpo-superior-de-la-administracion-a1-estabilizacion-9-plazas-convocadas-relacion-de-aspirantes-que-han-superado-el-proceso-selectivo\\\/#breadcrumb\",\"itemListElement\":[{\"@type\":\"ListItem\",\"position\":1,\"name\":\"Noticias Oposiciones\",\"item\":\"https:\\\/\\\/www.emplea-te.com\\\/noticias-oposiciones\\\/\"},{\"@type\":\"ListItem\",\"position\":2,\"name\":\"Oposiciones Xunta\",\"item\":\"https:\\\/\\\/www.emplea-te.com\\\/noticias-oposiciones\\\/categoria\\\/oposiciones-xunta\\\/\"},{\"@type\":\"ListItem\",\"position\":3,\"name\":\"Xunta de Galicia. Cuerpo Superior de la Administraci\u00f3n A1. Estabilizaci\u00f3n 9 plazas convocadas. Relaci\u00f3n de aspirantes que han superado el proceso selectivo.\"}]},{\"@type\":\"WebSite\",\"@id\":\"https:\\\/\\\/www.emplea-te.com\\\/noticias-oposiciones\\\/#website\",\"url\":\"https:\\\/\\\/www.emplea-te.com\\\/noticias-oposiciones\\\/\",\"name\":\"Noticas de oposiciones por Academia Emplea-te\",\"description\":\"Toda la actualidad de las ofertas y convocatorias.\",\"publisher\":{\"@id\":\"https:\\\/\\\/www.emplea-te.com\\\/noticias-oposiciones\\\/#organization\"},\"potentialAction\":[{\"@type\":\"SearchAction\",\"target\":{\"@type\":\"EntryPoint\",\"urlTemplate\":\"https:\\\/\\\/www.emplea-te.com\\\/noticias-oposiciones\\\/?s={search_term_string}\"},\"query-input\":{\"@type\":\"PropertyValueSpecification\",\"valueRequired\":true,\"valueName\":\"search_term_string\"}}],\"inLanguage\":\"es\"},{\"@type\":\"Organization\",\"@id\":\"https:\\\/\\\/www.emplea-te.com\\\/noticias-oposiciones\\\/#organization\",\"name\":\"Academia de oposiciones Empl\u00e9ate\",\"url\":\"https:\\\/\\\/www.emplea-te.com\\\/noticias-oposiciones\\\/\",\"logo\":{\"@type\":\"ImageObject\",\"inLanguage\":\"es\",\"@id\":\"https:\\\/\\\/www.emplea-te.com\\\/noticias-oposiciones\\\/#\\\/schema\\\/logo\\\/image\\\/\",\"url\":\"https:\\\/\\\/www.emplea-te.com\\\/noticias-oposiciones\\\/wp-content\\\/uploads\\\/2019\\\/04\\\/empleate.jpg\",\"contentUrl\":\"https:\\\/\\\/www.emplea-te.com\\\/noticias-oposiciones\\\/wp-content\\\/uploads\\\/2019\\\/04\\\/empleate.jpg\",\"width\":250,\"height\":150,\"caption\":\"Academia de oposiciones Empl\u00e9ate\"},\"image\":{\"@id\":\"https:\\\/\\\/www.emplea-te.com\\\/noticias-oposiciones\\\/#\\\/schema\\\/logo\\\/image\\\/\"},\"sameAs\":[\"https:\\\/\\\/www.facebook.com\\\/AcademiaEmpleate\\\/\",\"https:\\\/\\\/x.com\\\/Emplea_Te\",\"https:\\\/\\\/www.instagram.com\\\/academia_empleate\\\/\"]},{\"@type\":\"Person\",\"@id\":\"https:\\\/\\\/www.emplea-te.com\\\/noticias-oposiciones\\\/#\\\/schema\\\/person\\\/d1bc587e1af2b95e9c32aba1795509a6\",\"name\":\"Empleate\"}]}<\/script>\n<!-- \/ Yoast SEO plugin. -->","yoast_head_json":{"title":"Xunta de Galicia. Convocatoria proceso selectivo.","description":"Xunta de Galicia. Cuerpo Superior de la Administraci\u00f3n A1. Estabilizaci\u00f3n 9 plazas convocadas. Relaci\u00f3n de aspirantes que han superado el proceso selectivo.","robots":{"index":"index","follow":"follow","max-snippet":"max-snippet:-1","max-image-preview":"max-image-preview:large","max-video-preview":"max-video-preview:-1"},"canonical":"https:\/\/www.emplea-te.com\/noticias-oposiciones\/xunta-de-galicia-cuerpo-superior-de-la-administracion-a1-estabilizacion-9-plazas-convocadas-relacion-de-aspirantes-que-han-superado-el-proceso-selectivo\/","og_locale":"es_ES","og_type":"article","og_title":"Xunta de Galicia. Convocatoria proceso selectivo.","og_description":"Xunta de Galicia. Cuerpo Superior de la Administraci\u00f3n A1. Estabilizaci\u00f3n 9 plazas convocadas. Relaci\u00f3n de aspirantes que han superado el proceso selectivo.","og_url":"https:\/\/www.emplea-te.com\/noticias-oposiciones\/xunta-de-galicia-cuerpo-superior-de-la-administracion-a1-estabilizacion-9-plazas-convocadas-relacion-de-aspirantes-que-han-superado-el-proceso-selectivo\/","og_site_name":"Noticas de oposiciones por Academia Emplea-te","article_publisher":"https:\/\/www.facebook.com\/AcademiaEmpleate\/","article_published_time":"2024-12-27T08:39:40+00:00","author":"Empleate","twitter_card":"summary_large_image","twitter_creator":"@Emplea_Te","twitter_site":"@Emplea_Te","twitter_misc":{"Escrito por":"Empleate","Tiempo de lectura":"2 minutos"},"schema":{"@context":"https:\/\/schema.org","@graph":[{"@type":"Article","@id":"https:\/\/www.emplea-te.com\/noticias-oposiciones\/xunta-de-galicia-cuerpo-superior-de-la-administracion-a1-estabilizacion-9-plazas-convocadas-relacion-de-aspirantes-que-han-superado-el-proceso-selectivo\/#article","isPartOf":{"@id":"https:\/\/www.emplea-te.com\/noticias-oposiciones\/xunta-de-galicia-cuerpo-superior-de-la-administracion-a1-estabilizacion-9-plazas-convocadas-relacion-de-aspirantes-que-han-superado-el-proceso-selectivo\/"},"author":{"name":"Empleate","@id":"https:\/\/www.emplea-te.com\/noticias-oposiciones\/#\/schema\/person\/d1bc587e1af2b95e9c32aba1795509a6"},"headline":"Xunta de Galicia. Cuerpo Superior de la Administraci\u00f3n A1. Estabilizaci\u00f3n 9 plazas convocadas. Relaci\u00f3n de aspirantes que han superado el proceso selectivo.","datePublished":"2024-12-27T08:39:40+00:00","mainEntityOfPage":{"@id":"https:\/\/www.emplea-te.com\/noticias-oposiciones\/xunta-de-galicia-cuerpo-superior-de-la-administracion-a1-estabilizacion-9-plazas-convocadas-relacion-de-aspirantes-que-han-superado-el-proceso-selectivo\/"},"wordCount":315,"publisher":{"@id":"https:\/\/www.emplea-te.com\/noticias-oposiciones\/#organization"},"keywords":["Informaci\u00f3n procesos selectivos"],"articleSection":["Oposiciones Auton\u00f3micas Galicia","Oposiciones Xunta"],"inLanguage":"es"},{"@type":"WebPage","@id":"https:\/\/www.emplea-te.com\/noticias-oposiciones\/xunta-de-galicia-cuerpo-superior-de-la-administracion-a1-estabilizacion-9-plazas-convocadas-relacion-de-aspirantes-que-han-superado-el-proceso-selectivo\/","url":"https:\/\/www.emplea-te.com\/noticias-oposiciones\/xunta-de-galicia-cuerpo-superior-de-la-administracion-a1-estabilizacion-9-plazas-convocadas-relacion-de-aspirantes-que-han-superado-el-proceso-selectivo\/","name":"Xunta de Galicia. Convocatoria proceso selectivo.","isPartOf":{"@id":"https:\/\/www.emplea-te.com\/noticias-oposiciones\/#website"},"datePublished":"2024-12-27T08:39:40+00:00","description":"Xunta de Galicia. Cuerpo Superior de la Administraci\u00f3n A1. Estabilizaci\u00f3n 9 plazas convocadas. Relaci\u00f3n de aspirantes que han superado el proceso selectivo.","breadcrumb":{"@id":"https:\/\/www.emplea-te.com\/noticias-oposiciones\/xunta-de-galicia-cuerpo-superior-de-la-administracion-a1-estabilizacion-9-plazas-convocadas-relacion-de-aspirantes-que-han-superado-el-proceso-selectivo\/#breadcrumb"},"inLanguage":"es","potentialAction":[{"@type":"ReadAction","target":["https:\/\/www.emplea-te.com\/noticias-oposiciones\/xunta-de-galicia-cuerpo-superior-de-la-administracion-a1-estabilizacion-9-plazas-convocadas-relacion-de-aspirantes-que-han-superado-el-proceso-selectivo\/"]}]},{"@type":"BreadcrumbList","@id":"https:\/\/www.emplea-te.com\/noticias-oposiciones\/xunta-de-galicia-cuerpo-superior-de-la-administracion-a1-estabilizacion-9-plazas-convocadas-relacion-de-aspirantes-que-han-superado-el-proceso-selectivo\/#breadcrumb","itemListElement":[{"@type":"ListItem","position":1,"name":"Noticias Oposiciones","item":"https:\/\/www.emplea-te.com\/noticias-oposiciones\/"},{"@type":"ListItem","position":2,"name":"Oposiciones Xunta","item":"https:\/\/www.emplea-te.com\/noticias-oposiciones\/categoria\/oposiciones-xunta\/"},{"@type":"ListItem","position":3,"name":"Xunta de Galicia. Cuerpo Superior de la Administraci\u00f3n A1. Estabilizaci\u00f3n 9 plazas convocadas. Relaci\u00f3n de aspirantes que han superado el proceso selectivo."}]},{"@type":"WebSite","@id":"https:\/\/www.emplea-te.com\/noticias-oposiciones\/#website","url":"https:\/\/www.emplea-te.com\/noticias-oposiciones\/","name":"Noticas de oposiciones por Academia Emplea-te","description":"Toda la actualidad de las ofertas y convocatorias.","publisher":{"@id":"https:\/\/www.emplea-te.com\/noticias-oposiciones\/#organization"},"potentialAction":[{"@type":"SearchAction","target":{"@type":"EntryPoint","urlTemplate":"https:\/\/www.emplea-te.com\/noticias-oposiciones\/?s={search_term_string}"},"query-input":{"@type":"PropertyValueSpecification","valueRequired":true,"valueName":"search_term_string"}}],"inLanguage":"es"},{"@type":"Organization","@id":"https:\/\/www.emplea-te.com\/noticias-oposiciones\/#organization","name":"Academia de oposiciones Empl\u00e9ate","url":"https:\/\/www.emplea-te.com\/noticias-oposiciones\/","logo":{"@type":"ImageObject","inLanguage":"es","@id":"https:\/\/www.emplea-te.com\/noticias-oposiciones\/#\/schema\/logo\/image\/","url":"https:\/\/www.emplea-te.com\/noticias-oposiciones\/wp-content\/uploads\/2019\/04\/empleate.jpg","contentUrl":"https:\/\/www.emplea-te.com\/noticias-oposiciones\/wp-content\/uploads\/2019\/04\/empleate.jpg","width":250,"height":150,"caption":"Academia de oposiciones Empl\u00e9ate"},"image":{"@id":"https:\/\/www.emplea-te.com\/noticias-oposiciones\/#\/schema\/logo\/image\/"},"sameAs":["https:\/\/www.facebook.com\/AcademiaEmpleate\/","https:\/\/x.com\/Emplea_Te","https:\/\/www.instagram.com\/academia_empleate\/"]},{"@type":"Person","@id":"https:\/\/www.emplea-te.com\/noticias-oposiciones\/#\/schema\/person\/d1bc587e1af2b95e9c32aba1795509a6","name":"Empleate"}]}},"_links":{"self":[{"href":"https:\/\/www.emplea-te.com\/noticias-oposiciones\/wp-json\/wp\/v2\/posts\/13934","targetHints":{"allow":["GET"]}}],"collection":[{"href":"https:\/\/www.emplea-te.com\/noticias-oposiciones\/wp-json\/wp\/v2\/posts"}],"about":[{"href":"https:\/\/www.emplea-te.com\/noticias-oposiciones\/wp-json\/wp\/v2\/types\/post"}],"author":[{"embeddable":true,"href":"https:\/\/www.emplea-te.com\/noticias-oposiciones\/wp-json\/wp\/v2\/users\/1"}],"replies":[{"embeddable":true,"href":"https:\/\/www.emplea-te.com\/noticias-oposiciones\/wp-json\/wp\/v2\/comments?post=13934"}],"version-history":[{"count":1,"href":"https:\/\/www.emplea-te.com\/noticias-oposiciones\/wp-json\/wp\/v2\/posts\/13934\/revisions"}],"predecessor-version":[{"id":13935,"href":"https:\/\/www.emplea-te.com\/noticias-oposiciones\/wp-json\/wp\/v2\/posts\/13934\/revisions\/13935"}],"wp:attachment":[{"href":"https:\/\/www.emplea-te.com\/noticias-oposiciones\/wp-json\/wp\/v2\/media?parent=13934"}],"wp:term":[{"taxonomy":"category","embeddable":true,"href":"https:\/\/www.emplea-te.com\/noticias-oposiciones\/wp-json\/wp\/v2\/categories?post=13934"},{"taxonomy":"post_tag","embeddable":true,"href":"https:\/\/www.emplea-te.com\/noticias-oposiciones\/wp-json\/wp\/v2\/tags?post=13934"}],"curies":[{"name":"wp","href":"https:\/\/api.w.org\/{rel}","templated":true}]}}