{"id":14121,"date":"2025-01-24T10:30:16","date_gmt":"2025-01-24T09:30:16","guid":{"rendered":"https:\/\/www.emplea-te.com\/noticias-oposiciones\/?p=14121"},"modified":"2025-01-24T10:30:16","modified_gmt":"2025-01-24T09:30:16","slug":"udc-modificacion-del-tribunal-calificador-de-proceso-selectivo-convocado-para-cubrir-20-plazas-de-escala-administrativa-y-3-plazas-de-escala-administrativa-con-requisito-de-idioma","status":"publish","type":"post","link":"https:\/\/www.emplea-te.com\/noticias-oposiciones\/udc-modificacion-del-tribunal-calificador-de-proceso-selectivo-convocado-para-cubrir-20-plazas-de-escala-administrativa-y-3-plazas-de-escala-administrativa-con-requisito-de-idioma\/","title":{"rendered":"UDC. Modificaci\u00f3n del Tribunal Calificador de proceso selectivo convocado para cubrir 20 plazas de Escala Administrativa y 3 plazas de Escala Administrativa con requisito de idioma."},"content":{"rendered":"<p>Se publican en la Web de la UDC las Resoluciones por las que se modifica la composici\u00f3n de los Tribunales encargados de juzgar estos dos procesos selectivos:<\/p>\n<p>Resoluci\u00f3n por la que se modifica la composici\u00f3n del tribunal que juzgar\u00e1 las pruebas selectivas para la provisi\u00f3n de 20 plazas vacantes en la relaci\u00f3n de puestos de trabajo de personal t\u00e9cnico de gesti\u00f3n y de administraci\u00f3n y servicios, funcionario\/a de la escala general administrativa, subgrupo C1.<\/p>\n<p><a href=\"https:\/\/sede.udc.gal\/services\/electronic_board\/EXP2025\/000689\" target=\"_blank\" rel=\"noopener\"><strong>Enlace a Resoluci\u00f3n.<\/strong><\/a><\/p>\n<p>Resoluci\u00f3n , por la que se modifica la composici\u00f3n del tribunal que juzgar\u00e1 las pruebas selectivas para la provisi\u00f3n de tres plazas vacantes en la relaci\u00f3n de puestos de trabajo de personal t\u00e9cnico de gesti\u00f3n y de administraci\u00f3n y servicios, funcionario\/a de la escala general administrativa, con requisito de idioma, subgrupo C1.<\/p>\n<p><a href=\"https:\/\/sede.udc.gal\/services\/electronic_board\/EXP2025\/000655\" target=\"_blank\" rel=\"noopener\"><strong>Enlace a Resoluci\u00f3n.<\/strong><\/a><\/p>\n<p>Prepara para pr\u00f3ximas ofertas y convocatorias\u00a0 tu plaza para trabajar en las Universidades de Galicia en nuestros <a href=\"https:\/\/www.emplea-te.com\/71\/oposiciones-de-Universidades-de-Galicia\" target=\"_blank\" rel=\"noopener\"><strong>cursos de oposiciones de personal de administraci\u00f3n y servicios de universidades de Galicia.\u00a0<\/strong><\/a><\/p>\n","protected":false},"excerpt":{"rendered":"<p>Se publican en la Web de la UDC las Resoluciones por las que se modifica la composici\u00f3n de los Tribunales encargados de juzgar estos dos procesos selectivos: Resoluci\u00f3n por la que se modifica la composici\u00f3n del tribunal que juzgar\u00e1 las pruebas selectivas para la provisi\u00f3n de 20 plazas vacantes en la relaci\u00f3n de puestos de &hellip; <a href=\"https:\/\/www.emplea-te.com\/noticias-oposiciones\/udc-modificacion-del-tribunal-calificador-de-proceso-selectivo-convocado-para-cubrir-20-plazas-de-escala-administrativa-y-3-plazas-de-escala-administrativa-con-requisito-de-idioma\/\" class=\"more-link\">Continuar leyendo<span class=\"screen-reader-text\"> \u00abUDC. Modificaci\u00f3n del Tribunal Calificador de proceso selectivo convocado para cubrir 20 plazas de Escala Administrativa y 3 plazas de Escala Administrativa con requisito de idioma.\u00bb<\/span><\/a><\/p>\n","protected":false},"author":1,"featured_media":0,"comment_status":"closed","ping_status":"closed","sticky":false,"template":"","format":"standard","meta":{"footnotes":""},"categories":[56,26],"tags":[49,103],"class_list":["post-14121","post","type-post","status-publish","format-standard","hentry","category-oposiciones-autonomicas-galicia","category-universidad-de-a-coruna","tag-convocatorias-de-oposiciones","tag-informacion-procesos-selectivos"],"yoast_head":"<!-- This site is optimized with the Yoast SEO plugin v27.5 - https:\/\/yoast.com\/product\/yoast-seo-wordpress\/ -->\n<title>UDC. Convocatorias proceso selectivo.<\/title>\n<meta name=\"description\" content=\"UDC. Modificaci\u00f3n del Tribunal Calificador de proceso selectivo convocado para cubrir 20 plazas de Escala Administrativa y 3 plazas de Escala Administrativa con requisito de idioma.\" \/>\n<meta name=\"robots\" content=\"index, follow, max-snippet:-1, max-image-preview:large, max-video-preview:-1\" \/>\n<link rel=\"canonical\" href=\"https:\/\/www.emplea-te.com\/noticias-oposiciones\/udc-modificacion-del-tribunal-calificador-de-proceso-selectivo-convocado-para-cubrir-20-plazas-de-escala-administrativa-y-3-plazas-de-escala-administrativa-con-requisito-de-idioma\/\" \/>\n<meta property=\"og:locale\" content=\"es_ES\" \/>\n<meta property=\"og:type\" content=\"article\" \/>\n<meta property=\"og:title\" content=\"UDC. Convocatorias proceso selectivo.\" \/>\n<meta property=\"og:description\" content=\"UDC. Modificaci\u00f3n del Tribunal Calificador de proceso selectivo convocado para cubrir 20 plazas de Escala Administrativa y 3 plazas de Escala Administrativa con requisito de idioma.\" \/>\n<meta property=\"og:url\" content=\"https:\/\/www.emplea-te.com\/noticias-oposiciones\/udc-modificacion-del-tribunal-calificador-de-proceso-selectivo-convocado-para-cubrir-20-plazas-de-escala-administrativa-y-3-plazas-de-escala-administrativa-con-requisito-de-idioma\/\" \/>\n<meta property=\"og:site_name\" content=\"Noticas de oposiciones por Academia Emplea-te\" \/>\n<meta property=\"article:publisher\" content=\"https:\/\/www.facebook.com\/AcademiaEmpleate\/\" \/>\n<meta property=\"article:published_time\" content=\"2025-01-24T09:30:16+00:00\" \/>\n<meta name=\"author\" content=\"Empleate\" \/>\n<meta name=\"twitter:card\" content=\"summary_large_image\" \/>\n<meta name=\"twitter:creator\" content=\"@Emplea_Te\" \/>\n<meta name=\"twitter:site\" content=\"@Emplea_Te\" \/>\n<meta name=\"twitter:label1\" content=\"Escrito por\" \/>\n\t<meta name=\"twitter:data1\" content=\"Empleate\" \/>\n\t<meta name=\"twitter:label2\" content=\"Tiempo de lectura\" \/>\n\t<meta name=\"twitter:data2\" content=\"1 minuto\" \/>\n<script type=\"application\/ld+json\" class=\"yoast-schema-graph\">{\"@context\":\"https:\\\/\\\/schema.org\",\"@graph\":[{\"@type\":\"Article\",\"@id\":\"https:\\\/\\\/www.emplea-te.com\\\/noticias-oposiciones\\\/udc-modificacion-del-tribunal-calificador-de-proceso-selectivo-convocado-para-cubrir-20-plazas-de-escala-administrativa-y-3-plazas-de-escala-administrativa-con-requisito-de-idioma\\\/#article\",\"isPartOf\":{\"@id\":\"https:\\\/\\\/www.emplea-te.com\\\/noticias-oposiciones\\\/udc-modificacion-del-tribunal-calificador-de-proceso-selectivo-convocado-para-cubrir-20-plazas-de-escala-administrativa-y-3-plazas-de-escala-administrativa-con-requisito-de-idioma\\\/\"},\"author\":{\"name\":\"Empleate\",\"@id\":\"https:\\\/\\\/www.emplea-te.com\\\/noticias-oposiciones\\\/#\\\/schema\\\/person\\\/d1bc587e1af2b95e9c32aba1795509a6\"},\"headline\":\"UDC. Modificaci\u00f3n del Tribunal Calificador de proceso selectivo convocado para cubrir 20 plazas de Escala Administrativa y 3 plazas de Escala Administrativa con requisito de idioma.\",\"datePublished\":\"2025-01-24T09:30:16+00:00\",\"mainEntityOfPage\":{\"@id\":\"https:\\\/\\\/www.emplea-te.com\\\/noticias-oposiciones\\\/udc-modificacion-del-tribunal-calificador-de-proceso-selectivo-convocado-para-cubrir-20-plazas-de-escala-administrativa-y-3-plazas-de-escala-administrativa-con-requisito-de-idioma\\\/\"},\"wordCount\":206,\"publisher\":{\"@id\":\"https:\\\/\\\/www.emplea-te.com\\\/noticias-oposiciones\\\/#organization\"},\"keywords\":[\"Convocatoria\",\"Informaci\u00f3n procesos selectivos\"],\"articleSection\":[\"Oposiciones Auton\u00f3micas Galicia\",\"Universidad de A Coru\u00f1a\"],\"inLanguage\":\"es\"},{\"@type\":\"WebPage\",\"@id\":\"https:\\\/\\\/www.emplea-te.com\\\/noticias-oposiciones\\\/udc-modificacion-del-tribunal-calificador-de-proceso-selectivo-convocado-para-cubrir-20-plazas-de-escala-administrativa-y-3-plazas-de-escala-administrativa-con-requisito-de-idioma\\\/\",\"url\":\"https:\\\/\\\/www.emplea-te.com\\\/noticias-oposiciones\\\/udc-modificacion-del-tribunal-calificador-de-proceso-selectivo-convocado-para-cubrir-20-plazas-de-escala-administrativa-y-3-plazas-de-escala-administrativa-con-requisito-de-idioma\\\/\",\"name\":\"UDC. Convocatorias proceso selectivo.\",\"isPartOf\":{\"@id\":\"https:\\\/\\\/www.emplea-te.com\\\/noticias-oposiciones\\\/#website\"},\"datePublished\":\"2025-01-24T09:30:16+00:00\",\"description\":\"UDC. Modificaci\u00f3n del Tribunal Calificador de proceso selectivo convocado para cubrir 20 plazas de Escala Administrativa y 3 plazas de Escala Administrativa con requisito de idioma.\",\"breadcrumb\":{\"@id\":\"https:\\\/\\\/www.emplea-te.com\\\/noticias-oposiciones\\\/udc-modificacion-del-tribunal-calificador-de-proceso-selectivo-convocado-para-cubrir-20-plazas-de-escala-administrativa-y-3-plazas-de-escala-administrativa-con-requisito-de-idioma\\\/#breadcrumb\"},\"inLanguage\":\"es\",\"potentialAction\":[{\"@type\":\"ReadAction\",\"target\":[\"https:\\\/\\\/www.emplea-te.com\\\/noticias-oposiciones\\\/udc-modificacion-del-tribunal-calificador-de-proceso-selectivo-convocado-para-cubrir-20-plazas-de-escala-administrativa-y-3-plazas-de-escala-administrativa-con-requisito-de-idioma\\\/\"]}]},{\"@type\":\"BreadcrumbList\",\"@id\":\"https:\\\/\\\/www.emplea-te.com\\\/noticias-oposiciones\\\/udc-modificacion-del-tribunal-calificador-de-proceso-selectivo-convocado-para-cubrir-20-plazas-de-escala-administrativa-y-3-plazas-de-escala-administrativa-con-requisito-de-idioma\\\/#breadcrumb\",\"itemListElement\":[{\"@type\":\"ListItem\",\"position\":1,\"name\":\"Noticias Oposiciones\",\"item\":\"https:\\\/\\\/www.emplea-te.com\\\/noticias-oposiciones\\\/\"},{\"@type\":\"ListItem\",\"position\":2,\"name\":\"Oposiciones Auton\u00f3micas Galicia\",\"item\":\"https:\\\/\\\/www.emplea-te.com\\\/noticias-oposiciones\\\/categoria\\\/oposiciones-autonomicas-galicia\\\/\"},{\"@type\":\"ListItem\",\"position\":3,\"name\":\"Universidad de A Coru\u00f1a\",\"item\":\"https:\\\/\\\/www.emplea-te.com\\\/noticias-oposiciones\\\/categoria\\\/oposiciones-autonomicas-galicia\\\/universidad-de-a-coruna\\\/\"},{\"@type\":\"ListItem\",\"position\":4,\"name\":\"UDC. Modificaci\u00f3n del Tribunal Calificador de proceso selectivo convocado para cubrir 20 plazas de Escala Administrativa y 3 plazas de Escala Administrativa con requisito de idioma.\"}]},{\"@type\":\"WebSite\",\"@id\":\"https:\\\/\\\/www.emplea-te.com\\\/noticias-oposiciones\\\/#website\",\"url\":\"https:\\\/\\\/www.emplea-te.com\\\/noticias-oposiciones\\\/\",\"name\":\"Noticas de oposiciones por Academia Emplea-te\",\"description\":\"Toda la actualidad de las ofertas y convocatorias.\",\"publisher\":{\"@id\":\"https:\\\/\\\/www.emplea-te.com\\\/noticias-oposiciones\\\/#organization\"},\"potentialAction\":[{\"@type\":\"SearchAction\",\"target\":{\"@type\":\"EntryPoint\",\"urlTemplate\":\"https:\\\/\\\/www.emplea-te.com\\\/noticias-oposiciones\\\/?s={search_term_string}\"},\"query-input\":{\"@type\":\"PropertyValueSpecification\",\"valueRequired\":true,\"valueName\":\"search_term_string\"}}],\"inLanguage\":\"es\"},{\"@type\":\"Organization\",\"@id\":\"https:\\\/\\\/www.emplea-te.com\\\/noticias-oposiciones\\\/#organization\",\"name\":\"Academia de oposiciones Empl\u00e9ate\",\"url\":\"https:\\\/\\\/www.emplea-te.com\\\/noticias-oposiciones\\\/\",\"logo\":{\"@type\":\"ImageObject\",\"inLanguage\":\"es\",\"@id\":\"https:\\\/\\\/www.emplea-te.com\\\/noticias-oposiciones\\\/#\\\/schema\\\/logo\\\/image\\\/\",\"url\":\"https:\\\/\\\/www.emplea-te.com\\\/noticias-oposiciones\\\/wp-content\\\/uploads\\\/2019\\\/04\\\/empleate.jpg\",\"contentUrl\":\"https:\\\/\\\/www.emplea-te.com\\\/noticias-oposiciones\\\/wp-content\\\/uploads\\\/2019\\\/04\\\/empleate.jpg\",\"width\":250,\"height\":150,\"caption\":\"Academia de oposiciones Empl\u00e9ate\"},\"image\":{\"@id\":\"https:\\\/\\\/www.emplea-te.com\\\/noticias-oposiciones\\\/#\\\/schema\\\/logo\\\/image\\\/\"},\"sameAs\":[\"https:\\\/\\\/www.facebook.com\\\/AcademiaEmpleate\\\/\",\"https:\\\/\\\/x.com\\\/Emplea_Te\",\"https:\\\/\\\/www.instagram.com\\\/academia_empleate\\\/\"]},{\"@type\":\"Person\",\"@id\":\"https:\\\/\\\/www.emplea-te.com\\\/noticias-oposiciones\\\/#\\\/schema\\\/person\\\/d1bc587e1af2b95e9c32aba1795509a6\",\"name\":\"Empleate\"}]}<\/script>\n<!-- \/ Yoast SEO plugin. -->","yoast_head_json":{"title":"UDC. Convocatorias proceso selectivo.","description":"UDC. Modificaci\u00f3n del Tribunal Calificador de proceso selectivo convocado para cubrir 20 plazas de Escala Administrativa y 3 plazas de Escala Administrativa con requisito de idioma.","robots":{"index":"index","follow":"follow","max-snippet":"max-snippet:-1","max-image-preview":"max-image-preview:large","max-video-preview":"max-video-preview:-1"},"canonical":"https:\/\/www.emplea-te.com\/noticias-oposiciones\/udc-modificacion-del-tribunal-calificador-de-proceso-selectivo-convocado-para-cubrir-20-plazas-de-escala-administrativa-y-3-plazas-de-escala-administrativa-con-requisito-de-idioma\/","og_locale":"es_ES","og_type":"article","og_title":"UDC. Convocatorias proceso selectivo.","og_description":"UDC. Modificaci\u00f3n del Tribunal Calificador de proceso selectivo convocado para cubrir 20 plazas de Escala Administrativa y 3 plazas de Escala Administrativa con requisito de idioma.","og_url":"https:\/\/www.emplea-te.com\/noticias-oposiciones\/udc-modificacion-del-tribunal-calificador-de-proceso-selectivo-convocado-para-cubrir-20-plazas-de-escala-administrativa-y-3-plazas-de-escala-administrativa-con-requisito-de-idioma\/","og_site_name":"Noticas de oposiciones por Academia Emplea-te","article_publisher":"https:\/\/www.facebook.com\/AcademiaEmpleate\/","article_published_time":"2025-01-24T09:30:16+00:00","author":"Empleate","twitter_card":"summary_large_image","twitter_creator":"@Emplea_Te","twitter_site":"@Emplea_Te","twitter_misc":{"Escrito por":"Empleate","Tiempo de lectura":"1 minuto"},"schema":{"@context":"https:\/\/schema.org","@graph":[{"@type":"Article","@id":"https:\/\/www.emplea-te.com\/noticias-oposiciones\/udc-modificacion-del-tribunal-calificador-de-proceso-selectivo-convocado-para-cubrir-20-plazas-de-escala-administrativa-y-3-plazas-de-escala-administrativa-con-requisito-de-idioma\/#article","isPartOf":{"@id":"https:\/\/www.emplea-te.com\/noticias-oposiciones\/udc-modificacion-del-tribunal-calificador-de-proceso-selectivo-convocado-para-cubrir-20-plazas-de-escala-administrativa-y-3-plazas-de-escala-administrativa-con-requisito-de-idioma\/"},"author":{"name":"Empleate","@id":"https:\/\/www.emplea-te.com\/noticias-oposiciones\/#\/schema\/person\/d1bc587e1af2b95e9c32aba1795509a6"},"headline":"UDC. Modificaci\u00f3n del Tribunal Calificador de proceso selectivo convocado para cubrir 20 plazas de Escala Administrativa y 3 plazas de Escala Administrativa con requisito de idioma.","datePublished":"2025-01-24T09:30:16+00:00","mainEntityOfPage":{"@id":"https:\/\/www.emplea-te.com\/noticias-oposiciones\/udc-modificacion-del-tribunal-calificador-de-proceso-selectivo-convocado-para-cubrir-20-plazas-de-escala-administrativa-y-3-plazas-de-escala-administrativa-con-requisito-de-idioma\/"},"wordCount":206,"publisher":{"@id":"https:\/\/www.emplea-te.com\/noticias-oposiciones\/#organization"},"keywords":["Convocatoria","Informaci\u00f3n procesos selectivos"],"articleSection":["Oposiciones Auton\u00f3micas Galicia","Universidad de A Coru\u00f1a"],"inLanguage":"es"},{"@type":"WebPage","@id":"https:\/\/www.emplea-te.com\/noticias-oposiciones\/udc-modificacion-del-tribunal-calificador-de-proceso-selectivo-convocado-para-cubrir-20-plazas-de-escala-administrativa-y-3-plazas-de-escala-administrativa-con-requisito-de-idioma\/","url":"https:\/\/www.emplea-te.com\/noticias-oposiciones\/udc-modificacion-del-tribunal-calificador-de-proceso-selectivo-convocado-para-cubrir-20-plazas-de-escala-administrativa-y-3-plazas-de-escala-administrativa-con-requisito-de-idioma\/","name":"UDC. Convocatorias proceso selectivo.","isPartOf":{"@id":"https:\/\/www.emplea-te.com\/noticias-oposiciones\/#website"},"datePublished":"2025-01-24T09:30:16+00:00","description":"UDC. Modificaci\u00f3n del Tribunal Calificador de proceso selectivo convocado para cubrir 20 plazas de Escala Administrativa y 3 plazas de Escala Administrativa con requisito de idioma.","breadcrumb":{"@id":"https:\/\/www.emplea-te.com\/noticias-oposiciones\/udc-modificacion-del-tribunal-calificador-de-proceso-selectivo-convocado-para-cubrir-20-plazas-de-escala-administrativa-y-3-plazas-de-escala-administrativa-con-requisito-de-idioma\/#breadcrumb"},"inLanguage":"es","potentialAction":[{"@type":"ReadAction","target":["https:\/\/www.emplea-te.com\/noticias-oposiciones\/udc-modificacion-del-tribunal-calificador-de-proceso-selectivo-convocado-para-cubrir-20-plazas-de-escala-administrativa-y-3-plazas-de-escala-administrativa-con-requisito-de-idioma\/"]}]},{"@type":"BreadcrumbList","@id":"https:\/\/www.emplea-te.com\/noticias-oposiciones\/udc-modificacion-del-tribunal-calificador-de-proceso-selectivo-convocado-para-cubrir-20-plazas-de-escala-administrativa-y-3-plazas-de-escala-administrativa-con-requisito-de-idioma\/#breadcrumb","itemListElement":[{"@type":"ListItem","position":1,"name":"Noticias Oposiciones","item":"https:\/\/www.emplea-te.com\/noticias-oposiciones\/"},{"@type":"ListItem","position":2,"name":"Oposiciones Auton\u00f3micas Galicia","item":"https:\/\/www.emplea-te.com\/noticias-oposiciones\/categoria\/oposiciones-autonomicas-galicia\/"},{"@type":"ListItem","position":3,"name":"Universidad de A Coru\u00f1a","item":"https:\/\/www.emplea-te.com\/noticias-oposiciones\/categoria\/oposiciones-autonomicas-galicia\/universidad-de-a-coruna\/"},{"@type":"ListItem","position":4,"name":"UDC. Modificaci\u00f3n del Tribunal Calificador de proceso selectivo convocado para cubrir 20 plazas de Escala Administrativa y 3 plazas de Escala Administrativa con requisito de idioma."}]},{"@type":"WebSite","@id":"https:\/\/www.emplea-te.com\/noticias-oposiciones\/#website","url":"https:\/\/www.emplea-te.com\/noticias-oposiciones\/","name":"Noticas de oposiciones por Academia Emplea-te","description":"Toda la actualidad de las ofertas y convocatorias.","publisher":{"@id":"https:\/\/www.emplea-te.com\/noticias-oposiciones\/#organization"},"potentialAction":[{"@type":"SearchAction","target":{"@type":"EntryPoint","urlTemplate":"https:\/\/www.emplea-te.com\/noticias-oposiciones\/?s={search_term_string}"},"query-input":{"@type":"PropertyValueSpecification","valueRequired":true,"valueName":"search_term_string"}}],"inLanguage":"es"},{"@type":"Organization","@id":"https:\/\/www.emplea-te.com\/noticias-oposiciones\/#organization","name":"Academia de oposiciones Empl\u00e9ate","url":"https:\/\/www.emplea-te.com\/noticias-oposiciones\/","logo":{"@type":"ImageObject","inLanguage":"es","@id":"https:\/\/www.emplea-te.com\/noticias-oposiciones\/#\/schema\/logo\/image\/","url":"https:\/\/www.emplea-te.com\/noticias-oposiciones\/wp-content\/uploads\/2019\/04\/empleate.jpg","contentUrl":"https:\/\/www.emplea-te.com\/noticias-oposiciones\/wp-content\/uploads\/2019\/04\/empleate.jpg","width":250,"height":150,"caption":"Academia de oposiciones Empl\u00e9ate"},"image":{"@id":"https:\/\/www.emplea-te.com\/noticias-oposiciones\/#\/schema\/logo\/image\/"},"sameAs":["https:\/\/www.facebook.com\/AcademiaEmpleate\/","https:\/\/x.com\/Emplea_Te","https:\/\/www.instagram.com\/academia_empleate\/"]},{"@type":"Person","@id":"https:\/\/www.emplea-te.com\/noticias-oposiciones\/#\/schema\/person\/d1bc587e1af2b95e9c32aba1795509a6","name":"Empleate"}]}},"_links":{"self":[{"href":"https:\/\/www.emplea-te.com\/noticias-oposiciones\/wp-json\/wp\/v2\/posts\/14121","targetHints":{"allow":["GET"]}}],"collection":[{"href":"https:\/\/www.emplea-te.com\/noticias-oposiciones\/wp-json\/wp\/v2\/posts"}],"about":[{"href":"https:\/\/www.emplea-te.com\/noticias-oposiciones\/wp-json\/wp\/v2\/types\/post"}],"author":[{"embeddable":true,"href":"https:\/\/www.emplea-te.com\/noticias-oposiciones\/wp-json\/wp\/v2\/users\/1"}],"replies":[{"embeddable":true,"href":"https:\/\/www.emplea-te.com\/noticias-oposiciones\/wp-json\/wp\/v2\/comments?post=14121"}],"version-history":[{"count":1,"href":"https:\/\/www.emplea-te.com\/noticias-oposiciones\/wp-json\/wp\/v2\/posts\/14121\/revisions"}],"predecessor-version":[{"id":14122,"href":"https:\/\/www.emplea-te.com\/noticias-oposiciones\/wp-json\/wp\/v2\/posts\/14121\/revisions\/14122"}],"wp:attachment":[{"href":"https:\/\/www.emplea-te.com\/noticias-oposiciones\/wp-json\/wp\/v2\/media?parent=14121"}],"wp:term":[{"taxonomy":"category","embeddable":true,"href":"https:\/\/www.emplea-te.com\/noticias-oposiciones\/wp-json\/wp\/v2\/categories?post=14121"},{"taxonomy":"post_tag","embeddable":true,"href":"https:\/\/www.emplea-te.com\/noticias-oposiciones\/wp-json\/wp\/v2\/tags?post=14121"}],"curies":[{"name":"wp","href":"https:\/\/api.w.org\/{rel}","templated":true}]}}