{"id":15169,"date":"2025-05-02T10:34:47","date_gmt":"2025-05-02T08:34:47","guid":{"rendered":"https:\/\/www.emplea-te.com\/noticias-oposiciones\/?p=15169"},"modified":"2025-05-02T10:34:47","modified_gmt":"2025-05-02T08:34:47","slug":"universidad-politecnica-de-madrid-105-plazas-convocadas-escala-auxiliar-administrativa-c2-se-publica-la-lista-de-espera-para-funcionarios-interinos","status":"publish","type":"post","link":"https:\/\/www.emplea-te.com\/noticias-oposiciones\/universidad-politecnica-de-madrid-105-plazas-convocadas-escala-auxiliar-administrativa-c2-se-publica-la-lista-de-espera-para-funcionarios-interinos\/","title":{"rendered":"Universidad Polit\u00e9cnica de Madrid. 105 plazas convocadas Escala Auxiliar Administrativa C2. Se publica la lista de espera para funcionarios interinos."},"content":{"rendered":"<p>Se publica en la Web de la Universidad Polit\u00e9cnica de Madrid, la Resoluci\u00f3n de 30 de abril de 2025, de la Universidad Polit\u00e9cnica de Madrid, por la que se publica la lista de espera de funcionarios interinos de la Escala Auxiliar Administrativa, Grupo C, Subgrupo C2, de la Universidad Polit\u00e9cnica de Madrid.<\/p>\n<p>Principales puntos de la Resoluci\u00f3n:<\/p>\n<p>Esta lista de espera:<\/p>\n<p class=\"\" data-start=\"444\" data-end=\"531\">Servir\u00e1 para <strong data-start=\"457\" data-end=\"484\">nombramientos interinos<\/strong> en plazas vacantes del mismo grupo y subgrupo.<\/p>\n<p class=\"\" data-start=\"534\" data-end=\"629\">Se regula por el reglamento interno de listas de espera del PAS funcionario interino de la UPM.<\/p>\n<p><strong data-start=\"632\" data-end=\"673\">Deja sin efecto las listas anteriores<\/strong> existentes para este cuerpo en la Universidad.<\/p>\n<p class=\"\" data-start=\"722\" data-end=\"788\"><strong data-start=\"725\" data-end=\"743\">Reclamaciones:<\/strong><br data-start=\"743\" data-end=\"746\" \/>Las personas interesadas pueden presentar:<\/p>\n<ul data-start=\"789\" data-end=\"883\">\n<li class=\"\" data-start=\"789\" data-end=\"829\">\n<p class=\"\" data-start=\"791\" data-end=\"829\">Recurso de reposici\u00f3n (plazo: 1 mes)<\/p>\n<\/li>\n<li class=\"\" data-start=\"830\" data-end=\"883\">\n<p class=\"\" data-start=\"832\" data-end=\"883\">Recurso contencioso-administrativo (plazo: 2 meses)<\/p>\n<p><a href=\"https:\/\/www.upm.es\/Personal\/PTGAS\/Funcionario\/ConcursosyOposiciones\/AccesoLibre\/SubgrupoC2?id=CON03231&amp;fmt=detail\" target=\"_blank\" rel=\"noopener\"><strong>Accede a la Resoluci\u00f3n con su contenido \u00edntegro y a la consulta de la lista de espera.\u00a0<\/strong><\/a><\/p>\n<\/li>\n<\/ul>\n","protected":false},"excerpt":{"rendered":"<p>Se publica en la Web de la Universidad Polit\u00e9cnica de Madrid, la Resoluci\u00f3n de 30 de abril de 2025, de la Universidad Polit\u00e9cnica de Madrid, por la que se publica la lista de espera de funcionarios interinos de la Escala Auxiliar Administrativa, Grupo C, Subgrupo C2, de la Universidad Polit\u00e9cnica de Madrid. Principales puntos de &hellip; <a href=\"https:\/\/www.emplea-te.com\/noticias-oposiciones\/universidad-politecnica-de-madrid-105-plazas-convocadas-escala-auxiliar-administrativa-c2-se-publica-la-lista-de-espera-para-funcionarios-interinos\/\" class=\"more-link\">Continuar leyendo<span class=\"screen-reader-text\"> \u00abUniversidad Polit\u00e9cnica de Madrid. 105 plazas convocadas Escala Auxiliar Administrativa C2. Se publica la lista de espera para funcionarios interinos.\u00bb<\/span><\/a><\/p>\n","protected":false},"author":1,"featured_media":0,"comment_status":"closed","ping_status":"closed","sticky":false,"template":"","format":"standard","meta":{"footnotes":""},"categories":[109,110],"tags":[49,103],"class_list":["post-15169","post","type-post","status-publish","format-standard","hentry","category-oposiciones-madrid","category-p-a-s-universidades-madrid","tag-convocatorias-de-oposiciones","tag-informacion-procesos-selectivos"],"yoast_head":"<!-- This site is optimized with the Yoast SEO plugin v27.3 - https:\/\/yoast.com\/product\/yoast-seo-wordpress\/ -->\n<title>Universidad Polit\u00e9cnica de Madrid. Convocatoria empleo p\u00fablico.<\/title>\n<meta name=\"description\" content=\"Universidad Polit\u00e9cnica de Madrid. 105 plazas convocadas Escala Auxiliar Administrativa C2. Se publica la lista de espera para funcionarios interinos.\" \/>\n<meta name=\"robots\" content=\"index, follow, max-snippet:-1, max-image-preview:large, max-video-preview:-1\" \/>\n<link rel=\"canonical\" href=\"https:\/\/www.emplea-te.com\/noticias-oposiciones\/universidad-politecnica-de-madrid-105-plazas-convocadas-escala-auxiliar-administrativa-c2-se-publica-la-lista-de-espera-para-funcionarios-interinos\/\" \/>\n<meta property=\"og:locale\" content=\"es_ES\" \/>\n<meta property=\"og:type\" content=\"article\" \/>\n<meta property=\"og:title\" content=\"Universidad Polit\u00e9cnica de Madrid. Convocatoria empleo p\u00fablico.\" \/>\n<meta property=\"og:description\" content=\"Universidad Polit\u00e9cnica de Madrid. 105 plazas convocadas Escala Auxiliar Administrativa C2. Se publica la lista de espera para funcionarios interinos.\" \/>\n<meta property=\"og:url\" content=\"https:\/\/www.emplea-te.com\/noticias-oposiciones\/universidad-politecnica-de-madrid-105-plazas-convocadas-escala-auxiliar-administrativa-c2-se-publica-la-lista-de-espera-para-funcionarios-interinos\/\" \/>\n<meta property=\"og:site_name\" content=\"Noticas de oposiciones por Academia Emplea-te\" \/>\n<meta property=\"article:publisher\" content=\"https:\/\/www.facebook.com\/AcademiaEmpleate\/\" \/>\n<meta property=\"article:published_time\" content=\"2025-05-02T08:34:47+00:00\" \/>\n<meta name=\"author\" content=\"Empleate\" \/>\n<meta name=\"twitter:card\" content=\"summary_large_image\" \/>\n<meta name=\"twitter:creator\" content=\"@Emplea_Te\" \/>\n<meta name=\"twitter:site\" content=\"@Emplea_Te\" \/>\n<meta name=\"twitter:label1\" content=\"Escrito por\" \/>\n\t<meta name=\"twitter:data1\" content=\"Empleate\" \/>\n\t<meta name=\"twitter:label2\" content=\"Tiempo de lectura\" \/>\n\t<meta name=\"twitter:data2\" content=\"1 minuto\" \/>\n<script type=\"application\/ld+json\" class=\"yoast-schema-graph\">{\"@context\":\"https:\\\/\\\/schema.org\",\"@graph\":[{\"@type\":\"Article\",\"@id\":\"https:\\\/\\\/www.emplea-te.com\\\/noticias-oposiciones\\\/universidad-politecnica-de-madrid-105-plazas-convocadas-escala-auxiliar-administrativa-c2-se-publica-la-lista-de-espera-para-funcionarios-interinos\\\/#article\",\"isPartOf\":{\"@id\":\"https:\\\/\\\/www.emplea-te.com\\\/noticias-oposiciones\\\/universidad-politecnica-de-madrid-105-plazas-convocadas-escala-auxiliar-administrativa-c2-se-publica-la-lista-de-espera-para-funcionarios-interinos\\\/\"},\"author\":{\"name\":\"Empleate\",\"@id\":\"https:\\\/\\\/www.emplea-te.com\\\/noticias-oposiciones\\\/#\\\/schema\\\/person\\\/d1bc587e1af2b95e9c32aba1795509a6\"},\"headline\":\"Universidad Polit\u00e9cnica de Madrid. 105 plazas convocadas Escala Auxiliar Administrativa C2. Se publica la lista de espera para funcionarios interinos.\",\"datePublished\":\"2025-05-02T08:34:47+00:00\",\"mainEntityOfPage\":{\"@id\":\"https:\\\/\\\/www.emplea-te.com\\\/noticias-oposiciones\\\/universidad-politecnica-de-madrid-105-plazas-convocadas-escala-auxiliar-administrativa-c2-se-publica-la-lista-de-espera-para-funcionarios-interinos\\\/\"},\"wordCount\":160,\"publisher\":{\"@id\":\"https:\\\/\\\/www.emplea-te.com\\\/noticias-oposiciones\\\/#organization\"},\"keywords\":[\"Convocatoria\",\"Informaci\u00f3n procesos selectivos\"],\"articleSection\":[\"Oposiciones Madrid.\",\"P.A.S Universidades Madrid\"],\"inLanguage\":\"es\"},{\"@type\":\"WebPage\",\"@id\":\"https:\\\/\\\/www.emplea-te.com\\\/noticias-oposiciones\\\/universidad-politecnica-de-madrid-105-plazas-convocadas-escala-auxiliar-administrativa-c2-se-publica-la-lista-de-espera-para-funcionarios-interinos\\\/\",\"url\":\"https:\\\/\\\/www.emplea-te.com\\\/noticias-oposiciones\\\/universidad-politecnica-de-madrid-105-plazas-convocadas-escala-auxiliar-administrativa-c2-se-publica-la-lista-de-espera-para-funcionarios-interinos\\\/\",\"name\":\"Universidad Polit\u00e9cnica de Madrid. Convocatoria empleo p\u00fablico.\",\"isPartOf\":{\"@id\":\"https:\\\/\\\/www.emplea-te.com\\\/noticias-oposiciones\\\/#website\"},\"datePublished\":\"2025-05-02T08:34:47+00:00\",\"description\":\"Universidad Polit\u00e9cnica de Madrid. 105 plazas convocadas Escala Auxiliar Administrativa C2. Se publica la lista de espera para funcionarios interinos.\",\"breadcrumb\":{\"@id\":\"https:\\\/\\\/www.emplea-te.com\\\/noticias-oposiciones\\\/universidad-politecnica-de-madrid-105-plazas-convocadas-escala-auxiliar-administrativa-c2-se-publica-la-lista-de-espera-para-funcionarios-interinos\\\/#breadcrumb\"},\"inLanguage\":\"es\",\"potentialAction\":[{\"@type\":\"ReadAction\",\"target\":[\"https:\\\/\\\/www.emplea-te.com\\\/noticias-oposiciones\\\/universidad-politecnica-de-madrid-105-plazas-convocadas-escala-auxiliar-administrativa-c2-se-publica-la-lista-de-espera-para-funcionarios-interinos\\\/\"]}]},{\"@type\":\"BreadcrumbList\",\"@id\":\"https:\\\/\\\/www.emplea-te.com\\\/noticias-oposiciones\\\/universidad-politecnica-de-madrid-105-plazas-convocadas-escala-auxiliar-administrativa-c2-se-publica-la-lista-de-espera-para-funcionarios-interinos\\\/#breadcrumb\",\"itemListElement\":[{\"@type\":\"ListItem\",\"position\":1,\"name\":\"Noticias Oposiciones\",\"item\":\"https:\\\/\\\/www.emplea-te.com\\\/noticias-oposiciones\\\/\"},{\"@type\":\"ListItem\",\"position\":2,\"name\":\"Oposiciones Madrid.\",\"item\":\"https:\\\/\\\/www.emplea-te.com\\\/noticias-oposiciones\\\/categoria\\\/oposiciones-madrid\\\/\"},{\"@type\":\"ListItem\",\"position\":3,\"name\":\"Universidad Polit\u00e9cnica de Madrid. 105 plazas convocadas Escala Auxiliar Administrativa C2. Se publica la lista de espera para funcionarios interinos.\"}]},{\"@type\":\"WebSite\",\"@id\":\"https:\\\/\\\/www.emplea-te.com\\\/noticias-oposiciones\\\/#website\",\"url\":\"https:\\\/\\\/www.emplea-te.com\\\/noticias-oposiciones\\\/\",\"name\":\"Noticas de oposiciones por Academia Emplea-te\",\"description\":\"Toda la actualidad de las ofertas y convocatorias.\",\"publisher\":{\"@id\":\"https:\\\/\\\/www.emplea-te.com\\\/noticias-oposiciones\\\/#organization\"},\"potentialAction\":[{\"@type\":\"SearchAction\",\"target\":{\"@type\":\"EntryPoint\",\"urlTemplate\":\"https:\\\/\\\/www.emplea-te.com\\\/noticias-oposiciones\\\/?s={search_term_string}\"},\"query-input\":{\"@type\":\"PropertyValueSpecification\",\"valueRequired\":true,\"valueName\":\"search_term_string\"}}],\"inLanguage\":\"es\"},{\"@type\":\"Organization\",\"@id\":\"https:\\\/\\\/www.emplea-te.com\\\/noticias-oposiciones\\\/#organization\",\"name\":\"Academia de oposiciones Empl\u00e9ate\",\"url\":\"https:\\\/\\\/www.emplea-te.com\\\/noticias-oposiciones\\\/\",\"logo\":{\"@type\":\"ImageObject\",\"inLanguage\":\"es\",\"@id\":\"https:\\\/\\\/www.emplea-te.com\\\/noticias-oposiciones\\\/#\\\/schema\\\/logo\\\/image\\\/\",\"url\":\"https:\\\/\\\/www.emplea-te.com\\\/noticias-oposiciones\\\/wp-content\\\/uploads\\\/2019\\\/04\\\/empleate.jpg\",\"contentUrl\":\"https:\\\/\\\/www.emplea-te.com\\\/noticias-oposiciones\\\/wp-content\\\/uploads\\\/2019\\\/04\\\/empleate.jpg\",\"width\":250,\"height\":150,\"caption\":\"Academia de oposiciones Empl\u00e9ate\"},\"image\":{\"@id\":\"https:\\\/\\\/www.emplea-te.com\\\/noticias-oposiciones\\\/#\\\/schema\\\/logo\\\/image\\\/\"},\"sameAs\":[\"https:\\\/\\\/www.facebook.com\\\/AcademiaEmpleate\\\/\",\"https:\\\/\\\/x.com\\\/Emplea_Te\",\"https:\\\/\\\/www.instagram.com\\\/academia_empleate\\\/\"]},{\"@type\":\"Person\",\"@id\":\"https:\\\/\\\/www.emplea-te.com\\\/noticias-oposiciones\\\/#\\\/schema\\\/person\\\/d1bc587e1af2b95e9c32aba1795509a6\",\"name\":\"Empleate\"}]}<\/script>\n<!-- \/ Yoast SEO plugin. -->","yoast_head_json":{"title":"Universidad Polit\u00e9cnica de Madrid. Convocatoria empleo p\u00fablico.","description":"Universidad Polit\u00e9cnica de Madrid. 105 plazas convocadas Escala Auxiliar Administrativa C2. Se publica la lista de espera para funcionarios interinos.","robots":{"index":"index","follow":"follow","max-snippet":"max-snippet:-1","max-image-preview":"max-image-preview:large","max-video-preview":"max-video-preview:-1"},"canonical":"https:\/\/www.emplea-te.com\/noticias-oposiciones\/universidad-politecnica-de-madrid-105-plazas-convocadas-escala-auxiliar-administrativa-c2-se-publica-la-lista-de-espera-para-funcionarios-interinos\/","og_locale":"es_ES","og_type":"article","og_title":"Universidad Polit\u00e9cnica de Madrid. Convocatoria empleo p\u00fablico.","og_description":"Universidad Polit\u00e9cnica de Madrid. 105 plazas convocadas Escala Auxiliar Administrativa C2. Se publica la lista de espera para funcionarios interinos.","og_url":"https:\/\/www.emplea-te.com\/noticias-oposiciones\/universidad-politecnica-de-madrid-105-plazas-convocadas-escala-auxiliar-administrativa-c2-se-publica-la-lista-de-espera-para-funcionarios-interinos\/","og_site_name":"Noticas de oposiciones por Academia Emplea-te","article_publisher":"https:\/\/www.facebook.com\/AcademiaEmpleate\/","article_published_time":"2025-05-02T08:34:47+00:00","author":"Empleate","twitter_card":"summary_large_image","twitter_creator":"@Emplea_Te","twitter_site":"@Emplea_Te","twitter_misc":{"Escrito por":"Empleate","Tiempo de lectura":"1 minuto"},"schema":{"@context":"https:\/\/schema.org","@graph":[{"@type":"Article","@id":"https:\/\/www.emplea-te.com\/noticias-oposiciones\/universidad-politecnica-de-madrid-105-plazas-convocadas-escala-auxiliar-administrativa-c2-se-publica-la-lista-de-espera-para-funcionarios-interinos\/#article","isPartOf":{"@id":"https:\/\/www.emplea-te.com\/noticias-oposiciones\/universidad-politecnica-de-madrid-105-plazas-convocadas-escala-auxiliar-administrativa-c2-se-publica-la-lista-de-espera-para-funcionarios-interinos\/"},"author":{"name":"Empleate","@id":"https:\/\/www.emplea-te.com\/noticias-oposiciones\/#\/schema\/person\/d1bc587e1af2b95e9c32aba1795509a6"},"headline":"Universidad Polit\u00e9cnica de Madrid. 105 plazas convocadas Escala Auxiliar Administrativa C2. Se publica la lista de espera para funcionarios interinos.","datePublished":"2025-05-02T08:34:47+00:00","mainEntityOfPage":{"@id":"https:\/\/www.emplea-te.com\/noticias-oposiciones\/universidad-politecnica-de-madrid-105-plazas-convocadas-escala-auxiliar-administrativa-c2-se-publica-la-lista-de-espera-para-funcionarios-interinos\/"},"wordCount":160,"publisher":{"@id":"https:\/\/www.emplea-te.com\/noticias-oposiciones\/#organization"},"keywords":["Convocatoria","Informaci\u00f3n procesos selectivos"],"articleSection":["Oposiciones Madrid.","P.A.S Universidades Madrid"],"inLanguage":"es"},{"@type":"WebPage","@id":"https:\/\/www.emplea-te.com\/noticias-oposiciones\/universidad-politecnica-de-madrid-105-plazas-convocadas-escala-auxiliar-administrativa-c2-se-publica-la-lista-de-espera-para-funcionarios-interinos\/","url":"https:\/\/www.emplea-te.com\/noticias-oposiciones\/universidad-politecnica-de-madrid-105-plazas-convocadas-escala-auxiliar-administrativa-c2-se-publica-la-lista-de-espera-para-funcionarios-interinos\/","name":"Universidad Polit\u00e9cnica de Madrid. Convocatoria empleo p\u00fablico.","isPartOf":{"@id":"https:\/\/www.emplea-te.com\/noticias-oposiciones\/#website"},"datePublished":"2025-05-02T08:34:47+00:00","description":"Universidad Polit\u00e9cnica de Madrid. 105 plazas convocadas Escala Auxiliar Administrativa C2. Se publica la lista de espera para funcionarios interinos.","breadcrumb":{"@id":"https:\/\/www.emplea-te.com\/noticias-oposiciones\/universidad-politecnica-de-madrid-105-plazas-convocadas-escala-auxiliar-administrativa-c2-se-publica-la-lista-de-espera-para-funcionarios-interinos\/#breadcrumb"},"inLanguage":"es","potentialAction":[{"@type":"ReadAction","target":["https:\/\/www.emplea-te.com\/noticias-oposiciones\/universidad-politecnica-de-madrid-105-plazas-convocadas-escala-auxiliar-administrativa-c2-se-publica-la-lista-de-espera-para-funcionarios-interinos\/"]}]},{"@type":"BreadcrumbList","@id":"https:\/\/www.emplea-te.com\/noticias-oposiciones\/universidad-politecnica-de-madrid-105-plazas-convocadas-escala-auxiliar-administrativa-c2-se-publica-la-lista-de-espera-para-funcionarios-interinos\/#breadcrumb","itemListElement":[{"@type":"ListItem","position":1,"name":"Noticias Oposiciones","item":"https:\/\/www.emplea-te.com\/noticias-oposiciones\/"},{"@type":"ListItem","position":2,"name":"Oposiciones Madrid.","item":"https:\/\/www.emplea-te.com\/noticias-oposiciones\/categoria\/oposiciones-madrid\/"},{"@type":"ListItem","position":3,"name":"Universidad Polit\u00e9cnica de Madrid. 105 plazas convocadas Escala Auxiliar Administrativa C2. Se publica la lista de espera para funcionarios interinos."}]},{"@type":"WebSite","@id":"https:\/\/www.emplea-te.com\/noticias-oposiciones\/#website","url":"https:\/\/www.emplea-te.com\/noticias-oposiciones\/","name":"Noticas de oposiciones por Academia Emplea-te","description":"Toda la actualidad de las ofertas y convocatorias.","publisher":{"@id":"https:\/\/www.emplea-te.com\/noticias-oposiciones\/#organization"},"potentialAction":[{"@type":"SearchAction","target":{"@type":"EntryPoint","urlTemplate":"https:\/\/www.emplea-te.com\/noticias-oposiciones\/?s={search_term_string}"},"query-input":{"@type":"PropertyValueSpecification","valueRequired":true,"valueName":"search_term_string"}}],"inLanguage":"es"},{"@type":"Organization","@id":"https:\/\/www.emplea-te.com\/noticias-oposiciones\/#organization","name":"Academia de oposiciones Empl\u00e9ate","url":"https:\/\/www.emplea-te.com\/noticias-oposiciones\/","logo":{"@type":"ImageObject","inLanguage":"es","@id":"https:\/\/www.emplea-te.com\/noticias-oposiciones\/#\/schema\/logo\/image\/","url":"https:\/\/www.emplea-te.com\/noticias-oposiciones\/wp-content\/uploads\/2019\/04\/empleate.jpg","contentUrl":"https:\/\/www.emplea-te.com\/noticias-oposiciones\/wp-content\/uploads\/2019\/04\/empleate.jpg","width":250,"height":150,"caption":"Academia de oposiciones Empl\u00e9ate"},"image":{"@id":"https:\/\/www.emplea-te.com\/noticias-oposiciones\/#\/schema\/logo\/image\/"},"sameAs":["https:\/\/www.facebook.com\/AcademiaEmpleate\/","https:\/\/x.com\/Emplea_Te","https:\/\/www.instagram.com\/academia_empleate\/"]},{"@type":"Person","@id":"https:\/\/www.emplea-te.com\/noticias-oposiciones\/#\/schema\/person\/d1bc587e1af2b95e9c32aba1795509a6","name":"Empleate"}]}},"_links":{"self":[{"href":"https:\/\/www.emplea-te.com\/noticias-oposiciones\/wp-json\/wp\/v2\/posts\/15169","targetHints":{"allow":["GET"]}}],"collection":[{"href":"https:\/\/www.emplea-te.com\/noticias-oposiciones\/wp-json\/wp\/v2\/posts"}],"about":[{"href":"https:\/\/www.emplea-te.com\/noticias-oposiciones\/wp-json\/wp\/v2\/types\/post"}],"author":[{"embeddable":true,"href":"https:\/\/www.emplea-te.com\/noticias-oposiciones\/wp-json\/wp\/v2\/users\/1"}],"replies":[{"embeddable":true,"href":"https:\/\/www.emplea-te.com\/noticias-oposiciones\/wp-json\/wp\/v2\/comments?post=15169"}],"version-history":[{"count":1,"href":"https:\/\/www.emplea-te.com\/noticias-oposiciones\/wp-json\/wp\/v2\/posts\/15169\/revisions"}],"predecessor-version":[{"id":15170,"href":"https:\/\/www.emplea-te.com\/noticias-oposiciones\/wp-json\/wp\/v2\/posts\/15169\/revisions\/15170"}],"wp:attachment":[{"href":"https:\/\/www.emplea-te.com\/noticias-oposiciones\/wp-json\/wp\/v2\/media?parent=15169"}],"wp:term":[{"taxonomy":"category","embeddable":true,"href":"https:\/\/www.emplea-te.com\/noticias-oposiciones\/wp-json\/wp\/v2\/categories?post=15169"},{"taxonomy":"post_tag","embeddable":true,"href":"https:\/\/www.emplea-te.com\/noticias-oposiciones\/wp-json\/wp\/v2\/tags?post=15169"}],"curies":[{"name":"wp","href":"https:\/\/api.w.org\/{rel}","templated":true}]}}