{"id":15481,"date":"2025-05-30T10:22:01","date_gmt":"2025-05-30T08:22:01","guid":{"rendered":"https:\/\/www.emplea-te.com\/noticias-oposiciones\/?p=15481"},"modified":"2025-05-30T10:22:01","modified_gmt":"2025-05-30T08:22:01","slug":"ayuntamiento-de-madrid-relacion-provisional-aspirantes-admitidos-y-excluidos-en-proceso-selectivo-convocado-para-cubrir-6-plazas-de-tecnico-de-gestion-de-empleo-a2","status":"publish","type":"post","link":"https:\/\/www.emplea-te.com\/noticias-oposiciones\/ayuntamiento-de-madrid-relacion-provisional-aspirantes-admitidos-y-excluidos-en-proceso-selectivo-convocado-para-cubrir-6-plazas-de-tecnico-de-gestion-de-empleo-a2\/","title":{"rendered":"Ayuntamiento de Madrid. Relaci\u00f3n provisional aspirantes admitidos y excluidos en proceso selectivo convocado para cubrir 6 plazas de T\u00e9cnico de Gesti\u00f3n de Empleo A2."},"content":{"rendered":"<p>Se publica en el BOAM de hoy, d\u00eda 30 de mayo de 2025, la\u00a0Resoluci\u00f3n de 28 de mayo del 2025 del Director General de Planificaci\u00f3n de Recursos Humanos por la que se aprueba la relaci\u00f3n provisional de aspirantes admitidos\/as y excluidos\/as a las pruebas selectivas convocadas para la selecci\u00f3n de 6 plazas de la categor\u00eda de T\u00e9cnico de Empleo de funcionario\/a de carrera del Ayuntamiento de Madrid.<\/p>\n<p><a href=\"https:\/\/sede.madrid.es\/FrameWork\/generacionPDF\/boam9889_2170.pdf?numeroPublicacion=9889&amp;idSeccion=53644a43e3617910VgnVCM1000001d4a900aRCRD&amp;nombreFichero=boam9889_2170&amp;cacheKey=107&amp;guid=935f517e3abf6910VgnVCM1000001d4a900aRCRD&amp;csv=true\" target=\"_blank\" rel=\"noopener\"><strong>Enlace a Resoluci\u00f3n.<\/strong><\/a><\/p>\n<p>Se abre un plazo de 10 d\u00edas h\u00e1biles a contar a partir del d\u00eda siguiente al de esta publicaci\u00f3n en el BOAM para presentar alegaciones y por tanto el plazo permanecer\u00e1 abierto desde el d\u00eda 02\/06\/2025 hasta el d\u00eda 13\/06\/2025.<\/p>\n<p>\u00a1\u00c1nimo!<\/p>\n<p>&nbsp;<\/p>\n<p>&nbsp;<\/p>\n","protected":false},"excerpt":{"rendered":"<p>Se publica en el BOAM de hoy, d\u00eda 30 de mayo de 2025, la\u00a0Resoluci\u00f3n de 28 de mayo del 2025 del Director General de Planificaci\u00f3n de Recursos Humanos por la que se aprueba la relaci\u00f3n provisional de aspirantes admitidos\/as y excluidos\/as a las pruebas selectivas convocadas para la selecci\u00f3n de 6 plazas de la categor\u00eda &hellip; <a href=\"https:\/\/www.emplea-te.com\/noticias-oposiciones\/ayuntamiento-de-madrid-relacion-provisional-aspirantes-admitidos-y-excluidos-en-proceso-selectivo-convocado-para-cubrir-6-plazas-de-tecnico-de-gestion-de-empleo-a2\/\" class=\"more-link\">Continuar leyendo<span class=\"screen-reader-text\"> \u00abAyuntamiento de Madrid. Relaci\u00f3n provisional aspirantes admitidos y excluidos en proceso selectivo convocado para cubrir 6 plazas de T\u00e9cnico de Gesti\u00f3n de Empleo A2.\u00bb<\/span><\/a><\/p>\n","protected":false},"author":1,"featured_media":0,"comment_status":"closed","ping_status":"closed","sticky":false,"template":"","format":"standard","meta":{"footnotes":""},"categories":[115,109],"tags":[82,49,103],"class_list":["post-15481","post","type-post","status-publish","format-standard","hentry","category-convocatoria-ayuntamientos","category-oposiciones-madrid","tag-acceso-libre","tag-convocatorias-de-oposiciones","tag-informacion-procesos-selectivos"],"yoast_head":"<!-- This site is optimized with the Yoast SEO plugin v27.3 - https:\/\/yoast.com\/product\/yoast-seo-wordpress\/ -->\n<title>Ayuntamiento de Madrid. Convocatoria empleo p\u00fablico.<\/title>\n<meta name=\"description\" content=\"Ayuntamiento de Madrid. Relaci\u00f3n provisional aspirantes admitidos y excluidos en proceso selectivo convocado para cubrir 6 plazas de T\u00e9cnico de Gesti\u00f3n de Empleo A2.\" \/>\n<meta name=\"robots\" content=\"index, follow, max-snippet:-1, max-image-preview:large, max-video-preview:-1\" \/>\n<link rel=\"canonical\" href=\"https:\/\/www.emplea-te.com\/noticias-oposiciones\/ayuntamiento-de-madrid-relacion-provisional-aspirantes-admitidos-y-excluidos-en-proceso-selectivo-convocado-para-cubrir-6-plazas-de-tecnico-de-gestion-de-empleo-a2\/\" \/>\n<meta property=\"og:locale\" content=\"es_ES\" \/>\n<meta property=\"og:type\" content=\"article\" \/>\n<meta property=\"og:title\" content=\"Ayuntamiento de Madrid. Convocatoria empleo p\u00fablico.\" \/>\n<meta property=\"og:description\" content=\"Ayuntamiento de Madrid. Relaci\u00f3n provisional aspirantes admitidos y excluidos en proceso selectivo convocado para cubrir 6 plazas de T\u00e9cnico de Gesti\u00f3n de Empleo A2.\" \/>\n<meta property=\"og:url\" content=\"https:\/\/www.emplea-te.com\/noticias-oposiciones\/ayuntamiento-de-madrid-relacion-provisional-aspirantes-admitidos-y-excluidos-en-proceso-selectivo-convocado-para-cubrir-6-plazas-de-tecnico-de-gestion-de-empleo-a2\/\" \/>\n<meta property=\"og:site_name\" content=\"Noticas de oposiciones por Academia Emplea-te\" \/>\n<meta property=\"article:publisher\" content=\"https:\/\/www.facebook.com\/AcademiaEmpleate\/\" \/>\n<meta property=\"article:published_time\" content=\"2025-05-30T08:22:01+00:00\" \/>\n<meta name=\"author\" content=\"Empleate\" \/>\n<meta name=\"twitter:card\" content=\"summary_large_image\" \/>\n<meta name=\"twitter:creator\" content=\"@Emplea_Te\" \/>\n<meta name=\"twitter:site\" content=\"@Emplea_Te\" \/>\n<meta name=\"twitter:label1\" content=\"Escrito por\" \/>\n\t<meta name=\"twitter:data1\" content=\"Empleate\" \/>\n\t<meta name=\"twitter:label2\" content=\"Tiempo de lectura\" \/>\n\t<meta name=\"twitter:data2\" content=\"1 minuto\" \/>\n<script type=\"application\/ld+json\" class=\"yoast-schema-graph\">{\"@context\":\"https:\\\/\\\/schema.org\",\"@graph\":[{\"@type\":\"Article\",\"@id\":\"https:\\\/\\\/www.emplea-te.com\\\/noticias-oposiciones\\\/ayuntamiento-de-madrid-relacion-provisional-aspirantes-admitidos-y-excluidos-en-proceso-selectivo-convocado-para-cubrir-6-plazas-de-tecnico-de-gestion-de-empleo-a2\\\/#article\",\"isPartOf\":{\"@id\":\"https:\\\/\\\/www.emplea-te.com\\\/noticias-oposiciones\\\/ayuntamiento-de-madrid-relacion-provisional-aspirantes-admitidos-y-excluidos-en-proceso-selectivo-convocado-para-cubrir-6-plazas-de-tecnico-de-gestion-de-empleo-a2\\\/\"},\"author\":{\"name\":\"Empleate\",\"@id\":\"https:\\\/\\\/www.emplea-te.com\\\/noticias-oposiciones\\\/#\\\/schema\\\/person\\\/d1bc587e1af2b95e9c32aba1795509a6\"},\"headline\":\"Ayuntamiento de Madrid. Relaci\u00f3n provisional aspirantes admitidos y excluidos en proceso selectivo convocado para cubrir 6 plazas de T\u00e9cnico de Gesti\u00f3n de Empleo A2.\",\"datePublished\":\"2025-05-30T08:22:01+00:00\",\"mainEntityOfPage\":{\"@id\":\"https:\\\/\\\/www.emplea-te.com\\\/noticias-oposiciones\\\/ayuntamiento-de-madrid-relacion-provisional-aspirantes-admitidos-y-excluidos-en-proceso-selectivo-convocado-para-cubrir-6-plazas-de-tecnico-de-gestion-de-empleo-a2\\\/\"},\"wordCount\":149,\"publisher\":{\"@id\":\"https:\\\/\\\/www.emplea-te.com\\\/noticias-oposiciones\\\/#organization\"},\"keywords\":[\"Acceso libre\",\"Convocatoria\",\"Informaci\u00f3n procesos selectivos\"],\"articleSection\":[\"CONVOCATORIA AYUNTAMIENTOS\",\"Oposiciones Madrid.\"],\"inLanguage\":\"es\"},{\"@type\":\"WebPage\",\"@id\":\"https:\\\/\\\/www.emplea-te.com\\\/noticias-oposiciones\\\/ayuntamiento-de-madrid-relacion-provisional-aspirantes-admitidos-y-excluidos-en-proceso-selectivo-convocado-para-cubrir-6-plazas-de-tecnico-de-gestion-de-empleo-a2\\\/\",\"url\":\"https:\\\/\\\/www.emplea-te.com\\\/noticias-oposiciones\\\/ayuntamiento-de-madrid-relacion-provisional-aspirantes-admitidos-y-excluidos-en-proceso-selectivo-convocado-para-cubrir-6-plazas-de-tecnico-de-gestion-de-empleo-a2\\\/\",\"name\":\"Ayuntamiento de Madrid. Convocatoria empleo p\u00fablico.\",\"isPartOf\":{\"@id\":\"https:\\\/\\\/www.emplea-te.com\\\/noticias-oposiciones\\\/#website\"},\"datePublished\":\"2025-05-30T08:22:01+00:00\",\"description\":\"Ayuntamiento de Madrid. Relaci\u00f3n provisional aspirantes admitidos y excluidos en proceso selectivo convocado para cubrir 6 plazas de T\u00e9cnico de Gesti\u00f3n de Empleo A2.\",\"breadcrumb\":{\"@id\":\"https:\\\/\\\/www.emplea-te.com\\\/noticias-oposiciones\\\/ayuntamiento-de-madrid-relacion-provisional-aspirantes-admitidos-y-excluidos-en-proceso-selectivo-convocado-para-cubrir-6-plazas-de-tecnico-de-gestion-de-empleo-a2\\\/#breadcrumb\"},\"inLanguage\":\"es\",\"potentialAction\":[{\"@type\":\"ReadAction\",\"target\":[\"https:\\\/\\\/www.emplea-te.com\\\/noticias-oposiciones\\\/ayuntamiento-de-madrid-relacion-provisional-aspirantes-admitidos-y-excluidos-en-proceso-selectivo-convocado-para-cubrir-6-plazas-de-tecnico-de-gestion-de-empleo-a2\\\/\"]}]},{\"@type\":\"BreadcrumbList\",\"@id\":\"https:\\\/\\\/www.emplea-te.com\\\/noticias-oposiciones\\\/ayuntamiento-de-madrid-relacion-provisional-aspirantes-admitidos-y-excluidos-en-proceso-selectivo-convocado-para-cubrir-6-plazas-de-tecnico-de-gestion-de-empleo-a2\\\/#breadcrumb\",\"itemListElement\":[{\"@type\":\"ListItem\",\"position\":1,\"name\":\"Noticias Oposiciones\",\"item\":\"https:\\\/\\\/www.emplea-te.com\\\/noticias-oposiciones\\\/\"},{\"@type\":\"ListItem\",\"position\":2,\"name\":\"Oposiciones Madrid.\",\"item\":\"https:\\\/\\\/www.emplea-te.com\\\/noticias-oposiciones\\\/categoria\\\/oposiciones-madrid\\\/\"},{\"@type\":\"ListItem\",\"position\":3,\"name\":\"Ayuntamiento de Madrid. Relaci\u00f3n provisional aspirantes admitidos y excluidos en proceso selectivo convocado para cubrir 6 plazas de T\u00e9cnico de Gesti\u00f3n de Empleo A2.\"}]},{\"@type\":\"WebSite\",\"@id\":\"https:\\\/\\\/www.emplea-te.com\\\/noticias-oposiciones\\\/#website\",\"url\":\"https:\\\/\\\/www.emplea-te.com\\\/noticias-oposiciones\\\/\",\"name\":\"Noticas de oposiciones por Academia Emplea-te\",\"description\":\"Toda la actualidad de las ofertas y convocatorias.\",\"publisher\":{\"@id\":\"https:\\\/\\\/www.emplea-te.com\\\/noticias-oposiciones\\\/#organization\"},\"potentialAction\":[{\"@type\":\"SearchAction\",\"target\":{\"@type\":\"EntryPoint\",\"urlTemplate\":\"https:\\\/\\\/www.emplea-te.com\\\/noticias-oposiciones\\\/?s={search_term_string}\"},\"query-input\":{\"@type\":\"PropertyValueSpecification\",\"valueRequired\":true,\"valueName\":\"search_term_string\"}}],\"inLanguage\":\"es\"},{\"@type\":\"Organization\",\"@id\":\"https:\\\/\\\/www.emplea-te.com\\\/noticias-oposiciones\\\/#organization\",\"name\":\"Academia de oposiciones Empl\u00e9ate\",\"url\":\"https:\\\/\\\/www.emplea-te.com\\\/noticias-oposiciones\\\/\",\"logo\":{\"@type\":\"ImageObject\",\"inLanguage\":\"es\",\"@id\":\"https:\\\/\\\/www.emplea-te.com\\\/noticias-oposiciones\\\/#\\\/schema\\\/logo\\\/image\\\/\",\"url\":\"https:\\\/\\\/www.emplea-te.com\\\/noticias-oposiciones\\\/wp-content\\\/uploads\\\/2019\\\/04\\\/empleate.jpg\",\"contentUrl\":\"https:\\\/\\\/www.emplea-te.com\\\/noticias-oposiciones\\\/wp-content\\\/uploads\\\/2019\\\/04\\\/empleate.jpg\",\"width\":250,\"height\":150,\"caption\":\"Academia de oposiciones Empl\u00e9ate\"},\"image\":{\"@id\":\"https:\\\/\\\/www.emplea-te.com\\\/noticias-oposiciones\\\/#\\\/schema\\\/logo\\\/image\\\/\"},\"sameAs\":[\"https:\\\/\\\/www.facebook.com\\\/AcademiaEmpleate\\\/\",\"https:\\\/\\\/x.com\\\/Emplea_Te\",\"https:\\\/\\\/www.instagram.com\\\/academia_empleate\\\/\"]},{\"@type\":\"Person\",\"@id\":\"https:\\\/\\\/www.emplea-te.com\\\/noticias-oposiciones\\\/#\\\/schema\\\/person\\\/d1bc587e1af2b95e9c32aba1795509a6\",\"name\":\"Empleate\"}]}<\/script>\n<!-- \/ Yoast SEO plugin. -->","yoast_head_json":{"title":"Ayuntamiento de Madrid. Convocatoria empleo p\u00fablico.","description":"Ayuntamiento de Madrid. Relaci\u00f3n provisional aspirantes admitidos y excluidos en proceso selectivo convocado para cubrir 6 plazas de T\u00e9cnico de Gesti\u00f3n de Empleo A2.","robots":{"index":"index","follow":"follow","max-snippet":"max-snippet:-1","max-image-preview":"max-image-preview:large","max-video-preview":"max-video-preview:-1"},"canonical":"https:\/\/www.emplea-te.com\/noticias-oposiciones\/ayuntamiento-de-madrid-relacion-provisional-aspirantes-admitidos-y-excluidos-en-proceso-selectivo-convocado-para-cubrir-6-plazas-de-tecnico-de-gestion-de-empleo-a2\/","og_locale":"es_ES","og_type":"article","og_title":"Ayuntamiento de Madrid. Convocatoria empleo p\u00fablico.","og_description":"Ayuntamiento de Madrid. Relaci\u00f3n provisional aspirantes admitidos y excluidos en proceso selectivo convocado para cubrir 6 plazas de T\u00e9cnico de Gesti\u00f3n de Empleo A2.","og_url":"https:\/\/www.emplea-te.com\/noticias-oposiciones\/ayuntamiento-de-madrid-relacion-provisional-aspirantes-admitidos-y-excluidos-en-proceso-selectivo-convocado-para-cubrir-6-plazas-de-tecnico-de-gestion-de-empleo-a2\/","og_site_name":"Noticas de oposiciones por Academia Emplea-te","article_publisher":"https:\/\/www.facebook.com\/AcademiaEmpleate\/","article_published_time":"2025-05-30T08:22:01+00:00","author":"Empleate","twitter_card":"summary_large_image","twitter_creator":"@Emplea_Te","twitter_site":"@Emplea_Te","twitter_misc":{"Escrito por":"Empleate","Tiempo de lectura":"1 minuto"},"schema":{"@context":"https:\/\/schema.org","@graph":[{"@type":"Article","@id":"https:\/\/www.emplea-te.com\/noticias-oposiciones\/ayuntamiento-de-madrid-relacion-provisional-aspirantes-admitidos-y-excluidos-en-proceso-selectivo-convocado-para-cubrir-6-plazas-de-tecnico-de-gestion-de-empleo-a2\/#article","isPartOf":{"@id":"https:\/\/www.emplea-te.com\/noticias-oposiciones\/ayuntamiento-de-madrid-relacion-provisional-aspirantes-admitidos-y-excluidos-en-proceso-selectivo-convocado-para-cubrir-6-plazas-de-tecnico-de-gestion-de-empleo-a2\/"},"author":{"name":"Empleate","@id":"https:\/\/www.emplea-te.com\/noticias-oposiciones\/#\/schema\/person\/d1bc587e1af2b95e9c32aba1795509a6"},"headline":"Ayuntamiento de Madrid. Relaci\u00f3n provisional aspirantes admitidos y excluidos en proceso selectivo convocado para cubrir 6 plazas de T\u00e9cnico de Gesti\u00f3n de Empleo A2.","datePublished":"2025-05-30T08:22:01+00:00","mainEntityOfPage":{"@id":"https:\/\/www.emplea-te.com\/noticias-oposiciones\/ayuntamiento-de-madrid-relacion-provisional-aspirantes-admitidos-y-excluidos-en-proceso-selectivo-convocado-para-cubrir-6-plazas-de-tecnico-de-gestion-de-empleo-a2\/"},"wordCount":149,"publisher":{"@id":"https:\/\/www.emplea-te.com\/noticias-oposiciones\/#organization"},"keywords":["Acceso libre","Convocatoria","Informaci\u00f3n procesos selectivos"],"articleSection":["CONVOCATORIA AYUNTAMIENTOS","Oposiciones Madrid."],"inLanguage":"es"},{"@type":"WebPage","@id":"https:\/\/www.emplea-te.com\/noticias-oposiciones\/ayuntamiento-de-madrid-relacion-provisional-aspirantes-admitidos-y-excluidos-en-proceso-selectivo-convocado-para-cubrir-6-plazas-de-tecnico-de-gestion-de-empleo-a2\/","url":"https:\/\/www.emplea-te.com\/noticias-oposiciones\/ayuntamiento-de-madrid-relacion-provisional-aspirantes-admitidos-y-excluidos-en-proceso-selectivo-convocado-para-cubrir-6-plazas-de-tecnico-de-gestion-de-empleo-a2\/","name":"Ayuntamiento de Madrid. Convocatoria empleo p\u00fablico.","isPartOf":{"@id":"https:\/\/www.emplea-te.com\/noticias-oposiciones\/#website"},"datePublished":"2025-05-30T08:22:01+00:00","description":"Ayuntamiento de Madrid. Relaci\u00f3n provisional aspirantes admitidos y excluidos en proceso selectivo convocado para cubrir 6 plazas de T\u00e9cnico de Gesti\u00f3n de Empleo A2.","breadcrumb":{"@id":"https:\/\/www.emplea-te.com\/noticias-oposiciones\/ayuntamiento-de-madrid-relacion-provisional-aspirantes-admitidos-y-excluidos-en-proceso-selectivo-convocado-para-cubrir-6-plazas-de-tecnico-de-gestion-de-empleo-a2\/#breadcrumb"},"inLanguage":"es","potentialAction":[{"@type":"ReadAction","target":["https:\/\/www.emplea-te.com\/noticias-oposiciones\/ayuntamiento-de-madrid-relacion-provisional-aspirantes-admitidos-y-excluidos-en-proceso-selectivo-convocado-para-cubrir-6-plazas-de-tecnico-de-gestion-de-empleo-a2\/"]}]},{"@type":"BreadcrumbList","@id":"https:\/\/www.emplea-te.com\/noticias-oposiciones\/ayuntamiento-de-madrid-relacion-provisional-aspirantes-admitidos-y-excluidos-en-proceso-selectivo-convocado-para-cubrir-6-plazas-de-tecnico-de-gestion-de-empleo-a2\/#breadcrumb","itemListElement":[{"@type":"ListItem","position":1,"name":"Noticias Oposiciones","item":"https:\/\/www.emplea-te.com\/noticias-oposiciones\/"},{"@type":"ListItem","position":2,"name":"Oposiciones Madrid.","item":"https:\/\/www.emplea-te.com\/noticias-oposiciones\/categoria\/oposiciones-madrid\/"},{"@type":"ListItem","position":3,"name":"Ayuntamiento de Madrid. Relaci\u00f3n provisional aspirantes admitidos y excluidos en proceso selectivo convocado para cubrir 6 plazas de T\u00e9cnico de Gesti\u00f3n de Empleo A2."}]},{"@type":"WebSite","@id":"https:\/\/www.emplea-te.com\/noticias-oposiciones\/#website","url":"https:\/\/www.emplea-te.com\/noticias-oposiciones\/","name":"Noticas de oposiciones por Academia Emplea-te","description":"Toda la actualidad de las ofertas y convocatorias.","publisher":{"@id":"https:\/\/www.emplea-te.com\/noticias-oposiciones\/#organization"},"potentialAction":[{"@type":"SearchAction","target":{"@type":"EntryPoint","urlTemplate":"https:\/\/www.emplea-te.com\/noticias-oposiciones\/?s={search_term_string}"},"query-input":{"@type":"PropertyValueSpecification","valueRequired":true,"valueName":"search_term_string"}}],"inLanguage":"es"},{"@type":"Organization","@id":"https:\/\/www.emplea-te.com\/noticias-oposiciones\/#organization","name":"Academia de oposiciones Empl\u00e9ate","url":"https:\/\/www.emplea-te.com\/noticias-oposiciones\/","logo":{"@type":"ImageObject","inLanguage":"es","@id":"https:\/\/www.emplea-te.com\/noticias-oposiciones\/#\/schema\/logo\/image\/","url":"https:\/\/www.emplea-te.com\/noticias-oposiciones\/wp-content\/uploads\/2019\/04\/empleate.jpg","contentUrl":"https:\/\/www.emplea-te.com\/noticias-oposiciones\/wp-content\/uploads\/2019\/04\/empleate.jpg","width":250,"height":150,"caption":"Academia de oposiciones Empl\u00e9ate"},"image":{"@id":"https:\/\/www.emplea-te.com\/noticias-oposiciones\/#\/schema\/logo\/image\/"},"sameAs":["https:\/\/www.facebook.com\/AcademiaEmpleate\/","https:\/\/x.com\/Emplea_Te","https:\/\/www.instagram.com\/academia_empleate\/"]},{"@type":"Person","@id":"https:\/\/www.emplea-te.com\/noticias-oposiciones\/#\/schema\/person\/d1bc587e1af2b95e9c32aba1795509a6","name":"Empleate"}]}},"_links":{"self":[{"href":"https:\/\/www.emplea-te.com\/noticias-oposiciones\/wp-json\/wp\/v2\/posts\/15481","targetHints":{"allow":["GET"]}}],"collection":[{"href":"https:\/\/www.emplea-te.com\/noticias-oposiciones\/wp-json\/wp\/v2\/posts"}],"about":[{"href":"https:\/\/www.emplea-te.com\/noticias-oposiciones\/wp-json\/wp\/v2\/types\/post"}],"author":[{"embeddable":true,"href":"https:\/\/www.emplea-te.com\/noticias-oposiciones\/wp-json\/wp\/v2\/users\/1"}],"replies":[{"embeddable":true,"href":"https:\/\/www.emplea-te.com\/noticias-oposiciones\/wp-json\/wp\/v2\/comments?post=15481"}],"version-history":[{"count":1,"href":"https:\/\/www.emplea-te.com\/noticias-oposiciones\/wp-json\/wp\/v2\/posts\/15481\/revisions"}],"predecessor-version":[{"id":15482,"href":"https:\/\/www.emplea-te.com\/noticias-oposiciones\/wp-json\/wp\/v2\/posts\/15481\/revisions\/15482"}],"wp:attachment":[{"href":"https:\/\/www.emplea-te.com\/noticias-oposiciones\/wp-json\/wp\/v2\/media?parent=15481"}],"wp:term":[{"taxonomy":"category","embeddable":true,"href":"https:\/\/www.emplea-te.com\/noticias-oposiciones\/wp-json\/wp\/v2\/categories?post=15481"},{"taxonomy":"post_tag","embeddable":true,"href":"https:\/\/www.emplea-te.com\/noticias-oposiciones\/wp-json\/wp\/v2\/tags?post=15481"}],"curies":[{"name":"wp","href":"https:\/\/api.w.org\/{rel}","templated":true}]}}