{"id":15493,"date":"2025-06-02T08:46:51","date_gmt":"2025-06-02T06:46:51","guid":{"rendered":"https:\/\/www.emplea-te.com\/noticias-oposiciones\/?p=15493"},"modified":"2025-06-02T08:46:51","modified_gmt":"2025-06-02T06:46:51","slug":"egap-convocatoria-programa-de-autoformacion-para-el-personal-al-servicio-de-la-administracion-publica-de-la-comunidad-autonoma-de-galicia","status":"publish","type":"post","link":"https:\/\/www.emplea-te.com\/noticias-oposiciones\/egap-convocatoria-programa-de-autoformacion-para-el-personal-al-servicio-de-la-administracion-publica-de-la-comunidad-autonoma-de-galicia\/","title":{"rendered":"EGAP. Convocatoria programa de autoformaci\u00f3n para el personal al servicio de la Administraci\u00f3n p\u00fablica de la Comunidad Aut\u00f3noma de Galicia."},"content":{"rendered":"<p>&nbsp;<\/p>\n<p>Se publica en el DOG de hoy, d\u00eda 2 de junio de 2025, la Resoluci\u00f3n de 30 de mayo de 2025 por la que se convoca el programa de autoformaci\u00f3n para el personal al servicio de la Administraci\u00f3n p\u00fablica de la Comunidad Aut\u00f3noma, de las entidades p\u00fablicas instrumentales, de la Administraci\u00f3n institucional de Galicia, de la Administraci\u00f3n de justicia, de las entidades locales y el personal t\u00e9cnico, de gesti\u00f3n y de administraci\u00f3n y servicios (PTGAS) de las universidades del Sistema universitario de Galicia (SUG).<\/p>\n<p><a href=\"https:\/\/www.xunta.gal\/dog\/Publicados\/2025\/20250602\/AnuncioO150-230525-0001_es.html\" target=\"_blank\" rel=\"noopener\"><strong>Enlace a Resoluci\u00f3n.\u00a0<\/strong><\/a><\/p>\n<p><strong>\ud83d\udcda Programa de Autoformaci\u00f3n EGAP 2025 \u2013 Puntos Principales<br \/>\n<\/strong><br \/>\n<strong>\u2705 \u00bfA qui\u00e9n va dirigido?<\/strong><br \/>\nPersonal en activo:<\/p>\n<p>Administraci\u00f3n de la Xunta de Galicia.<\/p>\n<p>Entidades p\u00fablicas instrumentales.<\/p>\n<p>Administraci\u00f3n de justicia.<\/p>\n<p>Entidades locales.<\/p>\n<p>Personal t\u00e9cnico, de gesti\u00f3n y de administraci\u00f3n y servicios (PTGAS) del SUG.<\/p>\n<p>(Excluidos: docentes, personal de polic\u00eda de Galicia y personal sanitario del Sergas, salvo escala de salud p\u00fablica y administraci\u00f3n sanitaria).<\/p>\n<p><strong>\ud83e\udde0 Modalidad: Autoformaci\u00f3n<\/strong><br \/>\nSin tutor\u00edas, acceso libre y flexible a los contenidos.<\/p>\n<p>Metodolog\u00eda 100 % online.<\/p>\n<p>Puedes acceder a tantos cursos como desees desde el 13 de junio hasta el 30 de diciembre de 2025 (algunos desde el 1 de octubre).<\/p>\n<p><strong>\ud83d\udcdd Inscripci\u00f3n<\/strong><br \/>\nAcceso libre a contenidos: <a href=\"https:\/\/egap.xunta.gal\/cas\/login?service=https%3A%2F%2Fegap.xunta.gal%2Fmatricula%2F\" target=\"_blank\" rel=\"noopener\"><strong>https:\/\/egap.xunta.gal\/matricula<\/strong><\/a><\/p>\n<p>Para obtener certificado, debes:<\/p>\n<p>Inscribirte en las pruebas de evaluaci\u00f3n (hasta el 12 de junio de 2025).<\/p>\n<p>Superarlas (examen tipo test, m\u00ednimo 50 % aciertos).<\/p>\n<p><strong>\ud83c\udf93 Certificaci\u00f3n<\/strong><br \/>\nCertificado de equivalencia con valor de aprovechamiento, \u00fatil para procesos selectivos.<\/p>\n<p>Solo disponible si se supera la prueba de evaluaci\u00f3n correspondiente.<\/p>\n<p><strong>\ud83d\udcc5 Pruebas de evaluaci\u00f3n<\/strong><br \/>\nSe realizar\u00e1n online en fechas y horas espec\u00edficas (diciembre 2025, seg\u00fan cada curso).<\/p>\n<p>M\u00e1ximo 4 pruebas por persona.<\/p>\n<p><strong>\ud83d\udccb Oferta Formativa<\/strong><br \/>\nM\u00e1s de 60 cursos en \u00e1reas como:<\/p>\n<p>Derecho, igualdad, IA, protecci\u00f3n de datos, contrataci\u00f3n, subvenciones, ofim\u00e1tica (LibreOffice y Microsoft), gesti\u00f3n p\u00fablica, prevenci\u00f3n de riesgos, UE, lenguaje no sexista&#8230;<\/p>\n<p><strong>\ud83d\udccc Otros aspectos clave<\/strong><br \/>\nNo se tramitan renuncias al acceso libre.<\/p>\n<p>Se excluyen quienes falseen datos o incumplan plazos sin justificaci\u00f3n.<\/p>\n<p>La EGAP podr\u00e1 suspender pruebas si hay menos del 50 % de inscritos.<\/p>\n<p>Apoyo t\u00e9cnico disponible por tel\u00e9fono y correo electr\u00f3nico.<\/p>\n<p>&nbsp;<\/p>\n","protected":false},"excerpt":{"rendered":"<p>&nbsp; Se publica en el DOG de hoy, d\u00eda 2 de junio de 2025, la Resoluci\u00f3n de 30 de mayo de 2025 por la que se convoca el programa de autoformaci\u00f3n para el personal al servicio de la Administraci\u00f3n p\u00fablica de la Comunidad Aut\u00f3noma, de las entidades p\u00fablicas instrumentales, de la Administraci\u00f3n institucional de Galicia, &hellip; <a href=\"https:\/\/www.emplea-te.com\/noticias-oposiciones\/egap-convocatoria-programa-de-autoformacion-para-el-personal-al-servicio-de-la-administracion-publica-de-la-comunidad-autonoma-de-galicia\/\" class=\"more-link\">Continuar leyendo<span class=\"screen-reader-text\"> \u00abEGAP. Convocatoria programa de autoformaci\u00f3n para el personal al servicio de la Administraci\u00f3n p\u00fablica de la Comunidad Aut\u00f3noma de Galicia.\u00bb<\/span><\/a><\/p>\n","protected":false},"author":1,"featured_media":0,"comment_status":"closed","ping_status":"closed","sticky":false,"template":"","format":"standard","meta":{"footnotes":""},"categories":[120],"tags":[49,103],"class_list":["post-15493","post","type-post","status-publish","format-standard","hentry","category-egap","tag-convocatorias-de-oposiciones","tag-informacion-procesos-selectivos"],"yoast_head":"<!-- This site is optimized with the Yoast SEO plugin v27.3 - https:\/\/yoast.com\/product\/yoast-seo-wordpress\/ -->\n<title>EGAP. Convocatoria programa de autoformaci\u00f3n.<\/title>\n<meta name=\"description\" content=\"EGAP. Convocatoria programa de autoformaci\u00f3n para el personal al servicio de la Administraci\u00f3n p\u00fablica de la Comunidad Aut\u00f3noma de Galicia.\" \/>\n<meta name=\"robots\" content=\"index, follow, max-snippet:-1, max-image-preview:large, max-video-preview:-1\" \/>\n<link rel=\"canonical\" href=\"https:\/\/www.emplea-te.com\/noticias-oposiciones\/egap-convocatoria-programa-de-autoformacion-para-el-personal-al-servicio-de-la-administracion-publica-de-la-comunidad-autonoma-de-galicia\/\" \/>\n<meta property=\"og:locale\" content=\"es_ES\" \/>\n<meta property=\"og:type\" content=\"article\" \/>\n<meta property=\"og:title\" content=\"EGAP. Convocatoria programa de autoformaci\u00f3n.\" \/>\n<meta property=\"og:description\" content=\"EGAP. Convocatoria programa de autoformaci\u00f3n para el personal al servicio de la Administraci\u00f3n p\u00fablica de la Comunidad Aut\u00f3noma de Galicia.\" \/>\n<meta property=\"og:url\" content=\"https:\/\/www.emplea-te.com\/noticias-oposiciones\/egap-convocatoria-programa-de-autoformacion-para-el-personal-al-servicio-de-la-administracion-publica-de-la-comunidad-autonoma-de-galicia\/\" \/>\n<meta property=\"og:site_name\" content=\"Noticas de oposiciones por Academia Emplea-te\" \/>\n<meta property=\"article:publisher\" content=\"https:\/\/www.facebook.com\/AcademiaEmpleate\/\" \/>\n<meta property=\"article:published_time\" content=\"2025-06-02T06:46:51+00:00\" \/>\n<meta name=\"author\" content=\"Empleate\" \/>\n<meta name=\"twitter:card\" content=\"summary_large_image\" \/>\n<meta name=\"twitter:creator\" content=\"@Emplea_Te\" \/>\n<meta name=\"twitter:site\" content=\"@Emplea_Te\" \/>\n<meta name=\"twitter:label1\" content=\"Escrito por\" \/>\n\t<meta name=\"twitter:data1\" content=\"Empleate\" \/>\n\t<meta name=\"twitter:label2\" content=\"Tiempo de lectura\" \/>\n\t<meta name=\"twitter:data2\" content=\"2 minutos\" \/>\n<script type=\"application\/ld+json\" class=\"yoast-schema-graph\">{\"@context\":\"https:\\\/\\\/schema.org\",\"@graph\":[{\"@type\":\"Article\",\"@id\":\"https:\\\/\\\/www.emplea-te.com\\\/noticias-oposiciones\\\/egap-convocatoria-programa-de-autoformacion-para-el-personal-al-servicio-de-la-administracion-publica-de-la-comunidad-autonoma-de-galicia\\\/#article\",\"isPartOf\":{\"@id\":\"https:\\\/\\\/www.emplea-te.com\\\/noticias-oposiciones\\\/egap-convocatoria-programa-de-autoformacion-para-el-personal-al-servicio-de-la-administracion-publica-de-la-comunidad-autonoma-de-galicia\\\/\"},\"author\":{\"name\":\"Empleate\",\"@id\":\"https:\\\/\\\/www.emplea-te.com\\\/noticias-oposiciones\\\/#\\\/schema\\\/person\\\/d1bc587e1af2b95e9c32aba1795509a6\"},\"headline\":\"EGAP. Convocatoria programa de autoformaci\u00f3n para el personal al servicio de la Administraci\u00f3n p\u00fablica de la Comunidad Aut\u00f3noma de Galicia.\",\"datePublished\":\"2025-06-02T06:46:51+00:00\",\"mainEntityOfPage\":{\"@id\":\"https:\\\/\\\/www.emplea-te.com\\\/noticias-oposiciones\\\/egap-convocatoria-programa-de-autoformacion-para-el-personal-al-servicio-de-la-administracion-publica-de-la-comunidad-autonoma-de-galicia\\\/\"},\"wordCount\":390,\"publisher\":{\"@id\":\"https:\\\/\\\/www.emplea-te.com\\\/noticias-oposiciones\\\/#organization\"},\"keywords\":[\"Convocatoria\",\"Informaci\u00f3n procesos selectivos\"],\"articleSection\":[\"EGAP\"],\"inLanguage\":\"es\"},{\"@type\":\"WebPage\",\"@id\":\"https:\\\/\\\/www.emplea-te.com\\\/noticias-oposiciones\\\/egap-convocatoria-programa-de-autoformacion-para-el-personal-al-servicio-de-la-administracion-publica-de-la-comunidad-autonoma-de-galicia\\\/\",\"url\":\"https:\\\/\\\/www.emplea-te.com\\\/noticias-oposiciones\\\/egap-convocatoria-programa-de-autoformacion-para-el-personal-al-servicio-de-la-administracion-publica-de-la-comunidad-autonoma-de-galicia\\\/\",\"name\":\"EGAP. Convocatoria programa de autoformaci\u00f3n.\",\"isPartOf\":{\"@id\":\"https:\\\/\\\/www.emplea-te.com\\\/noticias-oposiciones\\\/#website\"},\"datePublished\":\"2025-06-02T06:46:51+00:00\",\"description\":\"EGAP. Convocatoria programa de autoformaci\u00f3n para el personal al servicio de la Administraci\u00f3n p\u00fablica de la Comunidad Aut\u00f3noma de Galicia.\",\"breadcrumb\":{\"@id\":\"https:\\\/\\\/www.emplea-te.com\\\/noticias-oposiciones\\\/egap-convocatoria-programa-de-autoformacion-para-el-personal-al-servicio-de-la-administracion-publica-de-la-comunidad-autonoma-de-galicia\\\/#breadcrumb\"},\"inLanguage\":\"es\",\"potentialAction\":[{\"@type\":\"ReadAction\",\"target\":[\"https:\\\/\\\/www.emplea-te.com\\\/noticias-oposiciones\\\/egap-convocatoria-programa-de-autoformacion-para-el-personal-al-servicio-de-la-administracion-publica-de-la-comunidad-autonoma-de-galicia\\\/\"]}]},{\"@type\":\"BreadcrumbList\",\"@id\":\"https:\\\/\\\/www.emplea-te.com\\\/noticias-oposiciones\\\/egap-convocatoria-programa-de-autoformacion-para-el-personal-al-servicio-de-la-administracion-publica-de-la-comunidad-autonoma-de-galicia\\\/#breadcrumb\",\"itemListElement\":[{\"@type\":\"ListItem\",\"position\":1,\"name\":\"Noticias Oposiciones\",\"item\":\"https:\\\/\\\/www.emplea-te.com\\\/noticias-oposiciones\\\/\"},{\"@type\":\"ListItem\",\"position\":2,\"name\":\"EGAP\",\"item\":\"https:\\\/\\\/www.emplea-te.com\\\/noticias-oposiciones\\\/categoria\\\/egap\\\/\"},{\"@type\":\"ListItem\",\"position\":3,\"name\":\"EGAP. Convocatoria programa de autoformaci\u00f3n para el personal al servicio de la Administraci\u00f3n p\u00fablica de la Comunidad Aut\u00f3noma de Galicia.\"}]},{\"@type\":\"WebSite\",\"@id\":\"https:\\\/\\\/www.emplea-te.com\\\/noticias-oposiciones\\\/#website\",\"url\":\"https:\\\/\\\/www.emplea-te.com\\\/noticias-oposiciones\\\/\",\"name\":\"Noticas de oposiciones por Academia Emplea-te\",\"description\":\"Toda la actualidad de las ofertas y convocatorias.\",\"publisher\":{\"@id\":\"https:\\\/\\\/www.emplea-te.com\\\/noticias-oposiciones\\\/#organization\"},\"potentialAction\":[{\"@type\":\"SearchAction\",\"target\":{\"@type\":\"EntryPoint\",\"urlTemplate\":\"https:\\\/\\\/www.emplea-te.com\\\/noticias-oposiciones\\\/?s={search_term_string}\"},\"query-input\":{\"@type\":\"PropertyValueSpecification\",\"valueRequired\":true,\"valueName\":\"search_term_string\"}}],\"inLanguage\":\"es\"},{\"@type\":\"Organization\",\"@id\":\"https:\\\/\\\/www.emplea-te.com\\\/noticias-oposiciones\\\/#organization\",\"name\":\"Academia de oposiciones Empl\u00e9ate\",\"url\":\"https:\\\/\\\/www.emplea-te.com\\\/noticias-oposiciones\\\/\",\"logo\":{\"@type\":\"ImageObject\",\"inLanguage\":\"es\",\"@id\":\"https:\\\/\\\/www.emplea-te.com\\\/noticias-oposiciones\\\/#\\\/schema\\\/logo\\\/image\\\/\",\"url\":\"https:\\\/\\\/www.emplea-te.com\\\/noticias-oposiciones\\\/wp-content\\\/uploads\\\/2019\\\/04\\\/empleate.jpg\",\"contentUrl\":\"https:\\\/\\\/www.emplea-te.com\\\/noticias-oposiciones\\\/wp-content\\\/uploads\\\/2019\\\/04\\\/empleate.jpg\",\"width\":250,\"height\":150,\"caption\":\"Academia de oposiciones Empl\u00e9ate\"},\"image\":{\"@id\":\"https:\\\/\\\/www.emplea-te.com\\\/noticias-oposiciones\\\/#\\\/schema\\\/logo\\\/image\\\/\"},\"sameAs\":[\"https:\\\/\\\/www.facebook.com\\\/AcademiaEmpleate\\\/\",\"https:\\\/\\\/x.com\\\/Emplea_Te\",\"https:\\\/\\\/www.instagram.com\\\/academia_empleate\\\/\"]},{\"@type\":\"Person\",\"@id\":\"https:\\\/\\\/www.emplea-te.com\\\/noticias-oposiciones\\\/#\\\/schema\\\/person\\\/d1bc587e1af2b95e9c32aba1795509a6\",\"name\":\"Empleate\"}]}<\/script>\n<!-- \/ Yoast SEO plugin. -->","yoast_head_json":{"title":"EGAP. Convocatoria programa de autoformaci\u00f3n.","description":"EGAP. Convocatoria programa de autoformaci\u00f3n para el personal al servicio de la Administraci\u00f3n p\u00fablica de la Comunidad Aut\u00f3noma de Galicia.","robots":{"index":"index","follow":"follow","max-snippet":"max-snippet:-1","max-image-preview":"max-image-preview:large","max-video-preview":"max-video-preview:-1"},"canonical":"https:\/\/www.emplea-te.com\/noticias-oposiciones\/egap-convocatoria-programa-de-autoformacion-para-el-personal-al-servicio-de-la-administracion-publica-de-la-comunidad-autonoma-de-galicia\/","og_locale":"es_ES","og_type":"article","og_title":"EGAP. Convocatoria programa de autoformaci\u00f3n.","og_description":"EGAP. Convocatoria programa de autoformaci\u00f3n para el personal al servicio de la Administraci\u00f3n p\u00fablica de la Comunidad Aut\u00f3noma de Galicia.","og_url":"https:\/\/www.emplea-te.com\/noticias-oposiciones\/egap-convocatoria-programa-de-autoformacion-para-el-personal-al-servicio-de-la-administracion-publica-de-la-comunidad-autonoma-de-galicia\/","og_site_name":"Noticas de oposiciones por Academia Emplea-te","article_publisher":"https:\/\/www.facebook.com\/AcademiaEmpleate\/","article_published_time":"2025-06-02T06:46:51+00:00","author":"Empleate","twitter_card":"summary_large_image","twitter_creator":"@Emplea_Te","twitter_site":"@Emplea_Te","twitter_misc":{"Escrito por":"Empleate","Tiempo de lectura":"2 minutos"},"schema":{"@context":"https:\/\/schema.org","@graph":[{"@type":"Article","@id":"https:\/\/www.emplea-te.com\/noticias-oposiciones\/egap-convocatoria-programa-de-autoformacion-para-el-personal-al-servicio-de-la-administracion-publica-de-la-comunidad-autonoma-de-galicia\/#article","isPartOf":{"@id":"https:\/\/www.emplea-te.com\/noticias-oposiciones\/egap-convocatoria-programa-de-autoformacion-para-el-personal-al-servicio-de-la-administracion-publica-de-la-comunidad-autonoma-de-galicia\/"},"author":{"name":"Empleate","@id":"https:\/\/www.emplea-te.com\/noticias-oposiciones\/#\/schema\/person\/d1bc587e1af2b95e9c32aba1795509a6"},"headline":"EGAP. Convocatoria programa de autoformaci\u00f3n para el personal al servicio de la Administraci\u00f3n p\u00fablica de la Comunidad Aut\u00f3noma de Galicia.","datePublished":"2025-06-02T06:46:51+00:00","mainEntityOfPage":{"@id":"https:\/\/www.emplea-te.com\/noticias-oposiciones\/egap-convocatoria-programa-de-autoformacion-para-el-personal-al-servicio-de-la-administracion-publica-de-la-comunidad-autonoma-de-galicia\/"},"wordCount":390,"publisher":{"@id":"https:\/\/www.emplea-te.com\/noticias-oposiciones\/#organization"},"keywords":["Convocatoria","Informaci\u00f3n procesos selectivos"],"articleSection":["EGAP"],"inLanguage":"es"},{"@type":"WebPage","@id":"https:\/\/www.emplea-te.com\/noticias-oposiciones\/egap-convocatoria-programa-de-autoformacion-para-el-personal-al-servicio-de-la-administracion-publica-de-la-comunidad-autonoma-de-galicia\/","url":"https:\/\/www.emplea-te.com\/noticias-oposiciones\/egap-convocatoria-programa-de-autoformacion-para-el-personal-al-servicio-de-la-administracion-publica-de-la-comunidad-autonoma-de-galicia\/","name":"EGAP. Convocatoria programa de autoformaci\u00f3n.","isPartOf":{"@id":"https:\/\/www.emplea-te.com\/noticias-oposiciones\/#website"},"datePublished":"2025-06-02T06:46:51+00:00","description":"EGAP. Convocatoria programa de autoformaci\u00f3n para el personal al servicio de la Administraci\u00f3n p\u00fablica de la Comunidad Aut\u00f3noma de Galicia.","breadcrumb":{"@id":"https:\/\/www.emplea-te.com\/noticias-oposiciones\/egap-convocatoria-programa-de-autoformacion-para-el-personal-al-servicio-de-la-administracion-publica-de-la-comunidad-autonoma-de-galicia\/#breadcrumb"},"inLanguage":"es","potentialAction":[{"@type":"ReadAction","target":["https:\/\/www.emplea-te.com\/noticias-oposiciones\/egap-convocatoria-programa-de-autoformacion-para-el-personal-al-servicio-de-la-administracion-publica-de-la-comunidad-autonoma-de-galicia\/"]}]},{"@type":"BreadcrumbList","@id":"https:\/\/www.emplea-te.com\/noticias-oposiciones\/egap-convocatoria-programa-de-autoformacion-para-el-personal-al-servicio-de-la-administracion-publica-de-la-comunidad-autonoma-de-galicia\/#breadcrumb","itemListElement":[{"@type":"ListItem","position":1,"name":"Noticias Oposiciones","item":"https:\/\/www.emplea-te.com\/noticias-oposiciones\/"},{"@type":"ListItem","position":2,"name":"EGAP","item":"https:\/\/www.emplea-te.com\/noticias-oposiciones\/categoria\/egap\/"},{"@type":"ListItem","position":3,"name":"EGAP. Convocatoria programa de autoformaci\u00f3n para el personal al servicio de la Administraci\u00f3n p\u00fablica de la Comunidad Aut\u00f3noma de Galicia."}]},{"@type":"WebSite","@id":"https:\/\/www.emplea-te.com\/noticias-oposiciones\/#website","url":"https:\/\/www.emplea-te.com\/noticias-oposiciones\/","name":"Noticas de oposiciones por Academia Emplea-te","description":"Toda la actualidad de las ofertas y convocatorias.","publisher":{"@id":"https:\/\/www.emplea-te.com\/noticias-oposiciones\/#organization"},"potentialAction":[{"@type":"SearchAction","target":{"@type":"EntryPoint","urlTemplate":"https:\/\/www.emplea-te.com\/noticias-oposiciones\/?s={search_term_string}"},"query-input":{"@type":"PropertyValueSpecification","valueRequired":true,"valueName":"search_term_string"}}],"inLanguage":"es"},{"@type":"Organization","@id":"https:\/\/www.emplea-te.com\/noticias-oposiciones\/#organization","name":"Academia de oposiciones Empl\u00e9ate","url":"https:\/\/www.emplea-te.com\/noticias-oposiciones\/","logo":{"@type":"ImageObject","inLanguage":"es","@id":"https:\/\/www.emplea-te.com\/noticias-oposiciones\/#\/schema\/logo\/image\/","url":"https:\/\/www.emplea-te.com\/noticias-oposiciones\/wp-content\/uploads\/2019\/04\/empleate.jpg","contentUrl":"https:\/\/www.emplea-te.com\/noticias-oposiciones\/wp-content\/uploads\/2019\/04\/empleate.jpg","width":250,"height":150,"caption":"Academia de oposiciones Empl\u00e9ate"},"image":{"@id":"https:\/\/www.emplea-te.com\/noticias-oposiciones\/#\/schema\/logo\/image\/"},"sameAs":["https:\/\/www.facebook.com\/AcademiaEmpleate\/","https:\/\/x.com\/Emplea_Te","https:\/\/www.instagram.com\/academia_empleate\/"]},{"@type":"Person","@id":"https:\/\/www.emplea-te.com\/noticias-oposiciones\/#\/schema\/person\/d1bc587e1af2b95e9c32aba1795509a6","name":"Empleate"}]}},"_links":{"self":[{"href":"https:\/\/www.emplea-te.com\/noticias-oposiciones\/wp-json\/wp\/v2\/posts\/15493","targetHints":{"allow":["GET"]}}],"collection":[{"href":"https:\/\/www.emplea-te.com\/noticias-oposiciones\/wp-json\/wp\/v2\/posts"}],"about":[{"href":"https:\/\/www.emplea-te.com\/noticias-oposiciones\/wp-json\/wp\/v2\/types\/post"}],"author":[{"embeddable":true,"href":"https:\/\/www.emplea-te.com\/noticias-oposiciones\/wp-json\/wp\/v2\/users\/1"}],"replies":[{"embeddable":true,"href":"https:\/\/www.emplea-te.com\/noticias-oposiciones\/wp-json\/wp\/v2\/comments?post=15493"}],"version-history":[{"count":1,"href":"https:\/\/www.emplea-te.com\/noticias-oposiciones\/wp-json\/wp\/v2\/posts\/15493\/revisions"}],"predecessor-version":[{"id":15494,"href":"https:\/\/www.emplea-te.com\/noticias-oposiciones\/wp-json\/wp\/v2\/posts\/15493\/revisions\/15494"}],"wp:attachment":[{"href":"https:\/\/www.emplea-te.com\/noticias-oposiciones\/wp-json\/wp\/v2\/media?parent=15493"}],"wp:term":[{"taxonomy":"category","embeddable":true,"href":"https:\/\/www.emplea-te.com\/noticias-oposiciones\/wp-json\/wp\/v2\/categories?post=15493"},{"taxonomy":"post_tag","embeddable":true,"href":"https:\/\/www.emplea-te.com\/noticias-oposiciones\/wp-json\/wp\/v2\/tags?post=15493"}],"curies":[{"name":"wp","href":"https:\/\/api.w.org\/{rel}","templated":true}]}}