{"id":15503,"date":"2025-06-03T09:42:43","date_gmt":"2025-06-03T07:42:43","guid":{"rendered":"https:\/\/www.emplea-te.com\/noticias-oposiciones\/?p=15503"},"modified":"2025-06-03T09:42:43","modified_gmt":"2025-06-03T07:42:43","slug":"diputacion-de-a-coruna-puntuaciones-definitivas-del-proceso-selectivo-convocado-para-cubrir-4-plazas-de-tecnico-de-gestion-a2-por-turno-libre-de-las-oeps-2020-2022","status":"publish","type":"post","link":"https:\/\/www.emplea-te.com\/noticias-oposiciones\/diputacion-de-a-coruna-puntuaciones-definitivas-del-proceso-selectivo-convocado-para-cubrir-4-plazas-de-tecnico-de-gestion-a2-por-turno-libre-de-las-oeps-2020-2022\/","title":{"rendered":"Diputaci\u00f3n de A Coru\u00f1a. Puntuaciones definitivas del proceso selectivo convocado para cubrir 4 plazas de T\u00e9cnico de Gesti\u00f3n A2 por turno libre de las OEPs 2020\/2022."},"content":{"rendered":"<p>El Tribunal Encargado de Calificar el proceso selectivo convocado para cubrir 4 plazas de T\u00e9cnico de Gesti\u00f3n A2 (OEPs 2020\/2022) acord\u00f3 lo siguiente:<\/p>\n<p>1. Declarar exentas de realizar el cuarto ejercicio de la fase de oposici\u00f3n a las personas candidatas que superaron el tercero ejercicio, una vez comprobado que han acreditado estar en posesi\u00f3n del certificado de lengua gallega Celga 4, de acuerdo con el dispuesto en la base V.2 de las espec\u00edficas de la<br \/>\nconvocatoria publicadas en el BOP n\u00famero 90 de 12 de mayo de 2023.<\/p>\n<p>2. Publicar la puntuaci\u00f3n definitiva del proceso selectivo.<\/p>\n<p>3. Proponer a la Presidencia de la Diputaci\u00f3n el nombramiento de las siguientes personas candidatas como personal funcionario de carrera, subgrupo A2, escala de administraci\u00f3n general, subescala de gesti\u00f3n,<br \/>\nplaza de t\u00e9cnico de gesti\u00f3n de administraci\u00f3n general a las personas citadas en este Acuerdo.<\/p>\n<p><a href=\"https:\/\/dacoruna.convoca.online\/\" target=\"_blank\" rel=\"noopener\"><strong>Accede a la informaci\u00f3n completa de este Acuerdo desde este enlace.\u00a0<\/strong><\/a><\/p>\n","protected":false},"excerpt":{"rendered":"<p>El Tribunal Encargado de Calificar el proceso selectivo convocado para cubrir 4 plazas de T\u00e9cnico de Gesti\u00f3n A2 (OEPs 2020\/2022) acord\u00f3 lo siguiente: 1. Declarar exentas de realizar el cuarto ejercicio de la fase de oposici\u00f3n a las personas candidatas que superaron el tercero ejercicio, una vez comprobado que han acreditado estar en posesi\u00f3n del &hellip; <a href=\"https:\/\/www.emplea-te.com\/noticias-oposiciones\/diputacion-de-a-coruna-puntuaciones-definitivas-del-proceso-selectivo-convocado-para-cubrir-4-plazas-de-tecnico-de-gestion-a2-por-turno-libre-de-las-oeps-2020-2022\/\" class=\"more-link\">Continuar leyendo<span class=\"screen-reader-text\"> \u00abDiputaci\u00f3n de A Coru\u00f1a. Puntuaciones definitivas del proceso selectivo convocado para cubrir 4 plazas de T\u00e9cnico de Gesti\u00f3n A2 por turno libre de las OEPs 2020\/2022.\u00bb<\/span><\/a><\/p>\n","protected":false},"author":1,"featured_media":0,"comment_status":"closed","ping_status":"closed","sticky":false,"template":"","format":"standard","meta":{"footnotes":""},"categories":[27,56],"tags":[82,88,49,103],"class_list":["post-15503","post","type-post","status-publish","format-standard","hentry","category-diputacion-de-a-coruna","category-oposiciones-autonomicas-galicia","tag-acceso-libre","tag-aprobados-proceso-selectivo","tag-convocatorias-de-oposiciones","tag-informacion-procesos-selectivos"],"yoast_head":"<!-- This site is optimized with the Yoast SEO plugin v27.3 - https:\/\/yoast.com\/product\/yoast-seo-wordpress\/ -->\n<title>Diputaci\u00f3n de A Coru\u00f1a. Aprobados T\u00e9cnico de gesti\u00f3n A2.<\/title>\n<meta name=\"description\" content=\"Diputaci\u00f3n de A Coru\u00f1a. Puntuaciones definitivas del proceso selectivo convocado para cubrir 4 plazas de T\u00e9cnico de Gesti\u00f3n A2 por turno libre de las OEPs 2020\/2022.\" \/>\n<meta name=\"robots\" content=\"index, follow, max-snippet:-1, max-image-preview:large, max-video-preview:-1\" \/>\n<link rel=\"canonical\" href=\"https:\/\/www.emplea-te.com\/noticias-oposiciones\/diputacion-de-a-coruna-puntuaciones-definitivas-del-proceso-selectivo-convocado-para-cubrir-4-plazas-de-tecnico-de-gestion-a2-por-turno-libre-de-las-oeps-2020-2022\/\" \/>\n<meta property=\"og:locale\" content=\"es_ES\" \/>\n<meta property=\"og:type\" content=\"article\" \/>\n<meta property=\"og:title\" content=\"Diputaci\u00f3n de A Coru\u00f1a. Aprobados T\u00e9cnico de gesti\u00f3n A2.\" \/>\n<meta property=\"og:description\" content=\"Diputaci\u00f3n de A Coru\u00f1a. Puntuaciones definitivas del proceso selectivo convocado para cubrir 4 plazas de T\u00e9cnico de Gesti\u00f3n A2 por turno libre de las OEPs 2020\/2022.\" \/>\n<meta property=\"og:url\" content=\"https:\/\/www.emplea-te.com\/noticias-oposiciones\/diputacion-de-a-coruna-puntuaciones-definitivas-del-proceso-selectivo-convocado-para-cubrir-4-plazas-de-tecnico-de-gestion-a2-por-turno-libre-de-las-oeps-2020-2022\/\" \/>\n<meta property=\"og:site_name\" content=\"Noticas de oposiciones por Academia Emplea-te\" \/>\n<meta property=\"article:publisher\" content=\"https:\/\/www.facebook.com\/AcademiaEmpleate\/\" \/>\n<meta property=\"article:published_time\" content=\"2025-06-03T07:42:43+00:00\" \/>\n<meta name=\"author\" content=\"Empleate\" \/>\n<meta name=\"twitter:card\" content=\"summary_large_image\" \/>\n<meta name=\"twitter:creator\" content=\"@Emplea_Te\" \/>\n<meta name=\"twitter:site\" content=\"@Emplea_Te\" \/>\n<meta name=\"twitter:label1\" content=\"Escrito por\" \/>\n\t<meta name=\"twitter:data1\" content=\"Empleate\" \/>\n\t<meta name=\"twitter:label2\" content=\"Tiempo de lectura\" \/>\n\t<meta name=\"twitter:data2\" content=\"1 minuto\" \/>\n<script type=\"application\/ld+json\" class=\"yoast-schema-graph\">{\"@context\":\"https:\\\/\\\/schema.org\",\"@graph\":[{\"@type\":\"Article\",\"@id\":\"https:\\\/\\\/www.emplea-te.com\\\/noticias-oposiciones\\\/diputacion-de-a-coruna-puntuaciones-definitivas-del-proceso-selectivo-convocado-para-cubrir-4-plazas-de-tecnico-de-gestion-a2-por-turno-libre-de-las-oeps-2020-2022\\\/#article\",\"isPartOf\":{\"@id\":\"https:\\\/\\\/www.emplea-te.com\\\/noticias-oposiciones\\\/diputacion-de-a-coruna-puntuaciones-definitivas-del-proceso-selectivo-convocado-para-cubrir-4-plazas-de-tecnico-de-gestion-a2-por-turno-libre-de-las-oeps-2020-2022\\\/\"},\"author\":{\"name\":\"Empleate\",\"@id\":\"https:\\\/\\\/www.emplea-te.com\\\/noticias-oposiciones\\\/#\\\/schema\\\/person\\\/d1bc587e1af2b95e9c32aba1795509a6\"},\"headline\":\"Diputaci\u00f3n de A Coru\u00f1a. Puntuaciones definitivas del proceso selectivo convocado para cubrir 4 plazas de T\u00e9cnico de Gesti\u00f3n A2 por turno libre de las OEPs 2020\\\/2022.\",\"datePublished\":\"2025-06-03T07:42:43+00:00\",\"mainEntityOfPage\":{\"@id\":\"https:\\\/\\\/www.emplea-te.com\\\/noticias-oposiciones\\\/diputacion-de-a-coruna-puntuaciones-definitivas-del-proceso-selectivo-convocado-para-cubrir-4-plazas-de-tecnico-de-gestion-a2-por-turno-libre-de-las-oeps-2020-2022\\\/\"},\"wordCount\":184,\"publisher\":{\"@id\":\"https:\\\/\\\/www.emplea-te.com\\\/noticias-oposiciones\\\/#organization\"},\"keywords\":[\"Acceso libre\",\"Aprobados proceso selectivo\",\"Convocatoria\",\"Informaci\u00f3n procesos selectivos\"],\"articleSection\":[\"Diputaci\u00f3n de A Coru\u00f1a\",\"Oposiciones Auton\u00f3micas Galicia\"],\"inLanguage\":\"es\"},{\"@type\":\"WebPage\",\"@id\":\"https:\\\/\\\/www.emplea-te.com\\\/noticias-oposiciones\\\/diputacion-de-a-coruna-puntuaciones-definitivas-del-proceso-selectivo-convocado-para-cubrir-4-plazas-de-tecnico-de-gestion-a2-por-turno-libre-de-las-oeps-2020-2022\\\/\",\"url\":\"https:\\\/\\\/www.emplea-te.com\\\/noticias-oposiciones\\\/diputacion-de-a-coruna-puntuaciones-definitivas-del-proceso-selectivo-convocado-para-cubrir-4-plazas-de-tecnico-de-gestion-a2-por-turno-libre-de-las-oeps-2020-2022\\\/\",\"name\":\"Diputaci\u00f3n de A Coru\u00f1a. Aprobados T\u00e9cnico de gesti\u00f3n A2.\",\"isPartOf\":{\"@id\":\"https:\\\/\\\/www.emplea-te.com\\\/noticias-oposiciones\\\/#website\"},\"datePublished\":\"2025-06-03T07:42:43+00:00\",\"description\":\"Diputaci\u00f3n de A Coru\u00f1a. Puntuaciones definitivas del proceso selectivo convocado para cubrir 4 plazas de T\u00e9cnico de Gesti\u00f3n A2 por turno libre de las OEPs 2020\\\/2022.\",\"breadcrumb\":{\"@id\":\"https:\\\/\\\/www.emplea-te.com\\\/noticias-oposiciones\\\/diputacion-de-a-coruna-puntuaciones-definitivas-del-proceso-selectivo-convocado-para-cubrir-4-plazas-de-tecnico-de-gestion-a2-por-turno-libre-de-las-oeps-2020-2022\\\/#breadcrumb\"},\"inLanguage\":\"es\",\"potentialAction\":[{\"@type\":\"ReadAction\",\"target\":[\"https:\\\/\\\/www.emplea-te.com\\\/noticias-oposiciones\\\/diputacion-de-a-coruna-puntuaciones-definitivas-del-proceso-selectivo-convocado-para-cubrir-4-plazas-de-tecnico-de-gestion-a2-por-turno-libre-de-las-oeps-2020-2022\\\/\"]}]},{\"@type\":\"BreadcrumbList\",\"@id\":\"https:\\\/\\\/www.emplea-te.com\\\/noticias-oposiciones\\\/diputacion-de-a-coruna-puntuaciones-definitivas-del-proceso-selectivo-convocado-para-cubrir-4-plazas-de-tecnico-de-gestion-a2-por-turno-libre-de-las-oeps-2020-2022\\\/#breadcrumb\",\"itemListElement\":[{\"@type\":\"ListItem\",\"position\":1,\"name\":\"Noticias Oposiciones\",\"item\":\"https:\\\/\\\/www.emplea-te.com\\\/noticias-oposiciones\\\/\"},{\"@type\":\"ListItem\",\"position\":2,\"name\":\"Oposiciones Auton\u00f3micas Galicia\",\"item\":\"https:\\\/\\\/www.emplea-te.com\\\/noticias-oposiciones\\\/categoria\\\/oposiciones-autonomicas-galicia\\\/\"},{\"@type\":\"ListItem\",\"position\":3,\"name\":\"Diputaci\u00f3n de A Coru\u00f1a\",\"item\":\"https:\\\/\\\/www.emplea-te.com\\\/noticias-oposiciones\\\/categoria\\\/oposiciones-autonomicas-galicia\\\/diputacion-de-a-coruna\\\/\"},{\"@type\":\"ListItem\",\"position\":4,\"name\":\"Diputaci\u00f3n de A Coru\u00f1a. Puntuaciones definitivas del proceso selectivo convocado para cubrir 4 plazas de T\u00e9cnico de Gesti\u00f3n A2 por turno libre de las OEPs 2020\\\/2022.\"}]},{\"@type\":\"WebSite\",\"@id\":\"https:\\\/\\\/www.emplea-te.com\\\/noticias-oposiciones\\\/#website\",\"url\":\"https:\\\/\\\/www.emplea-te.com\\\/noticias-oposiciones\\\/\",\"name\":\"Noticas de oposiciones por Academia Emplea-te\",\"description\":\"Toda la actualidad de las ofertas y convocatorias.\",\"publisher\":{\"@id\":\"https:\\\/\\\/www.emplea-te.com\\\/noticias-oposiciones\\\/#organization\"},\"potentialAction\":[{\"@type\":\"SearchAction\",\"target\":{\"@type\":\"EntryPoint\",\"urlTemplate\":\"https:\\\/\\\/www.emplea-te.com\\\/noticias-oposiciones\\\/?s={search_term_string}\"},\"query-input\":{\"@type\":\"PropertyValueSpecification\",\"valueRequired\":true,\"valueName\":\"search_term_string\"}}],\"inLanguage\":\"es\"},{\"@type\":\"Organization\",\"@id\":\"https:\\\/\\\/www.emplea-te.com\\\/noticias-oposiciones\\\/#organization\",\"name\":\"Academia de oposiciones Empl\u00e9ate\",\"url\":\"https:\\\/\\\/www.emplea-te.com\\\/noticias-oposiciones\\\/\",\"logo\":{\"@type\":\"ImageObject\",\"inLanguage\":\"es\",\"@id\":\"https:\\\/\\\/www.emplea-te.com\\\/noticias-oposiciones\\\/#\\\/schema\\\/logo\\\/image\\\/\",\"url\":\"https:\\\/\\\/www.emplea-te.com\\\/noticias-oposiciones\\\/wp-content\\\/uploads\\\/2019\\\/04\\\/empleate.jpg\",\"contentUrl\":\"https:\\\/\\\/www.emplea-te.com\\\/noticias-oposiciones\\\/wp-content\\\/uploads\\\/2019\\\/04\\\/empleate.jpg\",\"width\":250,\"height\":150,\"caption\":\"Academia de oposiciones Empl\u00e9ate\"},\"image\":{\"@id\":\"https:\\\/\\\/www.emplea-te.com\\\/noticias-oposiciones\\\/#\\\/schema\\\/logo\\\/image\\\/\"},\"sameAs\":[\"https:\\\/\\\/www.facebook.com\\\/AcademiaEmpleate\\\/\",\"https:\\\/\\\/x.com\\\/Emplea_Te\",\"https:\\\/\\\/www.instagram.com\\\/academia_empleate\\\/\"]},{\"@type\":\"Person\",\"@id\":\"https:\\\/\\\/www.emplea-te.com\\\/noticias-oposiciones\\\/#\\\/schema\\\/person\\\/d1bc587e1af2b95e9c32aba1795509a6\",\"name\":\"Empleate\"}]}<\/script>\n<!-- \/ Yoast SEO plugin. -->","yoast_head_json":{"title":"Diputaci\u00f3n de A Coru\u00f1a. Aprobados T\u00e9cnico de gesti\u00f3n A2.","description":"Diputaci\u00f3n de A Coru\u00f1a. Puntuaciones definitivas del proceso selectivo convocado para cubrir 4 plazas de T\u00e9cnico de Gesti\u00f3n A2 por turno libre de las OEPs 2020\/2022.","robots":{"index":"index","follow":"follow","max-snippet":"max-snippet:-1","max-image-preview":"max-image-preview:large","max-video-preview":"max-video-preview:-1"},"canonical":"https:\/\/www.emplea-te.com\/noticias-oposiciones\/diputacion-de-a-coruna-puntuaciones-definitivas-del-proceso-selectivo-convocado-para-cubrir-4-plazas-de-tecnico-de-gestion-a2-por-turno-libre-de-las-oeps-2020-2022\/","og_locale":"es_ES","og_type":"article","og_title":"Diputaci\u00f3n de A Coru\u00f1a. Aprobados T\u00e9cnico de gesti\u00f3n A2.","og_description":"Diputaci\u00f3n de A Coru\u00f1a. Puntuaciones definitivas del proceso selectivo convocado para cubrir 4 plazas de T\u00e9cnico de Gesti\u00f3n A2 por turno libre de las OEPs 2020\/2022.","og_url":"https:\/\/www.emplea-te.com\/noticias-oposiciones\/diputacion-de-a-coruna-puntuaciones-definitivas-del-proceso-selectivo-convocado-para-cubrir-4-plazas-de-tecnico-de-gestion-a2-por-turno-libre-de-las-oeps-2020-2022\/","og_site_name":"Noticas de oposiciones por Academia Emplea-te","article_publisher":"https:\/\/www.facebook.com\/AcademiaEmpleate\/","article_published_time":"2025-06-03T07:42:43+00:00","author":"Empleate","twitter_card":"summary_large_image","twitter_creator":"@Emplea_Te","twitter_site":"@Emplea_Te","twitter_misc":{"Escrito por":"Empleate","Tiempo de lectura":"1 minuto"},"schema":{"@context":"https:\/\/schema.org","@graph":[{"@type":"Article","@id":"https:\/\/www.emplea-te.com\/noticias-oposiciones\/diputacion-de-a-coruna-puntuaciones-definitivas-del-proceso-selectivo-convocado-para-cubrir-4-plazas-de-tecnico-de-gestion-a2-por-turno-libre-de-las-oeps-2020-2022\/#article","isPartOf":{"@id":"https:\/\/www.emplea-te.com\/noticias-oposiciones\/diputacion-de-a-coruna-puntuaciones-definitivas-del-proceso-selectivo-convocado-para-cubrir-4-plazas-de-tecnico-de-gestion-a2-por-turno-libre-de-las-oeps-2020-2022\/"},"author":{"name":"Empleate","@id":"https:\/\/www.emplea-te.com\/noticias-oposiciones\/#\/schema\/person\/d1bc587e1af2b95e9c32aba1795509a6"},"headline":"Diputaci\u00f3n de A Coru\u00f1a. Puntuaciones definitivas del proceso selectivo convocado para cubrir 4 plazas de T\u00e9cnico de Gesti\u00f3n A2 por turno libre de las OEPs 2020\/2022.","datePublished":"2025-06-03T07:42:43+00:00","mainEntityOfPage":{"@id":"https:\/\/www.emplea-te.com\/noticias-oposiciones\/diputacion-de-a-coruna-puntuaciones-definitivas-del-proceso-selectivo-convocado-para-cubrir-4-plazas-de-tecnico-de-gestion-a2-por-turno-libre-de-las-oeps-2020-2022\/"},"wordCount":184,"publisher":{"@id":"https:\/\/www.emplea-te.com\/noticias-oposiciones\/#organization"},"keywords":["Acceso libre","Aprobados proceso selectivo","Convocatoria","Informaci\u00f3n procesos selectivos"],"articleSection":["Diputaci\u00f3n de A Coru\u00f1a","Oposiciones Auton\u00f3micas Galicia"],"inLanguage":"es"},{"@type":"WebPage","@id":"https:\/\/www.emplea-te.com\/noticias-oposiciones\/diputacion-de-a-coruna-puntuaciones-definitivas-del-proceso-selectivo-convocado-para-cubrir-4-plazas-de-tecnico-de-gestion-a2-por-turno-libre-de-las-oeps-2020-2022\/","url":"https:\/\/www.emplea-te.com\/noticias-oposiciones\/diputacion-de-a-coruna-puntuaciones-definitivas-del-proceso-selectivo-convocado-para-cubrir-4-plazas-de-tecnico-de-gestion-a2-por-turno-libre-de-las-oeps-2020-2022\/","name":"Diputaci\u00f3n de A Coru\u00f1a. Aprobados T\u00e9cnico de gesti\u00f3n A2.","isPartOf":{"@id":"https:\/\/www.emplea-te.com\/noticias-oposiciones\/#website"},"datePublished":"2025-06-03T07:42:43+00:00","description":"Diputaci\u00f3n de A Coru\u00f1a. Puntuaciones definitivas del proceso selectivo convocado para cubrir 4 plazas de T\u00e9cnico de Gesti\u00f3n A2 por turno libre de las OEPs 2020\/2022.","breadcrumb":{"@id":"https:\/\/www.emplea-te.com\/noticias-oposiciones\/diputacion-de-a-coruna-puntuaciones-definitivas-del-proceso-selectivo-convocado-para-cubrir-4-plazas-de-tecnico-de-gestion-a2-por-turno-libre-de-las-oeps-2020-2022\/#breadcrumb"},"inLanguage":"es","potentialAction":[{"@type":"ReadAction","target":["https:\/\/www.emplea-te.com\/noticias-oposiciones\/diputacion-de-a-coruna-puntuaciones-definitivas-del-proceso-selectivo-convocado-para-cubrir-4-plazas-de-tecnico-de-gestion-a2-por-turno-libre-de-las-oeps-2020-2022\/"]}]},{"@type":"BreadcrumbList","@id":"https:\/\/www.emplea-te.com\/noticias-oposiciones\/diputacion-de-a-coruna-puntuaciones-definitivas-del-proceso-selectivo-convocado-para-cubrir-4-plazas-de-tecnico-de-gestion-a2-por-turno-libre-de-las-oeps-2020-2022\/#breadcrumb","itemListElement":[{"@type":"ListItem","position":1,"name":"Noticias Oposiciones","item":"https:\/\/www.emplea-te.com\/noticias-oposiciones\/"},{"@type":"ListItem","position":2,"name":"Oposiciones Auton\u00f3micas Galicia","item":"https:\/\/www.emplea-te.com\/noticias-oposiciones\/categoria\/oposiciones-autonomicas-galicia\/"},{"@type":"ListItem","position":3,"name":"Diputaci\u00f3n de A Coru\u00f1a","item":"https:\/\/www.emplea-te.com\/noticias-oposiciones\/categoria\/oposiciones-autonomicas-galicia\/diputacion-de-a-coruna\/"},{"@type":"ListItem","position":4,"name":"Diputaci\u00f3n de A Coru\u00f1a. Puntuaciones definitivas del proceso selectivo convocado para cubrir 4 plazas de T\u00e9cnico de Gesti\u00f3n A2 por turno libre de las OEPs 2020\/2022."}]},{"@type":"WebSite","@id":"https:\/\/www.emplea-te.com\/noticias-oposiciones\/#website","url":"https:\/\/www.emplea-te.com\/noticias-oposiciones\/","name":"Noticas de oposiciones por Academia Emplea-te","description":"Toda la actualidad de las ofertas y convocatorias.","publisher":{"@id":"https:\/\/www.emplea-te.com\/noticias-oposiciones\/#organization"},"potentialAction":[{"@type":"SearchAction","target":{"@type":"EntryPoint","urlTemplate":"https:\/\/www.emplea-te.com\/noticias-oposiciones\/?s={search_term_string}"},"query-input":{"@type":"PropertyValueSpecification","valueRequired":true,"valueName":"search_term_string"}}],"inLanguage":"es"},{"@type":"Organization","@id":"https:\/\/www.emplea-te.com\/noticias-oposiciones\/#organization","name":"Academia de oposiciones Empl\u00e9ate","url":"https:\/\/www.emplea-te.com\/noticias-oposiciones\/","logo":{"@type":"ImageObject","inLanguage":"es","@id":"https:\/\/www.emplea-te.com\/noticias-oposiciones\/#\/schema\/logo\/image\/","url":"https:\/\/www.emplea-te.com\/noticias-oposiciones\/wp-content\/uploads\/2019\/04\/empleate.jpg","contentUrl":"https:\/\/www.emplea-te.com\/noticias-oposiciones\/wp-content\/uploads\/2019\/04\/empleate.jpg","width":250,"height":150,"caption":"Academia de oposiciones Empl\u00e9ate"},"image":{"@id":"https:\/\/www.emplea-te.com\/noticias-oposiciones\/#\/schema\/logo\/image\/"},"sameAs":["https:\/\/www.facebook.com\/AcademiaEmpleate\/","https:\/\/x.com\/Emplea_Te","https:\/\/www.instagram.com\/academia_empleate\/"]},{"@type":"Person","@id":"https:\/\/www.emplea-te.com\/noticias-oposiciones\/#\/schema\/person\/d1bc587e1af2b95e9c32aba1795509a6","name":"Empleate"}]}},"_links":{"self":[{"href":"https:\/\/www.emplea-te.com\/noticias-oposiciones\/wp-json\/wp\/v2\/posts\/15503","targetHints":{"allow":["GET"]}}],"collection":[{"href":"https:\/\/www.emplea-te.com\/noticias-oposiciones\/wp-json\/wp\/v2\/posts"}],"about":[{"href":"https:\/\/www.emplea-te.com\/noticias-oposiciones\/wp-json\/wp\/v2\/types\/post"}],"author":[{"embeddable":true,"href":"https:\/\/www.emplea-te.com\/noticias-oposiciones\/wp-json\/wp\/v2\/users\/1"}],"replies":[{"embeddable":true,"href":"https:\/\/www.emplea-te.com\/noticias-oposiciones\/wp-json\/wp\/v2\/comments?post=15503"}],"version-history":[{"count":1,"href":"https:\/\/www.emplea-te.com\/noticias-oposiciones\/wp-json\/wp\/v2\/posts\/15503\/revisions"}],"predecessor-version":[{"id":15504,"href":"https:\/\/www.emplea-te.com\/noticias-oposiciones\/wp-json\/wp\/v2\/posts\/15503\/revisions\/15504"}],"wp:attachment":[{"href":"https:\/\/www.emplea-te.com\/noticias-oposiciones\/wp-json\/wp\/v2\/media?parent=15503"}],"wp:term":[{"taxonomy":"category","embeddable":true,"href":"https:\/\/www.emplea-te.com\/noticias-oposiciones\/wp-json\/wp\/v2\/categories?post=15503"},{"taxonomy":"post_tag","embeddable":true,"href":"https:\/\/www.emplea-te.com\/noticias-oposiciones\/wp-json\/wp\/v2\/tags?post=15503"}],"curies":[{"name":"wp","href":"https:\/\/api.w.org\/{rel}","templated":true}]}}