{"id":16230,"date":"2025-08-21T09:42:47","date_gmt":"2025-08-21T07:42:47","guid":{"rendered":"https:\/\/www.emplea-te.com\/noticias-oposiciones\/?p=16230"},"modified":"2025-08-21T09:42:47","modified_gmt":"2025-08-21T07:42:47","slug":"universidad-autonoma-de-madrid-aprobacion-de-la-oferta-de-empleo-publico-2025-de-ptgas","status":"publish","type":"post","link":"https:\/\/www.emplea-te.com\/noticias-oposiciones\/universidad-autonoma-de-madrid-aprobacion-de-la-oferta-de-empleo-publico-2025-de-ptgas\/","title":{"rendered":"Universidad Aut\u00f3noma de Madrid. Aprobaci\u00f3n de la Oferta de Empleo P\u00fablico 2025 de PTGAS."},"content":{"rendered":"<p>Se publica en el BOCM de hoy, d\u00eda 21 de agosto de 2025, la Resoluci\u00f3n de la Universidad Aut\u00f3noma de Madrid que aprueba su Oferta de Empleo P\u00fablico (OEP) para el a\u00f1o 2025.<\/p>\n<p>Puntos clave de la Resoluci\u00f3n:<br \/>\nLa Universidad Aut\u00f3noma de Madrid ha aprobado una Oferta de Empleo P\u00fablico para el Personal T\u00e9cnico, de Gesti\u00f3n y de Administraci\u00f3n y Servicios.<br \/>\nSe convocar\u00e1n 60 plazas de personal funcionario.<br \/>\nEl acceso a estas plazas ser\u00e1 mediante concurso p\u00fablico.<\/p>\n<p><a href=\"https:\/\/www.bocm.es\/boletin\/CM_Orden_BOCM\/2025\/08\/21\/BOCM-20250821-8.PDF\" target=\"_blank\" rel=\"noopener\"><strong>Accede a la Resoluci\u00f3n con su contenido \u00edntegro desde este enlace.\u00a0<\/strong><\/a><\/p>\n<p>Inf\u00f3rmate de nuestros <a href=\"https:\/\/academiamadrid.emplea-te.com\/category\/oposiciones-universidades\/\" target=\"_blank\" rel=\"noopener\"><strong>grupos presenciales y online de preparaci\u00f3n de oposiciones por turno libre de Personal T\u00e9cnico, de Gesti\u00f3n y Servicios de Universidades de Madrid.\u00a0<\/strong><\/a><\/p>\n","protected":false},"excerpt":{"rendered":"<p>Se publica en el BOCM de hoy, d\u00eda 21 de agosto de 2025, la Resoluci\u00f3n de la Universidad Aut\u00f3noma de Madrid que aprueba su Oferta de Empleo P\u00fablico (OEP) para el a\u00f1o 2025. Puntos clave de la Resoluci\u00f3n: La Universidad Aut\u00f3noma de Madrid ha aprobado una Oferta de Empleo P\u00fablico para el Personal T\u00e9cnico, de &hellip; <a href=\"https:\/\/www.emplea-te.com\/noticias-oposiciones\/universidad-autonoma-de-madrid-aprobacion-de-la-oferta-de-empleo-publico-2025-de-ptgas\/\" class=\"more-link\">Continuar leyendo<span class=\"screen-reader-text\"> \u00abUniversidad Aut\u00f3noma de Madrid. Aprobaci\u00f3n de la Oferta de Empleo P\u00fablico 2025 de PTGAS.\u00bb<\/span><\/a><\/p>\n","protected":false},"author":1,"featured_media":0,"comment_status":"closed","ping_status":"closed","sticky":false,"template":"","format":"standard","meta":{"footnotes":""},"categories":[109,110],"tags":[103,84],"class_list":["post-16230","post","type-post","status-publish","format-standard","hentry","category-oposiciones-madrid","category-p-a-s-universidades-madrid","tag-informacion-procesos-selectivos","tag-oferta-de-empleo-publico"],"yoast_head":"<!-- This site is optimized with the Yoast SEO plugin v27.3 - https:\/\/yoast.com\/product\/yoast-seo-wordpress\/ -->\n<title>Universidad Aut\u00f3noma de Madrid. Oferta Empleo P\u00fablico 2025.<\/title>\n<meta name=\"description\" content=\"Universidad Aut\u00f3noma de Madrid. Aprobaci\u00f3n de la Oferta de Empleo P\u00fablico 2025 de PTGAS. Inf\u00f3rmate en el enlace.\" \/>\n<meta name=\"robots\" content=\"index, follow, max-snippet:-1, max-image-preview:large, max-video-preview:-1\" \/>\n<link rel=\"canonical\" href=\"https:\/\/www.emplea-te.com\/noticias-oposiciones\/universidad-autonoma-de-madrid-aprobacion-de-la-oferta-de-empleo-publico-2025-de-ptgas\/\" \/>\n<meta property=\"og:locale\" content=\"es_ES\" \/>\n<meta property=\"og:type\" content=\"article\" \/>\n<meta property=\"og:title\" content=\"Universidad Aut\u00f3noma de Madrid. Oferta Empleo P\u00fablico 2025.\" \/>\n<meta property=\"og:description\" content=\"Universidad Aut\u00f3noma de Madrid. Aprobaci\u00f3n de la Oferta de Empleo P\u00fablico 2025 de PTGAS. Inf\u00f3rmate en el enlace.\" \/>\n<meta property=\"og:url\" content=\"https:\/\/www.emplea-te.com\/noticias-oposiciones\/universidad-autonoma-de-madrid-aprobacion-de-la-oferta-de-empleo-publico-2025-de-ptgas\/\" \/>\n<meta property=\"og:site_name\" content=\"Noticas de oposiciones por Academia Emplea-te\" \/>\n<meta property=\"article:publisher\" content=\"https:\/\/www.facebook.com\/AcademiaEmpleate\/\" \/>\n<meta property=\"article:published_time\" content=\"2025-08-21T07:42:47+00:00\" \/>\n<meta name=\"author\" content=\"Empleate\" \/>\n<meta name=\"twitter:card\" content=\"summary_large_image\" \/>\n<meta name=\"twitter:creator\" content=\"@Emplea_Te\" \/>\n<meta name=\"twitter:site\" content=\"@Emplea_Te\" \/>\n<meta name=\"twitter:label1\" content=\"Escrito por\" \/>\n\t<meta name=\"twitter:data1\" content=\"Empleate\" \/>\n\t<meta name=\"twitter:label2\" content=\"Tiempo de lectura\" \/>\n\t<meta name=\"twitter:data2\" content=\"1 minuto\" \/>\n<script type=\"application\/ld+json\" class=\"yoast-schema-graph\">{\"@context\":\"https:\\\/\\\/schema.org\",\"@graph\":[{\"@type\":\"Article\",\"@id\":\"https:\\\/\\\/www.emplea-te.com\\\/noticias-oposiciones\\\/universidad-autonoma-de-madrid-aprobacion-de-la-oferta-de-empleo-publico-2025-de-ptgas\\\/#article\",\"isPartOf\":{\"@id\":\"https:\\\/\\\/www.emplea-te.com\\\/noticias-oposiciones\\\/universidad-autonoma-de-madrid-aprobacion-de-la-oferta-de-empleo-publico-2025-de-ptgas\\\/\"},\"author\":{\"name\":\"Empleate\",\"@id\":\"https:\\\/\\\/www.emplea-te.com\\\/noticias-oposiciones\\\/#\\\/schema\\\/person\\\/d1bc587e1af2b95e9c32aba1795509a6\"},\"headline\":\"Universidad Aut\u00f3noma de Madrid. Aprobaci\u00f3n de la Oferta de Empleo P\u00fablico 2025 de PTGAS.\",\"datePublished\":\"2025-08-21T07:42:47+00:00\",\"mainEntityOfPage\":{\"@id\":\"https:\\\/\\\/www.emplea-te.com\\\/noticias-oposiciones\\\/universidad-autonoma-de-madrid-aprobacion-de-la-oferta-de-empleo-publico-2025-de-ptgas\\\/\"},\"wordCount\":143,\"publisher\":{\"@id\":\"https:\\\/\\\/www.emplea-te.com\\\/noticias-oposiciones\\\/#organization\"},\"keywords\":[\"Informaci\u00f3n procesos selectivos\",\"Oferta de Empleo P\u00fablico\"],\"articleSection\":[\"Oposiciones Madrid.\",\"P.A.S Universidades Madrid\"],\"inLanguage\":\"es\"},{\"@type\":\"WebPage\",\"@id\":\"https:\\\/\\\/www.emplea-te.com\\\/noticias-oposiciones\\\/universidad-autonoma-de-madrid-aprobacion-de-la-oferta-de-empleo-publico-2025-de-ptgas\\\/\",\"url\":\"https:\\\/\\\/www.emplea-te.com\\\/noticias-oposiciones\\\/universidad-autonoma-de-madrid-aprobacion-de-la-oferta-de-empleo-publico-2025-de-ptgas\\\/\",\"name\":\"Universidad Aut\u00f3noma de Madrid. Oferta Empleo P\u00fablico 2025.\",\"isPartOf\":{\"@id\":\"https:\\\/\\\/www.emplea-te.com\\\/noticias-oposiciones\\\/#website\"},\"datePublished\":\"2025-08-21T07:42:47+00:00\",\"description\":\"Universidad Aut\u00f3noma de Madrid. Aprobaci\u00f3n de la Oferta de Empleo P\u00fablico 2025 de PTGAS. Inf\u00f3rmate en el enlace.\",\"breadcrumb\":{\"@id\":\"https:\\\/\\\/www.emplea-te.com\\\/noticias-oposiciones\\\/universidad-autonoma-de-madrid-aprobacion-de-la-oferta-de-empleo-publico-2025-de-ptgas\\\/#breadcrumb\"},\"inLanguage\":\"es\",\"potentialAction\":[{\"@type\":\"ReadAction\",\"target\":[\"https:\\\/\\\/www.emplea-te.com\\\/noticias-oposiciones\\\/universidad-autonoma-de-madrid-aprobacion-de-la-oferta-de-empleo-publico-2025-de-ptgas\\\/\"]}]},{\"@type\":\"BreadcrumbList\",\"@id\":\"https:\\\/\\\/www.emplea-te.com\\\/noticias-oposiciones\\\/universidad-autonoma-de-madrid-aprobacion-de-la-oferta-de-empleo-publico-2025-de-ptgas\\\/#breadcrumb\",\"itemListElement\":[{\"@type\":\"ListItem\",\"position\":1,\"name\":\"Noticias Oposiciones\",\"item\":\"https:\\\/\\\/www.emplea-te.com\\\/noticias-oposiciones\\\/\"},{\"@type\":\"ListItem\",\"position\":2,\"name\":\"Oposiciones Madrid.\",\"item\":\"https:\\\/\\\/www.emplea-te.com\\\/noticias-oposiciones\\\/categoria\\\/oposiciones-madrid\\\/\"},{\"@type\":\"ListItem\",\"position\":3,\"name\":\"P.A.S Universidades Madrid\",\"item\":\"https:\\\/\\\/www.emplea-te.com\\\/noticias-oposiciones\\\/categoria\\\/oposiciones-madrid\\\/p-a-s-universidades-madrid\\\/\"},{\"@type\":\"ListItem\",\"position\":4,\"name\":\"Universidad Aut\u00f3noma de Madrid. Aprobaci\u00f3n de la Oferta de Empleo P\u00fablico 2025 de PTGAS.\"}]},{\"@type\":\"WebSite\",\"@id\":\"https:\\\/\\\/www.emplea-te.com\\\/noticias-oposiciones\\\/#website\",\"url\":\"https:\\\/\\\/www.emplea-te.com\\\/noticias-oposiciones\\\/\",\"name\":\"Noticas de oposiciones por Academia Emplea-te\",\"description\":\"Toda la actualidad de las ofertas y convocatorias.\",\"publisher\":{\"@id\":\"https:\\\/\\\/www.emplea-te.com\\\/noticias-oposiciones\\\/#organization\"},\"potentialAction\":[{\"@type\":\"SearchAction\",\"target\":{\"@type\":\"EntryPoint\",\"urlTemplate\":\"https:\\\/\\\/www.emplea-te.com\\\/noticias-oposiciones\\\/?s={search_term_string}\"},\"query-input\":{\"@type\":\"PropertyValueSpecification\",\"valueRequired\":true,\"valueName\":\"search_term_string\"}}],\"inLanguage\":\"es\"},{\"@type\":\"Organization\",\"@id\":\"https:\\\/\\\/www.emplea-te.com\\\/noticias-oposiciones\\\/#organization\",\"name\":\"Academia de oposiciones Empl\u00e9ate\",\"url\":\"https:\\\/\\\/www.emplea-te.com\\\/noticias-oposiciones\\\/\",\"logo\":{\"@type\":\"ImageObject\",\"inLanguage\":\"es\",\"@id\":\"https:\\\/\\\/www.emplea-te.com\\\/noticias-oposiciones\\\/#\\\/schema\\\/logo\\\/image\\\/\",\"url\":\"https:\\\/\\\/www.emplea-te.com\\\/noticias-oposiciones\\\/wp-content\\\/uploads\\\/2019\\\/04\\\/empleate.jpg\",\"contentUrl\":\"https:\\\/\\\/www.emplea-te.com\\\/noticias-oposiciones\\\/wp-content\\\/uploads\\\/2019\\\/04\\\/empleate.jpg\",\"width\":250,\"height\":150,\"caption\":\"Academia de oposiciones Empl\u00e9ate\"},\"image\":{\"@id\":\"https:\\\/\\\/www.emplea-te.com\\\/noticias-oposiciones\\\/#\\\/schema\\\/logo\\\/image\\\/\"},\"sameAs\":[\"https:\\\/\\\/www.facebook.com\\\/AcademiaEmpleate\\\/\",\"https:\\\/\\\/x.com\\\/Emplea_Te\",\"https:\\\/\\\/www.instagram.com\\\/academia_empleate\\\/\"]},{\"@type\":\"Person\",\"@id\":\"https:\\\/\\\/www.emplea-te.com\\\/noticias-oposiciones\\\/#\\\/schema\\\/person\\\/d1bc587e1af2b95e9c32aba1795509a6\",\"name\":\"Empleate\"}]}<\/script>\n<!-- \/ Yoast SEO plugin. -->","yoast_head_json":{"title":"Universidad Aut\u00f3noma de Madrid. Oferta Empleo P\u00fablico 2025.","description":"Universidad Aut\u00f3noma de Madrid. Aprobaci\u00f3n de la Oferta de Empleo P\u00fablico 2025 de PTGAS. Inf\u00f3rmate en el enlace.","robots":{"index":"index","follow":"follow","max-snippet":"max-snippet:-1","max-image-preview":"max-image-preview:large","max-video-preview":"max-video-preview:-1"},"canonical":"https:\/\/www.emplea-te.com\/noticias-oposiciones\/universidad-autonoma-de-madrid-aprobacion-de-la-oferta-de-empleo-publico-2025-de-ptgas\/","og_locale":"es_ES","og_type":"article","og_title":"Universidad Aut\u00f3noma de Madrid. Oferta Empleo P\u00fablico 2025.","og_description":"Universidad Aut\u00f3noma de Madrid. Aprobaci\u00f3n de la Oferta de Empleo P\u00fablico 2025 de PTGAS. Inf\u00f3rmate en el enlace.","og_url":"https:\/\/www.emplea-te.com\/noticias-oposiciones\/universidad-autonoma-de-madrid-aprobacion-de-la-oferta-de-empleo-publico-2025-de-ptgas\/","og_site_name":"Noticas de oposiciones por Academia Emplea-te","article_publisher":"https:\/\/www.facebook.com\/AcademiaEmpleate\/","article_published_time":"2025-08-21T07:42:47+00:00","author":"Empleate","twitter_card":"summary_large_image","twitter_creator":"@Emplea_Te","twitter_site":"@Emplea_Te","twitter_misc":{"Escrito por":"Empleate","Tiempo de lectura":"1 minuto"},"schema":{"@context":"https:\/\/schema.org","@graph":[{"@type":"Article","@id":"https:\/\/www.emplea-te.com\/noticias-oposiciones\/universidad-autonoma-de-madrid-aprobacion-de-la-oferta-de-empleo-publico-2025-de-ptgas\/#article","isPartOf":{"@id":"https:\/\/www.emplea-te.com\/noticias-oposiciones\/universidad-autonoma-de-madrid-aprobacion-de-la-oferta-de-empleo-publico-2025-de-ptgas\/"},"author":{"name":"Empleate","@id":"https:\/\/www.emplea-te.com\/noticias-oposiciones\/#\/schema\/person\/d1bc587e1af2b95e9c32aba1795509a6"},"headline":"Universidad Aut\u00f3noma de Madrid. Aprobaci\u00f3n de la Oferta de Empleo P\u00fablico 2025 de PTGAS.","datePublished":"2025-08-21T07:42:47+00:00","mainEntityOfPage":{"@id":"https:\/\/www.emplea-te.com\/noticias-oposiciones\/universidad-autonoma-de-madrid-aprobacion-de-la-oferta-de-empleo-publico-2025-de-ptgas\/"},"wordCount":143,"publisher":{"@id":"https:\/\/www.emplea-te.com\/noticias-oposiciones\/#organization"},"keywords":["Informaci\u00f3n procesos selectivos","Oferta de Empleo P\u00fablico"],"articleSection":["Oposiciones Madrid.","P.A.S Universidades Madrid"],"inLanguage":"es"},{"@type":"WebPage","@id":"https:\/\/www.emplea-te.com\/noticias-oposiciones\/universidad-autonoma-de-madrid-aprobacion-de-la-oferta-de-empleo-publico-2025-de-ptgas\/","url":"https:\/\/www.emplea-te.com\/noticias-oposiciones\/universidad-autonoma-de-madrid-aprobacion-de-la-oferta-de-empleo-publico-2025-de-ptgas\/","name":"Universidad Aut\u00f3noma de Madrid. Oferta Empleo P\u00fablico 2025.","isPartOf":{"@id":"https:\/\/www.emplea-te.com\/noticias-oposiciones\/#website"},"datePublished":"2025-08-21T07:42:47+00:00","description":"Universidad Aut\u00f3noma de Madrid. Aprobaci\u00f3n de la Oferta de Empleo P\u00fablico 2025 de PTGAS. Inf\u00f3rmate en el enlace.","breadcrumb":{"@id":"https:\/\/www.emplea-te.com\/noticias-oposiciones\/universidad-autonoma-de-madrid-aprobacion-de-la-oferta-de-empleo-publico-2025-de-ptgas\/#breadcrumb"},"inLanguage":"es","potentialAction":[{"@type":"ReadAction","target":["https:\/\/www.emplea-te.com\/noticias-oposiciones\/universidad-autonoma-de-madrid-aprobacion-de-la-oferta-de-empleo-publico-2025-de-ptgas\/"]}]},{"@type":"BreadcrumbList","@id":"https:\/\/www.emplea-te.com\/noticias-oposiciones\/universidad-autonoma-de-madrid-aprobacion-de-la-oferta-de-empleo-publico-2025-de-ptgas\/#breadcrumb","itemListElement":[{"@type":"ListItem","position":1,"name":"Noticias Oposiciones","item":"https:\/\/www.emplea-te.com\/noticias-oposiciones\/"},{"@type":"ListItem","position":2,"name":"Oposiciones Madrid.","item":"https:\/\/www.emplea-te.com\/noticias-oposiciones\/categoria\/oposiciones-madrid\/"},{"@type":"ListItem","position":3,"name":"P.A.S Universidades Madrid","item":"https:\/\/www.emplea-te.com\/noticias-oposiciones\/categoria\/oposiciones-madrid\/p-a-s-universidades-madrid\/"},{"@type":"ListItem","position":4,"name":"Universidad Aut\u00f3noma de Madrid. Aprobaci\u00f3n de la Oferta de Empleo P\u00fablico 2025 de PTGAS."}]},{"@type":"WebSite","@id":"https:\/\/www.emplea-te.com\/noticias-oposiciones\/#website","url":"https:\/\/www.emplea-te.com\/noticias-oposiciones\/","name":"Noticas de oposiciones por Academia Emplea-te","description":"Toda la actualidad de las ofertas y convocatorias.","publisher":{"@id":"https:\/\/www.emplea-te.com\/noticias-oposiciones\/#organization"},"potentialAction":[{"@type":"SearchAction","target":{"@type":"EntryPoint","urlTemplate":"https:\/\/www.emplea-te.com\/noticias-oposiciones\/?s={search_term_string}"},"query-input":{"@type":"PropertyValueSpecification","valueRequired":true,"valueName":"search_term_string"}}],"inLanguage":"es"},{"@type":"Organization","@id":"https:\/\/www.emplea-te.com\/noticias-oposiciones\/#organization","name":"Academia de oposiciones Empl\u00e9ate","url":"https:\/\/www.emplea-te.com\/noticias-oposiciones\/","logo":{"@type":"ImageObject","inLanguage":"es","@id":"https:\/\/www.emplea-te.com\/noticias-oposiciones\/#\/schema\/logo\/image\/","url":"https:\/\/www.emplea-te.com\/noticias-oposiciones\/wp-content\/uploads\/2019\/04\/empleate.jpg","contentUrl":"https:\/\/www.emplea-te.com\/noticias-oposiciones\/wp-content\/uploads\/2019\/04\/empleate.jpg","width":250,"height":150,"caption":"Academia de oposiciones Empl\u00e9ate"},"image":{"@id":"https:\/\/www.emplea-te.com\/noticias-oposiciones\/#\/schema\/logo\/image\/"},"sameAs":["https:\/\/www.facebook.com\/AcademiaEmpleate\/","https:\/\/x.com\/Emplea_Te","https:\/\/www.instagram.com\/academia_empleate\/"]},{"@type":"Person","@id":"https:\/\/www.emplea-te.com\/noticias-oposiciones\/#\/schema\/person\/d1bc587e1af2b95e9c32aba1795509a6","name":"Empleate"}]}},"_links":{"self":[{"href":"https:\/\/www.emplea-te.com\/noticias-oposiciones\/wp-json\/wp\/v2\/posts\/16230","targetHints":{"allow":["GET"]}}],"collection":[{"href":"https:\/\/www.emplea-te.com\/noticias-oposiciones\/wp-json\/wp\/v2\/posts"}],"about":[{"href":"https:\/\/www.emplea-te.com\/noticias-oposiciones\/wp-json\/wp\/v2\/types\/post"}],"author":[{"embeddable":true,"href":"https:\/\/www.emplea-te.com\/noticias-oposiciones\/wp-json\/wp\/v2\/users\/1"}],"replies":[{"embeddable":true,"href":"https:\/\/www.emplea-te.com\/noticias-oposiciones\/wp-json\/wp\/v2\/comments?post=16230"}],"version-history":[{"count":1,"href":"https:\/\/www.emplea-te.com\/noticias-oposiciones\/wp-json\/wp\/v2\/posts\/16230\/revisions"}],"predecessor-version":[{"id":16231,"href":"https:\/\/www.emplea-te.com\/noticias-oposiciones\/wp-json\/wp\/v2\/posts\/16230\/revisions\/16231"}],"wp:attachment":[{"href":"https:\/\/www.emplea-te.com\/noticias-oposiciones\/wp-json\/wp\/v2\/media?parent=16230"}],"wp:term":[{"taxonomy":"category","embeddable":true,"href":"https:\/\/www.emplea-te.com\/noticias-oposiciones\/wp-json\/wp\/v2\/categories?post=16230"},{"taxonomy":"post_tag","embeddable":true,"href":"https:\/\/www.emplea-te.com\/noticias-oposiciones\/wp-json\/wp\/v2\/tags?post=16230"}],"curies":[{"name":"wp","href":"https:\/\/api.w.org\/{rel}","templated":true}]}}