{"id":16234,"date":"2025-08-25T09:48:45","date_gmt":"2025-08-25T07:48:45","guid":{"rendered":"https:\/\/www.emplea-te.com\/noticias-oposiciones\/?p=16234"},"modified":"2025-08-25T09:48:45","modified_gmt":"2025-08-25T07:48:45","slug":"ayuntamiento-de-a-pastoriza-en-lugo-anuncio-de-la-proxima-convocatoria-de-plaza-de-conserje-por-concurso-oposicion","status":"publish","type":"post","link":"https:\/\/www.emplea-te.com\/noticias-oposiciones\/ayuntamiento-de-a-pastoriza-en-lugo-anuncio-de-la-proxima-convocatoria-de-plaza-de-conserje-por-concurso-oposicion\/","title":{"rendered":"Ayuntamiento de A Pastoriza en Lugo. Anuncio de la pr\u00f3xima convocatoria de plaza de Conserje por concurso-oposici\u00f3n."},"content":{"rendered":"<p>Se publica en el DOG de hoy, d\u00eda 25 de agosto de 2025, el Anuncio de la pr\u00f3xima convocatoria de proceso selectivo que ser\u00e1 convocado para cubrir plaza de Conserje como personal laboral fijo y por el sistema selectivo de concurso-oposici\u00f3n.<br \/>\nEl plazo de presentaci\u00f3n de solicitudes ser\u00e1 de 20 d\u00edas naturales a contar a partir del d\u00eda siguiente al de la publicaci\u00f3n de la convocatoria en el BOE.<\/p>\n<p><a href=\"https:\/\/deputacionlugo.gal\/sites\/deputacionlugo.org\/files\/inline-files\/13-08-2025.pdf\" target=\"_blank\" rel=\"noopener\"><strong>Las bases regidoras de esta pr\u00f3xima convocatoria de plaza de Conserje en el Ayuntamiento de A Pastoriza est\u00e1n publicadas en el BOP de Lugo de fecha 13\/08\/2025.<\/strong><\/a><\/p>\n<p><a href=\"https:\/\/www.xunta.gal\/dog\/Publicados\/2025\/20250825\/AnuncioL444-180825-0001_es.html\" target=\"_blank\" rel=\"noopener\"><strong>Accede a la publicaci\u00f3n del Anuncio<\/strong><\/a> de esta convocatoria que puedes preparar en nuestros <a href=\"https:\/\/www.emplea-te.com\/70\/oposiciones-de-ayuntamientos-de-galicia\" target=\"_blank\" rel=\"noopener\"><strong>grupos presenciales y online de preparaci\u00f3n de oposiciones de Conserje de Ayuntamientos de Galicia.\u00a0<\/strong><\/a><\/p>\n","protected":false},"excerpt":{"rendered":"<p>Se publica en el DOG de hoy, d\u00eda 25 de agosto de 2025, el Anuncio de la pr\u00f3xima convocatoria de proceso selectivo que ser\u00e1 convocado para cubrir plaza de Conserje como personal laboral fijo y por el sistema selectivo de concurso-oposici\u00f3n. El plazo de presentaci\u00f3n de solicitudes ser\u00e1 de 20 d\u00edas naturales a contar a &hellip; <a href=\"https:\/\/www.emplea-te.com\/noticias-oposiciones\/ayuntamiento-de-a-pastoriza-en-lugo-anuncio-de-la-proxima-convocatoria-de-plaza-de-conserje-por-concurso-oposicion\/\" class=\"more-link\">Continuar leyendo<span class=\"screen-reader-text\"> \u00abAyuntamiento de A Pastoriza en Lugo. Anuncio de la pr\u00f3xima convocatoria de plaza de Conserje por concurso-oposici\u00f3n.\u00bb<\/span><\/a><\/p>\n","protected":false},"author":1,"featured_media":0,"comment_status":"closed","ping_status":"closed","sticky":false,"template":"","format":"standard","meta":{"footnotes":""},"categories":[37,56],"tags":[117,123,103],"class_list":["post-16234","post","type-post","status-publish","format-standard","hentry","category-convocatorias-ayuntamientos","category-oposiciones-autonomicas-galicia","tag-anuncio-de-convocatoria","tag-bases-especificas-convocatoria","tag-informacion-procesos-selectivos"],"yoast_head":"<!-- This site is optimized with the Yoast SEO plugin v27.3 - https:\/\/yoast.com\/product\/yoast-seo-wordpress\/ -->\n<title>Ayuntamiento de A Pastoriza en Lugo. Convocatoria Conserje.<\/title>\n<meta name=\"description\" content=\"Ayuntamiento de A Pastoriza en Lugo. Anuncio de la pr\u00f3xima convocatoria de plaza de Conserje por concurso-oposici\u00f3n.\" \/>\n<meta name=\"robots\" content=\"index, follow, max-snippet:-1, max-image-preview:large, max-video-preview:-1\" \/>\n<link rel=\"canonical\" href=\"https:\/\/www.emplea-te.com\/noticias-oposiciones\/ayuntamiento-de-a-pastoriza-en-lugo-anuncio-de-la-proxima-convocatoria-de-plaza-de-conserje-por-concurso-oposicion\/\" \/>\n<meta property=\"og:locale\" content=\"es_ES\" \/>\n<meta property=\"og:type\" content=\"article\" \/>\n<meta property=\"og:title\" content=\"Ayuntamiento de A Pastoriza en Lugo. Convocatoria Conserje.\" \/>\n<meta property=\"og:description\" content=\"Ayuntamiento de A Pastoriza en Lugo. Anuncio de la pr\u00f3xima convocatoria de plaza de Conserje por concurso-oposici\u00f3n.\" \/>\n<meta property=\"og:url\" content=\"https:\/\/www.emplea-te.com\/noticias-oposiciones\/ayuntamiento-de-a-pastoriza-en-lugo-anuncio-de-la-proxima-convocatoria-de-plaza-de-conserje-por-concurso-oposicion\/\" \/>\n<meta property=\"og:site_name\" content=\"Noticas de oposiciones por Academia Emplea-te\" \/>\n<meta property=\"article:publisher\" content=\"https:\/\/www.facebook.com\/AcademiaEmpleate\/\" \/>\n<meta property=\"article:published_time\" content=\"2025-08-25T07:48:45+00:00\" \/>\n<meta name=\"author\" content=\"Empleate\" \/>\n<meta name=\"twitter:card\" content=\"summary_large_image\" \/>\n<meta name=\"twitter:creator\" content=\"@Emplea_Te\" \/>\n<meta name=\"twitter:site\" content=\"@Emplea_Te\" \/>\n<meta name=\"twitter:label1\" content=\"Escrito por\" \/>\n\t<meta name=\"twitter:data1\" content=\"Empleate\" \/>\n\t<meta name=\"twitter:label2\" content=\"Tiempo de lectura\" \/>\n\t<meta name=\"twitter:data2\" content=\"1 minuto\" \/>\n<script type=\"application\/ld+json\" class=\"yoast-schema-graph\">{\"@context\":\"https:\\\/\\\/schema.org\",\"@graph\":[{\"@type\":\"Article\",\"@id\":\"https:\\\/\\\/www.emplea-te.com\\\/noticias-oposiciones\\\/ayuntamiento-de-a-pastoriza-en-lugo-anuncio-de-la-proxima-convocatoria-de-plaza-de-conserje-por-concurso-oposicion\\\/#article\",\"isPartOf\":{\"@id\":\"https:\\\/\\\/www.emplea-te.com\\\/noticias-oposiciones\\\/ayuntamiento-de-a-pastoriza-en-lugo-anuncio-de-la-proxima-convocatoria-de-plaza-de-conserje-por-concurso-oposicion\\\/\"},\"author\":{\"name\":\"Empleate\",\"@id\":\"https:\\\/\\\/www.emplea-te.com\\\/noticias-oposiciones\\\/#\\\/schema\\\/person\\\/d1bc587e1af2b95e9c32aba1795509a6\"},\"headline\":\"Ayuntamiento de A Pastoriza en Lugo. Anuncio de la pr\u00f3xima convocatoria de plaza de Conserje por concurso-oposici\u00f3n.\",\"datePublished\":\"2025-08-25T07:48:45+00:00\",\"mainEntityOfPage\":{\"@id\":\"https:\\\/\\\/www.emplea-te.com\\\/noticias-oposiciones\\\/ayuntamiento-de-a-pastoriza-en-lugo-anuncio-de-la-proxima-convocatoria-de-plaza-de-conserje-por-concurso-oposicion\\\/\"},\"wordCount\":150,\"publisher\":{\"@id\":\"https:\\\/\\\/www.emplea-te.com\\\/noticias-oposiciones\\\/#organization\"},\"keywords\":[\"Anuncio de convocatoria\",\"Bases espec\u00edficas convocatoria\",\"Informaci\u00f3n procesos selectivos\"],\"articleSection\":[\"Convocatorias Ayuntamientos\",\"Oposiciones Auton\u00f3micas Galicia\"],\"inLanguage\":\"es\"},{\"@type\":\"WebPage\",\"@id\":\"https:\\\/\\\/www.emplea-te.com\\\/noticias-oposiciones\\\/ayuntamiento-de-a-pastoriza-en-lugo-anuncio-de-la-proxima-convocatoria-de-plaza-de-conserje-por-concurso-oposicion\\\/\",\"url\":\"https:\\\/\\\/www.emplea-te.com\\\/noticias-oposiciones\\\/ayuntamiento-de-a-pastoriza-en-lugo-anuncio-de-la-proxima-convocatoria-de-plaza-de-conserje-por-concurso-oposicion\\\/\",\"name\":\"Ayuntamiento de A Pastoriza en Lugo. Convocatoria Conserje.\",\"isPartOf\":{\"@id\":\"https:\\\/\\\/www.emplea-te.com\\\/noticias-oposiciones\\\/#website\"},\"datePublished\":\"2025-08-25T07:48:45+00:00\",\"description\":\"Ayuntamiento de A Pastoriza en Lugo. Anuncio de la pr\u00f3xima convocatoria de plaza de Conserje por concurso-oposici\u00f3n.\",\"breadcrumb\":{\"@id\":\"https:\\\/\\\/www.emplea-te.com\\\/noticias-oposiciones\\\/ayuntamiento-de-a-pastoriza-en-lugo-anuncio-de-la-proxima-convocatoria-de-plaza-de-conserje-por-concurso-oposicion\\\/#breadcrumb\"},\"inLanguage\":\"es\",\"potentialAction\":[{\"@type\":\"ReadAction\",\"target\":[\"https:\\\/\\\/www.emplea-te.com\\\/noticias-oposiciones\\\/ayuntamiento-de-a-pastoriza-en-lugo-anuncio-de-la-proxima-convocatoria-de-plaza-de-conserje-por-concurso-oposicion\\\/\"]}]},{\"@type\":\"BreadcrumbList\",\"@id\":\"https:\\\/\\\/www.emplea-te.com\\\/noticias-oposiciones\\\/ayuntamiento-de-a-pastoriza-en-lugo-anuncio-de-la-proxima-convocatoria-de-plaza-de-conserje-por-concurso-oposicion\\\/#breadcrumb\",\"itemListElement\":[{\"@type\":\"ListItem\",\"position\":1,\"name\":\"Noticias Oposiciones\",\"item\":\"https:\\\/\\\/www.emplea-te.com\\\/noticias-oposiciones\\\/\"},{\"@type\":\"ListItem\",\"position\":2,\"name\":\"Oposiciones Auton\u00f3micas Galicia\",\"item\":\"https:\\\/\\\/www.emplea-te.com\\\/noticias-oposiciones\\\/categoria\\\/oposiciones-autonomicas-galicia\\\/\"},{\"@type\":\"ListItem\",\"position\":3,\"name\":\"Ayuntamiento de A Pastoriza en Lugo. Anuncio de la pr\u00f3xima convocatoria de plaza de Conserje por concurso-oposici\u00f3n.\"}]},{\"@type\":\"WebSite\",\"@id\":\"https:\\\/\\\/www.emplea-te.com\\\/noticias-oposiciones\\\/#website\",\"url\":\"https:\\\/\\\/www.emplea-te.com\\\/noticias-oposiciones\\\/\",\"name\":\"Noticas de oposiciones por Academia Emplea-te\",\"description\":\"Toda la actualidad de las ofertas y convocatorias.\",\"publisher\":{\"@id\":\"https:\\\/\\\/www.emplea-te.com\\\/noticias-oposiciones\\\/#organization\"},\"potentialAction\":[{\"@type\":\"SearchAction\",\"target\":{\"@type\":\"EntryPoint\",\"urlTemplate\":\"https:\\\/\\\/www.emplea-te.com\\\/noticias-oposiciones\\\/?s={search_term_string}\"},\"query-input\":{\"@type\":\"PropertyValueSpecification\",\"valueRequired\":true,\"valueName\":\"search_term_string\"}}],\"inLanguage\":\"es\"},{\"@type\":\"Organization\",\"@id\":\"https:\\\/\\\/www.emplea-te.com\\\/noticias-oposiciones\\\/#organization\",\"name\":\"Academia de oposiciones Empl\u00e9ate\",\"url\":\"https:\\\/\\\/www.emplea-te.com\\\/noticias-oposiciones\\\/\",\"logo\":{\"@type\":\"ImageObject\",\"inLanguage\":\"es\",\"@id\":\"https:\\\/\\\/www.emplea-te.com\\\/noticias-oposiciones\\\/#\\\/schema\\\/logo\\\/image\\\/\",\"url\":\"https:\\\/\\\/www.emplea-te.com\\\/noticias-oposiciones\\\/wp-content\\\/uploads\\\/2019\\\/04\\\/empleate.jpg\",\"contentUrl\":\"https:\\\/\\\/www.emplea-te.com\\\/noticias-oposiciones\\\/wp-content\\\/uploads\\\/2019\\\/04\\\/empleate.jpg\",\"width\":250,\"height\":150,\"caption\":\"Academia de oposiciones Empl\u00e9ate\"},\"image\":{\"@id\":\"https:\\\/\\\/www.emplea-te.com\\\/noticias-oposiciones\\\/#\\\/schema\\\/logo\\\/image\\\/\"},\"sameAs\":[\"https:\\\/\\\/www.facebook.com\\\/AcademiaEmpleate\\\/\",\"https:\\\/\\\/x.com\\\/Emplea_Te\",\"https:\\\/\\\/www.instagram.com\\\/academia_empleate\\\/\"]},{\"@type\":\"Person\",\"@id\":\"https:\\\/\\\/www.emplea-te.com\\\/noticias-oposiciones\\\/#\\\/schema\\\/person\\\/d1bc587e1af2b95e9c32aba1795509a6\",\"name\":\"Empleate\"}]}<\/script>\n<!-- \/ Yoast SEO plugin. -->","yoast_head_json":{"title":"Ayuntamiento de A Pastoriza en Lugo. Convocatoria Conserje.","description":"Ayuntamiento de A Pastoriza en Lugo. Anuncio de la pr\u00f3xima convocatoria de plaza de Conserje por concurso-oposici\u00f3n.","robots":{"index":"index","follow":"follow","max-snippet":"max-snippet:-1","max-image-preview":"max-image-preview:large","max-video-preview":"max-video-preview:-1"},"canonical":"https:\/\/www.emplea-te.com\/noticias-oposiciones\/ayuntamiento-de-a-pastoriza-en-lugo-anuncio-de-la-proxima-convocatoria-de-plaza-de-conserje-por-concurso-oposicion\/","og_locale":"es_ES","og_type":"article","og_title":"Ayuntamiento de A Pastoriza en Lugo. Convocatoria Conserje.","og_description":"Ayuntamiento de A Pastoriza en Lugo. Anuncio de la pr\u00f3xima convocatoria de plaza de Conserje por concurso-oposici\u00f3n.","og_url":"https:\/\/www.emplea-te.com\/noticias-oposiciones\/ayuntamiento-de-a-pastoriza-en-lugo-anuncio-de-la-proxima-convocatoria-de-plaza-de-conserje-por-concurso-oposicion\/","og_site_name":"Noticas de oposiciones por Academia Emplea-te","article_publisher":"https:\/\/www.facebook.com\/AcademiaEmpleate\/","article_published_time":"2025-08-25T07:48:45+00:00","author":"Empleate","twitter_card":"summary_large_image","twitter_creator":"@Emplea_Te","twitter_site":"@Emplea_Te","twitter_misc":{"Escrito por":"Empleate","Tiempo de lectura":"1 minuto"},"schema":{"@context":"https:\/\/schema.org","@graph":[{"@type":"Article","@id":"https:\/\/www.emplea-te.com\/noticias-oposiciones\/ayuntamiento-de-a-pastoriza-en-lugo-anuncio-de-la-proxima-convocatoria-de-plaza-de-conserje-por-concurso-oposicion\/#article","isPartOf":{"@id":"https:\/\/www.emplea-te.com\/noticias-oposiciones\/ayuntamiento-de-a-pastoriza-en-lugo-anuncio-de-la-proxima-convocatoria-de-plaza-de-conserje-por-concurso-oposicion\/"},"author":{"name":"Empleate","@id":"https:\/\/www.emplea-te.com\/noticias-oposiciones\/#\/schema\/person\/d1bc587e1af2b95e9c32aba1795509a6"},"headline":"Ayuntamiento de A Pastoriza en Lugo. Anuncio de la pr\u00f3xima convocatoria de plaza de Conserje por concurso-oposici\u00f3n.","datePublished":"2025-08-25T07:48:45+00:00","mainEntityOfPage":{"@id":"https:\/\/www.emplea-te.com\/noticias-oposiciones\/ayuntamiento-de-a-pastoriza-en-lugo-anuncio-de-la-proxima-convocatoria-de-plaza-de-conserje-por-concurso-oposicion\/"},"wordCount":150,"publisher":{"@id":"https:\/\/www.emplea-te.com\/noticias-oposiciones\/#organization"},"keywords":["Anuncio de convocatoria","Bases espec\u00edficas convocatoria","Informaci\u00f3n procesos selectivos"],"articleSection":["Convocatorias Ayuntamientos","Oposiciones Auton\u00f3micas Galicia"],"inLanguage":"es"},{"@type":"WebPage","@id":"https:\/\/www.emplea-te.com\/noticias-oposiciones\/ayuntamiento-de-a-pastoriza-en-lugo-anuncio-de-la-proxima-convocatoria-de-plaza-de-conserje-por-concurso-oposicion\/","url":"https:\/\/www.emplea-te.com\/noticias-oposiciones\/ayuntamiento-de-a-pastoriza-en-lugo-anuncio-de-la-proxima-convocatoria-de-plaza-de-conserje-por-concurso-oposicion\/","name":"Ayuntamiento de A Pastoriza en Lugo. Convocatoria Conserje.","isPartOf":{"@id":"https:\/\/www.emplea-te.com\/noticias-oposiciones\/#website"},"datePublished":"2025-08-25T07:48:45+00:00","description":"Ayuntamiento de A Pastoriza en Lugo. Anuncio de la pr\u00f3xima convocatoria de plaza de Conserje por concurso-oposici\u00f3n.","breadcrumb":{"@id":"https:\/\/www.emplea-te.com\/noticias-oposiciones\/ayuntamiento-de-a-pastoriza-en-lugo-anuncio-de-la-proxima-convocatoria-de-plaza-de-conserje-por-concurso-oposicion\/#breadcrumb"},"inLanguage":"es","potentialAction":[{"@type":"ReadAction","target":["https:\/\/www.emplea-te.com\/noticias-oposiciones\/ayuntamiento-de-a-pastoriza-en-lugo-anuncio-de-la-proxima-convocatoria-de-plaza-de-conserje-por-concurso-oposicion\/"]}]},{"@type":"BreadcrumbList","@id":"https:\/\/www.emplea-te.com\/noticias-oposiciones\/ayuntamiento-de-a-pastoriza-en-lugo-anuncio-de-la-proxima-convocatoria-de-plaza-de-conserje-por-concurso-oposicion\/#breadcrumb","itemListElement":[{"@type":"ListItem","position":1,"name":"Noticias Oposiciones","item":"https:\/\/www.emplea-te.com\/noticias-oposiciones\/"},{"@type":"ListItem","position":2,"name":"Oposiciones Auton\u00f3micas Galicia","item":"https:\/\/www.emplea-te.com\/noticias-oposiciones\/categoria\/oposiciones-autonomicas-galicia\/"},{"@type":"ListItem","position":3,"name":"Ayuntamiento de A Pastoriza en Lugo. Anuncio de la pr\u00f3xima convocatoria de plaza de Conserje por concurso-oposici\u00f3n."}]},{"@type":"WebSite","@id":"https:\/\/www.emplea-te.com\/noticias-oposiciones\/#website","url":"https:\/\/www.emplea-te.com\/noticias-oposiciones\/","name":"Noticas de oposiciones por Academia Emplea-te","description":"Toda la actualidad de las ofertas y convocatorias.","publisher":{"@id":"https:\/\/www.emplea-te.com\/noticias-oposiciones\/#organization"},"potentialAction":[{"@type":"SearchAction","target":{"@type":"EntryPoint","urlTemplate":"https:\/\/www.emplea-te.com\/noticias-oposiciones\/?s={search_term_string}"},"query-input":{"@type":"PropertyValueSpecification","valueRequired":true,"valueName":"search_term_string"}}],"inLanguage":"es"},{"@type":"Organization","@id":"https:\/\/www.emplea-te.com\/noticias-oposiciones\/#organization","name":"Academia de oposiciones Empl\u00e9ate","url":"https:\/\/www.emplea-te.com\/noticias-oposiciones\/","logo":{"@type":"ImageObject","inLanguage":"es","@id":"https:\/\/www.emplea-te.com\/noticias-oposiciones\/#\/schema\/logo\/image\/","url":"https:\/\/www.emplea-te.com\/noticias-oposiciones\/wp-content\/uploads\/2019\/04\/empleate.jpg","contentUrl":"https:\/\/www.emplea-te.com\/noticias-oposiciones\/wp-content\/uploads\/2019\/04\/empleate.jpg","width":250,"height":150,"caption":"Academia de oposiciones Empl\u00e9ate"},"image":{"@id":"https:\/\/www.emplea-te.com\/noticias-oposiciones\/#\/schema\/logo\/image\/"},"sameAs":["https:\/\/www.facebook.com\/AcademiaEmpleate\/","https:\/\/x.com\/Emplea_Te","https:\/\/www.instagram.com\/academia_empleate\/"]},{"@type":"Person","@id":"https:\/\/www.emplea-te.com\/noticias-oposiciones\/#\/schema\/person\/d1bc587e1af2b95e9c32aba1795509a6","name":"Empleate"}]}},"_links":{"self":[{"href":"https:\/\/www.emplea-te.com\/noticias-oposiciones\/wp-json\/wp\/v2\/posts\/16234","targetHints":{"allow":["GET"]}}],"collection":[{"href":"https:\/\/www.emplea-te.com\/noticias-oposiciones\/wp-json\/wp\/v2\/posts"}],"about":[{"href":"https:\/\/www.emplea-te.com\/noticias-oposiciones\/wp-json\/wp\/v2\/types\/post"}],"author":[{"embeddable":true,"href":"https:\/\/www.emplea-te.com\/noticias-oposiciones\/wp-json\/wp\/v2\/users\/1"}],"replies":[{"embeddable":true,"href":"https:\/\/www.emplea-te.com\/noticias-oposiciones\/wp-json\/wp\/v2\/comments?post=16234"}],"version-history":[{"count":1,"href":"https:\/\/www.emplea-te.com\/noticias-oposiciones\/wp-json\/wp\/v2\/posts\/16234\/revisions"}],"predecessor-version":[{"id":16235,"href":"https:\/\/www.emplea-te.com\/noticias-oposiciones\/wp-json\/wp\/v2\/posts\/16234\/revisions\/16235"}],"wp:attachment":[{"href":"https:\/\/www.emplea-te.com\/noticias-oposiciones\/wp-json\/wp\/v2\/media?parent=16234"}],"wp:term":[{"taxonomy":"category","embeddable":true,"href":"https:\/\/www.emplea-te.com\/noticias-oposiciones\/wp-json\/wp\/v2\/categories?post=16234"},{"taxonomy":"post_tag","embeddable":true,"href":"https:\/\/www.emplea-te.com\/noticias-oposiciones\/wp-json\/wp\/v2\/tags?post=16234"}],"curies":[{"name":"wp","href":"https:\/\/api.w.org\/{rel}","templated":true}]}}