{"id":16236,"date":"2025-08-25T10:01:35","date_gmt":"2025-08-25T08:01:35","guid":{"rendered":"https:\/\/www.emplea-te.com\/noticias-oposiciones\/?p=16236"},"modified":"2025-08-25T10:01:35","modified_gmt":"2025-08-25T08:01:35","slug":"sergas-se-preve-la-publicacion-de-la-convocatoria-de-349-plazas-de-celador-y-200-de-auxiliar-administrativo-para-el-jueves-28-de-agosto-de-2025","status":"publish","type":"post","link":"https:\/\/www.emplea-te.com\/noticias-oposiciones\/sergas-se-preve-la-publicacion-de-la-convocatoria-de-349-plazas-de-celador-y-200-de-auxiliar-administrativo-para-el-jueves-28-de-agosto-de-2025\/","title":{"rendered":"SERGAS. Se prev\u00e9 la publicaci\u00f3n de la convocatoria de 349 plazas de Celador y 200 de Auxiliar Administrativo para el jueves 28 de agosto de 2025."},"content":{"rendered":"<p>Informaci\u00f3n sindical (CIUG SA\u00daDE GALICIA), informa de los acuerdos de la \u00faltima Mesa Sectorial celebrada el pasado d\u00eda 20 de agosto de 2025.<\/p>\n<p><strong>Mesa Sectorial: <\/strong><br \/>\n<strong>Novedades en Oposiciones y Concurso de Traslados (CTAP)<\/strong><br \/>\n<strong>1. Oposiciones (OPE): Publicaci\u00f3n pr\u00f3ximas convocatorias.\u00a0<\/strong><br \/>\nSe han aprobado las convocatorias de concurso-oposici\u00f3n.<br \/>\nAunque el sindicato CIG-Sa\u00fade vot\u00f3 en contra por no incluir sus peticiones sobre la lengua gallega, se espera que las convocatorias se publiquen en el Diario Oficial de Galicia (DOG) el 28 de agosto.<br \/>\nEstas oposiciones incluyen plazas para los siguientes perfiles:<br \/>\nT\u00e9cnico\/a en cuidados auxiliares de enfermer\u00eda<br \/>\nT\u00e9cnico\/a en farmacia<br \/>\nT\u00e9cnico\/a superior en imagen para el diagn\u00f3stico<br \/>\nTrabajador\/a social<br \/>\nGrupo auxiliar de la funci\u00f3n administrativa<br \/>\nPersonal de servicios generales<br \/>\nCelador\/a<br \/>\nEl plazo para presentar solicitudes estar\u00e1 abierto hasta el 30 de septiembre.<\/p>\n<p>Adem\u00e1s, se informa que en septiembre se tiene la intenci\u00f3n de resolver los procesos selectivos de estabilizaci\u00f3n que ya est\u00e1n en fase de elecci\u00f3n de destino.<\/p>\n<p><strong>2. Concurso de Traslados (CTAP) 2025:<\/strong><br \/>\nEl listado de plazas ofertadas en el CTAP 2025 se publicar\u00e1 a principios de septiembre, y se abrir\u00e1 un plazo de diez d\u00edas para realizar modificaciones. La previsi\u00f3n es que las incorporaciones se realicen a finales de noviembre.<\/p>\n<p><a href=\"https:\/\/www.cig-saude.gal\/nova\/mesa-sectorial-do-20-de-agosto-de-2025.html\" target=\"_blank\" rel=\"noopener\"><strong>Accede al contenido de la Mesa Sectorial desde este enlace.\u00a0<\/strong><\/a><\/p>\n<p>Prepara tu plaza del SERGAS de Celador\/a y de Auxiliar Administrativo\/a en nuestros<a href=\"https:\/\/www.emplea-te.com\/11\/oposiciones-de-sanidad\" target=\"_blank\" rel=\"noopener\"><strong> grupos presenciales y online de preparaci\u00f3n de oposiciones del SERGAS.\u00a0<\/strong><\/a><\/p>\n","protected":false},"excerpt":{"rendered":"<p>Informaci\u00f3n sindical (CIUG SA\u00daDE GALICIA), informa de los acuerdos de la \u00faltima Mesa Sectorial celebrada el pasado d\u00eda 20 de agosto de 2025. Mesa Sectorial: Novedades en Oposiciones y Concurso de Traslados (CTAP) 1. Oposiciones (OPE): Publicaci\u00f3n pr\u00f3ximas convocatorias.\u00a0 Se han aprobado las convocatorias de concurso-oposici\u00f3n. Aunque el sindicato CIG-Sa\u00fade vot\u00f3 en contra por no &hellip; <a href=\"https:\/\/www.emplea-te.com\/noticias-oposiciones\/sergas-se-preve-la-publicacion-de-la-convocatoria-de-349-plazas-de-celador-y-200-de-auxiliar-administrativo-para-el-jueves-28-de-agosto-de-2025\/\" class=\"more-link\">Continuar leyendo<span class=\"screen-reader-text\"> \u00abSERGAS. Se prev\u00e9 la publicaci\u00f3n de la convocatoria de 349 plazas de Celador y 200 de Auxiliar Administrativo para el jueves 28 de agosto de 2025.\u00bb<\/span><\/a><\/p>\n","protected":false},"author":1,"featured_media":0,"comment_status":"closed","ping_status":"closed","sticky":false,"template":"","format":"standard","meta":{"footnotes":""},"categories":[1],"tags":[],"class_list":["post-16236","post","type-post","status-publish","format-standard","hentry","category-sin-categoria"],"yoast_head":"<!-- This site is optimized with the Yoast SEO plugin v27.3 - https:\/\/yoast.com\/product\/yoast-seo-wordpress\/ -->\n<title>SERGAS. Convocatorias 2025 Celador y Auxiliar Administrativo.<\/title>\n<meta name=\"description\" content=\"SERGAS. Convocatorias 2025 plazas de Celador y Auxiliar Administrativo. Inf\u00f3rmate de c\u00f3mo puedes preparar tu plaza.\" \/>\n<meta name=\"robots\" content=\"index, follow, max-snippet:-1, max-image-preview:large, max-video-preview:-1\" \/>\n<link rel=\"canonical\" href=\"https:\/\/www.emplea-te.com\/noticias-oposiciones\/sergas-se-preve-la-publicacion-de-la-convocatoria-de-349-plazas-de-celador-y-200-de-auxiliar-administrativo-para-el-jueves-28-de-agosto-de-2025\/\" \/>\n<meta property=\"og:locale\" content=\"es_ES\" \/>\n<meta property=\"og:type\" content=\"article\" \/>\n<meta property=\"og:title\" content=\"SERGAS. Convocatorias 2025 Celador y Auxiliar Administrativo.\" \/>\n<meta property=\"og:description\" content=\"SERGAS. Convocatorias 2025 plazas de Celador y Auxiliar Administrativo. Inf\u00f3rmate de c\u00f3mo puedes preparar tu plaza.\" \/>\n<meta property=\"og:url\" content=\"https:\/\/www.emplea-te.com\/noticias-oposiciones\/sergas-se-preve-la-publicacion-de-la-convocatoria-de-349-plazas-de-celador-y-200-de-auxiliar-administrativo-para-el-jueves-28-de-agosto-de-2025\/\" \/>\n<meta property=\"og:site_name\" content=\"Noticas de oposiciones por Academia Emplea-te\" \/>\n<meta property=\"article:publisher\" content=\"https:\/\/www.facebook.com\/AcademiaEmpleate\/\" \/>\n<meta property=\"article:published_time\" content=\"2025-08-25T08:01:35+00:00\" \/>\n<meta name=\"author\" content=\"Empleate\" \/>\n<meta name=\"twitter:card\" content=\"summary_large_image\" \/>\n<meta name=\"twitter:creator\" content=\"@Emplea_Te\" \/>\n<meta name=\"twitter:site\" content=\"@Emplea_Te\" \/>\n<meta name=\"twitter:label1\" content=\"Escrito por\" \/>\n\t<meta name=\"twitter:data1\" content=\"Empleate\" \/>\n\t<meta name=\"twitter:label2\" content=\"Tiempo de lectura\" \/>\n\t<meta name=\"twitter:data2\" content=\"2 minutos\" \/>\n<script type=\"application\/ld+json\" class=\"yoast-schema-graph\">{\"@context\":\"https:\\\/\\\/schema.org\",\"@graph\":[{\"@type\":\"Article\",\"@id\":\"https:\\\/\\\/www.emplea-te.com\\\/noticias-oposiciones\\\/sergas-se-preve-la-publicacion-de-la-convocatoria-de-349-plazas-de-celador-y-200-de-auxiliar-administrativo-para-el-jueves-28-de-agosto-de-2025\\\/#article\",\"isPartOf\":{\"@id\":\"https:\\\/\\\/www.emplea-te.com\\\/noticias-oposiciones\\\/sergas-se-preve-la-publicacion-de-la-convocatoria-de-349-plazas-de-celador-y-200-de-auxiliar-administrativo-para-el-jueves-28-de-agosto-de-2025\\\/\"},\"author\":{\"name\":\"Empleate\",\"@id\":\"https:\\\/\\\/www.emplea-te.com\\\/noticias-oposiciones\\\/#\\\/schema\\\/person\\\/d1bc587e1af2b95e9c32aba1795509a6\"},\"headline\":\"SERGAS. Se prev\u00e9 la publicaci\u00f3n de la convocatoria de 349 plazas de Celador y 200 de Auxiliar Administrativo para el jueves 28 de agosto de 2025.\",\"datePublished\":\"2025-08-25T08:01:35+00:00\",\"mainEntityOfPage\":{\"@id\":\"https:\\\/\\\/www.emplea-te.com\\\/noticias-oposiciones\\\/sergas-se-preve-la-publicacion-de-la-convocatoria-de-349-plazas-de-celador-y-200-de-auxiliar-administrativo-para-el-jueves-28-de-agosto-de-2025\\\/\"},\"wordCount\":275,\"publisher\":{\"@id\":\"https:\\\/\\\/www.emplea-te.com\\\/noticias-oposiciones\\\/#organization\"},\"articleSection\":[\"xunta\"],\"inLanguage\":\"es\"},{\"@type\":\"WebPage\",\"@id\":\"https:\\\/\\\/www.emplea-te.com\\\/noticias-oposiciones\\\/sergas-se-preve-la-publicacion-de-la-convocatoria-de-349-plazas-de-celador-y-200-de-auxiliar-administrativo-para-el-jueves-28-de-agosto-de-2025\\\/\",\"url\":\"https:\\\/\\\/www.emplea-te.com\\\/noticias-oposiciones\\\/sergas-se-preve-la-publicacion-de-la-convocatoria-de-349-plazas-de-celador-y-200-de-auxiliar-administrativo-para-el-jueves-28-de-agosto-de-2025\\\/\",\"name\":\"SERGAS. Convocatorias 2025 Celador y Auxiliar Administrativo.\",\"isPartOf\":{\"@id\":\"https:\\\/\\\/www.emplea-te.com\\\/noticias-oposiciones\\\/#website\"},\"datePublished\":\"2025-08-25T08:01:35+00:00\",\"description\":\"SERGAS. Convocatorias 2025 plazas de Celador y Auxiliar Administrativo. Inf\u00f3rmate de c\u00f3mo puedes preparar tu plaza.\",\"breadcrumb\":{\"@id\":\"https:\\\/\\\/www.emplea-te.com\\\/noticias-oposiciones\\\/sergas-se-preve-la-publicacion-de-la-convocatoria-de-349-plazas-de-celador-y-200-de-auxiliar-administrativo-para-el-jueves-28-de-agosto-de-2025\\\/#breadcrumb\"},\"inLanguage\":\"es\",\"potentialAction\":[{\"@type\":\"ReadAction\",\"target\":[\"https:\\\/\\\/www.emplea-te.com\\\/noticias-oposiciones\\\/sergas-se-preve-la-publicacion-de-la-convocatoria-de-349-plazas-de-celador-y-200-de-auxiliar-administrativo-para-el-jueves-28-de-agosto-de-2025\\\/\"]}]},{\"@type\":\"BreadcrumbList\",\"@id\":\"https:\\\/\\\/www.emplea-te.com\\\/noticias-oposiciones\\\/sergas-se-preve-la-publicacion-de-la-convocatoria-de-349-plazas-de-celador-y-200-de-auxiliar-administrativo-para-el-jueves-28-de-agosto-de-2025\\\/#breadcrumb\",\"itemListElement\":[{\"@type\":\"ListItem\",\"position\":1,\"name\":\"Noticias Oposiciones\",\"item\":\"https:\\\/\\\/www.emplea-te.com\\\/noticias-oposiciones\\\/\"},{\"@type\":\"ListItem\",\"position\":2,\"name\":\"xunta\",\"item\":\"https:\\\/\\\/www.emplea-te.com\\\/noticias-oposiciones\\\/categoria\\\/sin-categoria\\\/\"},{\"@type\":\"ListItem\",\"position\":3,\"name\":\"SERGAS. Se prev\u00e9 la publicaci\u00f3n de la convocatoria de 349 plazas de Celador y 200 de Auxiliar Administrativo para el jueves 28 de agosto de 2025.\"}]},{\"@type\":\"WebSite\",\"@id\":\"https:\\\/\\\/www.emplea-te.com\\\/noticias-oposiciones\\\/#website\",\"url\":\"https:\\\/\\\/www.emplea-te.com\\\/noticias-oposiciones\\\/\",\"name\":\"Noticas de oposiciones por Academia Emplea-te\",\"description\":\"Toda la actualidad de las ofertas y convocatorias.\",\"publisher\":{\"@id\":\"https:\\\/\\\/www.emplea-te.com\\\/noticias-oposiciones\\\/#organization\"},\"potentialAction\":[{\"@type\":\"SearchAction\",\"target\":{\"@type\":\"EntryPoint\",\"urlTemplate\":\"https:\\\/\\\/www.emplea-te.com\\\/noticias-oposiciones\\\/?s={search_term_string}\"},\"query-input\":{\"@type\":\"PropertyValueSpecification\",\"valueRequired\":true,\"valueName\":\"search_term_string\"}}],\"inLanguage\":\"es\"},{\"@type\":\"Organization\",\"@id\":\"https:\\\/\\\/www.emplea-te.com\\\/noticias-oposiciones\\\/#organization\",\"name\":\"Academia de oposiciones Empl\u00e9ate\",\"url\":\"https:\\\/\\\/www.emplea-te.com\\\/noticias-oposiciones\\\/\",\"logo\":{\"@type\":\"ImageObject\",\"inLanguage\":\"es\",\"@id\":\"https:\\\/\\\/www.emplea-te.com\\\/noticias-oposiciones\\\/#\\\/schema\\\/logo\\\/image\\\/\",\"url\":\"https:\\\/\\\/www.emplea-te.com\\\/noticias-oposiciones\\\/wp-content\\\/uploads\\\/2019\\\/04\\\/empleate.jpg\",\"contentUrl\":\"https:\\\/\\\/www.emplea-te.com\\\/noticias-oposiciones\\\/wp-content\\\/uploads\\\/2019\\\/04\\\/empleate.jpg\",\"width\":250,\"height\":150,\"caption\":\"Academia de oposiciones Empl\u00e9ate\"},\"image\":{\"@id\":\"https:\\\/\\\/www.emplea-te.com\\\/noticias-oposiciones\\\/#\\\/schema\\\/logo\\\/image\\\/\"},\"sameAs\":[\"https:\\\/\\\/www.facebook.com\\\/AcademiaEmpleate\\\/\",\"https:\\\/\\\/x.com\\\/Emplea_Te\",\"https:\\\/\\\/www.instagram.com\\\/academia_empleate\\\/\"]},{\"@type\":\"Person\",\"@id\":\"https:\\\/\\\/www.emplea-te.com\\\/noticias-oposiciones\\\/#\\\/schema\\\/person\\\/d1bc587e1af2b95e9c32aba1795509a6\",\"name\":\"Empleate\"}]}<\/script>\n<!-- \/ Yoast SEO plugin. -->","yoast_head_json":{"title":"SERGAS. Convocatorias 2025 Celador y Auxiliar Administrativo.","description":"SERGAS. Convocatorias 2025 plazas de Celador y Auxiliar Administrativo. Inf\u00f3rmate de c\u00f3mo puedes preparar tu plaza.","robots":{"index":"index","follow":"follow","max-snippet":"max-snippet:-1","max-image-preview":"max-image-preview:large","max-video-preview":"max-video-preview:-1"},"canonical":"https:\/\/www.emplea-te.com\/noticias-oposiciones\/sergas-se-preve-la-publicacion-de-la-convocatoria-de-349-plazas-de-celador-y-200-de-auxiliar-administrativo-para-el-jueves-28-de-agosto-de-2025\/","og_locale":"es_ES","og_type":"article","og_title":"SERGAS. Convocatorias 2025 Celador y Auxiliar Administrativo.","og_description":"SERGAS. Convocatorias 2025 plazas de Celador y Auxiliar Administrativo. Inf\u00f3rmate de c\u00f3mo puedes preparar tu plaza.","og_url":"https:\/\/www.emplea-te.com\/noticias-oposiciones\/sergas-se-preve-la-publicacion-de-la-convocatoria-de-349-plazas-de-celador-y-200-de-auxiliar-administrativo-para-el-jueves-28-de-agosto-de-2025\/","og_site_name":"Noticas de oposiciones por Academia Emplea-te","article_publisher":"https:\/\/www.facebook.com\/AcademiaEmpleate\/","article_published_time":"2025-08-25T08:01:35+00:00","author":"Empleate","twitter_card":"summary_large_image","twitter_creator":"@Emplea_Te","twitter_site":"@Emplea_Te","twitter_misc":{"Escrito por":"Empleate","Tiempo de lectura":"2 minutos"},"schema":{"@context":"https:\/\/schema.org","@graph":[{"@type":"Article","@id":"https:\/\/www.emplea-te.com\/noticias-oposiciones\/sergas-se-preve-la-publicacion-de-la-convocatoria-de-349-plazas-de-celador-y-200-de-auxiliar-administrativo-para-el-jueves-28-de-agosto-de-2025\/#article","isPartOf":{"@id":"https:\/\/www.emplea-te.com\/noticias-oposiciones\/sergas-se-preve-la-publicacion-de-la-convocatoria-de-349-plazas-de-celador-y-200-de-auxiliar-administrativo-para-el-jueves-28-de-agosto-de-2025\/"},"author":{"name":"Empleate","@id":"https:\/\/www.emplea-te.com\/noticias-oposiciones\/#\/schema\/person\/d1bc587e1af2b95e9c32aba1795509a6"},"headline":"SERGAS. Se prev\u00e9 la publicaci\u00f3n de la convocatoria de 349 plazas de Celador y 200 de Auxiliar Administrativo para el jueves 28 de agosto de 2025.","datePublished":"2025-08-25T08:01:35+00:00","mainEntityOfPage":{"@id":"https:\/\/www.emplea-te.com\/noticias-oposiciones\/sergas-se-preve-la-publicacion-de-la-convocatoria-de-349-plazas-de-celador-y-200-de-auxiliar-administrativo-para-el-jueves-28-de-agosto-de-2025\/"},"wordCount":275,"publisher":{"@id":"https:\/\/www.emplea-te.com\/noticias-oposiciones\/#organization"},"articleSection":["xunta"],"inLanguage":"es"},{"@type":"WebPage","@id":"https:\/\/www.emplea-te.com\/noticias-oposiciones\/sergas-se-preve-la-publicacion-de-la-convocatoria-de-349-plazas-de-celador-y-200-de-auxiliar-administrativo-para-el-jueves-28-de-agosto-de-2025\/","url":"https:\/\/www.emplea-te.com\/noticias-oposiciones\/sergas-se-preve-la-publicacion-de-la-convocatoria-de-349-plazas-de-celador-y-200-de-auxiliar-administrativo-para-el-jueves-28-de-agosto-de-2025\/","name":"SERGAS. Convocatorias 2025 Celador y Auxiliar Administrativo.","isPartOf":{"@id":"https:\/\/www.emplea-te.com\/noticias-oposiciones\/#website"},"datePublished":"2025-08-25T08:01:35+00:00","description":"SERGAS. Convocatorias 2025 plazas de Celador y Auxiliar Administrativo. Inf\u00f3rmate de c\u00f3mo puedes preparar tu plaza.","breadcrumb":{"@id":"https:\/\/www.emplea-te.com\/noticias-oposiciones\/sergas-se-preve-la-publicacion-de-la-convocatoria-de-349-plazas-de-celador-y-200-de-auxiliar-administrativo-para-el-jueves-28-de-agosto-de-2025\/#breadcrumb"},"inLanguage":"es","potentialAction":[{"@type":"ReadAction","target":["https:\/\/www.emplea-te.com\/noticias-oposiciones\/sergas-se-preve-la-publicacion-de-la-convocatoria-de-349-plazas-de-celador-y-200-de-auxiliar-administrativo-para-el-jueves-28-de-agosto-de-2025\/"]}]},{"@type":"BreadcrumbList","@id":"https:\/\/www.emplea-te.com\/noticias-oposiciones\/sergas-se-preve-la-publicacion-de-la-convocatoria-de-349-plazas-de-celador-y-200-de-auxiliar-administrativo-para-el-jueves-28-de-agosto-de-2025\/#breadcrumb","itemListElement":[{"@type":"ListItem","position":1,"name":"Noticias Oposiciones","item":"https:\/\/www.emplea-te.com\/noticias-oposiciones\/"},{"@type":"ListItem","position":2,"name":"xunta","item":"https:\/\/www.emplea-te.com\/noticias-oposiciones\/categoria\/sin-categoria\/"},{"@type":"ListItem","position":3,"name":"SERGAS. Se prev\u00e9 la publicaci\u00f3n de la convocatoria de 349 plazas de Celador y 200 de Auxiliar Administrativo para el jueves 28 de agosto de 2025."}]},{"@type":"WebSite","@id":"https:\/\/www.emplea-te.com\/noticias-oposiciones\/#website","url":"https:\/\/www.emplea-te.com\/noticias-oposiciones\/","name":"Noticas de oposiciones por Academia Emplea-te","description":"Toda la actualidad de las ofertas y convocatorias.","publisher":{"@id":"https:\/\/www.emplea-te.com\/noticias-oposiciones\/#organization"},"potentialAction":[{"@type":"SearchAction","target":{"@type":"EntryPoint","urlTemplate":"https:\/\/www.emplea-te.com\/noticias-oposiciones\/?s={search_term_string}"},"query-input":{"@type":"PropertyValueSpecification","valueRequired":true,"valueName":"search_term_string"}}],"inLanguage":"es"},{"@type":"Organization","@id":"https:\/\/www.emplea-te.com\/noticias-oposiciones\/#organization","name":"Academia de oposiciones Empl\u00e9ate","url":"https:\/\/www.emplea-te.com\/noticias-oposiciones\/","logo":{"@type":"ImageObject","inLanguage":"es","@id":"https:\/\/www.emplea-te.com\/noticias-oposiciones\/#\/schema\/logo\/image\/","url":"https:\/\/www.emplea-te.com\/noticias-oposiciones\/wp-content\/uploads\/2019\/04\/empleate.jpg","contentUrl":"https:\/\/www.emplea-te.com\/noticias-oposiciones\/wp-content\/uploads\/2019\/04\/empleate.jpg","width":250,"height":150,"caption":"Academia de oposiciones Empl\u00e9ate"},"image":{"@id":"https:\/\/www.emplea-te.com\/noticias-oposiciones\/#\/schema\/logo\/image\/"},"sameAs":["https:\/\/www.facebook.com\/AcademiaEmpleate\/","https:\/\/x.com\/Emplea_Te","https:\/\/www.instagram.com\/academia_empleate\/"]},{"@type":"Person","@id":"https:\/\/www.emplea-te.com\/noticias-oposiciones\/#\/schema\/person\/d1bc587e1af2b95e9c32aba1795509a6","name":"Empleate"}]}},"_links":{"self":[{"href":"https:\/\/www.emplea-te.com\/noticias-oposiciones\/wp-json\/wp\/v2\/posts\/16236","targetHints":{"allow":["GET"]}}],"collection":[{"href":"https:\/\/www.emplea-te.com\/noticias-oposiciones\/wp-json\/wp\/v2\/posts"}],"about":[{"href":"https:\/\/www.emplea-te.com\/noticias-oposiciones\/wp-json\/wp\/v2\/types\/post"}],"author":[{"embeddable":true,"href":"https:\/\/www.emplea-te.com\/noticias-oposiciones\/wp-json\/wp\/v2\/users\/1"}],"replies":[{"embeddable":true,"href":"https:\/\/www.emplea-te.com\/noticias-oposiciones\/wp-json\/wp\/v2\/comments?post=16236"}],"version-history":[{"count":1,"href":"https:\/\/www.emplea-te.com\/noticias-oposiciones\/wp-json\/wp\/v2\/posts\/16236\/revisions"}],"predecessor-version":[{"id":16237,"href":"https:\/\/www.emplea-te.com\/noticias-oposiciones\/wp-json\/wp\/v2\/posts\/16236\/revisions\/16237"}],"wp:attachment":[{"href":"https:\/\/www.emplea-te.com\/noticias-oposiciones\/wp-json\/wp\/v2\/media?parent=16236"}],"wp:term":[{"taxonomy":"category","embeddable":true,"href":"https:\/\/www.emplea-te.com\/noticias-oposiciones\/wp-json\/wp\/v2\/categories?post=16236"},{"taxonomy":"post_tag","embeddable":true,"href":"https:\/\/www.emplea-te.com\/noticias-oposiciones\/wp-json\/wp\/v2\/tags?post=16236"}],"curies":[{"name":"wp","href":"https:\/\/api.w.org\/{rel}","templated":true}]}}