{"id":16584,"date":"2025-10-01T10:26:21","date_gmt":"2025-10-01T08:26:21","guid":{"rendered":"https:\/\/www.emplea-te.com\/noticias-oposiciones\/?p=16584"},"modified":"2025-10-01T10:26:21","modified_gmt":"2025-10-01T08:26:21","slug":"ayuntamiento-de-becerrea-aprobacion-de-convocatoria-y-bases-regidoras-de-proceso-selectivo-que-sera-convocado-para-cubrir-plaza-de-auxiliar-administrativo-por-oposicion-en-turno-libre","status":"publish","type":"post","link":"https:\/\/www.emplea-te.com\/noticias-oposiciones\/ayuntamiento-de-becerrea-aprobacion-de-convocatoria-y-bases-regidoras-de-proceso-selectivo-que-sera-convocado-para-cubrir-plaza-de-auxiliar-administrativo-por-oposicion-en-turno-libre\/","title":{"rendered":"Ayuntamiento de Becerre\u00e1. Aprobaci\u00f3n de convocatoria y bases regidoras de proceso selectivo que ser\u00e1 convocado para cubrir plaza de Auxiliar Administrativo por oposici\u00f3n en turno libre."},"content":{"rendered":"<p>Se publica en el BOP de la Provincia de Lugo de hoy, d\u00eda 1 de octubre de 2025, la aprobaci\u00f3n de la convocatoria y bases regidoras de proceso selectivo que ser\u00e1 convocado para cubrir plaza de Auxiliar Administrativo C2 en el Ayuntamiento de Becerre\u00e1 por el sistema selectivo de oposici\u00f3n en turno libre.<\/p>\n<p>El plazo para presentar instancias ser\u00e1 de 20 d\u00edas h\u00e1biles a contar a partir del d\u00eda siguiente al de la publicaci\u00f3n de la convocatoria en el BOE.<\/p>\n<p><a href=\"https:\/\/deputacionlugo.gal\/sites\/deputacionlugo.org\/files\/inline-files\/01-10-2025.pdf\" target=\"_blank\" rel=\"noopener\"><strong>Accede a la consulta de las bases regidoras.\u00a0<\/strong><\/a><\/p>\n<p>Prepara tu plaza de Auxiliar Administrativo en nuestros <a href=\"https:\/\/www.emplea-te.com\/70\/oposiciones-de-ayuntamientos-de-galicia\" target=\"_blank\" rel=\"noopener\"><strong>grupos de preparaci\u00f3n de oposiciones de Ayuntamientos de Galicia<\/strong><\/a>.<\/p>\n","protected":false},"excerpt":{"rendered":"<p>Se publica en el BOP de la Provincia de Lugo de hoy, d\u00eda 1 de octubre de 2025, la aprobaci\u00f3n de la convocatoria y bases regidoras de proceso selectivo que ser\u00e1 convocado para cubrir plaza de Auxiliar Administrativo C2 en el Ayuntamiento de Becerre\u00e1 por el sistema selectivo de oposici\u00f3n en turno libre. El plazo &hellip; <a href=\"https:\/\/www.emplea-te.com\/noticias-oposiciones\/ayuntamiento-de-becerrea-aprobacion-de-convocatoria-y-bases-regidoras-de-proceso-selectivo-que-sera-convocado-para-cubrir-plaza-de-auxiliar-administrativo-por-oposicion-en-turno-libre\/\" class=\"more-link\">Continuar leyendo<span class=\"screen-reader-text\"> \u00abAyuntamiento de Becerre\u00e1. Aprobaci\u00f3n de convocatoria y bases regidoras de proceso selectivo que ser\u00e1 convocado para cubrir plaza de Auxiliar Administrativo por oposici\u00f3n en turno libre.\u00bb<\/span><\/a><\/p>\n","protected":false},"author":1,"featured_media":0,"comment_status":"closed","ping_status":"closed","sticky":false,"template":"","format":"standard","meta":{"footnotes":""},"categories":[37,56],"tags":[117,103],"class_list":["post-16584","post","type-post","status-publish","format-standard","hentry","category-convocatorias-ayuntamientos","category-oposiciones-autonomicas-galicia","tag-anuncio-de-convocatoria","tag-informacion-procesos-selectivos"],"yoast_head":"<!-- This site is optimized with the Yoast SEO plugin v27.5 - https:\/\/yoast.com\/product\/yoast-seo-wordpress\/ -->\n<title>Ayuntamiento de Becerre\u00e1. Convocatoria. Empleo P\u00fablico.<\/title>\n<meta name=\"description\" content=\"Ayuntamiento de Becerre\u00e1. Anuncio de convocatoria de plaza de Auxiliar Administrativo por oposici\u00f3n en turno libre. \u00a1Prep\u00e1rate con nosotros!\" \/>\n<meta name=\"robots\" content=\"index, follow, max-snippet:-1, max-image-preview:large, max-video-preview:-1\" \/>\n<link rel=\"canonical\" href=\"https:\/\/www.emplea-te.com\/noticias-oposiciones\/ayuntamiento-de-becerrea-aprobacion-de-convocatoria-y-bases-regidoras-de-proceso-selectivo-que-sera-convocado-para-cubrir-plaza-de-auxiliar-administrativo-por-oposicion-en-turno-libre\/\" \/>\n<meta property=\"og:locale\" content=\"es_ES\" \/>\n<meta property=\"og:type\" content=\"article\" \/>\n<meta property=\"og:title\" content=\"Ayuntamiento de Becerre\u00e1. Convocatoria. Empleo P\u00fablico.\" \/>\n<meta property=\"og:description\" content=\"Ayuntamiento de Becerre\u00e1. Anuncio de convocatoria de plaza de Auxiliar Administrativo por oposici\u00f3n en turno libre. \u00a1Prep\u00e1rate con nosotros!\" \/>\n<meta property=\"og:url\" content=\"https:\/\/www.emplea-te.com\/noticias-oposiciones\/ayuntamiento-de-becerrea-aprobacion-de-convocatoria-y-bases-regidoras-de-proceso-selectivo-que-sera-convocado-para-cubrir-plaza-de-auxiliar-administrativo-por-oposicion-en-turno-libre\/\" \/>\n<meta property=\"og:site_name\" content=\"Noticas de oposiciones por Academia Emplea-te\" \/>\n<meta property=\"article:publisher\" content=\"https:\/\/www.facebook.com\/AcademiaEmpleate\/\" \/>\n<meta property=\"article:published_time\" content=\"2025-10-01T08:26:21+00:00\" \/>\n<meta name=\"author\" content=\"Empleate\" \/>\n<meta name=\"twitter:card\" content=\"summary_large_image\" \/>\n<meta name=\"twitter:creator\" content=\"@Emplea_Te\" \/>\n<meta name=\"twitter:site\" content=\"@Emplea_Te\" \/>\n<meta name=\"twitter:label1\" content=\"Escrito por\" \/>\n\t<meta name=\"twitter:data1\" content=\"Empleate\" \/>\n\t<meta name=\"twitter:label2\" content=\"Tiempo de lectura\" \/>\n\t<meta name=\"twitter:data2\" content=\"1 minuto\" \/>\n<script type=\"application\/ld+json\" class=\"yoast-schema-graph\">{\"@context\":\"https:\\\/\\\/schema.org\",\"@graph\":[{\"@type\":\"Article\",\"@id\":\"https:\\\/\\\/www.emplea-te.com\\\/noticias-oposiciones\\\/ayuntamiento-de-becerrea-aprobacion-de-convocatoria-y-bases-regidoras-de-proceso-selectivo-que-sera-convocado-para-cubrir-plaza-de-auxiliar-administrativo-por-oposicion-en-turno-libre\\\/#article\",\"isPartOf\":{\"@id\":\"https:\\\/\\\/www.emplea-te.com\\\/noticias-oposiciones\\\/ayuntamiento-de-becerrea-aprobacion-de-convocatoria-y-bases-regidoras-de-proceso-selectivo-que-sera-convocado-para-cubrir-plaza-de-auxiliar-administrativo-por-oposicion-en-turno-libre\\\/\"},\"author\":{\"name\":\"Empleate\",\"@id\":\"https:\\\/\\\/www.emplea-te.com\\\/noticias-oposiciones\\\/#\\\/schema\\\/person\\\/d1bc587e1af2b95e9c32aba1795509a6\"},\"headline\":\"Ayuntamiento de Becerre\u00e1. Aprobaci\u00f3n de convocatoria y bases regidoras de proceso selectivo que ser\u00e1 convocado para cubrir plaza de Auxiliar Administrativo por oposici\u00f3n en turno libre.\",\"datePublished\":\"2025-10-01T08:26:21+00:00\",\"mainEntityOfPage\":{\"@id\":\"https:\\\/\\\/www.emplea-te.com\\\/noticias-oposiciones\\\/ayuntamiento-de-becerrea-aprobacion-de-convocatoria-y-bases-regidoras-de-proceso-selectivo-que-sera-convocado-para-cubrir-plaza-de-auxiliar-administrativo-por-oposicion-en-turno-libre\\\/\"},\"wordCount\":138,\"publisher\":{\"@id\":\"https:\\\/\\\/www.emplea-te.com\\\/noticias-oposiciones\\\/#organization\"},\"keywords\":[\"Anuncio de convocatoria\",\"Informaci\u00f3n procesos selectivos\"],\"articleSection\":[\"Convocatorias Ayuntamientos\",\"Oposiciones Auton\u00f3micas Galicia\"],\"inLanguage\":\"es\"},{\"@type\":\"WebPage\",\"@id\":\"https:\\\/\\\/www.emplea-te.com\\\/noticias-oposiciones\\\/ayuntamiento-de-becerrea-aprobacion-de-convocatoria-y-bases-regidoras-de-proceso-selectivo-que-sera-convocado-para-cubrir-plaza-de-auxiliar-administrativo-por-oposicion-en-turno-libre\\\/\",\"url\":\"https:\\\/\\\/www.emplea-te.com\\\/noticias-oposiciones\\\/ayuntamiento-de-becerrea-aprobacion-de-convocatoria-y-bases-regidoras-de-proceso-selectivo-que-sera-convocado-para-cubrir-plaza-de-auxiliar-administrativo-por-oposicion-en-turno-libre\\\/\",\"name\":\"Ayuntamiento de Becerre\u00e1. Convocatoria. Empleo P\u00fablico.\",\"isPartOf\":{\"@id\":\"https:\\\/\\\/www.emplea-te.com\\\/noticias-oposiciones\\\/#website\"},\"datePublished\":\"2025-10-01T08:26:21+00:00\",\"description\":\"Ayuntamiento de Becerre\u00e1. Anuncio de convocatoria de plaza de Auxiliar Administrativo por oposici\u00f3n en turno libre. \u00a1Prep\u00e1rate con nosotros!\",\"breadcrumb\":{\"@id\":\"https:\\\/\\\/www.emplea-te.com\\\/noticias-oposiciones\\\/ayuntamiento-de-becerrea-aprobacion-de-convocatoria-y-bases-regidoras-de-proceso-selectivo-que-sera-convocado-para-cubrir-plaza-de-auxiliar-administrativo-por-oposicion-en-turno-libre\\\/#breadcrumb\"},\"inLanguage\":\"es\",\"potentialAction\":[{\"@type\":\"ReadAction\",\"target\":[\"https:\\\/\\\/www.emplea-te.com\\\/noticias-oposiciones\\\/ayuntamiento-de-becerrea-aprobacion-de-convocatoria-y-bases-regidoras-de-proceso-selectivo-que-sera-convocado-para-cubrir-plaza-de-auxiliar-administrativo-por-oposicion-en-turno-libre\\\/\"]}]},{\"@type\":\"BreadcrumbList\",\"@id\":\"https:\\\/\\\/www.emplea-te.com\\\/noticias-oposiciones\\\/ayuntamiento-de-becerrea-aprobacion-de-convocatoria-y-bases-regidoras-de-proceso-selectivo-que-sera-convocado-para-cubrir-plaza-de-auxiliar-administrativo-por-oposicion-en-turno-libre\\\/#breadcrumb\",\"itemListElement\":[{\"@type\":\"ListItem\",\"position\":1,\"name\":\"Noticias Oposiciones\",\"item\":\"https:\\\/\\\/www.emplea-te.com\\\/noticias-oposiciones\\\/\"},{\"@type\":\"ListItem\",\"position\":2,\"name\":\"Oposiciones Auton\u00f3micas Galicia\",\"item\":\"https:\\\/\\\/www.emplea-te.com\\\/noticias-oposiciones\\\/categoria\\\/oposiciones-autonomicas-galicia\\\/\"},{\"@type\":\"ListItem\",\"position\":3,\"name\":\"Ayuntamiento de Becerre\u00e1. Aprobaci\u00f3n de convocatoria y bases regidoras de proceso selectivo que ser\u00e1 convocado para cubrir plaza de Auxiliar Administrativo por oposici\u00f3n en turno libre.\"}]},{\"@type\":\"WebSite\",\"@id\":\"https:\\\/\\\/www.emplea-te.com\\\/noticias-oposiciones\\\/#website\",\"url\":\"https:\\\/\\\/www.emplea-te.com\\\/noticias-oposiciones\\\/\",\"name\":\"Noticas de oposiciones por Academia Emplea-te\",\"description\":\"Toda la actualidad de las ofertas y convocatorias.\",\"publisher\":{\"@id\":\"https:\\\/\\\/www.emplea-te.com\\\/noticias-oposiciones\\\/#organization\"},\"potentialAction\":[{\"@type\":\"SearchAction\",\"target\":{\"@type\":\"EntryPoint\",\"urlTemplate\":\"https:\\\/\\\/www.emplea-te.com\\\/noticias-oposiciones\\\/?s={search_term_string}\"},\"query-input\":{\"@type\":\"PropertyValueSpecification\",\"valueRequired\":true,\"valueName\":\"search_term_string\"}}],\"inLanguage\":\"es\"},{\"@type\":\"Organization\",\"@id\":\"https:\\\/\\\/www.emplea-te.com\\\/noticias-oposiciones\\\/#organization\",\"name\":\"Academia de oposiciones Empl\u00e9ate\",\"url\":\"https:\\\/\\\/www.emplea-te.com\\\/noticias-oposiciones\\\/\",\"logo\":{\"@type\":\"ImageObject\",\"inLanguage\":\"es\",\"@id\":\"https:\\\/\\\/www.emplea-te.com\\\/noticias-oposiciones\\\/#\\\/schema\\\/logo\\\/image\\\/\",\"url\":\"https:\\\/\\\/www.emplea-te.com\\\/noticias-oposiciones\\\/wp-content\\\/uploads\\\/2019\\\/04\\\/empleate.jpg\",\"contentUrl\":\"https:\\\/\\\/www.emplea-te.com\\\/noticias-oposiciones\\\/wp-content\\\/uploads\\\/2019\\\/04\\\/empleate.jpg\",\"width\":250,\"height\":150,\"caption\":\"Academia de oposiciones Empl\u00e9ate\"},\"image\":{\"@id\":\"https:\\\/\\\/www.emplea-te.com\\\/noticias-oposiciones\\\/#\\\/schema\\\/logo\\\/image\\\/\"},\"sameAs\":[\"https:\\\/\\\/www.facebook.com\\\/AcademiaEmpleate\\\/\",\"https:\\\/\\\/x.com\\\/Emplea_Te\",\"https:\\\/\\\/www.instagram.com\\\/academia_empleate\\\/\"]},{\"@type\":\"Person\",\"@id\":\"https:\\\/\\\/www.emplea-te.com\\\/noticias-oposiciones\\\/#\\\/schema\\\/person\\\/d1bc587e1af2b95e9c32aba1795509a6\",\"name\":\"Empleate\"}]}<\/script>\n<!-- \/ Yoast SEO plugin. -->","yoast_head_json":{"title":"Ayuntamiento de Becerre\u00e1. Convocatoria. Empleo P\u00fablico.","description":"Ayuntamiento de Becerre\u00e1. Anuncio de convocatoria de plaza de Auxiliar Administrativo por oposici\u00f3n en turno libre. \u00a1Prep\u00e1rate con nosotros!","robots":{"index":"index","follow":"follow","max-snippet":"max-snippet:-1","max-image-preview":"max-image-preview:large","max-video-preview":"max-video-preview:-1"},"canonical":"https:\/\/www.emplea-te.com\/noticias-oposiciones\/ayuntamiento-de-becerrea-aprobacion-de-convocatoria-y-bases-regidoras-de-proceso-selectivo-que-sera-convocado-para-cubrir-plaza-de-auxiliar-administrativo-por-oposicion-en-turno-libre\/","og_locale":"es_ES","og_type":"article","og_title":"Ayuntamiento de Becerre\u00e1. Convocatoria. Empleo P\u00fablico.","og_description":"Ayuntamiento de Becerre\u00e1. Anuncio de convocatoria de plaza de Auxiliar Administrativo por oposici\u00f3n en turno libre. \u00a1Prep\u00e1rate con nosotros!","og_url":"https:\/\/www.emplea-te.com\/noticias-oposiciones\/ayuntamiento-de-becerrea-aprobacion-de-convocatoria-y-bases-regidoras-de-proceso-selectivo-que-sera-convocado-para-cubrir-plaza-de-auxiliar-administrativo-por-oposicion-en-turno-libre\/","og_site_name":"Noticas de oposiciones por Academia Emplea-te","article_publisher":"https:\/\/www.facebook.com\/AcademiaEmpleate\/","article_published_time":"2025-10-01T08:26:21+00:00","author":"Empleate","twitter_card":"summary_large_image","twitter_creator":"@Emplea_Te","twitter_site":"@Emplea_Te","twitter_misc":{"Escrito por":"Empleate","Tiempo de lectura":"1 minuto"},"schema":{"@context":"https:\/\/schema.org","@graph":[{"@type":"Article","@id":"https:\/\/www.emplea-te.com\/noticias-oposiciones\/ayuntamiento-de-becerrea-aprobacion-de-convocatoria-y-bases-regidoras-de-proceso-selectivo-que-sera-convocado-para-cubrir-plaza-de-auxiliar-administrativo-por-oposicion-en-turno-libre\/#article","isPartOf":{"@id":"https:\/\/www.emplea-te.com\/noticias-oposiciones\/ayuntamiento-de-becerrea-aprobacion-de-convocatoria-y-bases-regidoras-de-proceso-selectivo-que-sera-convocado-para-cubrir-plaza-de-auxiliar-administrativo-por-oposicion-en-turno-libre\/"},"author":{"name":"Empleate","@id":"https:\/\/www.emplea-te.com\/noticias-oposiciones\/#\/schema\/person\/d1bc587e1af2b95e9c32aba1795509a6"},"headline":"Ayuntamiento de Becerre\u00e1. Aprobaci\u00f3n de convocatoria y bases regidoras de proceso selectivo que ser\u00e1 convocado para cubrir plaza de Auxiliar Administrativo por oposici\u00f3n en turno libre.","datePublished":"2025-10-01T08:26:21+00:00","mainEntityOfPage":{"@id":"https:\/\/www.emplea-te.com\/noticias-oposiciones\/ayuntamiento-de-becerrea-aprobacion-de-convocatoria-y-bases-regidoras-de-proceso-selectivo-que-sera-convocado-para-cubrir-plaza-de-auxiliar-administrativo-por-oposicion-en-turno-libre\/"},"wordCount":138,"publisher":{"@id":"https:\/\/www.emplea-te.com\/noticias-oposiciones\/#organization"},"keywords":["Anuncio de convocatoria","Informaci\u00f3n procesos selectivos"],"articleSection":["Convocatorias Ayuntamientos","Oposiciones Auton\u00f3micas Galicia"],"inLanguage":"es"},{"@type":"WebPage","@id":"https:\/\/www.emplea-te.com\/noticias-oposiciones\/ayuntamiento-de-becerrea-aprobacion-de-convocatoria-y-bases-regidoras-de-proceso-selectivo-que-sera-convocado-para-cubrir-plaza-de-auxiliar-administrativo-por-oposicion-en-turno-libre\/","url":"https:\/\/www.emplea-te.com\/noticias-oposiciones\/ayuntamiento-de-becerrea-aprobacion-de-convocatoria-y-bases-regidoras-de-proceso-selectivo-que-sera-convocado-para-cubrir-plaza-de-auxiliar-administrativo-por-oposicion-en-turno-libre\/","name":"Ayuntamiento de Becerre\u00e1. Convocatoria. Empleo P\u00fablico.","isPartOf":{"@id":"https:\/\/www.emplea-te.com\/noticias-oposiciones\/#website"},"datePublished":"2025-10-01T08:26:21+00:00","description":"Ayuntamiento de Becerre\u00e1. Anuncio de convocatoria de plaza de Auxiliar Administrativo por oposici\u00f3n en turno libre. \u00a1Prep\u00e1rate con nosotros!","breadcrumb":{"@id":"https:\/\/www.emplea-te.com\/noticias-oposiciones\/ayuntamiento-de-becerrea-aprobacion-de-convocatoria-y-bases-regidoras-de-proceso-selectivo-que-sera-convocado-para-cubrir-plaza-de-auxiliar-administrativo-por-oposicion-en-turno-libre\/#breadcrumb"},"inLanguage":"es","potentialAction":[{"@type":"ReadAction","target":["https:\/\/www.emplea-te.com\/noticias-oposiciones\/ayuntamiento-de-becerrea-aprobacion-de-convocatoria-y-bases-regidoras-de-proceso-selectivo-que-sera-convocado-para-cubrir-plaza-de-auxiliar-administrativo-por-oposicion-en-turno-libre\/"]}]},{"@type":"BreadcrumbList","@id":"https:\/\/www.emplea-te.com\/noticias-oposiciones\/ayuntamiento-de-becerrea-aprobacion-de-convocatoria-y-bases-regidoras-de-proceso-selectivo-que-sera-convocado-para-cubrir-plaza-de-auxiliar-administrativo-por-oposicion-en-turno-libre\/#breadcrumb","itemListElement":[{"@type":"ListItem","position":1,"name":"Noticias Oposiciones","item":"https:\/\/www.emplea-te.com\/noticias-oposiciones\/"},{"@type":"ListItem","position":2,"name":"Oposiciones Auton\u00f3micas Galicia","item":"https:\/\/www.emplea-te.com\/noticias-oposiciones\/categoria\/oposiciones-autonomicas-galicia\/"},{"@type":"ListItem","position":3,"name":"Ayuntamiento de Becerre\u00e1. Aprobaci\u00f3n de convocatoria y bases regidoras de proceso selectivo que ser\u00e1 convocado para cubrir plaza de Auxiliar Administrativo por oposici\u00f3n en turno libre."}]},{"@type":"WebSite","@id":"https:\/\/www.emplea-te.com\/noticias-oposiciones\/#website","url":"https:\/\/www.emplea-te.com\/noticias-oposiciones\/","name":"Noticas de oposiciones por Academia Emplea-te","description":"Toda la actualidad de las ofertas y convocatorias.","publisher":{"@id":"https:\/\/www.emplea-te.com\/noticias-oposiciones\/#organization"},"potentialAction":[{"@type":"SearchAction","target":{"@type":"EntryPoint","urlTemplate":"https:\/\/www.emplea-te.com\/noticias-oposiciones\/?s={search_term_string}"},"query-input":{"@type":"PropertyValueSpecification","valueRequired":true,"valueName":"search_term_string"}}],"inLanguage":"es"},{"@type":"Organization","@id":"https:\/\/www.emplea-te.com\/noticias-oposiciones\/#organization","name":"Academia de oposiciones Empl\u00e9ate","url":"https:\/\/www.emplea-te.com\/noticias-oposiciones\/","logo":{"@type":"ImageObject","inLanguage":"es","@id":"https:\/\/www.emplea-te.com\/noticias-oposiciones\/#\/schema\/logo\/image\/","url":"https:\/\/www.emplea-te.com\/noticias-oposiciones\/wp-content\/uploads\/2019\/04\/empleate.jpg","contentUrl":"https:\/\/www.emplea-te.com\/noticias-oposiciones\/wp-content\/uploads\/2019\/04\/empleate.jpg","width":250,"height":150,"caption":"Academia de oposiciones Empl\u00e9ate"},"image":{"@id":"https:\/\/www.emplea-te.com\/noticias-oposiciones\/#\/schema\/logo\/image\/"},"sameAs":["https:\/\/www.facebook.com\/AcademiaEmpleate\/","https:\/\/x.com\/Emplea_Te","https:\/\/www.instagram.com\/academia_empleate\/"]},{"@type":"Person","@id":"https:\/\/www.emplea-te.com\/noticias-oposiciones\/#\/schema\/person\/d1bc587e1af2b95e9c32aba1795509a6","name":"Empleate"}]}},"_links":{"self":[{"href":"https:\/\/www.emplea-te.com\/noticias-oposiciones\/wp-json\/wp\/v2\/posts\/16584","targetHints":{"allow":["GET"]}}],"collection":[{"href":"https:\/\/www.emplea-te.com\/noticias-oposiciones\/wp-json\/wp\/v2\/posts"}],"about":[{"href":"https:\/\/www.emplea-te.com\/noticias-oposiciones\/wp-json\/wp\/v2\/types\/post"}],"author":[{"embeddable":true,"href":"https:\/\/www.emplea-te.com\/noticias-oposiciones\/wp-json\/wp\/v2\/users\/1"}],"replies":[{"embeddable":true,"href":"https:\/\/www.emplea-te.com\/noticias-oposiciones\/wp-json\/wp\/v2\/comments?post=16584"}],"version-history":[{"count":1,"href":"https:\/\/www.emplea-te.com\/noticias-oposiciones\/wp-json\/wp\/v2\/posts\/16584\/revisions"}],"predecessor-version":[{"id":16585,"href":"https:\/\/www.emplea-te.com\/noticias-oposiciones\/wp-json\/wp\/v2\/posts\/16584\/revisions\/16585"}],"wp:attachment":[{"href":"https:\/\/www.emplea-te.com\/noticias-oposiciones\/wp-json\/wp\/v2\/media?parent=16584"}],"wp:term":[{"taxonomy":"category","embeddable":true,"href":"https:\/\/www.emplea-te.com\/noticias-oposiciones\/wp-json\/wp\/v2\/categories?post=16584"},{"taxonomy":"post_tag","embeddable":true,"href":"https:\/\/www.emplea-te.com\/noticias-oposiciones\/wp-json\/wp\/v2\/tags?post=16584"}],"curies":[{"name":"wp","href":"https:\/\/api.w.org\/{rel}","templated":true}]}}