{"id":16628,"date":"2025-10-06T10:07:55","date_gmt":"2025-10-06T08:07:55","guid":{"rendered":"https:\/\/www.emplea-te.com\/noticias-oposiciones\/?p=16628"},"modified":"2025-10-06T10:07:55","modified_gmt":"2025-10-06T08:07:55","slug":"xunta-de-galicia-auxiliar-de-cuidador-c2-convocado-en-dog-de-30-de-junio-de-2025-relacion-provisional-de-aspirantes-admitidos-y-excluidos-en-proceso-selectivo","status":"publish","type":"post","link":"https:\/\/www.emplea-te.com\/noticias-oposiciones\/xunta-de-galicia-auxiliar-de-cuidador-c2-convocado-en-dog-de-30-de-junio-de-2025-relacion-provisional-de-aspirantes-admitidos-y-excluidos-en-proceso-selectivo\/","title":{"rendered":"Xunta de Galicia. Auxiliar de Cuidador C2 convocado en DOG de 30 de junio de 2025. Relaci\u00f3n provisional de aspirantes admitidos y excluidos en proceso selectivo."},"content":{"rendered":"<p>Se publica en el DOG de hoy, d\u00eda 6 de octubre de 2025, la RESOLUCI\u00d3N de 26 de septiembre de 2025, de la Direcci\u00f3n General de Empleo P\u00fablico y Administraci\u00f3n de Personal, por la que se aprueban y se hacen p\u00fablicas las listas provisionales de personas admitidas y excluidas en el proceso selectivo para el ingreso en el cuerpo de auxiliares de car\u00e1cter t\u00e9cnico de Administraci\u00f3n especial de la Administraci\u00f3n general de la Comunidad Aut\u00f3noma de Galicia, subgrupo C2, escala auxiliar de cuidadores, convocado por la Resoluci\u00f3n de 24 de junio de 2025 (Diario Oficial de Galicia n\u00famero 123, de 30 de junio).<\/p>\n<p>Consulta de listas:<\/p>\n<p>Las personas aspirantes podr\u00e1n consultar el estado de las solicitudes de inscripci\u00f3n presentadas y la situaci\u00f3n como admitidas o excluidas en <a href=\"http:\/\/www.xunta.es\" target=\"_blank\" rel=\"noopener\"><strong>fides.xunta.gal<\/strong><\/a><\/p>\n<p>La lista completa de personas aspirantes admitidas y excluidas, con indicaci\u00f3n de la causa determinante de su exclusi\u00f3n, se podr\u00e1 consultar en el portal web corporativo <a href=\"http:\/\/www.xunta.es\" target=\"_blank\" rel=\"noopener\"><strong>funcionpublica.xunta.gal<\/strong><\/a><\/p>\n<p>Se abre un plazo para presentar alegaciones de 10 d\u00edas h\u00e1biles a contar a partir del d\u00eda siguiente al de esta publicaci\u00f3n en el DOG y por tanto el plazo permanecer\u00e1 abierto hasta el d\u00eda 20\/10\/2025.<\/p>\n<p><a href=\"https:\/\/www.xunta.gal\/dog\/Publicados\/2025\/20251006\/AnuncioG0597-290925-0001_es.html\" target=\"_blank\" rel=\"noopener\"><strong>Accede a la Resoluci\u00f3n con su contenido \u00edntegro.\u00a0<\/strong><\/a><\/p>\n<p><a href=\"https:\/\/www.emplea-te.com\/132-oposiciones-auxiliar-cuidador-xunta-de-galicia-c2-acceso-libre\" target=\"_blank\" rel=\"noopener\"><strong>Prepara tu plaza de Auxiliar de Cuidador de la Xunta de Galicia en nuestros grupos presenciales y online.<\/strong><\/a><\/p>\n<p>&nbsp;<\/p>\n","protected":false},"excerpt":{"rendered":"<p>Se publica en el DOG de hoy, d\u00eda 6 de octubre de 2025, la RESOLUCI\u00d3N de 26 de septiembre de 2025, de la Direcci\u00f3n General de Empleo P\u00fablico y Administraci\u00f3n de Personal, por la que se aprueban y se hacen p\u00fablicas las listas provisionales de personas admitidas y excluidas en el proceso selectivo para el &hellip; <a href=\"https:\/\/www.emplea-te.com\/noticias-oposiciones\/xunta-de-galicia-auxiliar-de-cuidador-c2-convocado-en-dog-de-30-de-junio-de-2025-relacion-provisional-de-aspirantes-admitidos-y-excluidos-en-proceso-selectivo\/\" class=\"more-link\">Continuar leyendo<span class=\"screen-reader-text\"> \u00abXunta de Galicia. Auxiliar de Cuidador C2 convocado en DOG de 30 de junio de 2025. Relaci\u00f3n provisional de aspirantes admitidos y excluidos en proceso selectivo.\u00bb<\/span><\/a><\/p>\n","protected":false},"author":1,"featured_media":0,"comment_status":"closed","ping_status":"closed","sticky":false,"template":"","format":"standard","meta":{"footnotes":""},"categories":[56,4],"tags":[49,103,70],"class_list":["post-16628","post","type-post","status-publish","format-standard","hentry","category-oposiciones-autonomicas-galicia","category-oposiciones-xunta","tag-convocatorias-de-oposiciones","tag-informacion-procesos-selectivos","tag-listas-provisionales-admitidos-y-excluidos"],"yoast_head":"<!-- This site is optimized with the Yoast SEO plugin v27.3 - https:\/\/yoast.com\/product\/yoast-seo-wordpress\/ -->\n<title>Xunta de Galicia. Convocatoria. Empleo P\u00fablico.<\/title>\n<meta name=\"description\" content=\"Xunta de Galicia. Auxiliar de Cuidador C2 . Relaci\u00f3n provisional de aspirantes admitidos y excluidos en proceso selectivo.\" \/>\n<meta name=\"robots\" content=\"index, follow, max-snippet:-1, max-image-preview:large, max-video-preview:-1\" \/>\n<link rel=\"canonical\" href=\"https:\/\/www.emplea-te.com\/noticias-oposiciones\/xunta-de-galicia-auxiliar-de-cuidador-c2-convocado-en-dog-de-30-de-junio-de-2025-relacion-provisional-de-aspirantes-admitidos-y-excluidos-en-proceso-selectivo\/\" \/>\n<meta property=\"og:locale\" content=\"es_ES\" \/>\n<meta property=\"og:type\" content=\"article\" \/>\n<meta property=\"og:title\" content=\"Xunta de Galicia. Convocatoria. Empleo P\u00fablico.\" \/>\n<meta property=\"og:description\" content=\"Xunta de Galicia. Auxiliar de Cuidador C2 . Relaci\u00f3n provisional de aspirantes admitidos y excluidos en proceso selectivo.\" \/>\n<meta property=\"og:url\" content=\"https:\/\/www.emplea-te.com\/noticias-oposiciones\/xunta-de-galicia-auxiliar-de-cuidador-c2-convocado-en-dog-de-30-de-junio-de-2025-relacion-provisional-de-aspirantes-admitidos-y-excluidos-en-proceso-selectivo\/\" \/>\n<meta property=\"og:site_name\" content=\"Noticas de oposiciones por Academia Emplea-te\" \/>\n<meta property=\"article:publisher\" content=\"https:\/\/www.facebook.com\/AcademiaEmpleate\/\" \/>\n<meta property=\"article:published_time\" content=\"2025-10-06T08:07:55+00:00\" \/>\n<meta name=\"author\" content=\"Empleate\" \/>\n<meta name=\"twitter:card\" content=\"summary_large_image\" \/>\n<meta name=\"twitter:creator\" content=\"@Emplea_Te\" \/>\n<meta name=\"twitter:site\" content=\"@Emplea_Te\" \/>\n<meta name=\"twitter:label1\" content=\"Escrito por\" \/>\n\t<meta name=\"twitter:data1\" content=\"Empleate\" \/>\n\t<meta name=\"twitter:label2\" content=\"Tiempo de lectura\" \/>\n\t<meta name=\"twitter:data2\" content=\"1 minuto\" \/>\n<script type=\"application\/ld+json\" class=\"yoast-schema-graph\">{\"@context\":\"https:\\\/\\\/schema.org\",\"@graph\":[{\"@type\":\"Article\",\"@id\":\"https:\\\/\\\/www.emplea-te.com\\\/noticias-oposiciones\\\/xunta-de-galicia-auxiliar-de-cuidador-c2-convocado-en-dog-de-30-de-junio-de-2025-relacion-provisional-de-aspirantes-admitidos-y-excluidos-en-proceso-selectivo\\\/#article\",\"isPartOf\":{\"@id\":\"https:\\\/\\\/www.emplea-te.com\\\/noticias-oposiciones\\\/xunta-de-galicia-auxiliar-de-cuidador-c2-convocado-en-dog-de-30-de-junio-de-2025-relacion-provisional-de-aspirantes-admitidos-y-excluidos-en-proceso-selectivo\\\/\"},\"author\":{\"name\":\"Empleate\",\"@id\":\"https:\\\/\\\/www.emplea-te.com\\\/noticias-oposiciones\\\/#\\\/schema\\\/person\\\/d1bc587e1af2b95e9c32aba1795509a6\"},\"headline\":\"Xunta de Galicia. Auxiliar de Cuidador C2 convocado en DOG de 30 de junio de 2025. Relaci\u00f3n provisional de aspirantes admitidos y excluidos en proceso selectivo.\",\"datePublished\":\"2025-10-06T08:07:55+00:00\",\"mainEntityOfPage\":{\"@id\":\"https:\\\/\\\/www.emplea-te.com\\\/noticias-oposiciones\\\/xunta-de-galicia-auxiliar-de-cuidador-c2-convocado-en-dog-de-30-de-junio-de-2025-relacion-provisional-de-aspirantes-admitidos-y-excluidos-en-proceso-selectivo\\\/\"},\"wordCount\":261,\"publisher\":{\"@id\":\"https:\\\/\\\/www.emplea-te.com\\\/noticias-oposiciones\\\/#organization\"},\"keywords\":[\"Convocatoria\",\"Informaci\u00f3n procesos selectivos\",\"Listas provisionales admitidos y excluidos\"],\"articleSection\":[\"Oposiciones Auton\u00f3micas Galicia\",\"Oposiciones Xunta\"],\"inLanguage\":\"es\"},{\"@type\":\"WebPage\",\"@id\":\"https:\\\/\\\/www.emplea-te.com\\\/noticias-oposiciones\\\/xunta-de-galicia-auxiliar-de-cuidador-c2-convocado-en-dog-de-30-de-junio-de-2025-relacion-provisional-de-aspirantes-admitidos-y-excluidos-en-proceso-selectivo\\\/\",\"url\":\"https:\\\/\\\/www.emplea-te.com\\\/noticias-oposiciones\\\/xunta-de-galicia-auxiliar-de-cuidador-c2-convocado-en-dog-de-30-de-junio-de-2025-relacion-provisional-de-aspirantes-admitidos-y-excluidos-en-proceso-selectivo\\\/\",\"name\":\"Xunta de Galicia. Convocatoria. Empleo P\u00fablico.\",\"isPartOf\":{\"@id\":\"https:\\\/\\\/www.emplea-te.com\\\/noticias-oposiciones\\\/#website\"},\"datePublished\":\"2025-10-06T08:07:55+00:00\",\"description\":\"Xunta de Galicia. Auxiliar de Cuidador C2 . Relaci\u00f3n provisional de aspirantes admitidos y excluidos en proceso selectivo.\",\"breadcrumb\":{\"@id\":\"https:\\\/\\\/www.emplea-te.com\\\/noticias-oposiciones\\\/xunta-de-galicia-auxiliar-de-cuidador-c2-convocado-en-dog-de-30-de-junio-de-2025-relacion-provisional-de-aspirantes-admitidos-y-excluidos-en-proceso-selectivo\\\/#breadcrumb\"},\"inLanguage\":\"es\",\"potentialAction\":[{\"@type\":\"ReadAction\",\"target\":[\"https:\\\/\\\/www.emplea-te.com\\\/noticias-oposiciones\\\/xunta-de-galicia-auxiliar-de-cuidador-c2-convocado-en-dog-de-30-de-junio-de-2025-relacion-provisional-de-aspirantes-admitidos-y-excluidos-en-proceso-selectivo\\\/\"]}]},{\"@type\":\"BreadcrumbList\",\"@id\":\"https:\\\/\\\/www.emplea-te.com\\\/noticias-oposiciones\\\/xunta-de-galicia-auxiliar-de-cuidador-c2-convocado-en-dog-de-30-de-junio-de-2025-relacion-provisional-de-aspirantes-admitidos-y-excluidos-en-proceso-selectivo\\\/#breadcrumb\",\"itemListElement\":[{\"@type\":\"ListItem\",\"position\":1,\"name\":\"Noticias Oposiciones\",\"item\":\"https:\\\/\\\/www.emplea-te.com\\\/noticias-oposiciones\\\/\"},{\"@type\":\"ListItem\",\"position\":2,\"name\":\"Oposiciones Xunta\",\"item\":\"https:\\\/\\\/www.emplea-te.com\\\/noticias-oposiciones\\\/categoria\\\/oposiciones-xunta\\\/\"},{\"@type\":\"ListItem\",\"position\":3,\"name\":\"Xunta de Galicia. Auxiliar de Cuidador C2 convocado en DOG de 30 de junio de 2025. Relaci\u00f3n provisional de aspirantes admitidos y excluidos en proceso selectivo.\"}]},{\"@type\":\"WebSite\",\"@id\":\"https:\\\/\\\/www.emplea-te.com\\\/noticias-oposiciones\\\/#website\",\"url\":\"https:\\\/\\\/www.emplea-te.com\\\/noticias-oposiciones\\\/\",\"name\":\"Noticas de oposiciones por Academia Emplea-te\",\"description\":\"Toda la actualidad de las ofertas y convocatorias.\",\"publisher\":{\"@id\":\"https:\\\/\\\/www.emplea-te.com\\\/noticias-oposiciones\\\/#organization\"},\"potentialAction\":[{\"@type\":\"SearchAction\",\"target\":{\"@type\":\"EntryPoint\",\"urlTemplate\":\"https:\\\/\\\/www.emplea-te.com\\\/noticias-oposiciones\\\/?s={search_term_string}\"},\"query-input\":{\"@type\":\"PropertyValueSpecification\",\"valueRequired\":true,\"valueName\":\"search_term_string\"}}],\"inLanguage\":\"es\"},{\"@type\":\"Organization\",\"@id\":\"https:\\\/\\\/www.emplea-te.com\\\/noticias-oposiciones\\\/#organization\",\"name\":\"Academia de oposiciones Empl\u00e9ate\",\"url\":\"https:\\\/\\\/www.emplea-te.com\\\/noticias-oposiciones\\\/\",\"logo\":{\"@type\":\"ImageObject\",\"inLanguage\":\"es\",\"@id\":\"https:\\\/\\\/www.emplea-te.com\\\/noticias-oposiciones\\\/#\\\/schema\\\/logo\\\/image\\\/\",\"url\":\"https:\\\/\\\/www.emplea-te.com\\\/noticias-oposiciones\\\/wp-content\\\/uploads\\\/2019\\\/04\\\/empleate.jpg\",\"contentUrl\":\"https:\\\/\\\/www.emplea-te.com\\\/noticias-oposiciones\\\/wp-content\\\/uploads\\\/2019\\\/04\\\/empleate.jpg\",\"width\":250,\"height\":150,\"caption\":\"Academia de oposiciones Empl\u00e9ate\"},\"image\":{\"@id\":\"https:\\\/\\\/www.emplea-te.com\\\/noticias-oposiciones\\\/#\\\/schema\\\/logo\\\/image\\\/\"},\"sameAs\":[\"https:\\\/\\\/www.facebook.com\\\/AcademiaEmpleate\\\/\",\"https:\\\/\\\/x.com\\\/Emplea_Te\",\"https:\\\/\\\/www.instagram.com\\\/academia_empleate\\\/\"]},{\"@type\":\"Person\",\"@id\":\"https:\\\/\\\/www.emplea-te.com\\\/noticias-oposiciones\\\/#\\\/schema\\\/person\\\/d1bc587e1af2b95e9c32aba1795509a6\",\"name\":\"Empleate\"}]}<\/script>\n<!-- \/ Yoast SEO plugin. -->","yoast_head_json":{"title":"Xunta de Galicia. Convocatoria. Empleo P\u00fablico.","description":"Xunta de Galicia. Auxiliar de Cuidador C2 . Relaci\u00f3n provisional de aspirantes admitidos y excluidos en proceso selectivo.","robots":{"index":"index","follow":"follow","max-snippet":"max-snippet:-1","max-image-preview":"max-image-preview:large","max-video-preview":"max-video-preview:-1"},"canonical":"https:\/\/www.emplea-te.com\/noticias-oposiciones\/xunta-de-galicia-auxiliar-de-cuidador-c2-convocado-en-dog-de-30-de-junio-de-2025-relacion-provisional-de-aspirantes-admitidos-y-excluidos-en-proceso-selectivo\/","og_locale":"es_ES","og_type":"article","og_title":"Xunta de Galicia. Convocatoria. Empleo P\u00fablico.","og_description":"Xunta de Galicia. Auxiliar de Cuidador C2 . Relaci\u00f3n provisional de aspirantes admitidos y excluidos en proceso selectivo.","og_url":"https:\/\/www.emplea-te.com\/noticias-oposiciones\/xunta-de-galicia-auxiliar-de-cuidador-c2-convocado-en-dog-de-30-de-junio-de-2025-relacion-provisional-de-aspirantes-admitidos-y-excluidos-en-proceso-selectivo\/","og_site_name":"Noticas de oposiciones por Academia Emplea-te","article_publisher":"https:\/\/www.facebook.com\/AcademiaEmpleate\/","article_published_time":"2025-10-06T08:07:55+00:00","author":"Empleate","twitter_card":"summary_large_image","twitter_creator":"@Emplea_Te","twitter_site":"@Emplea_Te","twitter_misc":{"Escrito por":"Empleate","Tiempo de lectura":"1 minuto"},"schema":{"@context":"https:\/\/schema.org","@graph":[{"@type":"Article","@id":"https:\/\/www.emplea-te.com\/noticias-oposiciones\/xunta-de-galicia-auxiliar-de-cuidador-c2-convocado-en-dog-de-30-de-junio-de-2025-relacion-provisional-de-aspirantes-admitidos-y-excluidos-en-proceso-selectivo\/#article","isPartOf":{"@id":"https:\/\/www.emplea-te.com\/noticias-oposiciones\/xunta-de-galicia-auxiliar-de-cuidador-c2-convocado-en-dog-de-30-de-junio-de-2025-relacion-provisional-de-aspirantes-admitidos-y-excluidos-en-proceso-selectivo\/"},"author":{"name":"Empleate","@id":"https:\/\/www.emplea-te.com\/noticias-oposiciones\/#\/schema\/person\/d1bc587e1af2b95e9c32aba1795509a6"},"headline":"Xunta de Galicia. Auxiliar de Cuidador C2 convocado en DOG de 30 de junio de 2025. Relaci\u00f3n provisional de aspirantes admitidos y excluidos en proceso selectivo.","datePublished":"2025-10-06T08:07:55+00:00","mainEntityOfPage":{"@id":"https:\/\/www.emplea-te.com\/noticias-oposiciones\/xunta-de-galicia-auxiliar-de-cuidador-c2-convocado-en-dog-de-30-de-junio-de-2025-relacion-provisional-de-aspirantes-admitidos-y-excluidos-en-proceso-selectivo\/"},"wordCount":261,"publisher":{"@id":"https:\/\/www.emplea-te.com\/noticias-oposiciones\/#organization"},"keywords":["Convocatoria","Informaci\u00f3n procesos selectivos","Listas provisionales admitidos y excluidos"],"articleSection":["Oposiciones Auton\u00f3micas Galicia","Oposiciones Xunta"],"inLanguage":"es"},{"@type":"WebPage","@id":"https:\/\/www.emplea-te.com\/noticias-oposiciones\/xunta-de-galicia-auxiliar-de-cuidador-c2-convocado-en-dog-de-30-de-junio-de-2025-relacion-provisional-de-aspirantes-admitidos-y-excluidos-en-proceso-selectivo\/","url":"https:\/\/www.emplea-te.com\/noticias-oposiciones\/xunta-de-galicia-auxiliar-de-cuidador-c2-convocado-en-dog-de-30-de-junio-de-2025-relacion-provisional-de-aspirantes-admitidos-y-excluidos-en-proceso-selectivo\/","name":"Xunta de Galicia. Convocatoria. Empleo P\u00fablico.","isPartOf":{"@id":"https:\/\/www.emplea-te.com\/noticias-oposiciones\/#website"},"datePublished":"2025-10-06T08:07:55+00:00","description":"Xunta de Galicia. Auxiliar de Cuidador C2 . Relaci\u00f3n provisional de aspirantes admitidos y excluidos en proceso selectivo.","breadcrumb":{"@id":"https:\/\/www.emplea-te.com\/noticias-oposiciones\/xunta-de-galicia-auxiliar-de-cuidador-c2-convocado-en-dog-de-30-de-junio-de-2025-relacion-provisional-de-aspirantes-admitidos-y-excluidos-en-proceso-selectivo\/#breadcrumb"},"inLanguage":"es","potentialAction":[{"@type":"ReadAction","target":["https:\/\/www.emplea-te.com\/noticias-oposiciones\/xunta-de-galicia-auxiliar-de-cuidador-c2-convocado-en-dog-de-30-de-junio-de-2025-relacion-provisional-de-aspirantes-admitidos-y-excluidos-en-proceso-selectivo\/"]}]},{"@type":"BreadcrumbList","@id":"https:\/\/www.emplea-te.com\/noticias-oposiciones\/xunta-de-galicia-auxiliar-de-cuidador-c2-convocado-en-dog-de-30-de-junio-de-2025-relacion-provisional-de-aspirantes-admitidos-y-excluidos-en-proceso-selectivo\/#breadcrumb","itemListElement":[{"@type":"ListItem","position":1,"name":"Noticias Oposiciones","item":"https:\/\/www.emplea-te.com\/noticias-oposiciones\/"},{"@type":"ListItem","position":2,"name":"Oposiciones Xunta","item":"https:\/\/www.emplea-te.com\/noticias-oposiciones\/categoria\/oposiciones-xunta\/"},{"@type":"ListItem","position":3,"name":"Xunta de Galicia. Auxiliar de Cuidador C2 convocado en DOG de 30 de junio de 2025. Relaci\u00f3n provisional de aspirantes admitidos y excluidos en proceso selectivo."}]},{"@type":"WebSite","@id":"https:\/\/www.emplea-te.com\/noticias-oposiciones\/#website","url":"https:\/\/www.emplea-te.com\/noticias-oposiciones\/","name":"Noticas de oposiciones por Academia Emplea-te","description":"Toda la actualidad de las ofertas y convocatorias.","publisher":{"@id":"https:\/\/www.emplea-te.com\/noticias-oposiciones\/#organization"},"potentialAction":[{"@type":"SearchAction","target":{"@type":"EntryPoint","urlTemplate":"https:\/\/www.emplea-te.com\/noticias-oposiciones\/?s={search_term_string}"},"query-input":{"@type":"PropertyValueSpecification","valueRequired":true,"valueName":"search_term_string"}}],"inLanguage":"es"},{"@type":"Organization","@id":"https:\/\/www.emplea-te.com\/noticias-oposiciones\/#organization","name":"Academia de oposiciones Empl\u00e9ate","url":"https:\/\/www.emplea-te.com\/noticias-oposiciones\/","logo":{"@type":"ImageObject","inLanguage":"es","@id":"https:\/\/www.emplea-te.com\/noticias-oposiciones\/#\/schema\/logo\/image\/","url":"https:\/\/www.emplea-te.com\/noticias-oposiciones\/wp-content\/uploads\/2019\/04\/empleate.jpg","contentUrl":"https:\/\/www.emplea-te.com\/noticias-oposiciones\/wp-content\/uploads\/2019\/04\/empleate.jpg","width":250,"height":150,"caption":"Academia de oposiciones Empl\u00e9ate"},"image":{"@id":"https:\/\/www.emplea-te.com\/noticias-oposiciones\/#\/schema\/logo\/image\/"},"sameAs":["https:\/\/www.facebook.com\/AcademiaEmpleate\/","https:\/\/x.com\/Emplea_Te","https:\/\/www.instagram.com\/academia_empleate\/"]},{"@type":"Person","@id":"https:\/\/www.emplea-te.com\/noticias-oposiciones\/#\/schema\/person\/d1bc587e1af2b95e9c32aba1795509a6","name":"Empleate"}]}},"_links":{"self":[{"href":"https:\/\/www.emplea-te.com\/noticias-oposiciones\/wp-json\/wp\/v2\/posts\/16628","targetHints":{"allow":["GET"]}}],"collection":[{"href":"https:\/\/www.emplea-te.com\/noticias-oposiciones\/wp-json\/wp\/v2\/posts"}],"about":[{"href":"https:\/\/www.emplea-te.com\/noticias-oposiciones\/wp-json\/wp\/v2\/types\/post"}],"author":[{"embeddable":true,"href":"https:\/\/www.emplea-te.com\/noticias-oposiciones\/wp-json\/wp\/v2\/users\/1"}],"replies":[{"embeddable":true,"href":"https:\/\/www.emplea-te.com\/noticias-oposiciones\/wp-json\/wp\/v2\/comments?post=16628"}],"version-history":[{"count":1,"href":"https:\/\/www.emplea-te.com\/noticias-oposiciones\/wp-json\/wp\/v2\/posts\/16628\/revisions"}],"predecessor-version":[{"id":16629,"href":"https:\/\/www.emplea-te.com\/noticias-oposiciones\/wp-json\/wp\/v2\/posts\/16628\/revisions\/16629"}],"wp:attachment":[{"href":"https:\/\/www.emplea-te.com\/noticias-oposiciones\/wp-json\/wp\/v2\/media?parent=16628"}],"wp:term":[{"taxonomy":"category","embeddable":true,"href":"https:\/\/www.emplea-te.com\/noticias-oposiciones\/wp-json\/wp\/v2\/categories?post=16628"},{"taxonomy":"post_tag","embeddable":true,"href":"https:\/\/www.emplea-te.com\/noticias-oposiciones\/wp-json\/wp\/v2\/tags?post=16628"}],"curies":[{"name":"wp","href":"https:\/\/api.w.org\/{rel}","templated":true}]}}