{"id":16642,"date":"2025-10-07T10:40:26","date_gmt":"2025-10-07T08:40:26","guid":{"rendered":"https:\/\/www.emplea-te.com\/noticias-oposiciones\/?p=16642"},"modified":"2025-10-07T10:40:26","modified_gmt":"2025-10-07T08:40:26","slug":"udc-escala-administrativa-c1-20-plazas-convocadas-se-anuncia-fecha-realizacion-3o-ejercicio-para-el-proximo-dia-18-de-octubre-de-2025","status":"publish","type":"post","link":"https:\/\/www.emplea-te.com\/noticias-oposiciones\/udc-escala-administrativa-c1-20-plazas-convocadas-se-anuncia-fecha-realizacion-3o-ejercicio-para-el-proximo-dia-18-de-octubre-de-2025\/","title":{"rendered":"UDC. Escala administrativa C1 20 plazas convocadas. Se anuncia fecha realizaci\u00f3n 3\u00ba ejercicio para el pr\u00f3ximo d\u00eda 18 de octubre de 2025."},"content":{"rendered":"<p>Se publica en la Web de la UDC, la correcci\u00f3n de un error en el anuncio de fecha de realizaci\u00f3n del tercer ejercicio de\u00a0 proceso selectivo convocado para cubrir 20 plazas de Escala Administrativa C1.<\/p>\n<p>La informaci\u00f3n actualizada y correcta es la siguiente:<\/p>\n<p>Se convoca a las personas aspirantes para la realizaci\u00f3n del tercer ejercicio (prueba de inform\u00e1tica) de la fase de oposici\u00f3n que tendr\u00e1 lugar el 18 de octubre (s\u00e1bado) de 2025, a las 10:00h en las Facultades y aulas de la Universidade da Coru\u00f1a que se indican en la lista anexa, situadas en el Campus de Elvi\u00f1a.<\/p>\n<p>\u00a1Suerte!<\/p>\n<p><a href=\"https:\/\/www.udc.es\/es\/novas\/Correccion-de-un-error-en-el-anuncio-fecha-3-ejercicio.-Administrativo-C1.\/\" target=\"_blank\" rel=\"noopener\"><strong>Accede a la publicaci\u00f3n de la correcci\u00f3n de Anuncio.\u00a0<\/strong><\/a><\/p>\n<p>Prepara tu plaza en nuestros <a href=\"https:\/\/www.emplea-te.com\/71\/oposiciones-de-Universidades-de-Galicia\" target=\"_blank\" rel=\"noopener\"><strong>grupos presenciales y online de preparaci\u00f3n de oposiciones de Universidades de Galicia.\u00a0<\/strong><\/a><\/p>\n","protected":false},"excerpt":{"rendered":"<p>Se publica en la Web de la UDC, la correcci\u00f3n de un error en el anuncio de fecha de realizaci\u00f3n del tercer ejercicio de\u00a0 proceso selectivo convocado para cubrir 20 plazas de Escala Administrativa C1. La informaci\u00f3n actualizada y correcta es la siguiente: Se convoca a las personas aspirantes para la realizaci\u00f3n del tercer ejercicio &hellip; <a href=\"https:\/\/www.emplea-te.com\/noticias-oposiciones\/udc-escala-administrativa-c1-20-plazas-convocadas-se-anuncia-fecha-realizacion-3o-ejercicio-para-el-proximo-dia-18-de-octubre-de-2025\/\" class=\"more-link\">Continuar leyendo<span class=\"screen-reader-text\"> \u00abUDC. Escala administrativa C1 20 plazas convocadas. Se anuncia fecha realizaci\u00f3n 3\u00ba ejercicio para el pr\u00f3ximo d\u00eda 18 de octubre de 2025.\u00bb<\/span><\/a><\/p>\n","protected":false},"author":1,"featured_media":0,"comment_status":"closed","ping_status":"closed","sticky":false,"template":"","format":"standard","meta":{"footnotes":""},"categories":[56,26],"tags":[49,71,103],"class_list":["post-16642","post","type-post","status-publish","format-standard","hentry","category-oposiciones-autonomicas-galicia","category-universidad-de-a-coruna","tag-convocatorias-de-oposiciones","tag-fecha-examenes","tag-informacion-procesos-selectivos"],"yoast_head":"<!-- This site is optimized with the Yoast SEO plugin v27.3 - https:\/\/yoast.com\/product\/yoast-seo-wordpress\/ -->\n<title>UDC. Escala administrativa C1 20 plazas convocadas.<\/title>\n<meta name=\"description\" content=\"UDC. Escala administrativa C1 20 plazas convocadas. Se anuncia fecha realizaci\u00f3n 3\u00ba ejercicio para el pr\u00f3ximo d\u00eda 18 de octubre de 2025.\" \/>\n<meta name=\"robots\" content=\"index, follow, max-snippet:-1, max-image-preview:large, max-video-preview:-1\" \/>\n<link rel=\"canonical\" href=\"https:\/\/www.emplea-te.com\/noticias-oposiciones\/udc-escala-administrativa-c1-20-plazas-convocadas-se-anuncia-fecha-realizacion-3o-ejercicio-para-el-proximo-dia-18-de-octubre-de-2025\/\" \/>\n<meta property=\"og:locale\" content=\"es_ES\" \/>\n<meta property=\"og:type\" content=\"article\" \/>\n<meta property=\"og:title\" content=\"UDC. Escala administrativa C1 20 plazas convocadas.\" \/>\n<meta property=\"og:description\" content=\"UDC. Escala administrativa C1 20 plazas convocadas. Se anuncia fecha realizaci\u00f3n 3\u00ba ejercicio para el pr\u00f3ximo d\u00eda 18 de octubre de 2025.\" \/>\n<meta property=\"og:url\" content=\"https:\/\/www.emplea-te.com\/noticias-oposiciones\/udc-escala-administrativa-c1-20-plazas-convocadas-se-anuncia-fecha-realizacion-3o-ejercicio-para-el-proximo-dia-18-de-octubre-de-2025\/\" \/>\n<meta property=\"og:site_name\" content=\"Noticas de oposiciones por Academia Emplea-te\" \/>\n<meta property=\"article:publisher\" content=\"https:\/\/www.facebook.com\/AcademiaEmpleate\/\" \/>\n<meta property=\"article:published_time\" content=\"2025-10-07T08:40:26+00:00\" \/>\n<meta name=\"author\" content=\"Empleate\" \/>\n<meta name=\"twitter:card\" content=\"summary_large_image\" \/>\n<meta name=\"twitter:creator\" content=\"@Emplea_Te\" \/>\n<meta name=\"twitter:site\" content=\"@Emplea_Te\" \/>\n<meta name=\"twitter:label1\" content=\"Escrito por\" \/>\n\t<meta name=\"twitter:data1\" content=\"Empleate\" \/>\n\t<meta name=\"twitter:label2\" content=\"Tiempo de lectura\" \/>\n\t<meta name=\"twitter:data2\" content=\"1 minuto\" \/>\n<script type=\"application\/ld+json\" class=\"yoast-schema-graph\">{\"@context\":\"https:\\\/\\\/schema.org\",\"@graph\":[{\"@type\":\"Article\",\"@id\":\"https:\\\/\\\/www.emplea-te.com\\\/noticias-oposiciones\\\/udc-escala-administrativa-c1-20-plazas-convocadas-se-anuncia-fecha-realizacion-3o-ejercicio-para-el-proximo-dia-18-de-octubre-de-2025\\\/#article\",\"isPartOf\":{\"@id\":\"https:\\\/\\\/www.emplea-te.com\\\/noticias-oposiciones\\\/udc-escala-administrativa-c1-20-plazas-convocadas-se-anuncia-fecha-realizacion-3o-ejercicio-para-el-proximo-dia-18-de-octubre-de-2025\\\/\"},\"author\":{\"name\":\"Empleate\",\"@id\":\"https:\\\/\\\/www.emplea-te.com\\\/noticias-oposiciones\\\/#\\\/schema\\\/person\\\/d1bc587e1af2b95e9c32aba1795509a6\"},\"headline\":\"UDC. Escala administrativa C1 20 plazas convocadas. Se anuncia fecha realizaci\u00f3n 3\u00ba ejercicio para el pr\u00f3ximo d\u00eda 18 de octubre de 2025.\",\"datePublished\":\"2025-10-07T08:40:26+00:00\",\"mainEntityOfPage\":{\"@id\":\"https:\\\/\\\/www.emplea-te.com\\\/noticias-oposiciones\\\/udc-escala-administrativa-c1-20-plazas-convocadas-se-anuncia-fecha-realizacion-3o-ejercicio-para-el-proximo-dia-18-de-octubre-de-2025\\\/\"},\"wordCount\":156,\"publisher\":{\"@id\":\"https:\\\/\\\/www.emplea-te.com\\\/noticias-oposiciones\\\/#organization\"},\"keywords\":[\"Convocatoria\",\"Fecha ex\u00e1menes\",\"Informaci\u00f3n procesos selectivos\"],\"articleSection\":[\"Oposiciones Auton\u00f3micas Galicia\",\"Universidad de A Coru\u00f1a\"],\"inLanguage\":\"es\"},{\"@type\":\"WebPage\",\"@id\":\"https:\\\/\\\/www.emplea-te.com\\\/noticias-oposiciones\\\/udc-escala-administrativa-c1-20-plazas-convocadas-se-anuncia-fecha-realizacion-3o-ejercicio-para-el-proximo-dia-18-de-octubre-de-2025\\\/\",\"url\":\"https:\\\/\\\/www.emplea-te.com\\\/noticias-oposiciones\\\/udc-escala-administrativa-c1-20-plazas-convocadas-se-anuncia-fecha-realizacion-3o-ejercicio-para-el-proximo-dia-18-de-octubre-de-2025\\\/\",\"name\":\"UDC. Escala administrativa C1 20 plazas convocadas.\",\"isPartOf\":{\"@id\":\"https:\\\/\\\/www.emplea-te.com\\\/noticias-oposiciones\\\/#website\"},\"datePublished\":\"2025-10-07T08:40:26+00:00\",\"description\":\"UDC. Escala administrativa C1 20 plazas convocadas. Se anuncia fecha realizaci\u00f3n 3\u00ba ejercicio para el pr\u00f3ximo d\u00eda 18 de octubre de 2025.\",\"breadcrumb\":{\"@id\":\"https:\\\/\\\/www.emplea-te.com\\\/noticias-oposiciones\\\/udc-escala-administrativa-c1-20-plazas-convocadas-se-anuncia-fecha-realizacion-3o-ejercicio-para-el-proximo-dia-18-de-octubre-de-2025\\\/#breadcrumb\"},\"inLanguage\":\"es\",\"potentialAction\":[{\"@type\":\"ReadAction\",\"target\":[\"https:\\\/\\\/www.emplea-te.com\\\/noticias-oposiciones\\\/udc-escala-administrativa-c1-20-plazas-convocadas-se-anuncia-fecha-realizacion-3o-ejercicio-para-el-proximo-dia-18-de-octubre-de-2025\\\/\"]}]},{\"@type\":\"BreadcrumbList\",\"@id\":\"https:\\\/\\\/www.emplea-te.com\\\/noticias-oposiciones\\\/udc-escala-administrativa-c1-20-plazas-convocadas-se-anuncia-fecha-realizacion-3o-ejercicio-para-el-proximo-dia-18-de-octubre-de-2025\\\/#breadcrumb\",\"itemListElement\":[{\"@type\":\"ListItem\",\"position\":1,\"name\":\"Noticias Oposiciones\",\"item\":\"https:\\\/\\\/www.emplea-te.com\\\/noticias-oposiciones\\\/\"},{\"@type\":\"ListItem\",\"position\":2,\"name\":\"Oposiciones Auton\u00f3micas Galicia\",\"item\":\"https:\\\/\\\/www.emplea-te.com\\\/noticias-oposiciones\\\/categoria\\\/oposiciones-autonomicas-galicia\\\/\"},{\"@type\":\"ListItem\",\"position\":3,\"name\":\"Universidad de A Coru\u00f1a\",\"item\":\"https:\\\/\\\/www.emplea-te.com\\\/noticias-oposiciones\\\/categoria\\\/oposiciones-autonomicas-galicia\\\/universidad-de-a-coruna\\\/\"},{\"@type\":\"ListItem\",\"position\":4,\"name\":\"UDC. Escala administrativa C1 20 plazas convocadas. Se anuncia fecha realizaci\u00f3n 3\u00ba ejercicio para el pr\u00f3ximo d\u00eda 18 de octubre de 2025.\"}]},{\"@type\":\"WebSite\",\"@id\":\"https:\\\/\\\/www.emplea-te.com\\\/noticias-oposiciones\\\/#website\",\"url\":\"https:\\\/\\\/www.emplea-te.com\\\/noticias-oposiciones\\\/\",\"name\":\"Noticas de oposiciones por Academia Emplea-te\",\"description\":\"Toda la actualidad de las ofertas y convocatorias.\",\"publisher\":{\"@id\":\"https:\\\/\\\/www.emplea-te.com\\\/noticias-oposiciones\\\/#organization\"},\"potentialAction\":[{\"@type\":\"SearchAction\",\"target\":{\"@type\":\"EntryPoint\",\"urlTemplate\":\"https:\\\/\\\/www.emplea-te.com\\\/noticias-oposiciones\\\/?s={search_term_string}\"},\"query-input\":{\"@type\":\"PropertyValueSpecification\",\"valueRequired\":true,\"valueName\":\"search_term_string\"}}],\"inLanguage\":\"es\"},{\"@type\":\"Organization\",\"@id\":\"https:\\\/\\\/www.emplea-te.com\\\/noticias-oposiciones\\\/#organization\",\"name\":\"Academia de oposiciones Empl\u00e9ate\",\"url\":\"https:\\\/\\\/www.emplea-te.com\\\/noticias-oposiciones\\\/\",\"logo\":{\"@type\":\"ImageObject\",\"inLanguage\":\"es\",\"@id\":\"https:\\\/\\\/www.emplea-te.com\\\/noticias-oposiciones\\\/#\\\/schema\\\/logo\\\/image\\\/\",\"url\":\"https:\\\/\\\/www.emplea-te.com\\\/noticias-oposiciones\\\/wp-content\\\/uploads\\\/2019\\\/04\\\/empleate.jpg\",\"contentUrl\":\"https:\\\/\\\/www.emplea-te.com\\\/noticias-oposiciones\\\/wp-content\\\/uploads\\\/2019\\\/04\\\/empleate.jpg\",\"width\":250,\"height\":150,\"caption\":\"Academia de oposiciones Empl\u00e9ate\"},\"image\":{\"@id\":\"https:\\\/\\\/www.emplea-te.com\\\/noticias-oposiciones\\\/#\\\/schema\\\/logo\\\/image\\\/\"},\"sameAs\":[\"https:\\\/\\\/www.facebook.com\\\/AcademiaEmpleate\\\/\",\"https:\\\/\\\/x.com\\\/Emplea_Te\",\"https:\\\/\\\/www.instagram.com\\\/academia_empleate\\\/\"]},{\"@type\":\"Person\",\"@id\":\"https:\\\/\\\/www.emplea-te.com\\\/noticias-oposiciones\\\/#\\\/schema\\\/person\\\/d1bc587e1af2b95e9c32aba1795509a6\",\"name\":\"Empleate\"}]}<\/script>\n<!-- \/ Yoast SEO plugin. -->","yoast_head_json":{"title":"UDC. Escala administrativa C1 20 plazas convocadas.","description":"UDC. Escala administrativa C1 20 plazas convocadas. Se anuncia fecha realizaci\u00f3n 3\u00ba ejercicio para el pr\u00f3ximo d\u00eda 18 de octubre de 2025.","robots":{"index":"index","follow":"follow","max-snippet":"max-snippet:-1","max-image-preview":"max-image-preview:large","max-video-preview":"max-video-preview:-1"},"canonical":"https:\/\/www.emplea-te.com\/noticias-oposiciones\/udc-escala-administrativa-c1-20-plazas-convocadas-se-anuncia-fecha-realizacion-3o-ejercicio-para-el-proximo-dia-18-de-octubre-de-2025\/","og_locale":"es_ES","og_type":"article","og_title":"UDC. Escala administrativa C1 20 plazas convocadas.","og_description":"UDC. Escala administrativa C1 20 plazas convocadas. Se anuncia fecha realizaci\u00f3n 3\u00ba ejercicio para el pr\u00f3ximo d\u00eda 18 de octubre de 2025.","og_url":"https:\/\/www.emplea-te.com\/noticias-oposiciones\/udc-escala-administrativa-c1-20-plazas-convocadas-se-anuncia-fecha-realizacion-3o-ejercicio-para-el-proximo-dia-18-de-octubre-de-2025\/","og_site_name":"Noticas de oposiciones por Academia Emplea-te","article_publisher":"https:\/\/www.facebook.com\/AcademiaEmpleate\/","article_published_time":"2025-10-07T08:40:26+00:00","author":"Empleate","twitter_card":"summary_large_image","twitter_creator":"@Emplea_Te","twitter_site":"@Emplea_Te","twitter_misc":{"Escrito por":"Empleate","Tiempo de lectura":"1 minuto"},"schema":{"@context":"https:\/\/schema.org","@graph":[{"@type":"Article","@id":"https:\/\/www.emplea-te.com\/noticias-oposiciones\/udc-escala-administrativa-c1-20-plazas-convocadas-se-anuncia-fecha-realizacion-3o-ejercicio-para-el-proximo-dia-18-de-octubre-de-2025\/#article","isPartOf":{"@id":"https:\/\/www.emplea-te.com\/noticias-oposiciones\/udc-escala-administrativa-c1-20-plazas-convocadas-se-anuncia-fecha-realizacion-3o-ejercicio-para-el-proximo-dia-18-de-octubre-de-2025\/"},"author":{"name":"Empleate","@id":"https:\/\/www.emplea-te.com\/noticias-oposiciones\/#\/schema\/person\/d1bc587e1af2b95e9c32aba1795509a6"},"headline":"UDC. Escala administrativa C1 20 plazas convocadas. Se anuncia fecha realizaci\u00f3n 3\u00ba ejercicio para el pr\u00f3ximo d\u00eda 18 de octubre de 2025.","datePublished":"2025-10-07T08:40:26+00:00","mainEntityOfPage":{"@id":"https:\/\/www.emplea-te.com\/noticias-oposiciones\/udc-escala-administrativa-c1-20-plazas-convocadas-se-anuncia-fecha-realizacion-3o-ejercicio-para-el-proximo-dia-18-de-octubre-de-2025\/"},"wordCount":156,"publisher":{"@id":"https:\/\/www.emplea-te.com\/noticias-oposiciones\/#organization"},"keywords":["Convocatoria","Fecha ex\u00e1menes","Informaci\u00f3n procesos selectivos"],"articleSection":["Oposiciones Auton\u00f3micas Galicia","Universidad de A Coru\u00f1a"],"inLanguage":"es"},{"@type":"WebPage","@id":"https:\/\/www.emplea-te.com\/noticias-oposiciones\/udc-escala-administrativa-c1-20-plazas-convocadas-se-anuncia-fecha-realizacion-3o-ejercicio-para-el-proximo-dia-18-de-octubre-de-2025\/","url":"https:\/\/www.emplea-te.com\/noticias-oposiciones\/udc-escala-administrativa-c1-20-plazas-convocadas-se-anuncia-fecha-realizacion-3o-ejercicio-para-el-proximo-dia-18-de-octubre-de-2025\/","name":"UDC. Escala administrativa C1 20 plazas convocadas.","isPartOf":{"@id":"https:\/\/www.emplea-te.com\/noticias-oposiciones\/#website"},"datePublished":"2025-10-07T08:40:26+00:00","description":"UDC. Escala administrativa C1 20 plazas convocadas. Se anuncia fecha realizaci\u00f3n 3\u00ba ejercicio para el pr\u00f3ximo d\u00eda 18 de octubre de 2025.","breadcrumb":{"@id":"https:\/\/www.emplea-te.com\/noticias-oposiciones\/udc-escala-administrativa-c1-20-plazas-convocadas-se-anuncia-fecha-realizacion-3o-ejercicio-para-el-proximo-dia-18-de-octubre-de-2025\/#breadcrumb"},"inLanguage":"es","potentialAction":[{"@type":"ReadAction","target":["https:\/\/www.emplea-te.com\/noticias-oposiciones\/udc-escala-administrativa-c1-20-plazas-convocadas-se-anuncia-fecha-realizacion-3o-ejercicio-para-el-proximo-dia-18-de-octubre-de-2025\/"]}]},{"@type":"BreadcrumbList","@id":"https:\/\/www.emplea-te.com\/noticias-oposiciones\/udc-escala-administrativa-c1-20-plazas-convocadas-se-anuncia-fecha-realizacion-3o-ejercicio-para-el-proximo-dia-18-de-octubre-de-2025\/#breadcrumb","itemListElement":[{"@type":"ListItem","position":1,"name":"Noticias Oposiciones","item":"https:\/\/www.emplea-te.com\/noticias-oposiciones\/"},{"@type":"ListItem","position":2,"name":"Oposiciones Auton\u00f3micas Galicia","item":"https:\/\/www.emplea-te.com\/noticias-oposiciones\/categoria\/oposiciones-autonomicas-galicia\/"},{"@type":"ListItem","position":3,"name":"Universidad de A Coru\u00f1a","item":"https:\/\/www.emplea-te.com\/noticias-oposiciones\/categoria\/oposiciones-autonomicas-galicia\/universidad-de-a-coruna\/"},{"@type":"ListItem","position":4,"name":"UDC. Escala administrativa C1 20 plazas convocadas. Se anuncia fecha realizaci\u00f3n 3\u00ba ejercicio para el pr\u00f3ximo d\u00eda 18 de octubre de 2025."}]},{"@type":"WebSite","@id":"https:\/\/www.emplea-te.com\/noticias-oposiciones\/#website","url":"https:\/\/www.emplea-te.com\/noticias-oposiciones\/","name":"Noticas de oposiciones por Academia Emplea-te","description":"Toda la actualidad de las ofertas y convocatorias.","publisher":{"@id":"https:\/\/www.emplea-te.com\/noticias-oposiciones\/#organization"},"potentialAction":[{"@type":"SearchAction","target":{"@type":"EntryPoint","urlTemplate":"https:\/\/www.emplea-te.com\/noticias-oposiciones\/?s={search_term_string}"},"query-input":{"@type":"PropertyValueSpecification","valueRequired":true,"valueName":"search_term_string"}}],"inLanguage":"es"},{"@type":"Organization","@id":"https:\/\/www.emplea-te.com\/noticias-oposiciones\/#organization","name":"Academia de oposiciones Empl\u00e9ate","url":"https:\/\/www.emplea-te.com\/noticias-oposiciones\/","logo":{"@type":"ImageObject","inLanguage":"es","@id":"https:\/\/www.emplea-te.com\/noticias-oposiciones\/#\/schema\/logo\/image\/","url":"https:\/\/www.emplea-te.com\/noticias-oposiciones\/wp-content\/uploads\/2019\/04\/empleate.jpg","contentUrl":"https:\/\/www.emplea-te.com\/noticias-oposiciones\/wp-content\/uploads\/2019\/04\/empleate.jpg","width":250,"height":150,"caption":"Academia de oposiciones Empl\u00e9ate"},"image":{"@id":"https:\/\/www.emplea-te.com\/noticias-oposiciones\/#\/schema\/logo\/image\/"},"sameAs":["https:\/\/www.facebook.com\/AcademiaEmpleate\/","https:\/\/x.com\/Emplea_Te","https:\/\/www.instagram.com\/academia_empleate\/"]},{"@type":"Person","@id":"https:\/\/www.emplea-te.com\/noticias-oposiciones\/#\/schema\/person\/d1bc587e1af2b95e9c32aba1795509a6","name":"Empleate"}]}},"_links":{"self":[{"href":"https:\/\/www.emplea-te.com\/noticias-oposiciones\/wp-json\/wp\/v2\/posts\/16642","targetHints":{"allow":["GET"]}}],"collection":[{"href":"https:\/\/www.emplea-te.com\/noticias-oposiciones\/wp-json\/wp\/v2\/posts"}],"about":[{"href":"https:\/\/www.emplea-te.com\/noticias-oposiciones\/wp-json\/wp\/v2\/types\/post"}],"author":[{"embeddable":true,"href":"https:\/\/www.emplea-te.com\/noticias-oposiciones\/wp-json\/wp\/v2\/users\/1"}],"replies":[{"embeddable":true,"href":"https:\/\/www.emplea-te.com\/noticias-oposiciones\/wp-json\/wp\/v2\/comments?post=16642"}],"version-history":[{"count":1,"href":"https:\/\/www.emplea-te.com\/noticias-oposiciones\/wp-json\/wp\/v2\/posts\/16642\/revisions"}],"predecessor-version":[{"id":16643,"href":"https:\/\/www.emplea-te.com\/noticias-oposiciones\/wp-json\/wp\/v2\/posts\/16642\/revisions\/16643"}],"wp:attachment":[{"href":"https:\/\/www.emplea-te.com\/noticias-oposiciones\/wp-json\/wp\/v2\/media?parent=16642"}],"wp:term":[{"taxonomy":"category","embeddable":true,"href":"https:\/\/www.emplea-te.com\/noticias-oposiciones\/wp-json\/wp\/v2\/categories?post=16642"},{"taxonomy":"post_tag","embeddable":true,"href":"https:\/\/www.emplea-te.com\/noticias-oposiciones\/wp-json\/wp\/v2\/tags?post=16642"}],"curies":[{"name":"wp","href":"https:\/\/api.w.org\/{rel}","templated":true}]}}