{"id":16644,"date":"2025-10-07T10:47:28","date_gmt":"2025-10-07T08:47:28","guid":{"rendered":"https:\/\/www.emplea-te.com\/noticias-oposiciones\/?p=16644"},"modified":"2025-10-07T10:47:28","modified_gmt":"2025-10-07T08:47:28","slug":"uned-40-plazas-convocadas-escala-auxiliar-se-ha-publicado-la-puntuacion-provisional-de-meritos-de-los-aspirantes-aprobados","status":"publish","type":"post","link":"https:\/\/www.emplea-te.com\/noticias-oposiciones\/uned-40-plazas-convocadas-escala-auxiliar-se-ha-publicado-la-puntuacion-provisional-de-meritos-de-los-aspirantes-aprobados\/","title":{"rendered":"UNED. 40 plazas convocadas Escala Auxiliar. Se ha publicado la puntuaci\u00f3n provisional de m\u00e9ritos de los aspirantes aprobados."},"content":{"rendered":"<p>Se publica en la Web de la UNED, el Acuerdo del Tribunal Calificador de proceso selectivo que fue convocado para cubrir 40 plazas de Escala Auxiliar Administrativa por el que se hace p\u00fablica la puntuaci\u00f3n provisional de los m\u00e9ritos de los aspirantes que han aprobado el proceso selectivo.<\/p>\n<p>Se abre un plazo de 3 d\u00edas h\u00e1biles a contar a partir del d\u00eda siguiente al de esta publicaci\u00f3n en la Web de la UNED para presentar alegaciones y por tanto el plazo permanecer\u00e1 abierto hasta el d\u00eda 09\/10\/2025.<\/p>\n<p><a href=\"https:\/\/portal.uned.es\/portal\/page?_pageid=93,72017915&amp;_dad=portal&amp;_schema=PORTAL\" target=\"_blank\" rel=\"noopener\"><strong>Accede a la publicaci\u00f3n del Acuerdo\u00a0 y a la consulta de la puntuaci\u00f3n provisional de m\u00e9ritos.\u00a0<\/strong><\/a><\/p>\n<p><a href=\"https:\/\/academiamadrid.emplea-te.com\/oposicion\/oposiciones-auxiliares-administrativos-c2-uned\/\" target=\"_blank\" rel=\"noopener\"><strong>Prepara tu plaza de administraci\u00f3n para universidades de Madrid en nuestros grupos presenciales y online.<\/strong><\/a><\/p>\n","protected":false},"excerpt":{"rendered":"<p>Se publica en la Web de la UNED, el Acuerdo del Tribunal Calificador de proceso selectivo que fue convocado para cubrir 40 plazas de Escala Auxiliar Administrativa por el que se hace p\u00fablica la puntuaci\u00f3n provisional de los m\u00e9ritos de los aspirantes que han aprobado el proceso selectivo. Se abre un plazo de 3 d\u00edas &hellip; <a href=\"https:\/\/www.emplea-te.com\/noticias-oposiciones\/uned-40-plazas-convocadas-escala-auxiliar-se-ha-publicado-la-puntuacion-provisional-de-meritos-de-los-aspirantes-aprobados\/\" class=\"more-link\">Continuar leyendo<span class=\"screen-reader-text\"> \u00abUNED. 40 plazas convocadas Escala Auxiliar. Se ha publicado la puntuaci\u00f3n provisional de m\u00e9ritos de los aspirantes aprobados.\u00bb<\/span><\/a><\/p>\n","protected":false},"author":1,"featured_media":0,"comment_status":"closed","ping_status":"closed","sticky":false,"template":"","format":"standard","meta":{"footnotes":""},"categories":[109,110,144],"tags":[103],"class_list":["post-16644","post","type-post","status-publish","format-standard","hentry","category-oposiciones-madrid","category-p-a-s-universidades-madrid","category-uned","tag-informacion-procesos-selectivos"],"yoast_head":"<!-- This site is optimized with the Yoast SEO plugin v27.3 - https:\/\/yoast.com\/product\/yoast-seo-wordpress\/ -->\n<title>UNED. 40 plazas convocadas Escala Auxiliar. Puntuaciones.<\/title>\n<meta name=\"description\" content=\"UNED. 40 plazas convocadas Escala Auxiliar. Se ha publicado la puntuaci\u00f3n provisional de m\u00e9ritos de los aspirantes aprobados.\" \/>\n<meta name=\"robots\" content=\"index, follow, max-snippet:-1, max-image-preview:large, max-video-preview:-1\" \/>\n<link rel=\"canonical\" href=\"https:\/\/www.emplea-te.com\/noticias-oposiciones\/uned-40-plazas-convocadas-escala-auxiliar-se-ha-publicado-la-puntuacion-provisional-de-meritos-de-los-aspirantes-aprobados\/\" \/>\n<meta property=\"og:locale\" content=\"es_ES\" \/>\n<meta property=\"og:type\" content=\"article\" \/>\n<meta property=\"og:title\" content=\"UNED. 40 plazas convocadas Escala Auxiliar. Puntuaciones.\" \/>\n<meta property=\"og:description\" content=\"UNED. 40 plazas convocadas Escala Auxiliar. Se ha publicado la puntuaci\u00f3n provisional de m\u00e9ritos de los aspirantes aprobados.\" \/>\n<meta property=\"og:url\" content=\"https:\/\/www.emplea-te.com\/noticias-oposiciones\/uned-40-plazas-convocadas-escala-auxiliar-se-ha-publicado-la-puntuacion-provisional-de-meritos-de-los-aspirantes-aprobados\/\" \/>\n<meta property=\"og:site_name\" content=\"Noticas de oposiciones por Academia Emplea-te\" \/>\n<meta property=\"article:publisher\" content=\"https:\/\/www.facebook.com\/AcademiaEmpleate\/\" \/>\n<meta property=\"article:published_time\" content=\"2025-10-07T08:47:28+00:00\" \/>\n<meta name=\"author\" content=\"Empleate\" \/>\n<meta name=\"twitter:card\" content=\"summary_large_image\" \/>\n<meta name=\"twitter:creator\" content=\"@Emplea_Te\" \/>\n<meta name=\"twitter:site\" content=\"@Emplea_Te\" \/>\n<meta name=\"twitter:label1\" content=\"Escrito por\" \/>\n\t<meta name=\"twitter:data1\" content=\"Empleate\" \/>\n\t<meta name=\"twitter:label2\" content=\"Tiempo de lectura\" \/>\n\t<meta name=\"twitter:data2\" content=\"1 minuto\" \/>\n<script type=\"application\/ld+json\" class=\"yoast-schema-graph\">{\"@context\":\"https:\\\/\\\/schema.org\",\"@graph\":[{\"@type\":\"Article\",\"@id\":\"https:\\\/\\\/www.emplea-te.com\\\/noticias-oposiciones\\\/uned-40-plazas-convocadas-escala-auxiliar-se-ha-publicado-la-puntuacion-provisional-de-meritos-de-los-aspirantes-aprobados\\\/#article\",\"isPartOf\":{\"@id\":\"https:\\\/\\\/www.emplea-te.com\\\/noticias-oposiciones\\\/uned-40-plazas-convocadas-escala-auxiliar-se-ha-publicado-la-puntuacion-provisional-de-meritos-de-los-aspirantes-aprobados\\\/\"},\"author\":{\"name\":\"Empleate\",\"@id\":\"https:\\\/\\\/www.emplea-te.com\\\/noticias-oposiciones\\\/#\\\/schema\\\/person\\\/d1bc587e1af2b95e9c32aba1795509a6\"},\"headline\":\"UNED. 40 plazas convocadas Escala Auxiliar. Se ha publicado la puntuaci\u00f3n provisional de m\u00e9ritos de los aspirantes aprobados.\",\"datePublished\":\"2025-10-07T08:47:28+00:00\",\"mainEntityOfPage\":{\"@id\":\"https:\\\/\\\/www.emplea-te.com\\\/noticias-oposiciones\\\/uned-40-plazas-convocadas-escala-auxiliar-se-ha-publicado-la-puntuacion-provisional-de-meritos-de-los-aspirantes-aprobados\\\/\"},\"wordCount\":146,\"publisher\":{\"@id\":\"https:\\\/\\\/www.emplea-te.com\\\/noticias-oposiciones\\\/#organization\"},\"keywords\":[\"Informaci\u00f3n procesos selectivos\"],\"articleSection\":[\"Oposiciones Madrid.\",\"P.A.S Universidades Madrid\",\"UNED\"],\"inLanguage\":\"es\"},{\"@type\":\"WebPage\",\"@id\":\"https:\\\/\\\/www.emplea-te.com\\\/noticias-oposiciones\\\/uned-40-plazas-convocadas-escala-auxiliar-se-ha-publicado-la-puntuacion-provisional-de-meritos-de-los-aspirantes-aprobados\\\/\",\"url\":\"https:\\\/\\\/www.emplea-te.com\\\/noticias-oposiciones\\\/uned-40-plazas-convocadas-escala-auxiliar-se-ha-publicado-la-puntuacion-provisional-de-meritos-de-los-aspirantes-aprobados\\\/\",\"name\":\"UNED. 40 plazas convocadas Escala Auxiliar. Puntuaciones.\",\"isPartOf\":{\"@id\":\"https:\\\/\\\/www.emplea-te.com\\\/noticias-oposiciones\\\/#website\"},\"datePublished\":\"2025-10-07T08:47:28+00:00\",\"description\":\"UNED. 40 plazas convocadas Escala Auxiliar. Se ha publicado la puntuaci\u00f3n provisional de m\u00e9ritos de los aspirantes aprobados.\",\"breadcrumb\":{\"@id\":\"https:\\\/\\\/www.emplea-te.com\\\/noticias-oposiciones\\\/uned-40-plazas-convocadas-escala-auxiliar-se-ha-publicado-la-puntuacion-provisional-de-meritos-de-los-aspirantes-aprobados\\\/#breadcrumb\"},\"inLanguage\":\"es\",\"potentialAction\":[{\"@type\":\"ReadAction\",\"target\":[\"https:\\\/\\\/www.emplea-te.com\\\/noticias-oposiciones\\\/uned-40-plazas-convocadas-escala-auxiliar-se-ha-publicado-la-puntuacion-provisional-de-meritos-de-los-aspirantes-aprobados\\\/\"]}]},{\"@type\":\"BreadcrumbList\",\"@id\":\"https:\\\/\\\/www.emplea-te.com\\\/noticias-oposiciones\\\/uned-40-plazas-convocadas-escala-auxiliar-se-ha-publicado-la-puntuacion-provisional-de-meritos-de-los-aspirantes-aprobados\\\/#breadcrumb\",\"itemListElement\":[{\"@type\":\"ListItem\",\"position\":1,\"name\":\"Noticias Oposiciones\",\"item\":\"https:\\\/\\\/www.emplea-te.com\\\/noticias-oposiciones\\\/\"},{\"@type\":\"ListItem\",\"position\":2,\"name\":\"Oposiciones Madrid.\",\"item\":\"https:\\\/\\\/www.emplea-te.com\\\/noticias-oposiciones\\\/categoria\\\/oposiciones-madrid\\\/\"},{\"@type\":\"ListItem\",\"position\":3,\"name\":\"P.A.S Universidades Madrid\",\"item\":\"https:\\\/\\\/www.emplea-te.com\\\/noticias-oposiciones\\\/categoria\\\/oposiciones-madrid\\\/p-a-s-universidades-madrid\\\/\"},{\"@type\":\"ListItem\",\"position\":4,\"name\":\"UNED. 40 plazas convocadas Escala Auxiliar. Se ha publicado la puntuaci\u00f3n provisional de m\u00e9ritos de los aspirantes aprobados.\"}]},{\"@type\":\"WebSite\",\"@id\":\"https:\\\/\\\/www.emplea-te.com\\\/noticias-oposiciones\\\/#website\",\"url\":\"https:\\\/\\\/www.emplea-te.com\\\/noticias-oposiciones\\\/\",\"name\":\"Noticas de oposiciones por Academia Emplea-te\",\"description\":\"Toda la actualidad de las ofertas y convocatorias.\",\"publisher\":{\"@id\":\"https:\\\/\\\/www.emplea-te.com\\\/noticias-oposiciones\\\/#organization\"},\"potentialAction\":[{\"@type\":\"SearchAction\",\"target\":{\"@type\":\"EntryPoint\",\"urlTemplate\":\"https:\\\/\\\/www.emplea-te.com\\\/noticias-oposiciones\\\/?s={search_term_string}\"},\"query-input\":{\"@type\":\"PropertyValueSpecification\",\"valueRequired\":true,\"valueName\":\"search_term_string\"}}],\"inLanguage\":\"es\"},{\"@type\":\"Organization\",\"@id\":\"https:\\\/\\\/www.emplea-te.com\\\/noticias-oposiciones\\\/#organization\",\"name\":\"Academia de oposiciones Empl\u00e9ate\",\"url\":\"https:\\\/\\\/www.emplea-te.com\\\/noticias-oposiciones\\\/\",\"logo\":{\"@type\":\"ImageObject\",\"inLanguage\":\"es\",\"@id\":\"https:\\\/\\\/www.emplea-te.com\\\/noticias-oposiciones\\\/#\\\/schema\\\/logo\\\/image\\\/\",\"url\":\"https:\\\/\\\/www.emplea-te.com\\\/noticias-oposiciones\\\/wp-content\\\/uploads\\\/2019\\\/04\\\/empleate.jpg\",\"contentUrl\":\"https:\\\/\\\/www.emplea-te.com\\\/noticias-oposiciones\\\/wp-content\\\/uploads\\\/2019\\\/04\\\/empleate.jpg\",\"width\":250,\"height\":150,\"caption\":\"Academia de oposiciones Empl\u00e9ate\"},\"image\":{\"@id\":\"https:\\\/\\\/www.emplea-te.com\\\/noticias-oposiciones\\\/#\\\/schema\\\/logo\\\/image\\\/\"},\"sameAs\":[\"https:\\\/\\\/www.facebook.com\\\/AcademiaEmpleate\\\/\",\"https:\\\/\\\/x.com\\\/Emplea_Te\",\"https:\\\/\\\/www.instagram.com\\\/academia_empleate\\\/\"]},{\"@type\":\"Person\",\"@id\":\"https:\\\/\\\/www.emplea-te.com\\\/noticias-oposiciones\\\/#\\\/schema\\\/person\\\/d1bc587e1af2b95e9c32aba1795509a6\",\"name\":\"Empleate\"}]}<\/script>\n<!-- \/ Yoast SEO plugin. -->","yoast_head_json":{"title":"UNED. 40 plazas convocadas Escala Auxiliar. Puntuaciones.","description":"UNED. 40 plazas convocadas Escala Auxiliar. Se ha publicado la puntuaci\u00f3n provisional de m\u00e9ritos de los aspirantes aprobados.","robots":{"index":"index","follow":"follow","max-snippet":"max-snippet:-1","max-image-preview":"max-image-preview:large","max-video-preview":"max-video-preview:-1"},"canonical":"https:\/\/www.emplea-te.com\/noticias-oposiciones\/uned-40-plazas-convocadas-escala-auxiliar-se-ha-publicado-la-puntuacion-provisional-de-meritos-de-los-aspirantes-aprobados\/","og_locale":"es_ES","og_type":"article","og_title":"UNED. 40 plazas convocadas Escala Auxiliar. Puntuaciones.","og_description":"UNED. 40 plazas convocadas Escala Auxiliar. Se ha publicado la puntuaci\u00f3n provisional de m\u00e9ritos de los aspirantes aprobados.","og_url":"https:\/\/www.emplea-te.com\/noticias-oposiciones\/uned-40-plazas-convocadas-escala-auxiliar-se-ha-publicado-la-puntuacion-provisional-de-meritos-de-los-aspirantes-aprobados\/","og_site_name":"Noticas de oposiciones por Academia Emplea-te","article_publisher":"https:\/\/www.facebook.com\/AcademiaEmpleate\/","article_published_time":"2025-10-07T08:47:28+00:00","author":"Empleate","twitter_card":"summary_large_image","twitter_creator":"@Emplea_Te","twitter_site":"@Emplea_Te","twitter_misc":{"Escrito por":"Empleate","Tiempo de lectura":"1 minuto"},"schema":{"@context":"https:\/\/schema.org","@graph":[{"@type":"Article","@id":"https:\/\/www.emplea-te.com\/noticias-oposiciones\/uned-40-plazas-convocadas-escala-auxiliar-se-ha-publicado-la-puntuacion-provisional-de-meritos-de-los-aspirantes-aprobados\/#article","isPartOf":{"@id":"https:\/\/www.emplea-te.com\/noticias-oposiciones\/uned-40-plazas-convocadas-escala-auxiliar-se-ha-publicado-la-puntuacion-provisional-de-meritos-de-los-aspirantes-aprobados\/"},"author":{"name":"Empleate","@id":"https:\/\/www.emplea-te.com\/noticias-oposiciones\/#\/schema\/person\/d1bc587e1af2b95e9c32aba1795509a6"},"headline":"UNED. 40 plazas convocadas Escala Auxiliar. Se ha publicado la puntuaci\u00f3n provisional de m\u00e9ritos de los aspirantes aprobados.","datePublished":"2025-10-07T08:47:28+00:00","mainEntityOfPage":{"@id":"https:\/\/www.emplea-te.com\/noticias-oposiciones\/uned-40-plazas-convocadas-escala-auxiliar-se-ha-publicado-la-puntuacion-provisional-de-meritos-de-los-aspirantes-aprobados\/"},"wordCount":146,"publisher":{"@id":"https:\/\/www.emplea-te.com\/noticias-oposiciones\/#organization"},"keywords":["Informaci\u00f3n procesos selectivos"],"articleSection":["Oposiciones Madrid.","P.A.S Universidades Madrid","UNED"],"inLanguage":"es"},{"@type":"WebPage","@id":"https:\/\/www.emplea-te.com\/noticias-oposiciones\/uned-40-plazas-convocadas-escala-auxiliar-se-ha-publicado-la-puntuacion-provisional-de-meritos-de-los-aspirantes-aprobados\/","url":"https:\/\/www.emplea-te.com\/noticias-oposiciones\/uned-40-plazas-convocadas-escala-auxiliar-se-ha-publicado-la-puntuacion-provisional-de-meritos-de-los-aspirantes-aprobados\/","name":"UNED. 40 plazas convocadas Escala Auxiliar. Puntuaciones.","isPartOf":{"@id":"https:\/\/www.emplea-te.com\/noticias-oposiciones\/#website"},"datePublished":"2025-10-07T08:47:28+00:00","description":"UNED. 40 plazas convocadas Escala Auxiliar. Se ha publicado la puntuaci\u00f3n provisional de m\u00e9ritos de los aspirantes aprobados.","breadcrumb":{"@id":"https:\/\/www.emplea-te.com\/noticias-oposiciones\/uned-40-plazas-convocadas-escala-auxiliar-se-ha-publicado-la-puntuacion-provisional-de-meritos-de-los-aspirantes-aprobados\/#breadcrumb"},"inLanguage":"es","potentialAction":[{"@type":"ReadAction","target":["https:\/\/www.emplea-te.com\/noticias-oposiciones\/uned-40-plazas-convocadas-escala-auxiliar-se-ha-publicado-la-puntuacion-provisional-de-meritos-de-los-aspirantes-aprobados\/"]}]},{"@type":"BreadcrumbList","@id":"https:\/\/www.emplea-te.com\/noticias-oposiciones\/uned-40-plazas-convocadas-escala-auxiliar-se-ha-publicado-la-puntuacion-provisional-de-meritos-de-los-aspirantes-aprobados\/#breadcrumb","itemListElement":[{"@type":"ListItem","position":1,"name":"Noticias Oposiciones","item":"https:\/\/www.emplea-te.com\/noticias-oposiciones\/"},{"@type":"ListItem","position":2,"name":"Oposiciones Madrid.","item":"https:\/\/www.emplea-te.com\/noticias-oposiciones\/categoria\/oposiciones-madrid\/"},{"@type":"ListItem","position":3,"name":"P.A.S Universidades Madrid","item":"https:\/\/www.emplea-te.com\/noticias-oposiciones\/categoria\/oposiciones-madrid\/p-a-s-universidades-madrid\/"},{"@type":"ListItem","position":4,"name":"UNED. 40 plazas convocadas Escala Auxiliar. Se ha publicado la puntuaci\u00f3n provisional de m\u00e9ritos de los aspirantes aprobados."}]},{"@type":"WebSite","@id":"https:\/\/www.emplea-te.com\/noticias-oposiciones\/#website","url":"https:\/\/www.emplea-te.com\/noticias-oposiciones\/","name":"Noticas de oposiciones por Academia Emplea-te","description":"Toda la actualidad de las ofertas y convocatorias.","publisher":{"@id":"https:\/\/www.emplea-te.com\/noticias-oposiciones\/#organization"},"potentialAction":[{"@type":"SearchAction","target":{"@type":"EntryPoint","urlTemplate":"https:\/\/www.emplea-te.com\/noticias-oposiciones\/?s={search_term_string}"},"query-input":{"@type":"PropertyValueSpecification","valueRequired":true,"valueName":"search_term_string"}}],"inLanguage":"es"},{"@type":"Organization","@id":"https:\/\/www.emplea-te.com\/noticias-oposiciones\/#organization","name":"Academia de oposiciones Empl\u00e9ate","url":"https:\/\/www.emplea-te.com\/noticias-oposiciones\/","logo":{"@type":"ImageObject","inLanguage":"es","@id":"https:\/\/www.emplea-te.com\/noticias-oposiciones\/#\/schema\/logo\/image\/","url":"https:\/\/www.emplea-te.com\/noticias-oposiciones\/wp-content\/uploads\/2019\/04\/empleate.jpg","contentUrl":"https:\/\/www.emplea-te.com\/noticias-oposiciones\/wp-content\/uploads\/2019\/04\/empleate.jpg","width":250,"height":150,"caption":"Academia de oposiciones Empl\u00e9ate"},"image":{"@id":"https:\/\/www.emplea-te.com\/noticias-oposiciones\/#\/schema\/logo\/image\/"},"sameAs":["https:\/\/www.facebook.com\/AcademiaEmpleate\/","https:\/\/x.com\/Emplea_Te","https:\/\/www.instagram.com\/academia_empleate\/"]},{"@type":"Person","@id":"https:\/\/www.emplea-te.com\/noticias-oposiciones\/#\/schema\/person\/d1bc587e1af2b95e9c32aba1795509a6","name":"Empleate"}]}},"_links":{"self":[{"href":"https:\/\/www.emplea-te.com\/noticias-oposiciones\/wp-json\/wp\/v2\/posts\/16644","targetHints":{"allow":["GET"]}}],"collection":[{"href":"https:\/\/www.emplea-te.com\/noticias-oposiciones\/wp-json\/wp\/v2\/posts"}],"about":[{"href":"https:\/\/www.emplea-te.com\/noticias-oposiciones\/wp-json\/wp\/v2\/types\/post"}],"author":[{"embeddable":true,"href":"https:\/\/www.emplea-te.com\/noticias-oposiciones\/wp-json\/wp\/v2\/users\/1"}],"replies":[{"embeddable":true,"href":"https:\/\/www.emplea-te.com\/noticias-oposiciones\/wp-json\/wp\/v2\/comments?post=16644"}],"version-history":[{"count":1,"href":"https:\/\/www.emplea-te.com\/noticias-oposiciones\/wp-json\/wp\/v2\/posts\/16644\/revisions"}],"predecessor-version":[{"id":16645,"href":"https:\/\/www.emplea-te.com\/noticias-oposiciones\/wp-json\/wp\/v2\/posts\/16644\/revisions\/16645"}],"wp:attachment":[{"href":"https:\/\/www.emplea-te.com\/noticias-oposiciones\/wp-json\/wp\/v2\/media?parent=16644"}],"wp:term":[{"taxonomy":"category","embeddable":true,"href":"https:\/\/www.emplea-te.com\/noticias-oposiciones\/wp-json\/wp\/v2\/categories?post=16644"},{"taxonomy":"post_tag","embeddable":true,"href":"https:\/\/www.emplea-te.com\/noticias-oposiciones\/wp-json\/wp\/v2\/tags?post=16644"}],"curies":[{"name":"wp","href":"https:\/\/api.w.org\/{rel}","templated":true}]}}