{"id":16650,"date":"2025-10-08T09:41:28","date_gmt":"2025-10-08T07:41:28","guid":{"rendered":"https:\/\/www.emplea-te.com\/noticias-oposiciones\/?p=16650"},"modified":"2025-10-08T09:41:28","modified_gmt":"2025-10-08T07:41:28","slug":"xunta-de-galicia-nota-informativa-sobre-alegaciones-de-aspirantes-admitidos-y-excluidos-en-procesos-selectivos","status":"publish","type":"post","link":"https:\/\/www.emplea-te.com\/noticias-oposiciones\/xunta-de-galicia-nota-informativa-sobre-alegaciones-de-aspirantes-admitidos-y-excluidos-en-procesos-selectivos\/","title":{"rendered":"Xunta de Galicia. Nota informativa sobre alegaciones de aspirantes admitidos y excluidos en procesos selectivos."},"content":{"rendered":"<p>Se publica en la Web de Funci\u00f3n P\u00fablica de la Xunta de Galicia, la Nota informativa sobre alegaciones de aspirantes admitidos y excluidos en diferentes procesos selectivos.<\/p>\n<p>Puntos destacados de la Nota informativa:<\/p>\n<p>\u2757 Motivos de exclusi\u00f3n m\u00e1s frecuentes:<br \/>\nNo autorizar ni aportar documentaci\u00f3n de identidad o edad.<br \/>\nNo acreditar nacionalidad.<br \/>\nNo presentar o no autorizar la consulta de:<br \/>\nCondici\u00f3n de familia numerosa.<br \/>\nDiscapacidad.<br \/>\nSer demandante de empleo durante 6 meses previos.<br \/>\nNo percibir subsidio o prestaci\u00f3n por desempleo.<br \/>\nNo justificar la exenci\u00f3n del pago de tasas.<\/p>\n<p>\ud83d\udee0\ufe0f Formas de subsanar:<br \/>\nPresentar la documentaci\u00f3n correspondiente, como:<br \/>\nDNI\/NIE en vigor.<br \/>\nCertificado de familia numerosa o discapacidad.<br \/>\nCertificado del SEPE y de la Oficina de Empleo.<br \/>\nJustificante de nacionalidad o resoluci\u00f3n de exenci\u00f3n.<br \/>\nPagar la parte faltante de la tasa, en caso de no poder justificar la exenci\u00f3n:<br \/>\nModelo 730 disponible en:<br \/>\n<a href=\"https:\/\/www.atriga.gal\/es\/tributos-da-comunidade-autonoma\/taxas-e-prezos\/confeccion-on-line-impresos\" target=\"_blank\" rel=\"noopener\"><strong>atriga.gal\u00a0<\/strong><\/a><br \/>\n<a href=\"https:\/\/sede.xunta.gal\/tramites-e-servizos\/pago-de-taxas\" target=\"_blank\" rel=\"noopener\"><strong>sede.xunta.gal\u00a0<\/strong><\/a><br \/>\nImportes seg\u00fan subgrupo:<br \/>\nA1: 44,17 \u20ac<br \/>\nA2: 38,02 \u20ac<br \/>\nC1: 33,13 \u20ac<br \/>\nC2: 26,99 \u20ac<br \/>\nAP Subalterno: 22,08 \u20ac<br \/>\nC\u00f3digo de pago: 300302 (inscripci\u00f3n en oposiciones de la Xunta)<\/p>\n<p>\ud83d\udccc \u00bfC\u00f3mo presentar la documentaci\u00f3n?<br \/>\nA trav\u00e9s de la plataforma FIDES:<br \/>\n\ud83d\udc49 https:\/\/fides.xunta.gal<br \/>\nDentro del apartado del proceso selectivo: \u201c\u00bfQu\u00e9 puedo hacer?\u201d \u2192 \u201cPresentaci\u00f3n de alegaciones\u201d.<\/p>\n<p>\u2757 No se admiten alegaciones por otros medios.<\/p>\n<p><strong><a href=\"https:\/\/www.emplea-te.com\/noticias-oposiciones\/ver-pdf\/?pdf=https%3A%2F%2Fwww.emplea-te.com%2Fnoticias-oposiciones%2Fwp-content%2Fuploads%2F2025%2F10%2FNota-informativa-exclusiones-octubre-2025.pdf\">Nota informativa exclusiones octubre 2025<\/a><\/strong><\/p>\n<p><a href=\"https:\/\/www.emplea-te.com\/54\/oposiciones-de-xunta-de-galicia\" target=\"_blank\" rel=\"noopener\"><strong>Prepara tu plaza de administraci\u00f3n de la Xunta de Galicia en nuestros grupos presenciales y online.\u00a0<\/strong><\/a><\/p>\n","protected":false},"excerpt":{"rendered":"<p>Se publica en la Web de Funci\u00f3n P\u00fablica de la Xunta de Galicia, la Nota informativa sobre alegaciones de aspirantes admitidos y excluidos en diferentes procesos selectivos. Puntos destacados de la Nota informativa: \u2757 Motivos de exclusi\u00f3n m\u00e1s frecuentes: No autorizar ni aportar documentaci\u00f3n de identidad o edad. No acreditar nacionalidad. No presentar o no &hellip; <a href=\"https:\/\/www.emplea-te.com\/noticias-oposiciones\/xunta-de-galicia-nota-informativa-sobre-alegaciones-de-aspirantes-admitidos-y-excluidos-en-procesos-selectivos\/\" class=\"more-link\">Continuar leyendo<span class=\"screen-reader-text\"> \u00abXunta de Galicia. Nota informativa sobre alegaciones de aspirantes admitidos y excluidos en procesos selectivos.\u00bb<\/span><\/a><\/p>\n","protected":false},"author":1,"featured_media":0,"comment_status":"closed","ping_status":"closed","sticky":false,"template":"","format":"standard","meta":{"footnotes":""},"categories":[56,4],"tags":[103,70],"class_list":["post-16650","post","type-post","status-publish","format-standard","hentry","category-oposiciones-autonomicas-galicia","category-oposiciones-xunta","tag-informacion-procesos-selectivos","tag-listas-provisionales-admitidos-y-excluidos"],"yoast_head":"<!-- This site is optimized with the Yoast SEO plugin v27.3 - https:\/\/yoast.com\/product\/yoast-seo-wordpress\/ -->\n<title>Xunta de Galicia. Nota informativa sobre procesos selectivos.<\/title>\n<meta name=\"description\" content=\"Xunta de Galicia. Nota informativa sobre alegaciones de aspirantes admitidos y excluidos en procesos selectivos.\" \/>\n<meta name=\"robots\" content=\"index, follow, max-snippet:-1, max-image-preview:large, max-video-preview:-1\" \/>\n<link rel=\"canonical\" href=\"https:\/\/www.emplea-te.com\/noticias-oposiciones\/xunta-de-galicia-nota-informativa-sobre-alegaciones-de-aspirantes-admitidos-y-excluidos-en-procesos-selectivos\/\" \/>\n<meta property=\"og:locale\" content=\"es_ES\" \/>\n<meta property=\"og:type\" content=\"article\" \/>\n<meta property=\"og:title\" content=\"Xunta de Galicia. Nota informativa sobre procesos selectivos.\" \/>\n<meta property=\"og:description\" content=\"Xunta de Galicia. Nota informativa sobre alegaciones de aspirantes admitidos y excluidos en procesos selectivos.\" \/>\n<meta property=\"og:url\" content=\"https:\/\/www.emplea-te.com\/noticias-oposiciones\/xunta-de-galicia-nota-informativa-sobre-alegaciones-de-aspirantes-admitidos-y-excluidos-en-procesos-selectivos\/\" \/>\n<meta property=\"og:site_name\" content=\"Noticas de oposiciones por Academia Emplea-te\" \/>\n<meta property=\"article:publisher\" content=\"https:\/\/www.facebook.com\/AcademiaEmpleate\/\" \/>\n<meta property=\"article:published_time\" content=\"2025-10-08T07:41:28+00:00\" \/>\n<meta name=\"author\" content=\"Empleate\" \/>\n<meta name=\"twitter:card\" content=\"summary_large_image\" \/>\n<meta name=\"twitter:creator\" content=\"@Emplea_Te\" \/>\n<meta name=\"twitter:site\" content=\"@Emplea_Te\" \/>\n<meta name=\"twitter:label1\" content=\"Escrito por\" \/>\n\t<meta name=\"twitter:data1\" content=\"Empleate\" \/>\n\t<meta name=\"twitter:label2\" content=\"Tiempo de lectura\" \/>\n\t<meta name=\"twitter:data2\" content=\"2 minutos\" \/>\n<script type=\"application\/ld+json\" class=\"yoast-schema-graph\">{\"@context\":\"https:\\\/\\\/schema.org\",\"@graph\":[{\"@type\":\"Article\",\"@id\":\"https:\\\/\\\/www.emplea-te.com\\\/noticias-oposiciones\\\/xunta-de-galicia-nota-informativa-sobre-alegaciones-de-aspirantes-admitidos-y-excluidos-en-procesos-selectivos\\\/#article\",\"isPartOf\":{\"@id\":\"https:\\\/\\\/www.emplea-te.com\\\/noticias-oposiciones\\\/xunta-de-galicia-nota-informativa-sobre-alegaciones-de-aspirantes-admitidos-y-excluidos-en-procesos-selectivos\\\/\"},\"author\":{\"name\":\"Empleate\",\"@id\":\"https:\\\/\\\/www.emplea-te.com\\\/noticias-oposiciones\\\/#\\\/schema\\\/person\\\/d1bc587e1af2b95e9c32aba1795509a6\"},\"headline\":\"Xunta de Galicia. Nota informativa sobre alegaciones de aspirantes admitidos y excluidos en procesos selectivos.\",\"datePublished\":\"2025-10-08T07:41:28+00:00\",\"mainEntityOfPage\":{\"@id\":\"https:\\\/\\\/www.emplea-te.com\\\/noticias-oposiciones\\\/xunta-de-galicia-nota-informativa-sobre-alegaciones-de-aspirantes-admitidos-y-excluidos-en-procesos-selectivos\\\/\"},\"wordCount\":248,\"publisher\":{\"@id\":\"https:\\\/\\\/www.emplea-te.com\\\/noticias-oposiciones\\\/#organization\"},\"keywords\":[\"Informaci\u00f3n procesos selectivos\",\"Listas provisionales admitidos y excluidos\"],\"articleSection\":[\"Oposiciones Auton\u00f3micas Galicia\",\"Oposiciones Xunta\"],\"inLanguage\":\"es\"},{\"@type\":\"WebPage\",\"@id\":\"https:\\\/\\\/www.emplea-te.com\\\/noticias-oposiciones\\\/xunta-de-galicia-nota-informativa-sobre-alegaciones-de-aspirantes-admitidos-y-excluidos-en-procesos-selectivos\\\/\",\"url\":\"https:\\\/\\\/www.emplea-te.com\\\/noticias-oposiciones\\\/xunta-de-galicia-nota-informativa-sobre-alegaciones-de-aspirantes-admitidos-y-excluidos-en-procesos-selectivos\\\/\",\"name\":\"Xunta de Galicia. Nota informativa sobre procesos selectivos.\",\"isPartOf\":{\"@id\":\"https:\\\/\\\/www.emplea-te.com\\\/noticias-oposiciones\\\/#website\"},\"datePublished\":\"2025-10-08T07:41:28+00:00\",\"description\":\"Xunta de Galicia. Nota informativa sobre alegaciones de aspirantes admitidos y excluidos en procesos selectivos.\",\"breadcrumb\":{\"@id\":\"https:\\\/\\\/www.emplea-te.com\\\/noticias-oposiciones\\\/xunta-de-galicia-nota-informativa-sobre-alegaciones-de-aspirantes-admitidos-y-excluidos-en-procesos-selectivos\\\/#breadcrumb\"},\"inLanguage\":\"es\",\"potentialAction\":[{\"@type\":\"ReadAction\",\"target\":[\"https:\\\/\\\/www.emplea-te.com\\\/noticias-oposiciones\\\/xunta-de-galicia-nota-informativa-sobre-alegaciones-de-aspirantes-admitidos-y-excluidos-en-procesos-selectivos\\\/\"]}]},{\"@type\":\"BreadcrumbList\",\"@id\":\"https:\\\/\\\/www.emplea-te.com\\\/noticias-oposiciones\\\/xunta-de-galicia-nota-informativa-sobre-alegaciones-de-aspirantes-admitidos-y-excluidos-en-procesos-selectivos\\\/#breadcrumb\",\"itemListElement\":[{\"@type\":\"ListItem\",\"position\":1,\"name\":\"Noticias Oposiciones\",\"item\":\"https:\\\/\\\/www.emplea-te.com\\\/noticias-oposiciones\\\/\"},{\"@type\":\"ListItem\",\"position\":2,\"name\":\"Oposiciones Auton\u00f3micas Galicia\",\"item\":\"https:\\\/\\\/www.emplea-te.com\\\/noticias-oposiciones\\\/categoria\\\/oposiciones-autonomicas-galicia\\\/\"},{\"@type\":\"ListItem\",\"position\":3,\"name\":\"Xunta de Galicia. Nota informativa sobre alegaciones de aspirantes admitidos y excluidos en procesos selectivos.\"}]},{\"@type\":\"WebSite\",\"@id\":\"https:\\\/\\\/www.emplea-te.com\\\/noticias-oposiciones\\\/#website\",\"url\":\"https:\\\/\\\/www.emplea-te.com\\\/noticias-oposiciones\\\/\",\"name\":\"Noticas de oposiciones por Academia Emplea-te\",\"description\":\"Toda la actualidad de las ofertas y convocatorias.\",\"publisher\":{\"@id\":\"https:\\\/\\\/www.emplea-te.com\\\/noticias-oposiciones\\\/#organization\"},\"potentialAction\":[{\"@type\":\"SearchAction\",\"target\":{\"@type\":\"EntryPoint\",\"urlTemplate\":\"https:\\\/\\\/www.emplea-te.com\\\/noticias-oposiciones\\\/?s={search_term_string}\"},\"query-input\":{\"@type\":\"PropertyValueSpecification\",\"valueRequired\":true,\"valueName\":\"search_term_string\"}}],\"inLanguage\":\"es\"},{\"@type\":\"Organization\",\"@id\":\"https:\\\/\\\/www.emplea-te.com\\\/noticias-oposiciones\\\/#organization\",\"name\":\"Academia de oposiciones Empl\u00e9ate\",\"url\":\"https:\\\/\\\/www.emplea-te.com\\\/noticias-oposiciones\\\/\",\"logo\":{\"@type\":\"ImageObject\",\"inLanguage\":\"es\",\"@id\":\"https:\\\/\\\/www.emplea-te.com\\\/noticias-oposiciones\\\/#\\\/schema\\\/logo\\\/image\\\/\",\"url\":\"https:\\\/\\\/www.emplea-te.com\\\/noticias-oposiciones\\\/wp-content\\\/uploads\\\/2019\\\/04\\\/empleate.jpg\",\"contentUrl\":\"https:\\\/\\\/www.emplea-te.com\\\/noticias-oposiciones\\\/wp-content\\\/uploads\\\/2019\\\/04\\\/empleate.jpg\",\"width\":250,\"height\":150,\"caption\":\"Academia de oposiciones Empl\u00e9ate\"},\"image\":{\"@id\":\"https:\\\/\\\/www.emplea-te.com\\\/noticias-oposiciones\\\/#\\\/schema\\\/logo\\\/image\\\/\"},\"sameAs\":[\"https:\\\/\\\/www.facebook.com\\\/AcademiaEmpleate\\\/\",\"https:\\\/\\\/x.com\\\/Emplea_Te\",\"https:\\\/\\\/www.instagram.com\\\/academia_empleate\\\/\"]},{\"@type\":\"Person\",\"@id\":\"https:\\\/\\\/www.emplea-te.com\\\/noticias-oposiciones\\\/#\\\/schema\\\/person\\\/d1bc587e1af2b95e9c32aba1795509a6\",\"name\":\"Empleate\"}]}<\/script>\n<!-- \/ Yoast SEO plugin. -->","yoast_head_json":{"title":"Xunta de Galicia. Nota informativa sobre procesos selectivos.","description":"Xunta de Galicia. Nota informativa sobre alegaciones de aspirantes admitidos y excluidos en procesos selectivos.","robots":{"index":"index","follow":"follow","max-snippet":"max-snippet:-1","max-image-preview":"max-image-preview:large","max-video-preview":"max-video-preview:-1"},"canonical":"https:\/\/www.emplea-te.com\/noticias-oposiciones\/xunta-de-galicia-nota-informativa-sobre-alegaciones-de-aspirantes-admitidos-y-excluidos-en-procesos-selectivos\/","og_locale":"es_ES","og_type":"article","og_title":"Xunta de Galicia. Nota informativa sobre procesos selectivos.","og_description":"Xunta de Galicia. Nota informativa sobre alegaciones de aspirantes admitidos y excluidos en procesos selectivos.","og_url":"https:\/\/www.emplea-te.com\/noticias-oposiciones\/xunta-de-galicia-nota-informativa-sobre-alegaciones-de-aspirantes-admitidos-y-excluidos-en-procesos-selectivos\/","og_site_name":"Noticas de oposiciones por Academia Emplea-te","article_publisher":"https:\/\/www.facebook.com\/AcademiaEmpleate\/","article_published_time":"2025-10-08T07:41:28+00:00","author":"Empleate","twitter_card":"summary_large_image","twitter_creator":"@Emplea_Te","twitter_site":"@Emplea_Te","twitter_misc":{"Escrito por":"Empleate","Tiempo de lectura":"2 minutos"},"schema":{"@context":"https:\/\/schema.org","@graph":[{"@type":"Article","@id":"https:\/\/www.emplea-te.com\/noticias-oposiciones\/xunta-de-galicia-nota-informativa-sobre-alegaciones-de-aspirantes-admitidos-y-excluidos-en-procesos-selectivos\/#article","isPartOf":{"@id":"https:\/\/www.emplea-te.com\/noticias-oposiciones\/xunta-de-galicia-nota-informativa-sobre-alegaciones-de-aspirantes-admitidos-y-excluidos-en-procesos-selectivos\/"},"author":{"name":"Empleate","@id":"https:\/\/www.emplea-te.com\/noticias-oposiciones\/#\/schema\/person\/d1bc587e1af2b95e9c32aba1795509a6"},"headline":"Xunta de Galicia. Nota informativa sobre alegaciones de aspirantes admitidos y excluidos en procesos selectivos.","datePublished":"2025-10-08T07:41:28+00:00","mainEntityOfPage":{"@id":"https:\/\/www.emplea-te.com\/noticias-oposiciones\/xunta-de-galicia-nota-informativa-sobre-alegaciones-de-aspirantes-admitidos-y-excluidos-en-procesos-selectivos\/"},"wordCount":248,"publisher":{"@id":"https:\/\/www.emplea-te.com\/noticias-oposiciones\/#organization"},"keywords":["Informaci\u00f3n procesos selectivos","Listas provisionales admitidos y excluidos"],"articleSection":["Oposiciones Auton\u00f3micas Galicia","Oposiciones Xunta"],"inLanguage":"es"},{"@type":"WebPage","@id":"https:\/\/www.emplea-te.com\/noticias-oposiciones\/xunta-de-galicia-nota-informativa-sobre-alegaciones-de-aspirantes-admitidos-y-excluidos-en-procesos-selectivos\/","url":"https:\/\/www.emplea-te.com\/noticias-oposiciones\/xunta-de-galicia-nota-informativa-sobre-alegaciones-de-aspirantes-admitidos-y-excluidos-en-procesos-selectivos\/","name":"Xunta de Galicia. Nota informativa sobre procesos selectivos.","isPartOf":{"@id":"https:\/\/www.emplea-te.com\/noticias-oposiciones\/#website"},"datePublished":"2025-10-08T07:41:28+00:00","description":"Xunta de Galicia. Nota informativa sobre alegaciones de aspirantes admitidos y excluidos en procesos selectivos.","breadcrumb":{"@id":"https:\/\/www.emplea-te.com\/noticias-oposiciones\/xunta-de-galicia-nota-informativa-sobre-alegaciones-de-aspirantes-admitidos-y-excluidos-en-procesos-selectivos\/#breadcrumb"},"inLanguage":"es","potentialAction":[{"@type":"ReadAction","target":["https:\/\/www.emplea-te.com\/noticias-oposiciones\/xunta-de-galicia-nota-informativa-sobre-alegaciones-de-aspirantes-admitidos-y-excluidos-en-procesos-selectivos\/"]}]},{"@type":"BreadcrumbList","@id":"https:\/\/www.emplea-te.com\/noticias-oposiciones\/xunta-de-galicia-nota-informativa-sobre-alegaciones-de-aspirantes-admitidos-y-excluidos-en-procesos-selectivos\/#breadcrumb","itemListElement":[{"@type":"ListItem","position":1,"name":"Noticias Oposiciones","item":"https:\/\/www.emplea-te.com\/noticias-oposiciones\/"},{"@type":"ListItem","position":2,"name":"Oposiciones Auton\u00f3micas Galicia","item":"https:\/\/www.emplea-te.com\/noticias-oposiciones\/categoria\/oposiciones-autonomicas-galicia\/"},{"@type":"ListItem","position":3,"name":"Xunta de Galicia. Nota informativa sobre alegaciones de aspirantes admitidos y excluidos en procesos selectivos."}]},{"@type":"WebSite","@id":"https:\/\/www.emplea-te.com\/noticias-oposiciones\/#website","url":"https:\/\/www.emplea-te.com\/noticias-oposiciones\/","name":"Noticas de oposiciones por Academia Emplea-te","description":"Toda la actualidad de las ofertas y convocatorias.","publisher":{"@id":"https:\/\/www.emplea-te.com\/noticias-oposiciones\/#organization"},"potentialAction":[{"@type":"SearchAction","target":{"@type":"EntryPoint","urlTemplate":"https:\/\/www.emplea-te.com\/noticias-oposiciones\/?s={search_term_string}"},"query-input":{"@type":"PropertyValueSpecification","valueRequired":true,"valueName":"search_term_string"}}],"inLanguage":"es"},{"@type":"Organization","@id":"https:\/\/www.emplea-te.com\/noticias-oposiciones\/#organization","name":"Academia de oposiciones Empl\u00e9ate","url":"https:\/\/www.emplea-te.com\/noticias-oposiciones\/","logo":{"@type":"ImageObject","inLanguage":"es","@id":"https:\/\/www.emplea-te.com\/noticias-oposiciones\/#\/schema\/logo\/image\/","url":"https:\/\/www.emplea-te.com\/noticias-oposiciones\/wp-content\/uploads\/2019\/04\/empleate.jpg","contentUrl":"https:\/\/www.emplea-te.com\/noticias-oposiciones\/wp-content\/uploads\/2019\/04\/empleate.jpg","width":250,"height":150,"caption":"Academia de oposiciones Empl\u00e9ate"},"image":{"@id":"https:\/\/www.emplea-te.com\/noticias-oposiciones\/#\/schema\/logo\/image\/"},"sameAs":["https:\/\/www.facebook.com\/AcademiaEmpleate\/","https:\/\/x.com\/Emplea_Te","https:\/\/www.instagram.com\/academia_empleate\/"]},{"@type":"Person","@id":"https:\/\/www.emplea-te.com\/noticias-oposiciones\/#\/schema\/person\/d1bc587e1af2b95e9c32aba1795509a6","name":"Empleate"}]}},"_links":{"self":[{"href":"https:\/\/www.emplea-te.com\/noticias-oposiciones\/wp-json\/wp\/v2\/posts\/16650","targetHints":{"allow":["GET"]}}],"collection":[{"href":"https:\/\/www.emplea-te.com\/noticias-oposiciones\/wp-json\/wp\/v2\/posts"}],"about":[{"href":"https:\/\/www.emplea-te.com\/noticias-oposiciones\/wp-json\/wp\/v2\/types\/post"}],"author":[{"embeddable":true,"href":"https:\/\/www.emplea-te.com\/noticias-oposiciones\/wp-json\/wp\/v2\/users\/1"}],"replies":[{"embeddable":true,"href":"https:\/\/www.emplea-te.com\/noticias-oposiciones\/wp-json\/wp\/v2\/comments?post=16650"}],"version-history":[{"count":1,"href":"https:\/\/www.emplea-te.com\/noticias-oposiciones\/wp-json\/wp\/v2\/posts\/16650\/revisions"}],"predecessor-version":[{"id":16652,"href":"https:\/\/www.emplea-te.com\/noticias-oposiciones\/wp-json\/wp\/v2\/posts\/16650\/revisions\/16652"}],"wp:attachment":[{"href":"https:\/\/www.emplea-te.com\/noticias-oposiciones\/wp-json\/wp\/v2\/media?parent=16650"}],"wp:term":[{"taxonomy":"category","embeddable":true,"href":"https:\/\/www.emplea-te.com\/noticias-oposiciones\/wp-json\/wp\/v2\/categories?post=16650"},{"taxonomy":"post_tag","embeddable":true,"href":"https:\/\/www.emplea-te.com\/noticias-oposiciones\/wp-json\/wp\/v2\/tags?post=16650"}],"curies":[{"name":"wp","href":"https:\/\/api.w.org\/{rel}","templated":true}]}}