{"id":16655,"date":"2025-10-09T10:19:17","date_gmt":"2025-10-09T08:19:17","guid":{"rendered":"https:\/\/www.emplea-te.com\/noticias-oposiciones\/?p=16655"},"modified":"2025-10-09T10:19:17","modified_gmt":"2025-10-09T08:19:17","slug":"xunta-de-galicia-publicadas-las-puntuaciones-de-los-examenes-de-celga-3-y-4-realizados-el-23-de-septiembre-de-2025-de-procesos-selectivos-de-estabilizacion","status":"publish","type":"post","link":"https:\/\/www.emplea-te.com\/noticias-oposiciones\/xunta-de-galicia-publicadas-las-puntuaciones-de-los-examenes-de-celga-3-y-4-realizados-el-23-de-septiembre-de-2025-de-procesos-selectivos-de-estabilizacion\/","title":{"rendered":"Xunta de Galicia. Publicadas las puntuaciones de los ex\u00e1menes de Celga 3 y 4 realizados el 23 de septiembre de 2025 de procesos selectivos de estabilizaci\u00f3n."},"content":{"rendered":"<p>Se publican en el DOG de hoy, d\u00eda 9 de octubre de 2025, las Resoluciones de 30 de septiembre de 2025, del tribunal designado para calificar la prueba de conocimiento de la lengua gallega de los procesos selectivos extraordinarios de estabilizaci\u00f3n derivados de la Ley 20\/2021, de 28 de diciembre, de medidas urgentes para la reducci\u00f3n de la temporalidad en el empleo p\u00fablico. Prueba de gallego, nivel Celga 4 y nivel 3.<\/p>\n<p>Resoluci\u00f3n Celga 4 en referencia al examen realizado el pasado d\u00eda 23\/09\/2025 para aquellos aspirantes que no hab\u00edan acreditado tener el nivel Celga 4:<br \/>\nCriterio de evaluaci\u00f3n:<br \/>\nPara obtener la calificaci\u00f3n de \u00abApto\u00bb, era necesario contestar correctamente al menos 30 preguntas del ejercicio.<br \/>\nResultados publicados:<br \/>\nYa est\u00e1n disponibles las calificaciones como Apto o No Apto en la web oficial de Funci\u00f3n P\u00fablica de la Xunta: <a href=\"http:\/\/www.xunta.es\" target=\"_blank\" rel=\"noopener\"><strong>funcionpublica.xunta.gal<\/strong><\/a><br \/>\nPlazo de alegaciones:<br \/>\nLas personas interesadas disponen de 10 d\u00edas h\u00e1biles a partir del d\u00eda siguiente a la publicaci\u00f3n en el DOG para presentar alegaciones y por tanto el plazo permanecer\u00e1 abierto hasta el d\u00eda 23\/10\/2025.<br \/>\n<a href=\"https:\/\/www.xunta.gal\/dog\/Publicados\/2025\/20251009\/AnuncioG0597-031025-0002_es.html\" target=\"_blank\" rel=\"noopener\"><strong>Accede a la Resoluci\u00f3n.\u00a0<\/strong><\/a><\/p>\n<p>Resoluci\u00f3n Celga 3 en referencia al examen realizado el pasado d\u00eda 23\/09\/2025 para aquellos aspirantes que no hab\u00edan acreditado tener el nivel Celga 3:<\/p>\n<p>Correcci\u00f3n y publicaci\u00f3n de resultados:<br \/>\nEl tribunal corrigi\u00f3 los ex\u00e1menes el 30 de septiembre y ya ha publicado los resultados como Apto o No Apto en el portal de la Xunta: <a href=\"http:\/\/www.xunta.es\" target=\"_blank\" rel=\"noopener\"><strong>funcionpublica.xunta.gal<\/strong><\/a><br \/>\nCriterio de aprobado: Se exige un m\u00ednimo de 20 respuestas correctas para obtener la calificaci\u00f3n de Apto.<br \/>\nPlazo de alegaciones: 10 d\u00edas h\u00e1biles desde el d\u00eda siguiente a la publicaci\u00f3n de esta resoluci\u00f3n en el DOG.<br \/>\nAccede a la Resoluci\u00f3n.<\/p>\n<p>&nbsp;<\/p>\n","protected":false},"excerpt":{"rendered":"<p>Se publican en el DOG de hoy, d\u00eda 9 de octubre de 2025, las Resoluciones de 30 de septiembre de 2025, del tribunal designado para calificar la prueba de conocimiento de la lengua gallega de los procesos selectivos extraordinarios de estabilizaci\u00f3n derivados de la Ley 20\/2021, de 28 de diciembre, de medidas urgentes para la &hellip; <a href=\"https:\/\/www.emplea-te.com\/noticias-oposiciones\/xunta-de-galicia-publicadas-las-puntuaciones-de-los-examenes-de-celga-3-y-4-realizados-el-23-de-septiembre-de-2025-de-procesos-selectivos-de-estabilizacion\/\" class=\"more-link\">Continuar leyendo<span class=\"screen-reader-text\"> \u00abXunta de Galicia. Publicadas las puntuaciones de los ex\u00e1menes de Celga 3 y 4 realizados el 23 de septiembre de 2025 de procesos selectivos de estabilizaci\u00f3n.\u00bb<\/span><\/a><\/p>\n","protected":false},"author":1,"featured_media":0,"comment_status":"closed","ping_status":"closed","sticky":false,"template":"","format":"standard","meta":{"footnotes":""},"categories":[56,4],"tags":[103],"class_list":["post-16655","post","type-post","status-publish","format-standard","hentry","category-oposiciones-autonomicas-galicia","category-oposiciones-xunta","tag-informacion-procesos-selectivos"],"yoast_head":"<!-- This site is optimized with the Yoast SEO plugin v27.3 - https:\/\/yoast.com\/product\/yoast-seo-wordpress\/ -->\n<title>Xunta de Galicia. Puntuaciones de los ex\u00e1menes de Celga 3 y 4<\/title>\n<meta name=\"description\" content=\"Xunta de Galicia. Puntuaciones ex\u00e1menes de Celga 3 y 4 realizados el 23 de septiembre de 2025 de procesos selectivos de estabilizaci\u00f3n.\" \/>\n<meta name=\"robots\" content=\"index, follow, max-snippet:-1, max-image-preview:large, max-video-preview:-1\" \/>\n<link rel=\"canonical\" href=\"https:\/\/www.emplea-te.com\/noticias-oposiciones\/xunta-de-galicia-publicadas-las-puntuaciones-de-los-examenes-de-celga-3-y-4-realizados-el-23-de-septiembre-de-2025-de-procesos-selectivos-de-estabilizacion\/\" \/>\n<meta property=\"og:locale\" content=\"es_ES\" \/>\n<meta property=\"og:type\" content=\"article\" \/>\n<meta property=\"og:title\" content=\"Xunta de Galicia. Puntuaciones de los ex\u00e1menes de Celga 3 y 4\" \/>\n<meta property=\"og:description\" content=\"Xunta de Galicia. Puntuaciones ex\u00e1menes de Celga 3 y 4 realizados el 23 de septiembre de 2025 de procesos selectivos de estabilizaci\u00f3n.\" \/>\n<meta property=\"og:url\" content=\"https:\/\/www.emplea-te.com\/noticias-oposiciones\/xunta-de-galicia-publicadas-las-puntuaciones-de-los-examenes-de-celga-3-y-4-realizados-el-23-de-septiembre-de-2025-de-procesos-selectivos-de-estabilizacion\/\" \/>\n<meta property=\"og:site_name\" content=\"Noticas de oposiciones por Academia Emplea-te\" \/>\n<meta property=\"article:publisher\" content=\"https:\/\/www.facebook.com\/AcademiaEmpleate\/\" \/>\n<meta property=\"article:published_time\" content=\"2025-10-09T08:19:17+00:00\" \/>\n<meta name=\"author\" content=\"Empleate\" \/>\n<meta name=\"twitter:card\" content=\"summary_large_image\" \/>\n<meta name=\"twitter:creator\" content=\"@Emplea_Te\" \/>\n<meta name=\"twitter:site\" content=\"@Emplea_Te\" \/>\n<meta name=\"twitter:label1\" content=\"Escrito por\" \/>\n\t<meta name=\"twitter:data1\" content=\"Empleate\" \/>\n\t<meta name=\"twitter:label2\" content=\"Tiempo de lectura\" \/>\n\t<meta name=\"twitter:data2\" content=\"2 minutos\" \/>\n<script type=\"application\/ld+json\" class=\"yoast-schema-graph\">{\"@context\":\"https:\\\/\\\/schema.org\",\"@graph\":[{\"@type\":\"Article\",\"@id\":\"https:\\\/\\\/www.emplea-te.com\\\/noticias-oposiciones\\\/xunta-de-galicia-publicadas-las-puntuaciones-de-los-examenes-de-celga-3-y-4-realizados-el-23-de-septiembre-de-2025-de-procesos-selectivos-de-estabilizacion\\\/#article\",\"isPartOf\":{\"@id\":\"https:\\\/\\\/www.emplea-te.com\\\/noticias-oposiciones\\\/xunta-de-galicia-publicadas-las-puntuaciones-de-los-examenes-de-celga-3-y-4-realizados-el-23-de-septiembre-de-2025-de-procesos-selectivos-de-estabilizacion\\\/\"},\"author\":{\"name\":\"Empleate\",\"@id\":\"https:\\\/\\\/www.emplea-te.com\\\/noticias-oposiciones\\\/#\\\/schema\\\/person\\\/d1bc587e1af2b95e9c32aba1795509a6\"},\"headline\":\"Xunta de Galicia. Publicadas las puntuaciones de los ex\u00e1menes de Celga 3 y 4 realizados el 23 de septiembre de 2025 de procesos selectivos de estabilizaci\u00f3n.\",\"datePublished\":\"2025-10-09T08:19:17+00:00\",\"mainEntityOfPage\":{\"@id\":\"https:\\\/\\\/www.emplea-te.com\\\/noticias-oposiciones\\\/xunta-de-galicia-publicadas-las-puntuaciones-de-los-examenes-de-celga-3-y-4-realizados-el-23-de-septiembre-de-2025-de-procesos-selectivos-de-estabilizacion\\\/\"},\"wordCount\":315,\"publisher\":{\"@id\":\"https:\\\/\\\/www.emplea-te.com\\\/noticias-oposiciones\\\/#organization\"},\"keywords\":[\"Informaci\u00f3n procesos selectivos\"],\"articleSection\":[\"Oposiciones Auton\u00f3micas Galicia\",\"Oposiciones Xunta\"],\"inLanguage\":\"es\"},{\"@type\":\"WebPage\",\"@id\":\"https:\\\/\\\/www.emplea-te.com\\\/noticias-oposiciones\\\/xunta-de-galicia-publicadas-las-puntuaciones-de-los-examenes-de-celga-3-y-4-realizados-el-23-de-septiembre-de-2025-de-procesos-selectivos-de-estabilizacion\\\/\",\"url\":\"https:\\\/\\\/www.emplea-te.com\\\/noticias-oposiciones\\\/xunta-de-galicia-publicadas-las-puntuaciones-de-los-examenes-de-celga-3-y-4-realizados-el-23-de-septiembre-de-2025-de-procesos-selectivos-de-estabilizacion\\\/\",\"name\":\"Xunta de Galicia. Puntuaciones de los ex\u00e1menes de Celga 3 y 4\",\"isPartOf\":{\"@id\":\"https:\\\/\\\/www.emplea-te.com\\\/noticias-oposiciones\\\/#website\"},\"datePublished\":\"2025-10-09T08:19:17+00:00\",\"description\":\"Xunta de Galicia. Puntuaciones ex\u00e1menes de Celga 3 y 4 realizados el 23 de septiembre de 2025 de procesos selectivos de estabilizaci\u00f3n.\",\"breadcrumb\":{\"@id\":\"https:\\\/\\\/www.emplea-te.com\\\/noticias-oposiciones\\\/xunta-de-galicia-publicadas-las-puntuaciones-de-los-examenes-de-celga-3-y-4-realizados-el-23-de-septiembre-de-2025-de-procesos-selectivos-de-estabilizacion\\\/#breadcrumb\"},\"inLanguage\":\"es\",\"potentialAction\":[{\"@type\":\"ReadAction\",\"target\":[\"https:\\\/\\\/www.emplea-te.com\\\/noticias-oposiciones\\\/xunta-de-galicia-publicadas-las-puntuaciones-de-los-examenes-de-celga-3-y-4-realizados-el-23-de-septiembre-de-2025-de-procesos-selectivos-de-estabilizacion\\\/\"]}]},{\"@type\":\"BreadcrumbList\",\"@id\":\"https:\\\/\\\/www.emplea-te.com\\\/noticias-oposiciones\\\/xunta-de-galicia-publicadas-las-puntuaciones-de-los-examenes-de-celga-3-y-4-realizados-el-23-de-septiembre-de-2025-de-procesos-selectivos-de-estabilizacion\\\/#breadcrumb\",\"itemListElement\":[{\"@type\":\"ListItem\",\"position\":1,\"name\":\"Noticias Oposiciones\",\"item\":\"https:\\\/\\\/www.emplea-te.com\\\/noticias-oposiciones\\\/\"},{\"@type\":\"ListItem\",\"position\":2,\"name\":\"Oposiciones Xunta\",\"item\":\"https:\\\/\\\/www.emplea-te.com\\\/noticias-oposiciones\\\/categoria\\\/oposiciones-xunta\\\/\"},{\"@type\":\"ListItem\",\"position\":3,\"name\":\"Xunta de Galicia. Publicadas las puntuaciones de los ex\u00e1menes de Celga 3 y 4 realizados el 23 de septiembre de 2025 de procesos selectivos de estabilizaci\u00f3n.\"}]},{\"@type\":\"WebSite\",\"@id\":\"https:\\\/\\\/www.emplea-te.com\\\/noticias-oposiciones\\\/#website\",\"url\":\"https:\\\/\\\/www.emplea-te.com\\\/noticias-oposiciones\\\/\",\"name\":\"Noticas de oposiciones por Academia Emplea-te\",\"description\":\"Toda la actualidad de las ofertas y convocatorias.\",\"publisher\":{\"@id\":\"https:\\\/\\\/www.emplea-te.com\\\/noticias-oposiciones\\\/#organization\"},\"potentialAction\":[{\"@type\":\"SearchAction\",\"target\":{\"@type\":\"EntryPoint\",\"urlTemplate\":\"https:\\\/\\\/www.emplea-te.com\\\/noticias-oposiciones\\\/?s={search_term_string}\"},\"query-input\":{\"@type\":\"PropertyValueSpecification\",\"valueRequired\":true,\"valueName\":\"search_term_string\"}}],\"inLanguage\":\"es\"},{\"@type\":\"Organization\",\"@id\":\"https:\\\/\\\/www.emplea-te.com\\\/noticias-oposiciones\\\/#organization\",\"name\":\"Academia de oposiciones Empl\u00e9ate\",\"url\":\"https:\\\/\\\/www.emplea-te.com\\\/noticias-oposiciones\\\/\",\"logo\":{\"@type\":\"ImageObject\",\"inLanguage\":\"es\",\"@id\":\"https:\\\/\\\/www.emplea-te.com\\\/noticias-oposiciones\\\/#\\\/schema\\\/logo\\\/image\\\/\",\"url\":\"https:\\\/\\\/www.emplea-te.com\\\/noticias-oposiciones\\\/wp-content\\\/uploads\\\/2019\\\/04\\\/empleate.jpg\",\"contentUrl\":\"https:\\\/\\\/www.emplea-te.com\\\/noticias-oposiciones\\\/wp-content\\\/uploads\\\/2019\\\/04\\\/empleate.jpg\",\"width\":250,\"height\":150,\"caption\":\"Academia de oposiciones Empl\u00e9ate\"},\"image\":{\"@id\":\"https:\\\/\\\/www.emplea-te.com\\\/noticias-oposiciones\\\/#\\\/schema\\\/logo\\\/image\\\/\"},\"sameAs\":[\"https:\\\/\\\/www.facebook.com\\\/AcademiaEmpleate\\\/\",\"https:\\\/\\\/x.com\\\/Emplea_Te\",\"https:\\\/\\\/www.instagram.com\\\/academia_empleate\\\/\"]},{\"@type\":\"Person\",\"@id\":\"https:\\\/\\\/www.emplea-te.com\\\/noticias-oposiciones\\\/#\\\/schema\\\/person\\\/d1bc587e1af2b95e9c32aba1795509a6\",\"name\":\"Empleate\"}]}<\/script>\n<!-- \/ Yoast SEO plugin. -->","yoast_head_json":{"title":"Xunta de Galicia. Puntuaciones de los ex\u00e1menes de Celga 3 y 4","description":"Xunta de Galicia. Puntuaciones ex\u00e1menes de Celga 3 y 4 realizados el 23 de septiembre de 2025 de procesos selectivos de estabilizaci\u00f3n.","robots":{"index":"index","follow":"follow","max-snippet":"max-snippet:-1","max-image-preview":"max-image-preview:large","max-video-preview":"max-video-preview:-1"},"canonical":"https:\/\/www.emplea-te.com\/noticias-oposiciones\/xunta-de-galicia-publicadas-las-puntuaciones-de-los-examenes-de-celga-3-y-4-realizados-el-23-de-septiembre-de-2025-de-procesos-selectivos-de-estabilizacion\/","og_locale":"es_ES","og_type":"article","og_title":"Xunta de Galicia. Puntuaciones de los ex\u00e1menes de Celga 3 y 4","og_description":"Xunta de Galicia. Puntuaciones ex\u00e1menes de Celga 3 y 4 realizados el 23 de septiembre de 2025 de procesos selectivos de estabilizaci\u00f3n.","og_url":"https:\/\/www.emplea-te.com\/noticias-oposiciones\/xunta-de-galicia-publicadas-las-puntuaciones-de-los-examenes-de-celga-3-y-4-realizados-el-23-de-septiembre-de-2025-de-procesos-selectivos-de-estabilizacion\/","og_site_name":"Noticas de oposiciones por Academia Emplea-te","article_publisher":"https:\/\/www.facebook.com\/AcademiaEmpleate\/","article_published_time":"2025-10-09T08:19:17+00:00","author":"Empleate","twitter_card":"summary_large_image","twitter_creator":"@Emplea_Te","twitter_site":"@Emplea_Te","twitter_misc":{"Escrito por":"Empleate","Tiempo de lectura":"2 minutos"},"schema":{"@context":"https:\/\/schema.org","@graph":[{"@type":"Article","@id":"https:\/\/www.emplea-te.com\/noticias-oposiciones\/xunta-de-galicia-publicadas-las-puntuaciones-de-los-examenes-de-celga-3-y-4-realizados-el-23-de-septiembre-de-2025-de-procesos-selectivos-de-estabilizacion\/#article","isPartOf":{"@id":"https:\/\/www.emplea-te.com\/noticias-oposiciones\/xunta-de-galicia-publicadas-las-puntuaciones-de-los-examenes-de-celga-3-y-4-realizados-el-23-de-septiembre-de-2025-de-procesos-selectivos-de-estabilizacion\/"},"author":{"name":"Empleate","@id":"https:\/\/www.emplea-te.com\/noticias-oposiciones\/#\/schema\/person\/d1bc587e1af2b95e9c32aba1795509a6"},"headline":"Xunta de Galicia. Publicadas las puntuaciones de los ex\u00e1menes de Celga 3 y 4 realizados el 23 de septiembre de 2025 de procesos selectivos de estabilizaci\u00f3n.","datePublished":"2025-10-09T08:19:17+00:00","mainEntityOfPage":{"@id":"https:\/\/www.emplea-te.com\/noticias-oposiciones\/xunta-de-galicia-publicadas-las-puntuaciones-de-los-examenes-de-celga-3-y-4-realizados-el-23-de-septiembre-de-2025-de-procesos-selectivos-de-estabilizacion\/"},"wordCount":315,"publisher":{"@id":"https:\/\/www.emplea-te.com\/noticias-oposiciones\/#organization"},"keywords":["Informaci\u00f3n procesos selectivos"],"articleSection":["Oposiciones Auton\u00f3micas Galicia","Oposiciones Xunta"],"inLanguage":"es"},{"@type":"WebPage","@id":"https:\/\/www.emplea-te.com\/noticias-oposiciones\/xunta-de-galicia-publicadas-las-puntuaciones-de-los-examenes-de-celga-3-y-4-realizados-el-23-de-septiembre-de-2025-de-procesos-selectivos-de-estabilizacion\/","url":"https:\/\/www.emplea-te.com\/noticias-oposiciones\/xunta-de-galicia-publicadas-las-puntuaciones-de-los-examenes-de-celga-3-y-4-realizados-el-23-de-septiembre-de-2025-de-procesos-selectivos-de-estabilizacion\/","name":"Xunta de Galicia. Puntuaciones de los ex\u00e1menes de Celga 3 y 4","isPartOf":{"@id":"https:\/\/www.emplea-te.com\/noticias-oposiciones\/#website"},"datePublished":"2025-10-09T08:19:17+00:00","description":"Xunta de Galicia. Puntuaciones ex\u00e1menes de Celga 3 y 4 realizados el 23 de septiembre de 2025 de procesos selectivos de estabilizaci\u00f3n.","breadcrumb":{"@id":"https:\/\/www.emplea-te.com\/noticias-oposiciones\/xunta-de-galicia-publicadas-las-puntuaciones-de-los-examenes-de-celga-3-y-4-realizados-el-23-de-septiembre-de-2025-de-procesos-selectivos-de-estabilizacion\/#breadcrumb"},"inLanguage":"es","potentialAction":[{"@type":"ReadAction","target":["https:\/\/www.emplea-te.com\/noticias-oposiciones\/xunta-de-galicia-publicadas-las-puntuaciones-de-los-examenes-de-celga-3-y-4-realizados-el-23-de-septiembre-de-2025-de-procesos-selectivos-de-estabilizacion\/"]}]},{"@type":"BreadcrumbList","@id":"https:\/\/www.emplea-te.com\/noticias-oposiciones\/xunta-de-galicia-publicadas-las-puntuaciones-de-los-examenes-de-celga-3-y-4-realizados-el-23-de-septiembre-de-2025-de-procesos-selectivos-de-estabilizacion\/#breadcrumb","itemListElement":[{"@type":"ListItem","position":1,"name":"Noticias Oposiciones","item":"https:\/\/www.emplea-te.com\/noticias-oposiciones\/"},{"@type":"ListItem","position":2,"name":"Oposiciones Xunta","item":"https:\/\/www.emplea-te.com\/noticias-oposiciones\/categoria\/oposiciones-xunta\/"},{"@type":"ListItem","position":3,"name":"Xunta de Galicia. Publicadas las puntuaciones de los ex\u00e1menes de Celga 3 y 4 realizados el 23 de septiembre de 2025 de procesos selectivos de estabilizaci\u00f3n."}]},{"@type":"WebSite","@id":"https:\/\/www.emplea-te.com\/noticias-oposiciones\/#website","url":"https:\/\/www.emplea-te.com\/noticias-oposiciones\/","name":"Noticas de oposiciones por Academia Emplea-te","description":"Toda la actualidad de las ofertas y convocatorias.","publisher":{"@id":"https:\/\/www.emplea-te.com\/noticias-oposiciones\/#organization"},"potentialAction":[{"@type":"SearchAction","target":{"@type":"EntryPoint","urlTemplate":"https:\/\/www.emplea-te.com\/noticias-oposiciones\/?s={search_term_string}"},"query-input":{"@type":"PropertyValueSpecification","valueRequired":true,"valueName":"search_term_string"}}],"inLanguage":"es"},{"@type":"Organization","@id":"https:\/\/www.emplea-te.com\/noticias-oposiciones\/#organization","name":"Academia de oposiciones Empl\u00e9ate","url":"https:\/\/www.emplea-te.com\/noticias-oposiciones\/","logo":{"@type":"ImageObject","inLanguage":"es","@id":"https:\/\/www.emplea-te.com\/noticias-oposiciones\/#\/schema\/logo\/image\/","url":"https:\/\/www.emplea-te.com\/noticias-oposiciones\/wp-content\/uploads\/2019\/04\/empleate.jpg","contentUrl":"https:\/\/www.emplea-te.com\/noticias-oposiciones\/wp-content\/uploads\/2019\/04\/empleate.jpg","width":250,"height":150,"caption":"Academia de oposiciones Empl\u00e9ate"},"image":{"@id":"https:\/\/www.emplea-te.com\/noticias-oposiciones\/#\/schema\/logo\/image\/"},"sameAs":["https:\/\/www.facebook.com\/AcademiaEmpleate\/","https:\/\/x.com\/Emplea_Te","https:\/\/www.instagram.com\/academia_empleate\/"]},{"@type":"Person","@id":"https:\/\/www.emplea-te.com\/noticias-oposiciones\/#\/schema\/person\/d1bc587e1af2b95e9c32aba1795509a6","name":"Empleate"}]}},"_links":{"self":[{"href":"https:\/\/www.emplea-te.com\/noticias-oposiciones\/wp-json\/wp\/v2\/posts\/16655","targetHints":{"allow":["GET"]}}],"collection":[{"href":"https:\/\/www.emplea-te.com\/noticias-oposiciones\/wp-json\/wp\/v2\/posts"}],"about":[{"href":"https:\/\/www.emplea-te.com\/noticias-oposiciones\/wp-json\/wp\/v2\/types\/post"}],"author":[{"embeddable":true,"href":"https:\/\/www.emplea-te.com\/noticias-oposiciones\/wp-json\/wp\/v2\/users\/1"}],"replies":[{"embeddable":true,"href":"https:\/\/www.emplea-te.com\/noticias-oposiciones\/wp-json\/wp\/v2\/comments?post=16655"}],"version-history":[{"count":1,"href":"https:\/\/www.emplea-te.com\/noticias-oposiciones\/wp-json\/wp\/v2\/posts\/16655\/revisions"}],"predecessor-version":[{"id":16656,"href":"https:\/\/www.emplea-te.com\/noticias-oposiciones\/wp-json\/wp\/v2\/posts\/16655\/revisions\/16656"}],"wp:attachment":[{"href":"https:\/\/www.emplea-te.com\/noticias-oposiciones\/wp-json\/wp\/v2\/media?parent=16655"}],"wp:term":[{"taxonomy":"category","embeddable":true,"href":"https:\/\/www.emplea-te.com\/noticias-oposiciones\/wp-json\/wp\/v2\/categories?post=16655"},{"taxonomy":"post_tag","embeddable":true,"href":"https:\/\/www.emplea-te.com\/noticias-oposiciones\/wp-json\/wp\/v2\/tags?post=16655"}],"curies":[{"name":"wp","href":"https:\/\/api.w.org\/{rel}","templated":true}]}}