{"id":16657,"date":"2025-10-09T10:29:31","date_gmt":"2025-10-09T08:29:31","guid":{"rendered":"https:\/\/www.emplea-te.com\/noticias-oposiciones\/?p=16657"},"modified":"2025-10-09T10:29:31","modified_gmt":"2025-10-09T08:29:31","slug":"convocatoria-examen-extraordinario-de-administrativo-c1-turno-libre-de-las-1-250-plazas-convocadas-de-seguridad-social","status":"publish","type":"post","link":"https:\/\/www.emplea-te.com\/noticias-oposiciones\/convocatoria-examen-extraordinario-de-administrativo-c1-turno-libre-de-las-1-250-plazas-convocadas-de-seguridad-social\/","title":{"rendered":"Convocatoria examen extraordinario de Administrativo C1 turno libre de las 1.250 plazas convocadas de  Seguridad Social."},"content":{"rendered":"<p>Se publica en la Web del Ministerio de Seguridad Social, Inclusi\u00f3n y Migraciones una Nota Informativa referente a la convocatoria del examen\u00a0 extraordinario de Administrativo C1 turno libre (1.250 plazas convocadas).<\/p>\n<p>&nbsp;<\/p>\n<p>El Tribunal informa:<\/p>\n<p>Primero.<br \/>\n&#8211; La celebraci\u00f3n del ejercicio \u00fanico extraordinario para ingreso por el sistema de acceso libre y promoci\u00f3n interna, est\u00e1 previsto que se realice el d\u00eda 26 de octubre de 2025, a las 9:30 horas, en el Ministerio de Trabajo y Econom\u00eda Social, en Paseo de la Castellana, 63, 28071, Madrid.<br \/>\nSegundo.<br \/>\n&#8211; La hora de llamamiento comenzar\u00e1 a las 9:00 horas.<br \/>\nTercero.<br \/>\n&#8211; Se publicar\u00e1 otra nota informativa, en fechas m\u00e1s pr\u00f3ximas al examen, donde se indicar\u00e1 la distribuci\u00f3n de los aspirantes que deben acudir al examen extraordinario. Cuarto.- Con la finalidad de acreditar su identidad, los opositores deber\u00e1n presentar el documento nacional de identidad o, en su defecto, permiso de conducir o pasaporte. Asimismo, deber\u00e1n ir provistos de bol\u00edgrafo de color azul o negro.<\/p>\n<p><a href=\"https:\/\/www.seg-social.es\/wps\/wcm\/connect\/wss\/5aeaf484-4ad9-4434-b3b1-e409166259f5\/report_NOTA+INFORMATIVA+EJERCICIO+EXTRAORDINARIOMIE20250320DOC23MO.pdf?MOD=AJPERES\" target=\"_blank\" rel=\"noopener\"><strong>Accede a la Nota informativa desde este enlace.\u00a0<\/strong><\/a><\/p>\n<p>Prepara para pr\u00f3xima convocatoria tu plaza de Administrativo de la Seguridad Social en nuestros <a href=\"https:\/\/www.emplea-te.com\/121-oposiciones-administrativo-c1-de-la-seguridad-social\" target=\"_blank\" rel=\"noopener\"><strong>grupos presenciales y online de preparaci\u00f3n de oposiciones de Administraci\u00f3n de la Seguridad Social.\u00a0<\/strong><\/a><\/p>\n<p>&nbsp;<\/p>\n","protected":false},"excerpt":{"rendered":"<p>Se publica en la Web del Ministerio de Seguridad Social, Inclusi\u00f3n y Migraciones una Nota Informativa referente a la convocatoria del examen\u00a0 extraordinario de Administrativo C1 turno libre (1.250 plazas convocadas). &nbsp; El Tribunal informa: Primero. &#8211; La celebraci\u00f3n del ejercicio \u00fanico extraordinario para ingreso por el sistema de acceso libre y promoci\u00f3n interna, est\u00e1 &hellip; <a href=\"https:\/\/www.emplea-te.com\/noticias-oposiciones\/convocatoria-examen-extraordinario-de-administrativo-c1-turno-libre-de-las-1-250-plazas-convocadas-de-seguridad-social\/\" class=\"more-link\">Continuar leyendo<span class=\"screen-reader-text\"> \u00abConvocatoria examen extraordinario de Administrativo C1 turno libre de las 1.250 plazas convocadas de  Seguridad Social.\u00bb<\/span><\/a><\/p>\n","protected":false},"author":1,"featured_media":0,"comment_status":"closed","ping_status":"closed","sticky":false,"template":"","format":"standard","meta":{"footnotes":""},"categories":[127,126],"tags":[49,71,103],"class_list":["post-16657","post","type-post","status-publish","format-standard","hentry","category-oposiciones-seguridad-social","category-seguridad-social","tag-convocatorias-de-oposiciones","tag-fecha-examenes","tag-informacion-procesos-selectivos"],"yoast_head":"<!-- This site is optimized with the Yoast SEO plugin v27.3 - https:\/\/yoast.com\/product\/yoast-seo-wordpress\/ -->\n<title>Examen extraordinario de Administrativo C1 Seguridad Social.<\/title>\n<meta name=\"description\" content=\"Convocatoria examen extraordinario de Administrativo C1 turno libre de las 1.250 plazas convocadas de Seguridad Social.\" \/>\n<meta name=\"robots\" content=\"index, follow, max-snippet:-1, max-image-preview:large, max-video-preview:-1\" \/>\n<link rel=\"canonical\" href=\"https:\/\/www.emplea-te.com\/noticias-oposiciones\/convocatoria-examen-extraordinario-de-administrativo-c1-turno-libre-de-las-1-250-plazas-convocadas-de-seguridad-social\/\" \/>\n<meta property=\"og:locale\" content=\"es_ES\" \/>\n<meta property=\"og:type\" content=\"article\" \/>\n<meta property=\"og:title\" content=\"Examen extraordinario de Administrativo C1 Seguridad Social.\" \/>\n<meta property=\"og:description\" content=\"Convocatoria examen extraordinario de Administrativo C1 turno libre de las 1.250 plazas convocadas de Seguridad Social.\" \/>\n<meta property=\"og:url\" content=\"https:\/\/www.emplea-te.com\/noticias-oposiciones\/convocatoria-examen-extraordinario-de-administrativo-c1-turno-libre-de-las-1-250-plazas-convocadas-de-seguridad-social\/\" \/>\n<meta property=\"og:site_name\" content=\"Noticas de oposiciones por Academia Emplea-te\" \/>\n<meta property=\"article:publisher\" content=\"https:\/\/www.facebook.com\/AcademiaEmpleate\/\" \/>\n<meta property=\"article:published_time\" content=\"2025-10-09T08:29:31+00:00\" \/>\n<meta name=\"author\" content=\"Empleate\" \/>\n<meta name=\"twitter:card\" content=\"summary_large_image\" \/>\n<meta name=\"twitter:creator\" content=\"@Emplea_Te\" \/>\n<meta name=\"twitter:site\" content=\"@Emplea_Te\" \/>\n<meta name=\"twitter:label1\" content=\"Escrito por\" \/>\n\t<meta name=\"twitter:data1\" content=\"Empleate\" \/>\n\t<meta name=\"twitter:label2\" content=\"Tiempo de lectura\" \/>\n\t<meta name=\"twitter:data2\" content=\"1 minuto\" \/>\n<script type=\"application\/ld+json\" class=\"yoast-schema-graph\">{\"@context\":\"https:\\\/\\\/schema.org\",\"@graph\":[{\"@type\":\"Article\",\"@id\":\"https:\\\/\\\/www.emplea-te.com\\\/noticias-oposiciones\\\/convocatoria-examen-extraordinario-de-administrativo-c1-turno-libre-de-las-1-250-plazas-convocadas-de-seguridad-social\\\/#article\",\"isPartOf\":{\"@id\":\"https:\\\/\\\/www.emplea-te.com\\\/noticias-oposiciones\\\/convocatoria-examen-extraordinario-de-administrativo-c1-turno-libre-de-las-1-250-plazas-convocadas-de-seguridad-social\\\/\"},\"author\":{\"name\":\"Empleate\",\"@id\":\"https:\\\/\\\/www.emplea-te.com\\\/noticias-oposiciones\\\/#\\\/schema\\\/person\\\/d1bc587e1af2b95e9c32aba1795509a6\"},\"headline\":\"Convocatoria examen extraordinario de Administrativo C1 turno libre de las 1.250 plazas convocadas de Seguridad Social.\",\"datePublished\":\"2025-10-09T08:29:31+00:00\",\"mainEntityOfPage\":{\"@id\":\"https:\\\/\\\/www.emplea-te.com\\\/noticias-oposiciones\\\/convocatoria-examen-extraordinario-de-administrativo-c1-turno-libre-de-las-1-250-plazas-convocadas-de-seguridad-social\\\/\"},\"wordCount\":221,\"publisher\":{\"@id\":\"https:\\\/\\\/www.emplea-te.com\\\/noticias-oposiciones\\\/#organization\"},\"keywords\":[\"Convocatoria\",\"Fecha ex\u00e1menes\",\"Informaci\u00f3n procesos selectivos\"],\"articleSection\":[\"OPOSICIONES SEGURIDAD SOCIAL\",\"SEGURIDAD SOCIAL\"],\"inLanguage\":\"es\"},{\"@type\":\"WebPage\",\"@id\":\"https:\\\/\\\/www.emplea-te.com\\\/noticias-oposiciones\\\/convocatoria-examen-extraordinario-de-administrativo-c1-turno-libre-de-las-1-250-plazas-convocadas-de-seguridad-social\\\/\",\"url\":\"https:\\\/\\\/www.emplea-te.com\\\/noticias-oposiciones\\\/convocatoria-examen-extraordinario-de-administrativo-c1-turno-libre-de-las-1-250-plazas-convocadas-de-seguridad-social\\\/\",\"name\":\"Examen extraordinario de Administrativo C1 Seguridad Social.\",\"isPartOf\":{\"@id\":\"https:\\\/\\\/www.emplea-te.com\\\/noticias-oposiciones\\\/#website\"},\"datePublished\":\"2025-10-09T08:29:31+00:00\",\"description\":\"Convocatoria examen extraordinario de Administrativo C1 turno libre de las 1.250 plazas convocadas de Seguridad Social.\",\"breadcrumb\":{\"@id\":\"https:\\\/\\\/www.emplea-te.com\\\/noticias-oposiciones\\\/convocatoria-examen-extraordinario-de-administrativo-c1-turno-libre-de-las-1-250-plazas-convocadas-de-seguridad-social\\\/#breadcrumb\"},\"inLanguage\":\"es\",\"potentialAction\":[{\"@type\":\"ReadAction\",\"target\":[\"https:\\\/\\\/www.emplea-te.com\\\/noticias-oposiciones\\\/convocatoria-examen-extraordinario-de-administrativo-c1-turno-libre-de-las-1-250-plazas-convocadas-de-seguridad-social\\\/\"]}]},{\"@type\":\"BreadcrumbList\",\"@id\":\"https:\\\/\\\/www.emplea-te.com\\\/noticias-oposiciones\\\/convocatoria-examen-extraordinario-de-administrativo-c1-turno-libre-de-las-1-250-plazas-convocadas-de-seguridad-social\\\/#breadcrumb\",\"itemListElement\":[{\"@type\":\"ListItem\",\"position\":1,\"name\":\"Noticias Oposiciones\",\"item\":\"https:\\\/\\\/www.emplea-te.com\\\/noticias-oposiciones\\\/\"},{\"@type\":\"ListItem\",\"position\":2,\"name\":\"SEGURIDAD SOCIAL\",\"item\":\"https:\\\/\\\/www.emplea-te.com\\\/noticias-oposiciones\\\/categoria\\\/seguridad-social\\\/\"},{\"@type\":\"ListItem\",\"position\":3,\"name\":\"OPOSICIONES SEGURIDAD SOCIAL\",\"item\":\"https:\\\/\\\/www.emplea-te.com\\\/noticias-oposiciones\\\/categoria\\\/seguridad-social\\\/oposiciones-seguridad-social\\\/\"},{\"@type\":\"ListItem\",\"position\":4,\"name\":\"Convocatoria examen extraordinario de Administrativo C1 turno libre de las 1.250 plazas convocadas de Seguridad Social.\"}]},{\"@type\":\"WebSite\",\"@id\":\"https:\\\/\\\/www.emplea-te.com\\\/noticias-oposiciones\\\/#website\",\"url\":\"https:\\\/\\\/www.emplea-te.com\\\/noticias-oposiciones\\\/\",\"name\":\"Noticas de oposiciones por Academia Emplea-te\",\"description\":\"Toda la actualidad de las ofertas y convocatorias.\",\"publisher\":{\"@id\":\"https:\\\/\\\/www.emplea-te.com\\\/noticias-oposiciones\\\/#organization\"},\"potentialAction\":[{\"@type\":\"SearchAction\",\"target\":{\"@type\":\"EntryPoint\",\"urlTemplate\":\"https:\\\/\\\/www.emplea-te.com\\\/noticias-oposiciones\\\/?s={search_term_string}\"},\"query-input\":{\"@type\":\"PropertyValueSpecification\",\"valueRequired\":true,\"valueName\":\"search_term_string\"}}],\"inLanguage\":\"es\"},{\"@type\":\"Organization\",\"@id\":\"https:\\\/\\\/www.emplea-te.com\\\/noticias-oposiciones\\\/#organization\",\"name\":\"Academia de oposiciones Empl\u00e9ate\",\"url\":\"https:\\\/\\\/www.emplea-te.com\\\/noticias-oposiciones\\\/\",\"logo\":{\"@type\":\"ImageObject\",\"inLanguage\":\"es\",\"@id\":\"https:\\\/\\\/www.emplea-te.com\\\/noticias-oposiciones\\\/#\\\/schema\\\/logo\\\/image\\\/\",\"url\":\"https:\\\/\\\/www.emplea-te.com\\\/noticias-oposiciones\\\/wp-content\\\/uploads\\\/2019\\\/04\\\/empleate.jpg\",\"contentUrl\":\"https:\\\/\\\/www.emplea-te.com\\\/noticias-oposiciones\\\/wp-content\\\/uploads\\\/2019\\\/04\\\/empleate.jpg\",\"width\":250,\"height\":150,\"caption\":\"Academia de oposiciones Empl\u00e9ate\"},\"image\":{\"@id\":\"https:\\\/\\\/www.emplea-te.com\\\/noticias-oposiciones\\\/#\\\/schema\\\/logo\\\/image\\\/\"},\"sameAs\":[\"https:\\\/\\\/www.facebook.com\\\/AcademiaEmpleate\\\/\",\"https:\\\/\\\/x.com\\\/Emplea_Te\",\"https:\\\/\\\/www.instagram.com\\\/academia_empleate\\\/\"]},{\"@type\":\"Person\",\"@id\":\"https:\\\/\\\/www.emplea-te.com\\\/noticias-oposiciones\\\/#\\\/schema\\\/person\\\/d1bc587e1af2b95e9c32aba1795509a6\",\"name\":\"Empleate\"}]}<\/script>\n<!-- \/ Yoast SEO plugin. -->","yoast_head_json":{"title":"Examen extraordinario de Administrativo C1 Seguridad Social.","description":"Convocatoria examen extraordinario de Administrativo C1 turno libre de las 1.250 plazas convocadas de Seguridad Social.","robots":{"index":"index","follow":"follow","max-snippet":"max-snippet:-1","max-image-preview":"max-image-preview:large","max-video-preview":"max-video-preview:-1"},"canonical":"https:\/\/www.emplea-te.com\/noticias-oposiciones\/convocatoria-examen-extraordinario-de-administrativo-c1-turno-libre-de-las-1-250-plazas-convocadas-de-seguridad-social\/","og_locale":"es_ES","og_type":"article","og_title":"Examen extraordinario de Administrativo C1 Seguridad Social.","og_description":"Convocatoria examen extraordinario de Administrativo C1 turno libre de las 1.250 plazas convocadas de Seguridad Social.","og_url":"https:\/\/www.emplea-te.com\/noticias-oposiciones\/convocatoria-examen-extraordinario-de-administrativo-c1-turno-libre-de-las-1-250-plazas-convocadas-de-seguridad-social\/","og_site_name":"Noticas de oposiciones por Academia Emplea-te","article_publisher":"https:\/\/www.facebook.com\/AcademiaEmpleate\/","article_published_time":"2025-10-09T08:29:31+00:00","author":"Empleate","twitter_card":"summary_large_image","twitter_creator":"@Emplea_Te","twitter_site":"@Emplea_Te","twitter_misc":{"Escrito por":"Empleate","Tiempo de lectura":"1 minuto"},"schema":{"@context":"https:\/\/schema.org","@graph":[{"@type":"Article","@id":"https:\/\/www.emplea-te.com\/noticias-oposiciones\/convocatoria-examen-extraordinario-de-administrativo-c1-turno-libre-de-las-1-250-plazas-convocadas-de-seguridad-social\/#article","isPartOf":{"@id":"https:\/\/www.emplea-te.com\/noticias-oposiciones\/convocatoria-examen-extraordinario-de-administrativo-c1-turno-libre-de-las-1-250-plazas-convocadas-de-seguridad-social\/"},"author":{"name":"Empleate","@id":"https:\/\/www.emplea-te.com\/noticias-oposiciones\/#\/schema\/person\/d1bc587e1af2b95e9c32aba1795509a6"},"headline":"Convocatoria examen extraordinario de Administrativo C1 turno libre de las 1.250 plazas convocadas de Seguridad Social.","datePublished":"2025-10-09T08:29:31+00:00","mainEntityOfPage":{"@id":"https:\/\/www.emplea-te.com\/noticias-oposiciones\/convocatoria-examen-extraordinario-de-administrativo-c1-turno-libre-de-las-1-250-plazas-convocadas-de-seguridad-social\/"},"wordCount":221,"publisher":{"@id":"https:\/\/www.emplea-te.com\/noticias-oposiciones\/#organization"},"keywords":["Convocatoria","Fecha ex\u00e1menes","Informaci\u00f3n procesos selectivos"],"articleSection":["OPOSICIONES SEGURIDAD SOCIAL","SEGURIDAD SOCIAL"],"inLanguage":"es"},{"@type":"WebPage","@id":"https:\/\/www.emplea-te.com\/noticias-oposiciones\/convocatoria-examen-extraordinario-de-administrativo-c1-turno-libre-de-las-1-250-plazas-convocadas-de-seguridad-social\/","url":"https:\/\/www.emplea-te.com\/noticias-oposiciones\/convocatoria-examen-extraordinario-de-administrativo-c1-turno-libre-de-las-1-250-plazas-convocadas-de-seguridad-social\/","name":"Examen extraordinario de Administrativo C1 Seguridad Social.","isPartOf":{"@id":"https:\/\/www.emplea-te.com\/noticias-oposiciones\/#website"},"datePublished":"2025-10-09T08:29:31+00:00","description":"Convocatoria examen extraordinario de Administrativo C1 turno libre de las 1.250 plazas convocadas de Seguridad Social.","breadcrumb":{"@id":"https:\/\/www.emplea-te.com\/noticias-oposiciones\/convocatoria-examen-extraordinario-de-administrativo-c1-turno-libre-de-las-1-250-plazas-convocadas-de-seguridad-social\/#breadcrumb"},"inLanguage":"es","potentialAction":[{"@type":"ReadAction","target":["https:\/\/www.emplea-te.com\/noticias-oposiciones\/convocatoria-examen-extraordinario-de-administrativo-c1-turno-libre-de-las-1-250-plazas-convocadas-de-seguridad-social\/"]}]},{"@type":"BreadcrumbList","@id":"https:\/\/www.emplea-te.com\/noticias-oposiciones\/convocatoria-examen-extraordinario-de-administrativo-c1-turno-libre-de-las-1-250-plazas-convocadas-de-seguridad-social\/#breadcrumb","itemListElement":[{"@type":"ListItem","position":1,"name":"Noticias Oposiciones","item":"https:\/\/www.emplea-te.com\/noticias-oposiciones\/"},{"@type":"ListItem","position":2,"name":"SEGURIDAD SOCIAL","item":"https:\/\/www.emplea-te.com\/noticias-oposiciones\/categoria\/seguridad-social\/"},{"@type":"ListItem","position":3,"name":"OPOSICIONES SEGURIDAD SOCIAL","item":"https:\/\/www.emplea-te.com\/noticias-oposiciones\/categoria\/seguridad-social\/oposiciones-seguridad-social\/"},{"@type":"ListItem","position":4,"name":"Convocatoria examen extraordinario de Administrativo C1 turno libre de las 1.250 plazas convocadas de Seguridad Social."}]},{"@type":"WebSite","@id":"https:\/\/www.emplea-te.com\/noticias-oposiciones\/#website","url":"https:\/\/www.emplea-te.com\/noticias-oposiciones\/","name":"Noticas de oposiciones por Academia Emplea-te","description":"Toda la actualidad de las ofertas y convocatorias.","publisher":{"@id":"https:\/\/www.emplea-te.com\/noticias-oposiciones\/#organization"},"potentialAction":[{"@type":"SearchAction","target":{"@type":"EntryPoint","urlTemplate":"https:\/\/www.emplea-te.com\/noticias-oposiciones\/?s={search_term_string}"},"query-input":{"@type":"PropertyValueSpecification","valueRequired":true,"valueName":"search_term_string"}}],"inLanguage":"es"},{"@type":"Organization","@id":"https:\/\/www.emplea-te.com\/noticias-oposiciones\/#organization","name":"Academia de oposiciones Empl\u00e9ate","url":"https:\/\/www.emplea-te.com\/noticias-oposiciones\/","logo":{"@type":"ImageObject","inLanguage":"es","@id":"https:\/\/www.emplea-te.com\/noticias-oposiciones\/#\/schema\/logo\/image\/","url":"https:\/\/www.emplea-te.com\/noticias-oposiciones\/wp-content\/uploads\/2019\/04\/empleate.jpg","contentUrl":"https:\/\/www.emplea-te.com\/noticias-oposiciones\/wp-content\/uploads\/2019\/04\/empleate.jpg","width":250,"height":150,"caption":"Academia de oposiciones Empl\u00e9ate"},"image":{"@id":"https:\/\/www.emplea-te.com\/noticias-oposiciones\/#\/schema\/logo\/image\/"},"sameAs":["https:\/\/www.facebook.com\/AcademiaEmpleate\/","https:\/\/x.com\/Emplea_Te","https:\/\/www.instagram.com\/academia_empleate\/"]},{"@type":"Person","@id":"https:\/\/www.emplea-te.com\/noticias-oposiciones\/#\/schema\/person\/d1bc587e1af2b95e9c32aba1795509a6","name":"Empleate"}]}},"_links":{"self":[{"href":"https:\/\/www.emplea-te.com\/noticias-oposiciones\/wp-json\/wp\/v2\/posts\/16657","targetHints":{"allow":["GET"]}}],"collection":[{"href":"https:\/\/www.emplea-te.com\/noticias-oposiciones\/wp-json\/wp\/v2\/posts"}],"about":[{"href":"https:\/\/www.emplea-te.com\/noticias-oposiciones\/wp-json\/wp\/v2\/types\/post"}],"author":[{"embeddable":true,"href":"https:\/\/www.emplea-te.com\/noticias-oposiciones\/wp-json\/wp\/v2\/users\/1"}],"replies":[{"embeddable":true,"href":"https:\/\/www.emplea-te.com\/noticias-oposiciones\/wp-json\/wp\/v2\/comments?post=16657"}],"version-history":[{"count":1,"href":"https:\/\/www.emplea-te.com\/noticias-oposiciones\/wp-json\/wp\/v2\/posts\/16657\/revisions"}],"predecessor-version":[{"id":16658,"href":"https:\/\/www.emplea-te.com\/noticias-oposiciones\/wp-json\/wp\/v2\/posts\/16657\/revisions\/16658"}],"wp:attachment":[{"href":"https:\/\/www.emplea-te.com\/noticias-oposiciones\/wp-json\/wp\/v2\/media?parent=16657"}],"wp:term":[{"taxonomy":"category","embeddable":true,"href":"https:\/\/www.emplea-te.com\/noticias-oposiciones\/wp-json\/wp\/v2\/categories?post=16657"},{"taxonomy":"post_tag","embeddable":true,"href":"https:\/\/www.emplea-te.com\/noticias-oposiciones\/wp-json\/wp\/v2\/tags?post=16657"}],"curies":[{"name":"wp","href":"https:\/\/api.w.org\/{rel}","templated":true}]}}