{"id":16697,"date":"2025-10-14T10:44:18","date_gmt":"2025-10-14T08:44:18","guid":{"rendered":"https:\/\/www.emplea-te.com\/noticias-oposiciones\/?p=16697"},"modified":"2025-10-14T10:44:18","modified_gmt":"2025-10-14T08:44:18","slug":"ayuntamiento-de-parla-relacion-provisional-de-aspirantes-admitidos-y-excluidos-en-la-convocatoria-de-24-plazas-de-auxiliar-administrativo","status":"publish","type":"post","link":"https:\/\/www.emplea-te.com\/noticias-oposiciones\/ayuntamiento-de-parla-relacion-provisional-de-aspirantes-admitidos-y-excluidos-en-la-convocatoria-de-24-plazas-de-auxiliar-administrativo\/","title":{"rendered":"Ayuntamiento de Parla. Relaci\u00f3n provisional de aspirantes admitidos y excluidos en la convocatoria de 24 plazas de Auxiliar Administrativo."},"content":{"rendered":"<p>Se publica en el BOCM de hoy, d\u00eda 14 de octubre de 2025, la relaci\u00f3n provisional de aspirantes admitidos y excluidos en proceso selectivo convocado en BOE 18\/08\/2025 para cubrir 24 plazas de Auxiliar Administrativo C2.<\/p>\n<p>Se abre un plazo de 10 d\u00edas h\u00e1biles a contar desde el d\u00eda siguiente al de esta publicaci\u00f3n en el BOCM para presentar alegaciones y por tanto el plazo permanecer\u00e1 abierto hasta el d\u00eda 28\/10\/2025.<\/p>\n<p><a href=\"https:\/\/www.bocm.es\/boletin\/CM_Orden_BOCM\/2025\/10\/14\/BOCM-20251014-89.PDF\" target=\"_blank\" rel=\"noopener\"><strong>Accede a la publicaci\u00f3n en el BOCM de la aprobaci\u00f3n de esta relaci\u00f3n.<\/strong><\/a><\/p>\n<p><a href=\"https:\/\/sede.ayuntamientoparla.es\/sta\/docs\/GetDocumentServlet?CUD=15717577645227235751&amp;HASH_CUD=288c59fe4d46ed387b53c6f316bc973f0ed4f868&amp;APP_CODE=STA\" target=\"_blank\" rel=\"noopener\"><strong>Accede a la web del Ayuntamiento de Parla d\u00f3nde est\u00e1 expuesta la relaci\u00f3n provisional de aspirantes admitidos y excluidos<\/strong><\/a>.<\/p>\n<p><a href=\"https:\/\/academiamadrid.emplea-te.com\/category\/oposiciones-ayuntamiento-de-madrid\/\" target=\"_blank\" rel=\"noopener\"><strong>Prepara tu plaza de Auxiliar Administrativo para el Ayuntamiento de Parla en nuestros grupos presenciales y online.\u00a0<\/strong><\/a><\/p>\n","protected":false},"excerpt":{"rendered":"<p>Se publica en el BOCM de hoy, d\u00eda 14 de octubre de 2025, la relaci\u00f3n provisional de aspirantes admitidos y excluidos en proceso selectivo convocado en BOE 18\/08\/2025 para cubrir 24 plazas de Auxiliar Administrativo C2. Se abre un plazo de 10 d\u00edas h\u00e1biles a contar desde el d\u00eda siguiente al de esta publicaci\u00f3n en &hellip; <a href=\"https:\/\/www.emplea-te.com\/noticias-oposiciones\/ayuntamiento-de-parla-relacion-provisional-de-aspirantes-admitidos-y-excluidos-en-la-convocatoria-de-24-plazas-de-auxiliar-administrativo\/\" class=\"more-link\">Continuar leyendo<span class=\"screen-reader-text\"> \u00abAyuntamiento de Parla. Relaci\u00f3n provisional de aspirantes admitidos y excluidos en la convocatoria de 24 plazas de Auxiliar Administrativo.\u00bb<\/span><\/a><\/p>\n","protected":false},"author":1,"featured_media":0,"comment_status":"closed","ping_status":"closed","sticky":false,"template":"","format":"standard","meta":{"footnotes":""},"categories":[115,109],"tags":[49,70],"class_list":["post-16697","post","type-post","status-publish","format-standard","hentry","category-convocatoria-ayuntamientos","category-oposiciones-madrid","tag-convocatorias-de-oposiciones","tag-listas-provisionales-admitidos-y-excluidos"],"yoast_head":"<!-- This site is optimized with the Yoast SEO plugin v27.3 - https:\/\/yoast.com\/product\/yoast-seo-wordpress\/ -->\n<title>Ayuntamiento de Parla. Convocatoria empleo p\u00fablico.<\/title>\n<meta name=\"description\" content=\"Ayuntamiento de Parla. Relaci\u00f3n provisional de aspirantes admitidos y excluidos en la convocatoria de 24 plazas de Auxiliar Administrativo.\" \/>\n<meta name=\"robots\" content=\"index, follow, max-snippet:-1, max-image-preview:large, max-video-preview:-1\" \/>\n<link rel=\"canonical\" href=\"https:\/\/www.emplea-te.com\/noticias-oposiciones\/ayuntamiento-de-parla-relacion-provisional-de-aspirantes-admitidos-y-excluidos-en-la-convocatoria-de-24-plazas-de-auxiliar-administrativo\/\" \/>\n<meta property=\"og:locale\" content=\"es_ES\" \/>\n<meta property=\"og:type\" content=\"article\" \/>\n<meta property=\"og:title\" content=\"Ayuntamiento de Parla. Convocatoria empleo p\u00fablico.\" \/>\n<meta property=\"og:description\" content=\"Ayuntamiento de Parla. Relaci\u00f3n provisional de aspirantes admitidos y excluidos en la convocatoria de 24 plazas de Auxiliar Administrativo.\" \/>\n<meta property=\"og:url\" content=\"https:\/\/www.emplea-te.com\/noticias-oposiciones\/ayuntamiento-de-parla-relacion-provisional-de-aspirantes-admitidos-y-excluidos-en-la-convocatoria-de-24-plazas-de-auxiliar-administrativo\/\" \/>\n<meta property=\"og:site_name\" content=\"Noticas de oposiciones por Academia Emplea-te\" \/>\n<meta property=\"article:publisher\" content=\"https:\/\/www.facebook.com\/AcademiaEmpleate\/\" \/>\n<meta property=\"article:published_time\" content=\"2025-10-14T08:44:18+00:00\" \/>\n<meta name=\"author\" content=\"Empleate\" \/>\n<meta name=\"twitter:card\" content=\"summary_large_image\" \/>\n<meta name=\"twitter:creator\" content=\"@Emplea_Te\" \/>\n<meta name=\"twitter:site\" content=\"@Emplea_Te\" \/>\n<meta name=\"twitter:label1\" content=\"Escrito por\" \/>\n\t<meta name=\"twitter:data1\" content=\"Empleate\" \/>\n\t<meta name=\"twitter:label2\" content=\"Tiempo de lectura\" \/>\n\t<meta name=\"twitter:data2\" content=\"1 minuto\" \/>\n<script type=\"application\/ld+json\" class=\"yoast-schema-graph\">{\"@context\":\"https:\\\/\\\/schema.org\",\"@graph\":[{\"@type\":\"Article\",\"@id\":\"https:\\\/\\\/www.emplea-te.com\\\/noticias-oposiciones\\\/ayuntamiento-de-parla-relacion-provisional-de-aspirantes-admitidos-y-excluidos-en-la-convocatoria-de-24-plazas-de-auxiliar-administrativo\\\/#article\",\"isPartOf\":{\"@id\":\"https:\\\/\\\/www.emplea-te.com\\\/noticias-oposiciones\\\/ayuntamiento-de-parla-relacion-provisional-de-aspirantes-admitidos-y-excluidos-en-la-convocatoria-de-24-plazas-de-auxiliar-administrativo\\\/\"},\"author\":{\"name\":\"Empleate\",\"@id\":\"https:\\\/\\\/www.emplea-te.com\\\/noticias-oposiciones\\\/#\\\/schema\\\/person\\\/d1bc587e1af2b95e9c32aba1795509a6\"},\"headline\":\"Ayuntamiento de Parla. Relaci\u00f3n provisional de aspirantes admitidos y excluidos en la convocatoria de 24 plazas de Auxiliar Administrativo.\",\"datePublished\":\"2025-10-14T08:44:18+00:00\",\"mainEntityOfPage\":{\"@id\":\"https:\\\/\\\/www.emplea-te.com\\\/noticias-oposiciones\\\/ayuntamiento-de-parla-relacion-provisional-de-aspirantes-admitidos-y-excluidos-en-la-convocatoria-de-24-plazas-de-auxiliar-administrativo\\\/\"},\"wordCount\":145,\"publisher\":{\"@id\":\"https:\\\/\\\/www.emplea-te.com\\\/noticias-oposiciones\\\/#organization\"},\"keywords\":[\"Convocatoria\",\"Listas provisionales admitidos y excluidos\"],\"articleSection\":[\"CONVOCATORIA AYUNTAMIENTOS\",\"Oposiciones Madrid.\"],\"inLanguage\":\"es\"},{\"@type\":\"WebPage\",\"@id\":\"https:\\\/\\\/www.emplea-te.com\\\/noticias-oposiciones\\\/ayuntamiento-de-parla-relacion-provisional-de-aspirantes-admitidos-y-excluidos-en-la-convocatoria-de-24-plazas-de-auxiliar-administrativo\\\/\",\"url\":\"https:\\\/\\\/www.emplea-te.com\\\/noticias-oposiciones\\\/ayuntamiento-de-parla-relacion-provisional-de-aspirantes-admitidos-y-excluidos-en-la-convocatoria-de-24-plazas-de-auxiliar-administrativo\\\/\",\"name\":\"Ayuntamiento de Parla. Convocatoria empleo p\u00fablico.\",\"isPartOf\":{\"@id\":\"https:\\\/\\\/www.emplea-te.com\\\/noticias-oposiciones\\\/#website\"},\"datePublished\":\"2025-10-14T08:44:18+00:00\",\"description\":\"Ayuntamiento de Parla. Relaci\u00f3n provisional de aspirantes admitidos y excluidos en la convocatoria de 24 plazas de Auxiliar Administrativo.\",\"breadcrumb\":{\"@id\":\"https:\\\/\\\/www.emplea-te.com\\\/noticias-oposiciones\\\/ayuntamiento-de-parla-relacion-provisional-de-aspirantes-admitidos-y-excluidos-en-la-convocatoria-de-24-plazas-de-auxiliar-administrativo\\\/#breadcrumb\"},\"inLanguage\":\"es\",\"potentialAction\":[{\"@type\":\"ReadAction\",\"target\":[\"https:\\\/\\\/www.emplea-te.com\\\/noticias-oposiciones\\\/ayuntamiento-de-parla-relacion-provisional-de-aspirantes-admitidos-y-excluidos-en-la-convocatoria-de-24-plazas-de-auxiliar-administrativo\\\/\"]}]},{\"@type\":\"BreadcrumbList\",\"@id\":\"https:\\\/\\\/www.emplea-te.com\\\/noticias-oposiciones\\\/ayuntamiento-de-parla-relacion-provisional-de-aspirantes-admitidos-y-excluidos-en-la-convocatoria-de-24-plazas-de-auxiliar-administrativo\\\/#breadcrumb\",\"itemListElement\":[{\"@type\":\"ListItem\",\"position\":1,\"name\":\"Noticias Oposiciones\",\"item\":\"https:\\\/\\\/www.emplea-te.com\\\/noticias-oposiciones\\\/\"},{\"@type\":\"ListItem\",\"position\":2,\"name\":\"Oposiciones Madrid.\",\"item\":\"https:\\\/\\\/www.emplea-te.com\\\/noticias-oposiciones\\\/categoria\\\/oposiciones-madrid\\\/\"},{\"@type\":\"ListItem\",\"position\":3,\"name\":\"Ayuntamiento de Parla. Relaci\u00f3n provisional de aspirantes admitidos y excluidos en la convocatoria de 24 plazas de Auxiliar Administrativo.\"}]},{\"@type\":\"WebSite\",\"@id\":\"https:\\\/\\\/www.emplea-te.com\\\/noticias-oposiciones\\\/#website\",\"url\":\"https:\\\/\\\/www.emplea-te.com\\\/noticias-oposiciones\\\/\",\"name\":\"Noticas de oposiciones por Academia Emplea-te\",\"description\":\"Toda la actualidad de las ofertas y convocatorias.\",\"publisher\":{\"@id\":\"https:\\\/\\\/www.emplea-te.com\\\/noticias-oposiciones\\\/#organization\"},\"potentialAction\":[{\"@type\":\"SearchAction\",\"target\":{\"@type\":\"EntryPoint\",\"urlTemplate\":\"https:\\\/\\\/www.emplea-te.com\\\/noticias-oposiciones\\\/?s={search_term_string}\"},\"query-input\":{\"@type\":\"PropertyValueSpecification\",\"valueRequired\":true,\"valueName\":\"search_term_string\"}}],\"inLanguage\":\"es\"},{\"@type\":\"Organization\",\"@id\":\"https:\\\/\\\/www.emplea-te.com\\\/noticias-oposiciones\\\/#organization\",\"name\":\"Academia de oposiciones Empl\u00e9ate\",\"url\":\"https:\\\/\\\/www.emplea-te.com\\\/noticias-oposiciones\\\/\",\"logo\":{\"@type\":\"ImageObject\",\"inLanguage\":\"es\",\"@id\":\"https:\\\/\\\/www.emplea-te.com\\\/noticias-oposiciones\\\/#\\\/schema\\\/logo\\\/image\\\/\",\"url\":\"https:\\\/\\\/www.emplea-te.com\\\/noticias-oposiciones\\\/wp-content\\\/uploads\\\/2019\\\/04\\\/empleate.jpg\",\"contentUrl\":\"https:\\\/\\\/www.emplea-te.com\\\/noticias-oposiciones\\\/wp-content\\\/uploads\\\/2019\\\/04\\\/empleate.jpg\",\"width\":250,\"height\":150,\"caption\":\"Academia de oposiciones Empl\u00e9ate\"},\"image\":{\"@id\":\"https:\\\/\\\/www.emplea-te.com\\\/noticias-oposiciones\\\/#\\\/schema\\\/logo\\\/image\\\/\"},\"sameAs\":[\"https:\\\/\\\/www.facebook.com\\\/AcademiaEmpleate\\\/\",\"https:\\\/\\\/x.com\\\/Emplea_Te\",\"https:\\\/\\\/www.instagram.com\\\/academia_empleate\\\/\"]},{\"@type\":\"Person\",\"@id\":\"https:\\\/\\\/www.emplea-te.com\\\/noticias-oposiciones\\\/#\\\/schema\\\/person\\\/d1bc587e1af2b95e9c32aba1795509a6\",\"name\":\"Empleate\"}]}<\/script>\n<!-- \/ Yoast SEO plugin. -->","yoast_head_json":{"title":"Ayuntamiento de Parla. Convocatoria empleo p\u00fablico.","description":"Ayuntamiento de Parla. Relaci\u00f3n provisional de aspirantes admitidos y excluidos en la convocatoria de 24 plazas de Auxiliar Administrativo.","robots":{"index":"index","follow":"follow","max-snippet":"max-snippet:-1","max-image-preview":"max-image-preview:large","max-video-preview":"max-video-preview:-1"},"canonical":"https:\/\/www.emplea-te.com\/noticias-oposiciones\/ayuntamiento-de-parla-relacion-provisional-de-aspirantes-admitidos-y-excluidos-en-la-convocatoria-de-24-plazas-de-auxiliar-administrativo\/","og_locale":"es_ES","og_type":"article","og_title":"Ayuntamiento de Parla. Convocatoria empleo p\u00fablico.","og_description":"Ayuntamiento de Parla. Relaci\u00f3n provisional de aspirantes admitidos y excluidos en la convocatoria de 24 plazas de Auxiliar Administrativo.","og_url":"https:\/\/www.emplea-te.com\/noticias-oposiciones\/ayuntamiento-de-parla-relacion-provisional-de-aspirantes-admitidos-y-excluidos-en-la-convocatoria-de-24-plazas-de-auxiliar-administrativo\/","og_site_name":"Noticas de oposiciones por Academia Emplea-te","article_publisher":"https:\/\/www.facebook.com\/AcademiaEmpleate\/","article_published_time":"2025-10-14T08:44:18+00:00","author":"Empleate","twitter_card":"summary_large_image","twitter_creator":"@Emplea_Te","twitter_site":"@Emplea_Te","twitter_misc":{"Escrito por":"Empleate","Tiempo de lectura":"1 minuto"},"schema":{"@context":"https:\/\/schema.org","@graph":[{"@type":"Article","@id":"https:\/\/www.emplea-te.com\/noticias-oposiciones\/ayuntamiento-de-parla-relacion-provisional-de-aspirantes-admitidos-y-excluidos-en-la-convocatoria-de-24-plazas-de-auxiliar-administrativo\/#article","isPartOf":{"@id":"https:\/\/www.emplea-te.com\/noticias-oposiciones\/ayuntamiento-de-parla-relacion-provisional-de-aspirantes-admitidos-y-excluidos-en-la-convocatoria-de-24-plazas-de-auxiliar-administrativo\/"},"author":{"name":"Empleate","@id":"https:\/\/www.emplea-te.com\/noticias-oposiciones\/#\/schema\/person\/d1bc587e1af2b95e9c32aba1795509a6"},"headline":"Ayuntamiento de Parla. Relaci\u00f3n provisional de aspirantes admitidos y excluidos en la convocatoria de 24 plazas de Auxiliar Administrativo.","datePublished":"2025-10-14T08:44:18+00:00","mainEntityOfPage":{"@id":"https:\/\/www.emplea-te.com\/noticias-oposiciones\/ayuntamiento-de-parla-relacion-provisional-de-aspirantes-admitidos-y-excluidos-en-la-convocatoria-de-24-plazas-de-auxiliar-administrativo\/"},"wordCount":145,"publisher":{"@id":"https:\/\/www.emplea-te.com\/noticias-oposiciones\/#organization"},"keywords":["Convocatoria","Listas provisionales admitidos y excluidos"],"articleSection":["CONVOCATORIA AYUNTAMIENTOS","Oposiciones Madrid."],"inLanguage":"es"},{"@type":"WebPage","@id":"https:\/\/www.emplea-te.com\/noticias-oposiciones\/ayuntamiento-de-parla-relacion-provisional-de-aspirantes-admitidos-y-excluidos-en-la-convocatoria-de-24-plazas-de-auxiliar-administrativo\/","url":"https:\/\/www.emplea-te.com\/noticias-oposiciones\/ayuntamiento-de-parla-relacion-provisional-de-aspirantes-admitidos-y-excluidos-en-la-convocatoria-de-24-plazas-de-auxiliar-administrativo\/","name":"Ayuntamiento de Parla. Convocatoria empleo p\u00fablico.","isPartOf":{"@id":"https:\/\/www.emplea-te.com\/noticias-oposiciones\/#website"},"datePublished":"2025-10-14T08:44:18+00:00","description":"Ayuntamiento de Parla. Relaci\u00f3n provisional de aspirantes admitidos y excluidos en la convocatoria de 24 plazas de Auxiliar Administrativo.","breadcrumb":{"@id":"https:\/\/www.emplea-te.com\/noticias-oposiciones\/ayuntamiento-de-parla-relacion-provisional-de-aspirantes-admitidos-y-excluidos-en-la-convocatoria-de-24-plazas-de-auxiliar-administrativo\/#breadcrumb"},"inLanguage":"es","potentialAction":[{"@type":"ReadAction","target":["https:\/\/www.emplea-te.com\/noticias-oposiciones\/ayuntamiento-de-parla-relacion-provisional-de-aspirantes-admitidos-y-excluidos-en-la-convocatoria-de-24-plazas-de-auxiliar-administrativo\/"]}]},{"@type":"BreadcrumbList","@id":"https:\/\/www.emplea-te.com\/noticias-oposiciones\/ayuntamiento-de-parla-relacion-provisional-de-aspirantes-admitidos-y-excluidos-en-la-convocatoria-de-24-plazas-de-auxiliar-administrativo\/#breadcrumb","itemListElement":[{"@type":"ListItem","position":1,"name":"Noticias Oposiciones","item":"https:\/\/www.emplea-te.com\/noticias-oposiciones\/"},{"@type":"ListItem","position":2,"name":"Oposiciones Madrid.","item":"https:\/\/www.emplea-te.com\/noticias-oposiciones\/categoria\/oposiciones-madrid\/"},{"@type":"ListItem","position":3,"name":"Ayuntamiento de Parla. Relaci\u00f3n provisional de aspirantes admitidos y excluidos en la convocatoria de 24 plazas de Auxiliar Administrativo."}]},{"@type":"WebSite","@id":"https:\/\/www.emplea-te.com\/noticias-oposiciones\/#website","url":"https:\/\/www.emplea-te.com\/noticias-oposiciones\/","name":"Noticas de oposiciones por Academia Emplea-te","description":"Toda la actualidad de las ofertas y convocatorias.","publisher":{"@id":"https:\/\/www.emplea-te.com\/noticias-oposiciones\/#organization"},"potentialAction":[{"@type":"SearchAction","target":{"@type":"EntryPoint","urlTemplate":"https:\/\/www.emplea-te.com\/noticias-oposiciones\/?s={search_term_string}"},"query-input":{"@type":"PropertyValueSpecification","valueRequired":true,"valueName":"search_term_string"}}],"inLanguage":"es"},{"@type":"Organization","@id":"https:\/\/www.emplea-te.com\/noticias-oposiciones\/#organization","name":"Academia de oposiciones Empl\u00e9ate","url":"https:\/\/www.emplea-te.com\/noticias-oposiciones\/","logo":{"@type":"ImageObject","inLanguage":"es","@id":"https:\/\/www.emplea-te.com\/noticias-oposiciones\/#\/schema\/logo\/image\/","url":"https:\/\/www.emplea-te.com\/noticias-oposiciones\/wp-content\/uploads\/2019\/04\/empleate.jpg","contentUrl":"https:\/\/www.emplea-te.com\/noticias-oposiciones\/wp-content\/uploads\/2019\/04\/empleate.jpg","width":250,"height":150,"caption":"Academia de oposiciones Empl\u00e9ate"},"image":{"@id":"https:\/\/www.emplea-te.com\/noticias-oposiciones\/#\/schema\/logo\/image\/"},"sameAs":["https:\/\/www.facebook.com\/AcademiaEmpleate\/","https:\/\/x.com\/Emplea_Te","https:\/\/www.instagram.com\/academia_empleate\/"]},{"@type":"Person","@id":"https:\/\/www.emplea-te.com\/noticias-oposiciones\/#\/schema\/person\/d1bc587e1af2b95e9c32aba1795509a6","name":"Empleate"}]}},"_links":{"self":[{"href":"https:\/\/www.emplea-te.com\/noticias-oposiciones\/wp-json\/wp\/v2\/posts\/16697","targetHints":{"allow":["GET"]}}],"collection":[{"href":"https:\/\/www.emplea-te.com\/noticias-oposiciones\/wp-json\/wp\/v2\/posts"}],"about":[{"href":"https:\/\/www.emplea-te.com\/noticias-oposiciones\/wp-json\/wp\/v2\/types\/post"}],"author":[{"embeddable":true,"href":"https:\/\/www.emplea-te.com\/noticias-oposiciones\/wp-json\/wp\/v2\/users\/1"}],"replies":[{"embeddable":true,"href":"https:\/\/www.emplea-te.com\/noticias-oposiciones\/wp-json\/wp\/v2\/comments?post=16697"}],"version-history":[{"count":1,"href":"https:\/\/www.emplea-te.com\/noticias-oposiciones\/wp-json\/wp\/v2\/posts\/16697\/revisions"}],"predecessor-version":[{"id":16698,"href":"https:\/\/www.emplea-te.com\/noticias-oposiciones\/wp-json\/wp\/v2\/posts\/16697\/revisions\/16698"}],"wp:attachment":[{"href":"https:\/\/www.emplea-te.com\/noticias-oposiciones\/wp-json\/wp\/v2\/media?parent=16697"}],"wp:term":[{"taxonomy":"category","embeddable":true,"href":"https:\/\/www.emplea-te.com\/noticias-oposiciones\/wp-json\/wp\/v2\/categories?post=16697"},{"taxonomy":"post_tag","embeddable":true,"href":"https:\/\/www.emplea-te.com\/noticias-oposiciones\/wp-json\/wp\/v2\/tags?post=16697"}],"curies":[{"name":"wp","href":"https:\/\/api.w.org\/{rel}","templated":true}]}}