{"id":16706,"date":"2025-10-15T10:08:30","date_gmt":"2025-10-15T08:08:30","guid":{"rendered":"https:\/\/www.emplea-te.com\/noticias-oposiciones\/?p=16706"},"modified":"2025-10-15T10:08:30","modified_gmt":"2025-10-15T08:08:30","slug":"gestion-procesal-y-administrativa-turno-libre-convocado-por-orden-pjc-64-2024-fecha-realizacion-prueba-adicional","status":"publish","type":"post","link":"https:\/\/www.emplea-te.com\/noticias-oposiciones\/gestion-procesal-y-administrativa-turno-libre-convocado-por-orden-pjc-64-2024-fecha-realizacion-prueba-adicional\/","title":{"rendered":"Gesti\u00f3n Procesal y Administrativa turno libre convocado por Orden PJC\/64\/2024. Fecha realizaci\u00f3n prueba adicional."},"content":{"rendered":"<p>Se publica en la Web del Ministerio de Justicia, el Acuerdo Del Tribunal Calificador \u00danico por el que se fija la fecha de la prueba adicional.<\/p>\n<p>Se publica la relaci\u00f3n de admitidos y de excluidos, con la causa de exclusi\u00f3n, a la prueba selectiva adicional a que hacer referencia el apartado 7.8 de la Orden PJC PJC\/64\/2024, de 25 de enero.<\/p>\n<p>Se\u00a0 abre un plazo de 3 d\u00edas h\u00e1biles, a partir del d\u00eda siguiente a la publicaci\u00f3n de este acuerdo, para presentar alegaciones a dichas relaciones a trav\u00e9s del correo electr\u00f3nico gestion-libre-oposicion-2024@mjusticia.es. Por tanto el plazo permanecer\u00e1 abierto hasta el d\u00eda 17\/10\/2025.<\/p>\n<p>Se convoca a los aspirantes admitidos a la citada prueba el d\u00eda 15 de noviembre de 2025, a las 12,00, en el Centro de Estudios Jur\u00eddicos (CEJ), c\/ Juan del Rosal, 2 (zona Universidad Complutense de Madrid), para su realizaci\u00f3n.<\/p>\n<ol class=\"list-download\">\n<li class=\"list-download__item\"><a class=\"list-download__link\" href=\"https:\/\/www.mjusticia.gob.es\/es\/Ciudadano\/EmpleoPublico\/Documents\/Acuerdo%20listas%20de%20opositores%20y%20fecha.pdf\" target=\"_blank\" rel=\"noopener\" data-insuit-uuid=\"0435a1b7-e6ca-4bc2-b3fe-9b3d0d69ee63\">Acuerdo listas de opositores y fecha<\/a><\/li>\n<li class=\"list-download__item\"><a class=\"list-download__link\" href=\"https:\/\/www.mjusticia.gob.es\/es\/Ciudadano\/EmpleoPublico\/Documents\/Listado%20Solicitudes%20prueba%20adicional.pdf\" target=\"_blank\" rel=\"noopener\" data-insuit-uuid=\"c6ab76ad-fac8-4709-8ab0-1f75fb6599d7\">Listado Solicitudes prueba adicional<\/a>\n<p>Prepara tu plaza de gesti\u00f3n procesal y administrativa en nuestros <a href=\"https:\/\/www.emplea-te.com\/2\/oposiciones-de-justicia\" target=\"_blank\" rel=\"noopener\"><strong>grupos presenciales y online de preparaci\u00f3n de oposiciones de Justicia de Cuerpos Generales.\u00a0<\/strong><\/a><\/li>\n<\/ol>\n","protected":false},"excerpt":{"rendered":"<p>Se publica en la Web del Ministerio de Justicia, el Acuerdo Del Tribunal Calificador \u00danico por el que se fija la fecha de la prueba adicional. Se publica la relaci\u00f3n de admitidos y de excluidos, con la causa de exclusi\u00f3n, a la prueba selectiva adicional a que hacer referencia el apartado 7.8 de la Orden &hellip; <a href=\"https:\/\/www.emplea-te.com\/noticias-oposiciones\/gestion-procesal-y-administrativa-turno-libre-convocado-por-orden-pjc-64-2024-fecha-realizacion-prueba-adicional\/\" class=\"more-link\">Continuar leyendo<span class=\"screen-reader-text\"> \u00abGesti\u00f3n Procesal y Administrativa turno libre convocado por Orden PJC\/64\/2024. Fecha realizaci\u00f3n prueba adicional.\u00bb<\/span><\/a><\/p>\n","protected":false},"author":1,"featured_media":0,"comment_status":"closed","ping_status":"closed","sticky":false,"template":"","format":"standard","meta":{"footnotes":""},"categories":[17,14],"tags":[49,71,103],"class_list":["post-16706","post","type-post","status-publish","format-standard","hentry","category-oposiciones-gestion-procesal","category-oposiciones-justicia","tag-convocatorias-de-oposiciones","tag-fecha-examenes","tag-informacion-procesos-selectivos"],"yoast_head":"<!-- This site is optimized with the Yoast SEO plugin v27.3 - https:\/\/yoast.com\/product\/yoast-seo-wordpress\/ -->\n<title>Gesti\u00f3n Procesal y Administrativa turno libre. Prueba adicional<\/title>\n<meta name=\"description\" content=\"Gesti\u00f3n Procesal y Administrativa turno libre convocado por Orden PJC\/64\/2024. Fecha realizaci\u00f3n prueba adicional.\" \/>\n<meta name=\"robots\" content=\"index, follow, max-snippet:-1, max-image-preview:large, max-video-preview:-1\" \/>\n<link rel=\"canonical\" href=\"https:\/\/www.emplea-te.com\/noticias-oposiciones\/gestion-procesal-y-administrativa-turno-libre-convocado-por-orden-pjc-64-2024-fecha-realizacion-prueba-adicional\/\" \/>\n<meta property=\"og:locale\" content=\"es_ES\" \/>\n<meta property=\"og:type\" content=\"article\" \/>\n<meta property=\"og:title\" content=\"Gesti\u00f3n Procesal y Administrativa turno libre. Prueba adicional\" \/>\n<meta property=\"og:description\" content=\"Gesti\u00f3n Procesal y Administrativa turno libre convocado por Orden PJC\/64\/2024. Fecha realizaci\u00f3n prueba adicional.\" \/>\n<meta property=\"og:url\" content=\"https:\/\/www.emplea-te.com\/noticias-oposiciones\/gestion-procesal-y-administrativa-turno-libre-convocado-por-orden-pjc-64-2024-fecha-realizacion-prueba-adicional\/\" \/>\n<meta property=\"og:site_name\" content=\"Noticas de oposiciones por Academia Emplea-te\" \/>\n<meta property=\"article:publisher\" content=\"https:\/\/www.facebook.com\/AcademiaEmpleate\/\" \/>\n<meta property=\"article:published_time\" content=\"2025-10-15T08:08:30+00:00\" \/>\n<meta name=\"author\" content=\"Empleate\" \/>\n<meta name=\"twitter:card\" content=\"summary_large_image\" \/>\n<meta name=\"twitter:creator\" content=\"@Emplea_Te\" \/>\n<meta name=\"twitter:site\" content=\"@Emplea_Te\" \/>\n<meta name=\"twitter:label1\" content=\"Escrito por\" \/>\n\t<meta name=\"twitter:data1\" content=\"Empleate\" \/>\n\t<meta name=\"twitter:label2\" content=\"Tiempo de lectura\" \/>\n\t<meta name=\"twitter:data2\" content=\"1 minuto\" \/>\n<script type=\"application\/ld+json\" class=\"yoast-schema-graph\">{\"@context\":\"https:\\\/\\\/schema.org\",\"@graph\":[{\"@type\":\"Article\",\"@id\":\"https:\\\/\\\/www.emplea-te.com\\\/noticias-oposiciones\\\/gestion-procesal-y-administrativa-turno-libre-convocado-por-orden-pjc-64-2024-fecha-realizacion-prueba-adicional\\\/#article\",\"isPartOf\":{\"@id\":\"https:\\\/\\\/www.emplea-te.com\\\/noticias-oposiciones\\\/gestion-procesal-y-administrativa-turno-libre-convocado-por-orden-pjc-64-2024-fecha-realizacion-prueba-adicional\\\/\"},\"author\":{\"name\":\"Empleate\",\"@id\":\"https:\\\/\\\/www.emplea-te.com\\\/noticias-oposiciones\\\/#\\\/schema\\\/person\\\/d1bc587e1af2b95e9c32aba1795509a6\"},\"headline\":\"Gesti\u00f3n Procesal y Administrativa turno libre convocado por Orden PJC\\\/64\\\/2024. Fecha realizaci\u00f3n prueba adicional.\",\"datePublished\":\"2025-10-15T08:08:30+00:00\",\"mainEntityOfPage\":{\"@id\":\"https:\\\/\\\/www.emplea-te.com\\\/noticias-oposiciones\\\/gestion-procesal-y-administrativa-turno-libre-convocado-por-orden-pjc-64-2024-fecha-realizacion-prueba-adicional\\\/\"},\"wordCount\":199,\"publisher\":{\"@id\":\"https:\\\/\\\/www.emplea-te.com\\\/noticias-oposiciones\\\/#organization\"},\"keywords\":[\"Convocatoria\",\"Fecha ex\u00e1menes\",\"Informaci\u00f3n procesos selectivos\"],\"articleSection\":[\"Oposiciones Gesti\u00f3n Procesal\",\"Oposiciones Justicia\"],\"inLanguage\":\"es\"},{\"@type\":\"WebPage\",\"@id\":\"https:\\\/\\\/www.emplea-te.com\\\/noticias-oposiciones\\\/gestion-procesal-y-administrativa-turno-libre-convocado-por-orden-pjc-64-2024-fecha-realizacion-prueba-adicional\\\/\",\"url\":\"https:\\\/\\\/www.emplea-te.com\\\/noticias-oposiciones\\\/gestion-procesal-y-administrativa-turno-libre-convocado-por-orden-pjc-64-2024-fecha-realizacion-prueba-adicional\\\/\",\"name\":\"Gesti\u00f3n Procesal y Administrativa turno libre. Prueba adicional\",\"isPartOf\":{\"@id\":\"https:\\\/\\\/www.emplea-te.com\\\/noticias-oposiciones\\\/#website\"},\"datePublished\":\"2025-10-15T08:08:30+00:00\",\"description\":\"Gesti\u00f3n Procesal y Administrativa turno libre convocado por Orden PJC\\\/64\\\/2024. Fecha realizaci\u00f3n prueba adicional.\",\"breadcrumb\":{\"@id\":\"https:\\\/\\\/www.emplea-te.com\\\/noticias-oposiciones\\\/gestion-procesal-y-administrativa-turno-libre-convocado-por-orden-pjc-64-2024-fecha-realizacion-prueba-adicional\\\/#breadcrumb\"},\"inLanguage\":\"es\",\"potentialAction\":[{\"@type\":\"ReadAction\",\"target\":[\"https:\\\/\\\/www.emplea-te.com\\\/noticias-oposiciones\\\/gestion-procesal-y-administrativa-turno-libre-convocado-por-orden-pjc-64-2024-fecha-realizacion-prueba-adicional\\\/\"]}]},{\"@type\":\"BreadcrumbList\",\"@id\":\"https:\\\/\\\/www.emplea-te.com\\\/noticias-oposiciones\\\/gestion-procesal-y-administrativa-turno-libre-convocado-por-orden-pjc-64-2024-fecha-realizacion-prueba-adicional\\\/#breadcrumb\",\"itemListElement\":[{\"@type\":\"ListItem\",\"position\":1,\"name\":\"Noticias Oposiciones\",\"item\":\"https:\\\/\\\/www.emplea-te.com\\\/noticias-oposiciones\\\/\"},{\"@type\":\"ListItem\",\"position\":2,\"name\":\"Oposiciones Justicia\",\"item\":\"https:\\\/\\\/www.emplea-te.com\\\/noticias-oposiciones\\\/categoria\\\/oposiciones-justicia\\\/\"},{\"@type\":\"ListItem\",\"position\":3,\"name\":\"Oposiciones Gesti\u00f3n Procesal\",\"item\":\"https:\\\/\\\/www.emplea-te.com\\\/noticias-oposiciones\\\/categoria\\\/oposiciones-justicia\\\/oposiciones-gestion-procesal\\\/\"},{\"@type\":\"ListItem\",\"position\":4,\"name\":\"Gesti\u00f3n Procesal y Administrativa turno libre convocado por Orden PJC\\\/64\\\/2024. Fecha realizaci\u00f3n prueba adicional.\"}]},{\"@type\":\"WebSite\",\"@id\":\"https:\\\/\\\/www.emplea-te.com\\\/noticias-oposiciones\\\/#website\",\"url\":\"https:\\\/\\\/www.emplea-te.com\\\/noticias-oposiciones\\\/\",\"name\":\"Noticas de oposiciones por Academia Emplea-te\",\"description\":\"Toda la actualidad de las ofertas y convocatorias.\",\"publisher\":{\"@id\":\"https:\\\/\\\/www.emplea-te.com\\\/noticias-oposiciones\\\/#organization\"},\"potentialAction\":[{\"@type\":\"SearchAction\",\"target\":{\"@type\":\"EntryPoint\",\"urlTemplate\":\"https:\\\/\\\/www.emplea-te.com\\\/noticias-oposiciones\\\/?s={search_term_string}\"},\"query-input\":{\"@type\":\"PropertyValueSpecification\",\"valueRequired\":true,\"valueName\":\"search_term_string\"}}],\"inLanguage\":\"es\"},{\"@type\":\"Organization\",\"@id\":\"https:\\\/\\\/www.emplea-te.com\\\/noticias-oposiciones\\\/#organization\",\"name\":\"Academia de oposiciones Empl\u00e9ate\",\"url\":\"https:\\\/\\\/www.emplea-te.com\\\/noticias-oposiciones\\\/\",\"logo\":{\"@type\":\"ImageObject\",\"inLanguage\":\"es\",\"@id\":\"https:\\\/\\\/www.emplea-te.com\\\/noticias-oposiciones\\\/#\\\/schema\\\/logo\\\/image\\\/\",\"url\":\"https:\\\/\\\/www.emplea-te.com\\\/noticias-oposiciones\\\/wp-content\\\/uploads\\\/2019\\\/04\\\/empleate.jpg\",\"contentUrl\":\"https:\\\/\\\/www.emplea-te.com\\\/noticias-oposiciones\\\/wp-content\\\/uploads\\\/2019\\\/04\\\/empleate.jpg\",\"width\":250,\"height\":150,\"caption\":\"Academia de oposiciones Empl\u00e9ate\"},\"image\":{\"@id\":\"https:\\\/\\\/www.emplea-te.com\\\/noticias-oposiciones\\\/#\\\/schema\\\/logo\\\/image\\\/\"},\"sameAs\":[\"https:\\\/\\\/www.facebook.com\\\/AcademiaEmpleate\\\/\",\"https:\\\/\\\/x.com\\\/Emplea_Te\",\"https:\\\/\\\/www.instagram.com\\\/academia_empleate\\\/\"]},{\"@type\":\"Person\",\"@id\":\"https:\\\/\\\/www.emplea-te.com\\\/noticias-oposiciones\\\/#\\\/schema\\\/person\\\/d1bc587e1af2b95e9c32aba1795509a6\",\"name\":\"Empleate\"}]}<\/script>\n<!-- \/ Yoast SEO plugin. -->","yoast_head_json":{"title":"Gesti\u00f3n Procesal y Administrativa turno libre. Prueba adicional","description":"Gesti\u00f3n Procesal y Administrativa turno libre convocado por Orden PJC\/64\/2024. Fecha realizaci\u00f3n prueba adicional.","robots":{"index":"index","follow":"follow","max-snippet":"max-snippet:-1","max-image-preview":"max-image-preview:large","max-video-preview":"max-video-preview:-1"},"canonical":"https:\/\/www.emplea-te.com\/noticias-oposiciones\/gestion-procesal-y-administrativa-turno-libre-convocado-por-orden-pjc-64-2024-fecha-realizacion-prueba-adicional\/","og_locale":"es_ES","og_type":"article","og_title":"Gesti\u00f3n Procesal y Administrativa turno libre. Prueba adicional","og_description":"Gesti\u00f3n Procesal y Administrativa turno libre convocado por Orden PJC\/64\/2024. Fecha realizaci\u00f3n prueba adicional.","og_url":"https:\/\/www.emplea-te.com\/noticias-oposiciones\/gestion-procesal-y-administrativa-turno-libre-convocado-por-orden-pjc-64-2024-fecha-realizacion-prueba-adicional\/","og_site_name":"Noticas de oposiciones por Academia Emplea-te","article_publisher":"https:\/\/www.facebook.com\/AcademiaEmpleate\/","article_published_time":"2025-10-15T08:08:30+00:00","author":"Empleate","twitter_card":"summary_large_image","twitter_creator":"@Emplea_Te","twitter_site":"@Emplea_Te","twitter_misc":{"Escrito por":"Empleate","Tiempo de lectura":"1 minuto"},"schema":{"@context":"https:\/\/schema.org","@graph":[{"@type":"Article","@id":"https:\/\/www.emplea-te.com\/noticias-oposiciones\/gestion-procesal-y-administrativa-turno-libre-convocado-por-orden-pjc-64-2024-fecha-realizacion-prueba-adicional\/#article","isPartOf":{"@id":"https:\/\/www.emplea-te.com\/noticias-oposiciones\/gestion-procesal-y-administrativa-turno-libre-convocado-por-orden-pjc-64-2024-fecha-realizacion-prueba-adicional\/"},"author":{"name":"Empleate","@id":"https:\/\/www.emplea-te.com\/noticias-oposiciones\/#\/schema\/person\/d1bc587e1af2b95e9c32aba1795509a6"},"headline":"Gesti\u00f3n Procesal y Administrativa turno libre convocado por Orden PJC\/64\/2024. Fecha realizaci\u00f3n prueba adicional.","datePublished":"2025-10-15T08:08:30+00:00","mainEntityOfPage":{"@id":"https:\/\/www.emplea-te.com\/noticias-oposiciones\/gestion-procesal-y-administrativa-turno-libre-convocado-por-orden-pjc-64-2024-fecha-realizacion-prueba-adicional\/"},"wordCount":199,"publisher":{"@id":"https:\/\/www.emplea-te.com\/noticias-oposiciones\/#organization"},"keywords":["Convocatoria","Fecha ex\u00e1menes","Informaci\u00f3n procesos selectivos"],"articleSection":["Oposiciones Gesti\u00f3n Procesal","Oposiciones Justicia"],"inLanguage":"es"},{"@type":"WebPage","@id":"https:\/\/www.emplea-te.com\/noticias-oposiciones\/gestion-procesal-y-administrativa-turno-libre-convocado-por-orden-pjc-64-2024-fecha-realizacion-prueba-adicional\/","url":"https:\/\/www.emplea-te.com\/noticias-oposiciones\/gestion-procesal-y-administrativa-turno-libre-convocado-por-orden-pjc-64-2024-fecha-realizacion-prueba-adicional\/","name":"Gesti\u00f3n Procesal y Administrativa turno libre. Prueba adicional","isPartOf":{"@id":"https:\/\/www.emplea-te.com\/noticias-oposiciones\/#website"},"datePublished":"2025-10-15T08:08:30+00:00","description":"Gesti\u00f3n Procesal y Administrativa turno libre convocado por Orden PJC\/64\/2024. Fecha realizaci\u00f3n prueba adicional.","breadcrumb":{"@id":"https:\/\/www.emplea-te.com\/noticias-oposiciones\/gestion-procesal-y-administrativa-turno-libre-convocado-por-orden-pjc-64-2024-fecha-realizacion-prueba-adicional\/#breadcrumb"},"inLanguage":"es","potentialAction":[{"@type":"ReadAction","target":["https:\/\/www.emplea-te.com\/noticias-oposiciones\/gestion-procesal-y-administrativa-turno-libre-convocado-por-orden-pjc-64-2024-fecha-realizacion-prueba-adicional\/"]}]},{"@type":"BreadcrumbList","@id":"https:\/\/www.emplea-te.com\/noticias-oposiciones\/gestion-procesal-y-administrativa-turno-libre-convocado-por-orden-pjc-64-2024-fecha-realizacion-prueba-adicional\/#breadcrumb","itemListElement":[{"@type":"ListItem","position":1,"name":"Noticias Oposiciones","item":"https:\/\/www.emplea-te.com\/noticias-oposiciones\/"},{"@type":"ListItem","position":2,"name":"Oposiciones Justicia","item":"https:\/\/www.emplea-te.com\/noticias-oposiciones\/categoria\/oposiciones-justicia\/"},{"@type":"ListItem","position":3,"name":"Oposiciones Gesti\u00f3n Procesal","item":"https:\/\/www.emplea-te.com\/noticias-oposiciones\/categoria\/oposiciones-justicia\/oposiciones-gestion-procesal\/"},{"@type":"ListItem","position":4,"name":"Gesti\u00f3n Procesal y Administrativa turno libre convocado por Orden PJC\/64\/2024. Fecha realizaci\u00f3n prueba adicional."}]},{"@type":"WebSite","@id":"https:\/\/www.emplea-te.com\/noticias-oposiciones\/#website","url":"https:\/\/www.emplea-te.com\/noticias-oposiciones\/","name":"Noticas de oposiciones por Academia Emplea-te","description":"Toda la actualidad de las ofertas y convocatorias.","publisher":{"@id":"https:\/\/www.emplea-te.com\/noticias-oposiciones\/#organization"},"potentialAction":[{"@type":"SearchAction","target":{"@type":"EntryPoint","urlTemplate":"https:\/\/www.emplea-te.com\/noticias-oposiciones\/?s={search_term_string}"},"query-input":{"@type":"PropertyValueSpecification","valueRequired":true,"valueName":"search_term_string"}}],"inLanguage":"es"},{"@type":"Organization","@id":"https:\/\/www.emplea-te.com\/noticias-oposiciones\/#organization","name":"Academia de oposiciones Empl\u00e9ate","url":"https:\/\/www.emplea-te.com\/noticias-oposiciones\/","logo":{"@type":"ImageObject","inLanguage":"es","@id":"https:\/\/www.emplea-te.com\/noticias-oposiciones\/#\/schema\/logo\/image\/","url":"https:\/\/www.emplea-te.com\/noticias-oposiciones\/wp-content\/uploads\/2019\/04\/empleate.jpg","contentUrl":"https:\/\/www.emplea-te.com\/noticias-oposiciones\/wp-content\/uploads\/2019\/04\/empleate.jpg","width":250,"height":150,"caption":"Academia de oposiciones Empl\u00e9ate"},"image":{"@id":"https:\/\/www.emplea-te.com\/noticias-oposiciones\/#\/schema\/logo\/image\/"},"sameAs":["https:\/\/www.facebook.com\/AcademiaEmpleate\/","https:\/\/x.com\/Emplea_Te","https:\/\/www.instagram.com\/academia_empleate\/"]},{"@type":"Person","@id":"https:\/\/www.emplea-te.com\/noticias-oposiciones\/#\/schema\/person\/d1bc587e1af2b95e9c32aba1795509a6","name":"Empleate"}]}},"_links":{"self":[{"href":"https:\/\/www.emplea-te.com\/noticias-oposiciones\/wp-json\/wp\/v2\/posts\/16706","targetHints":{"allow":["GET"]}}],"collection":[{"href":"https:\/\/www.emplea-te.com\/noticias-oposiciones\/wp-json\/wp\/v2\/posts"}],"about":[{"href":"https:\/\/www.emplea-te.com\/noticias-oposiciones\/wp-json\/wp\/v2\/types\/post"}],"author":[{"embeddable":true,"href":"https:\/\/www.emplea-te.com\/noticias-oposiciones\/wp-json\/wp\/v2\/users\/1"}],"replies":[{"embeddable":true,"href":"https:\/\/www.emplea-te.com\/noticias-oposiciones\/wp-json\/wp\/v2\/comments?post=16706"}],"version-history":[{"count":1,"href":"https:\/\/www.emplea-te.com\/noticias-oposiciones\/wp-json\/wp\/v2\/posts\/16706\/revisions"}],"predecessor-version":[{"id":16707,"href":"https:\/\/www.emplea-te.com\/noticias-oposiciones\/wp-json\/wp\/v2\/posts\/16706\/revisions\/16707"}],"wp:attachment":[{"href":"https:\/\/www.emplea-te.com\/noticias-oposiciones\/wp-json\/wp\/v2\/media?parent=16706"}],"wp:term":[{"taxonomy":"category","embeddable":true,"href":"https:\/\/www.emplea-te.com\/noticias-oposiciones\/wp-json\/wp\/v2\/categories?post=16706"},{"taxonomy":"post_tag","embeddable":true,"href":"https:\/\/www.emplea-te.com\/noticias-oposiciones\/wp-json\/wp\/v2\/tags?post=16706"}],"curies":[{"name":"wp","href":"https:\/\/api.w.org\/{rel}","templated":true}]}}