{"id":16741,"date":"2025-10-20T10:15:57","date_gmt":"2025-10-20T08:15:57","guid":{"rendered":"https:\/\/www.emplea-te.com\/noticias-oposiciones\/?p=16741"},"modified":"2025-10-20T10:15:57","modified_gmt":"2025-10-20T08:15:57","slug":"policia-nacional-escala-basica-relacion-definitiva-de-aspirantes-admitidos-y-excluidos-en-esta-convocatoria","status":"publish","type":"post","link":"https:\/\/www.emplea-te.com\/noticias-oposiciones\/policia-nacional-escala-basica-relacion-definitiva-de-aspirantes-admitidos-y-excluidos-en-esta-convocatoria\/","title":{"rendered":"Polic\u00eda Nacional Escala B\u00e1sica. Relaci\u00f3n definitiva de aspirantes admitidos y excluidos en esta convocatoria."},"content":{"rendered":"<p>Se publica en el BOE de hoy, d\u00eda 20 de octubre de 2025 , la Resoluci\u00f3n de 8 de octubre de 2025, de la Direcci\u00f3n General de la Polic\u00eda, por la que se publica la relaci\u00f3n definitiva de personas admitidas y excluidas a la oposici\u00f3n libre para cubrir plazas de alumnos\/as de la Escuela Nacional de Polic\u00eda, de la Divisi\u00f3n de Formaci\u00f3n y Perfeccionamiento, aspirantes a ingreso en la Escala B\u00e1sica, categor\u00eda de Polic\u00eda, de la Polic\u00eda Nacional, convocada por Resoluci\u00f3n de 31 de julio de 2025.<\/p>\n<p><strong>Lista definitiva publicada de aspirantes admitidos\/as\u00a0<\/strong> en proceso selectivo convocado para cubrir plazas de Escala B\u00e1sica de Polic\u00eda Nacional se puede consultar en:<br \/>\n<a href=\"https:\/\/www.interior.gob.es\/opencms\/ca\/servicios-al-ciudadano\/empleo-publico\/procesos-selectivos\/policia-nacional\/escala-basica\/\" target=\"_blank\" rel=\"noopener\"><strong>www.interior.gob.es\u00a0<\/strong><\/a><br \/>\n<a href=\"https:\/\/www.policia.es\/portalaspirantes\/\" target=\"_blank\" rel=\"noopener\"><strong>www.policia.es\/portalaspirantes<\/strong><\/a><\/p>\n<p><strong>Lista de excluidos\/as<\/strong> y causas est\u00e1 publicada como anexo a la Resoluci\u00f3n.<br \/>\nTambi\u00e9n se publica la lista definitiva de personas excluidas, junto con las causas de exclusi\u00f3n, codificadas por letras:<br \/>\nA: Falta firma digital.<br \/>\nF: No pago de la tasa de examen.<br \/>\nI: No acreditar demanda de empleo (SEPE).<br \/>\nJ: Declaraci\u00f3n jurada de rentas incorrecta o no enviada.<br \/>\nK: No presentar t\u00edtulo de familia numerosa.<br \/>\nL: No acreditar ser v\u00edctima de terrorismo.<\/p>\n<p><strong>Reservas para militares<\/strong><br \/>\nSe indica con un (1) a los aspirantes que optan a plazas reservadas a militares de tropa y mariner\u00eda, seg\u00fan el RD 853\/2022.<\/p>\n<p><strong>Convocatoria a pruebas<\/strong><br \/>\nLas fechas, horas y lugares de las pruebas se publicar\u00e1n pr\u00f3ximamente en el portal del aspirante.<br \/>\n\u26a0\ufe0f Es obligatorio acudir \u00fanicamente a la sede, hora y lugar asignados.<\/p>\n<p><a href=\"https:\/\/www.boe.es\/boe\/dias\/2025\/10\/20\/pdfs\/BOE-A-2025-21058.pdf\" target=\"_blank\" rel=\"noopener\"><strong>Accede a la Resoluci\u00f3n desde este enlace.\u00a0<\/strong><\/a><\/p>\n<p>\u00a1Suerte!<\/p>\n","protected":false},"excerpt":{"rendered":"<p>Se publica en el BOE de hoy, d\u00eda 20 de octubre de 2025 , la Resoluci\u00f3n de 8 de octubre de 2025, de la Direcci\u00f3n General de la Polic\u00eda, por la que se publica la relaci\u00f3n definitiva de personas admitidas y excluidas a la oposici\u00f3n libre para cubrir plazas de alumnos\/as de la Escuela Nacional &hellip; <a href=\"https:\/\/www.emplea-te.com\/noticias-oposiciones\/policia-nacional-escala-basica-relacion-definitiva-de-aspirantes-admitidos-y-excluidos-en-esta-convocatoria\/\" class=\"more-link\">Continuar leyendo<span class=\"screen-reader-text\"> \u00abPolic\u00eda Nacional Escala B\u00e1sica. Relaci\u00f3n definitiva de aspirantes admitidos y excluidos en esta convocatoria.\u00bb<\/span><\/a><\/p>\n","protected":false},"author":1,"featured_media":0,"comment_status":"closed","ping_status":"closed","sticky":false,"template":"","format":"standard","meta":{"footnotes":""},"categories":[35,25],"tags":[49,103,87],"class_list":["post-16741","post","type-post","status-publish","format-standard","hentry","category-cuerpos-de-seguridad","category-policia-nacional","tag-convocatorias-de-oposiciones","tag-informacion-procesos-selectivos","tag-listados-definitivos-de-aspirantes-admitidos-y-excluidos"],"yoast_head":"<!-- This site is optimized with the Yoast SEO plugin v27.3 - https:\/\/yoast.com\/product\/yoast-seo-wordpress\/ -->\n<title>Polic\u00eda Nacional Escala B\u00e1sica. Convocatoria. Proceso selectivo.<\/title>\n<meta name=\"description\" content=\"Polic\u00eda Nacional Escala B\u00e1sica. Relaci\u00f3n definitiva de aspirantes admitidos y excluidos en esta convocatoria.\" \/>\n<meta name=\"robots\" content=\"index, follow, max-snippet:-1, max-image-preview:large, max-video-preview:-1\" \/>\n<link rel=\"canonical\" href=\"https:\/\/www.emplea-te.com\/noticias-oposiciones\/policia-nacional-escala-basica-relacion-definitiva-de-aspirantes-admitidos-y-excluidos-en-esta-convocatoria\/\" \/>\n<meta property=\"og:locale\" content=\"es_ES\" \/>\n<meta property=\"og:type\" content=\"article\" \/>\n<meta property=\"og:title\" content=\"Polic\u00eda Nacional Escala B\u00e1sica. Convocatoria. Proceso selectivo.\" \/>\n<meta property=\"og:description\" content=\"Polic\u00eda Nacional Escala B\u00e1sica. Relaci\u00f3n definitiva de aspirantes admitidos y excluidos en esta convocatoria.\" \/>\n<meta property=\"og:url\" content=\"https:\/\/www.emplea-te.com\/noticias-oposiciones\/policia-nacional-escala-basica-relacion-definitiva-de-aspirantes-admitidos-y-excluidos-en-esta-convocatoria\/\" \/>\n<meta property=\"og:site_name\" content=\"Noticas de oposiciones por Academia Emplea-te\" \/>\n<meta property=\"article:publisher\" content=\"https:\/\/www.facebook.com\/AcademiaEmpleate\/\" \/>\n<meta property=\"article:published_time\" content=\"2025-10-20T08:15:57+00:00\" \/>\n<meta name=\"author\" content=\"Empleate\" \/>\n<meta name=\"twitter:card\" content=\"summary_large_image\" \/>\n<meta name=\"twitter:creator\" content=\"@Emplea_Te\" \/>\n<meta name=\"twitter:site\" content=\"@Emplea_Te\" \/>\n<meta name=\"twitter:label1\" content=\"Escrito por\" \/>\n\t<meta name=\"twitter:data1\" content=\"Empleate\" \/>\n\t<meta name=\"twitter:label2\" content=\"Tiempo de lectura\" \/>\n\t<meta name=\"twitter:data2\" content=\"2 minutos\" \/>\n<script type=\"application\/ld+json\" class=\"yoast-schema-graph\">{\"@context\":\"https:\\\/\\\/schema.org\",\"@graph\":[{\"@type\":\"Article\",\"@id\":\"https:\\\/\\\/www.emplea-te.com\\\/noticias-oposiciones\\\/policia-nacional-escala-basica-relacion-definitiva-de-aspirantes-admitidos-y-excluidos-en-esta-convocatoria\\\/#article\",\"isPartOf\":{\"@id\":\"https:\\\/\\\/www.emplea-te.com\\\/noticias-oposiciones\\\/policia-nacional-escala-basica-relacion-definitiva-de-aspirantes-admitidos-y-excluidos-en-esta-convocatoria\\\/\"},\"author\":{\"name\":\"Empleate\",\"@id\":\"https:\\\/\\\/www.emplea-te.com\\\/noticias-oposiciones\\\/#\\\/schema\\\/person\\\/d1bc587e1af2b95e9c32aba1795509a6\"},\"headline\":\"Polic\u00eda Nacional Escala B\u00e1sica. Relaci\u00f3n definitiva de aspirantes admitidos y excluidos en esta convocatoria.\",\"datePublished\":\"2025-10-20T08:15:57+00:00\",\"mainEntityOfPage\":{\"@id\":\"https:\\\/\\\/www.emplea-te.com\\\/noticias-oposiciones\\\/policia-nacional-escala-basica-relacion-definitiva-de-aspirantes-admitidos-y-excluidos-en-esta-convocatoria\\\/\"},\"wordCount\":292,\"publisher\":{\"@id\":\"https:\\\/\\\/www.emplea-te.com\\\/noticias-oposiciones\\\/#organization\"},\"keywords\":[\"Convocatoria\",\"Informaci\u00f3n procesos selectivos\",\"Listados Definitivos de aspirantes admitidos y excluidos\"],\"articleSection\":[\"Cuerpos de Seguridad\",\"Polic\u00eda Nacional C1\"],\"inLanguage\":\"es\"},{\"@type\":\"WebPage\",\"@id\":\"https:\\\/\\\/www.emplea-te.com\\\/noticias-oposiciones\\\/policia-nacional-escala-basica-relacion-definitiva-de-aspirantes-admitidos-y-excluidos-en-esta-convocatoria\\\/\",\"url\":\"https:\\\/\\\/www.emplea-te.com\\\/noticias-oposiciones\\\/policia-nacional-escala-basica-relacion-definitiva-de-aspirantes-admitidos-y-excluidos-en-esta-convocatoria\\\/\",\"name\":\"Polic\u00eda Nacional Escala B\u00e1sica. Convocatoria. Proceso selectivo.\",\"isPartOf\":{\"@id\":\"https:\\\/\\\/www.emplea-te.com\\\/noticias-oposiciones\\\/#website\"},\"datePublished\":\"2025-10-20T08:15:57+00:00\",\"description\":\"Polic\u00eda Nacional Escala B\u00e1sica. Relaci\u00f3n definitiva de aspirantes admitidos y excluidos en esta convocatoria.\",\"breadcrumb\":{\"@id\":\"https:\\\/\\\/www.emplea-te.com\\\/noticias-oposiciones\\\/policia-nacional-escala-basica-relacion-definitiva-de-aspirantes-admitidos-y-excluidos-en-esta-convocatoria\\\/#breadcrumb\"},\"inLanguage\":\"es\",\"potentialAction\":[{\"@type\":\"ReadAction\",\"target\":[\"https:\\\/\\\/www.emplea-te.com\\\/noticias-oposiciones\\\/policia-nacional-escala-basica-relacion-definitiva-de-aspirantes-admitidos-y-excluidos-en-esta-convocatoria\\\/\"]}]},{\"@type\":\"BreadcrumbList\",\"@id\":\"https:\\\/\\\/www.emplea-te.com\\\/noticias-oposiciones\\\/policia-nacional-escala-basica-relacion-definitiva-de-aspirantes-admitidos-y-excluidos-en-esta-convocatoria\\\/#breadcrumb\",\"itemListElement\":[{\"@type\":\"ListItem\",\"position\":1,\"name\":\"Noticias Oposiciones\",\"item\":\"https:\\\/\\\/www.emplea-te.com\\\/noticias-oposiciones\\\/\"},{\"@type\":\"ListItem\",\"position\":2,\"name\":\"Cuerpos de Seguridad\",\"item\":\"https:\\\/\\\/www.emplea-te.com\\\/noticias-oposiciones\\\/categoria\\\/cuerpos-de-seguridad\\\/\"},{\"@type\":\"ListItem\",\"position\":3,\"name\":\"Polic\u00eda Nacional C1\",\"item\":\"https:\\\/\\\/www.emplea-te.com\\\/noticias-oposiciones\\\/categoria\\\/cuerpos-de-seguridad\\\/policia-nacional\\\/\"},{\"@type\":\"ListItem\",\"position\":4,\"name\":\"Polic\u00eda Nacional Escala B\u00e1sica. Relaci\u00f3n definitiva de aspirantes admitidos y excluidos en esta convocatoria.\"}]},{\"@type\":\"WebSite\",\"@id\":\"https:\\\/\\\/www.emplea-te.com\\\/noticias-oposiciones\\\/#website\",\"url\":\"https:\\\/\\\/www.emplea-te.com\\\/noticias-oposiciones\\\/\",\"name\":\"Noticas de oposiciones por Academia Emplea-te\",\"description\":\"Toda la actualidad de las ofertas y convocatorias.\",\"publisher\":{\"@id\":\"https:\\\/\\\/www.emplea-te.com\\\/noticias-oposiciones\\\/#organization\"},\"potentialAction\":[{\"@type\":\"SearchAction\",\"target\":{\"@type\":\"EntryPoint\",\"urlTemplate\":\"https:\\\/\\\/www.emplea-te.com\\\/noticias-oposiciones\\\/?s={search_term_string}\"},\"query-input\":{\"@type\":\"PropertyValueSpecification\",\"valueRequired\":true,\"valueName\":\"search_term_string\"}}],\"inLanguage\":\"es\"},{\"@type\":\"Organization\",\"@id\":\"https:\\\/\\\/www.emplea-te.com\\\/noticias-oposiciones\\\/#organization\",\"name\":\"Academia de oposiciones Empl\u00e9ate\",\"url\":\"https:\\\/\\\/www.emplea-te.com\\\/noticias-oposiciones\\\/\",\"logo\":{\"@type\":\"ImageObject\",\"inLanguage\":\"es\",\"@id\":\"https:\\\/\\\/www.emplea-te.com\\\/noticias-oposiciones\\\/#\\\/schema\\\/logo\\\/image\\\/\",\"url\":\"https:\\\/\\\/www.emplea-te.com\\\/noticias-oposiciones\\\/wp-content\\\/uploads\\\/2019\\\/04\\\/empleate.jpg\",\"contentUrl\":\"https:\\\/\\\/www.emplea-te.com\\\/noticias-oposiciones\\\/wp-content\\\/uploads\\\/2019\\\/04\\\/empleate.jpg\",\"width\":250,\"height\":150,\"caption\":\"Academia de oposiciones Empl\u00e9ate\"},\"image\":{\"@id\":\"https:\\\/\\\/www.emplea-te.com\\\/noticias-oposiciones\\\/#\\\/schema\\\/logo\\\/image\\\/\"},\"sameAs\":[\"https:\\\/\\\/www.facebook.com\\\/AcademiaEmpleate\\\/\",\"https:\\\/\\\/x.com\\\/Emplea_Te\",\"https:\\\/\\\/www.instagram.com\\\/academia_empleate\\\/\"]},{\"@type\":\"Person\",\"@id\":\"https:\\\/\\\/www.emplea-te.com\\\/noticias-oposiciones\\\/#\\\/schema\\\/person\\\/d1bc587e1af2b95e9c32aba1795509a6\",\"name\":\"Empleate\"}]}<\/script>\n<!-- \/ Yoast SEO plugin. -->","yoast_head_json":{"title":"Polic\u00eda Nacional Escala B\u00e1sica. Convocatoria. Proceso selectivo.","description":"Polic\u00eda Nacional Escala B\u00e1sica. Relaci\u00f3n definitiva de aspirantes admitidos y excluidos en esta convocatoria.","robots":{"index":"index","follow":"follow","max-snippet":"max-snippet:-1","max-image-preview":"max-image-preview:large","max-video-preview":"max-video-preview:-1"},"canonical":"https:\/\/www.emplea-te.com\/noticias-oposiciones\/policia-nacional-escala-basica-relacion-definitiva-de-aspirantes-admitidos-y-excluidos-en-esta-convocatoria\/","og_locale":"es_ES","og_type":"article","og_title":"Polic\u00eda Nacional Escala B\u00e1sica. Convocatoria. Proceso selectivo.","og_description":"Polic\u00eda Nacional Escala B\u00e1sica. Relaci\u00f3n definitiva de aspirantes admitidos y excluidos en esta convocatoria.","og_url":"https:\/\/www.emplea-te.com\/noticias-oposiciones\/policia-nacional-escala-basica-relacion-definitiva-de-aspirantes-admitidos-y-excluidos-en-esta-convocatoria\/","og_site_name":"Noticas de oposiciones por Academia Emplea-te","article_publisher":"https:\/\/www.facebook.com\/AcademiaEmpleate\/","article_published_time":"2025-10-20T08:15:57+00:00","author":"Empleate","twitter_card":"summary_large_image","twitter_creator":"@Emplea_Te","twitter_site":"@Emplea_Te","twitter_misc":{"Escrito por":"Empleate","Tiempo de lectura":"2 minutos"},"schema":{"@context":"https:\/\/schema.org","@graph":[{"@type":"Article","@id":"https:\/\/www.emplea-te.com\/noticias-oposiciones\/policia-nacional-escala-basica-relacion-definitiva-de-aspirantes-admitidos-y-excluidos-en-esta-convocatoria\/#article","isPartOf":{"@id":"https:\/\/www.emplea-te.com\/noticias-oposiciones\/policia-nacional-escala-basica-relacion-definitiva-de-aspirantes-admitidos-y-excluidos-en-esta-convocatoria\/"},"author":{"name":"Empleate","@id":"https:\/\/www.emplea-te.com\/noticias-oposiciones\/#\/schema\/person\/d1bc587e1af2b95e9c32aba1795509a6"},"headline":"Polic\u00eda Nacional Escala B\u00e1sica. Relaci\u00f3n definitiva de aspirantes admitidos y excluidos en esta convocatoria.","datePublished":"2025-10-20T08:15:57+00:00","mainEntityOfPage":{"@id":"https:\/\/www.emplea-te.com\/noticias-oposiciones\/policia-nacional-escala-basica-relacion-definitiva-de-aspirantes-admitidos-y-excluidos-en-esta-convocatoria\/"},"wordCount":292,"publisher":{"@id":"https:\/\/www.emplea-te.com\/noticias-oposiciones\/#organization"},"keywords":["Convocatoria","Informaci\u00f3n procesos selectivos","Listados Definitivos de aspirantes admitidos y excluidos"],"articleSection":["Cuerpos de Seguridad","Polic\u00eda Nacional C1"],"inLanguage":"es"},{"@type":"WebPage","@id":"https:\/\/www.emplea-te.com\/noticias-oposiciones\/policia-nacional-escala-basica-relacion-definitiva-de-aspirantes-admitidos-y-excluidos-en-esta-convocatoria\/","url":"https:\/\/www.emplea-te.com\/noticias-oposiciones\/policia-nacional-escala-basica-relacion-definitiva-de-aspirantes-admitidos-y-excluidos-en-esta-convocatoria\/","name":"Polic\u00eda Nacional Escala B\u00e1sica. Convocatoria. Proceso selectivo.","isPartOf":{"@id":"https:\/\/www.emplea-te.com\/noticias-oposiciones\/#website"},"datePublished":"2025-10-20T08:15:57+00:00","description":"Polic\u00eda Nacional Escala B\u00e1sica. Relaci\u00f3n definitiva de aspirantes admitidos y excluidos en esta convocatoria.","breadcrumb":{"@id":"https:\/\/www.emplea-te.com\/noticias-oposiciones\/policia-nacional-escala-basica-relacion-definitiva-de-aspirantes-admitidos-y-excluidos-en-esta-convocatoria\/#breadcrumb"},"inLanguage":"es","potentialAction":[{"@type":"ReadAction","target":["https:\/\/www.emplea-te.com\/noticias-oposiciones\/policia-nacional-escala-basica-relacion-definitiva-de-aspirantes-admitidos-y-excluidos-en-esta-convocatoria\/"]}]},{"@type":"BreadcrumbList","@id":"https:\/\/www.emplea-te.com\/noticias-oposiciones\/policia-nacional-escala-basica-relacion-definitiva-de-aspirantes-admitidos-y-excluidos-en-esta-convocatoria\/#breadcrumb","itemListElement":[{"@type":"ListItem","position":1,"name":"Noticias Oposiciones","item":"https:\/\/www.emplea-te.com\/noticias-oposiciones\/"},{"@type":"ListItem","position":2,"name":"Cuerpos de Seguridad","item":"https:\/\/www.emplea-te.com\/noticias-oposiciones\/categoria\/cuerpos-de-seguridad\/"},{"@type":"ListItem","position":3,"name":"Polic\u00eda Nacional C1","item":"https:\/\/www.emplea-te.com\/noticias-oposiciones\/categoria\/cuerpos-de-seguridad\/policia-nacional\/"},{"@type":"ListItem","position":4,"name":"Polic\u00eda Nacional Escala B\u00e1sica. Relaci\u00f3n definitiva de aspirantes admitidos y excluidos en esta convocatoria."}]},{"@type":"WebSite","@id":"https:\/\/www.emplea-te.com\/noticias-oposiciones\/#website","url":"https:\/\/www.emplea-te.com\/noticias-oposiciones\/","name":"Noticas de oposiciones por Academia Emplea-te","description":"Toda la actualidad de las ofertas y convocatorias.","publisher":{"@id":"https:\/\/www.emplea-te.com\/noticias-oposiciones\/#organization"},"potentialAction":[{"@type":"SearchAction","target":{"@type":"EntryPoint","urlTemplate":"https:\/\/www.emplea-te.com\/noticias-oposiciones\/?s={search_term_string}"},"query-input":{"@type":"PropertyValueSpecification","valueRequired":true,"valueName":"search_term_string"}}],"inLanguage":"es"},{"@type":"Organization","@id":"https:\/\/www.emplea-te.com\/noticias-oposiciones\/#organization","name":"Academia de oposiciones Empl\u00e9ate","url":"https:\/\/www.emplea-te.com\/noticias-oposiciones\/","logo":{"@type":"ImageObject","inLanguage":"es","@id":"https:\/\/www.emplea-te.com\/noticias-oposiciones\/#\/schema\/logo\/image\/","url":"https:\/\/www.emplea-te.com\/noticias-oposiciones\/wp-content\/uploads\/2019\/04\/empleate.jpg","contentUrl":"https:\/\/www.emplea-te.com\/noticias-oposiciones\/wp-content\/uploads\/2019\/04\/empleate.jpg","width":250,"height":150,"caption":"Academia de oposiciones Empl\u00e9ate"},"image":{"@id":"https:\/\/www.emplea-te.com\/noticias-oposiciones\/#\/schema\/logo\/image\/"},"sameAs":["https:\/\/www.facebook.com\/AcademiaEmpleate\/","https:\/\/x.com\/Emplea_Te","https:\/\/www.instagram.com\/academia_empleate\/"]},{"@type":"Person","@id":"https:\/\/www.emplea-te.com\/noticias-oposiciones\/#\/schema\/person\/d1bc587e1af2b95e9c32aba1795509a6","name":"Empleate"}]}},"_links":{"self":[{"href":"https:\/\/www.emplea-te.com\/noticias-oposiciones\/wp-json\/wp\/v2\/posts\/16741","targetHints":{"allow":["GET"]}}],"collection":[{"href":"https:\/\/www.emplea-te.com\/noticias-oposiciones\/wp-json\/wp\/v2\/posts"}],"about":[{"href":"https:\/\/www.emplea-te.com\/noticias-oposiciones\/wp-json\/wp\/v2\/types\/post"}],"author":[{"embeddable":true,"href":"https:\/\/www.emplea-te.com\/noticias-oposiciones\/wp-json\/wp\/v2\/users\/1"}],"replies":[{"embeddable":true,"href":"https:\/\/www.emplea-te.com\/noticias-oposiciones\/wp-json\/wp\/v2\/comments?post=16741"}],"version-history":[{"count":1,"href":"https:\/\/www.emplea-te.com\/noticias-oposiciones\/wp-json\/wp\/v2\/posts\/16741\/revisions"}],"predecessor-version":[{"id":16742,"href":"https:\/\/www.emplea-te.com\/noticias-oposiciones\/wp-json\/wp\/v2\/posts\/16741\/revisions\/16742"}],"wp:attachment":[{"href":"https:\/\/www.emplea-te.com\/noticias-oposiciones\/wp-json\/wp\/v2\/media?parent=16741"}],"wp:term":[{"taxonomy":"category","embeddable":true,"href":"https:\/\/www.emplea-te.com\/noticias-oposiciones\/wp-json\/wp\/v2\/categories?post=16741"},{"taxonomy":"post_tag","embeddable":true,"href":"https:\/\/www.emplea-te.com\/noticias-oposiciones\/wp-json\/wp\/v2\/tags?post=16741"}],"curies":[{"name":"wp","href":"https:\/\/api.w.org\/{rel}","templated":true}]}}