{"id":16780,"date":"2025-10-23T09:53:03","date_gmt":"2025-10-23T07:53:03","guid":{"rendered":"https:\/\/www.emplea-te.com\/noticias-oposiciones\/?p=16780"},"modified":"2025-10-23T09:53:03","modified_gmt":"2025-10-23T07:53:03","slug":"ayuntamiento-de-tui-relacion-provisional-aspirantes-admitidos-y-excluidos-en-proceso-selectivo-convocado-para-cubrir-2-plazas-de-administrativo-c1","status":"publish","type":"post","link":"https:\/\/www.emplea-te.com\/noticias-oposiciones\/ayuntamiento-de-tui-relacion-provisional-aspirantes-admitidos-y-excluidos-en-proceso-selectivo-convocado-para-cubrir-2-plazas-de-administrativo-c1\/","title":{"rendered":"Ayuntamiento de Tui. Relaci\u00f3n provisional aspirantes admitidos y excluidos en proceso selectivo convocado para cubrir 2 plazas de Administrativo C1."},"content":{"rendered":"<p>Se publica en el BOP de la Provincia de Pontevedra de hoy, d\u00eda 23 de octubre de 2025, la rectificaci\u00f3n del error material cometido en la publicaci\u00f3n de ayer (Resoluci\u00f3n da Alcald\u00eda de fecha 14\/10\/2025 n\u00ba 2025-1551) de la relaci\u00f3n provisional de aspirantes admitidos y excluidos.<\/p>\n<p>El error cometido es que en la publicaci\u00f3n de ayer dec\u00eda:<br \/>\nRelaci\u00f3n provisional de aspirantes admitidos y excluidos en proceso selectivo convocado para cubrir 2 plazas de Auxiliar Administrativo y las plazas convocadas son plazas de Administrativo C1.<\/p>\n<p>Se abre un nuevo plazo para presentar alegaciones de 10 d\u00edas h\u00e1biles a contar a partir del d\u00eda siguiente al de esta publicaci\u00f3n en el BOPPO y por tanto el plazo permanecer\u00e1 abierto hasta el d\u00eda 06\/11\/2025.<\/p>\n<p><a href=\"https:\/\/boppo.depo.gal\/web\/boppo\/detalle\/-\/boppo\/2025\/10\/23\/2025070029\" target=\"_blank\" rel=\"noopener\"><strong>Accede a la publicaci\u00f3n referente a esta convocatoria realizada en el BOPPO de hoy.\u00a0<\/strong><\/a><\/p>\n<p>Prepara tu plaza en nuestros <a href=\"https:\/\/www.emplea-te.com\/70\/oposiciones-de-ayuntamientos-de-galicia\" target=\"_blank\" rel=\"noopener\"><strong>grupos presenciales y online de preparaci\u00f3n de oposiciones de administraci\u00f3n de Ayuntamientos de Galicia.\u00a0<\/strong><\/a><\/p>\n","protected":false},"excerpt":{"rendered":"<p>Se publica en el BOP de la Provincia de Pontevedra de hoy, d\u00eda 23 de octubre de 2025, la rectificaci\u00f3n del error material cometido en la publicaci\u00f3n de ayer (Resoluci\u00f3n da Alcald\u00eda de fecha 14\/10\/2025 n\u00ba 2025-1551) de la relaci\u00f3n provisional de aspirantes admitidos y excluidos. El error cometido es que en la publicaci\u00f3n de &hellip; <a href=\"https:\/\/www.emplea-te.com\/noticias-oposiciones\/ayuntamiento-de-tui-relacion-provisional-aspirantes-admitidos-y-excluidos-en-proceso-selectivo-convocado-para-cubrir-2-plazas-de-administrativo-c1\/\" class=\"more-link\">Continuar leyendo<span class=\"screen-reader-text\"> \u00abAyuntamiento de Tui. Relaci\u00f3n provisional aspirantes admitidos y excluidos en proceso selectivo convocado para cubrir 2 plazas de Administrativo C1.\u00bb<\/span><\/a><\/p>\n","protected":false},"author":1,"featured_media":0,"comment_status":"closed","ping_status":"closed","sticky":false,"template":"","format":"standard","meta":{"footnotes":""},"categories":[37,56],"tags":[49,103,70],"class_list":["post-16780","post","type-post","status-publish","format-standard","hentry","category-convocatorias-ayuntamientos","category-oposiciones-autonomicas-galicia","tag-convocatorias-de-oposiciones","tag-informacion-procesos-selectivos","tag-listas-provisionales-admitidos-y-excluidos"],"yoast_head":"<!-- This site is optimized with the Yoast SEO plugin v27.3 - https:\/\/yoast.com\/product\/yoast-seo-wordpress\/ -->\n<title>Ayuntamiento de Tui. Convocatoria. Proceso selectivo.<\/title>\n<meta name=\"description\" content=\"Ayuntamiento de Tui. Relaci\u00f3n provisional aspirantes admitidos y excluidos en convocatoria de 2 plazas de Administrativo C1.\" \/>\n<meta name=\"robots\" content=\"index, follow, max-snippet:-1, max-image-preview:large, max-video-preview:-1\" \/>\n<link rel=\"canonical\" href=\"https:\/\/www.emplea-te.com\/noticias-oposiciones\/ayuntamiento-de-tui-relacion-provisional-aspirantes-admitidos-y-excluidos-en-proceso-selectivo-convocado-para-cubrir-2-plazas-de-administrativo-c1\/\" \/>\n<meta property=\"og:locale\" content=\"es_ES\" \/>\n<meta property=\"og:type\" content=\"article\" \/>\n<meta property=\"og:title\" content=\"Ayuntamiento de Tui. Convocatoria. Proceso selectivo.\" \/>\n<meta property=\"og:description\" content=\"Ayuntamiento de Tui. Relaci\u00f3n provisional aspirantes admitidos y excluidos en convocatoria de 2 plazas de Administrativo C1.\" \/>\n<meta property=\"og:url\" content=\"https:\/\/www.emplea-te.com\/noticias-oposiciones\/ayuntamiento-de-tui-relacion-provisional-aspirantes-admitidos-y-excluidos-en-proceso-selectivo-convocado-para-cubrir-2-plazas-de-administrativo-c1\/\" \/>\n<meta property=\"og:site_name\" content=\"Noticas de oposiciones por Academia Emplea-te\" \/>\n<meta property=\"article:publisher\" content=\"https:\/\/www.facebook.com\/AcademiaEmpleate\/\" \/>\n<meta property=\"article:published_time\" content=\"2025-10-23T07:53:03+00:00\" \/>\n<meta name=\"author\" content=\"Empleate\" \/>\n<meta name=\"twitter:card\" content=\"summary_large_image\" \/>\n<meta name=\"twitter:creator\" content=\"@Emplea_Te\" \/>\n<meta name=\"twitter:site\" content=\"@Emplea_Te\" \/>\n<meta name=\"twitter:label1\" content=\"Escrito por\" \/>\n\t<meta name=\"twitter:data1\" content=\"Empleate\" \/>\n\t<meta name=\"twitter:label2\" content=\"Tiempo de lectura\" \/>\n\t<meta name=\"twitter:data2\" content=\"1 minuto\" \/>\n<script type=\"application\/ld+json\" class=\"yoast-schema-graph\">{\"@context\":\"https:\\\/\\\/schema.org\",\"@graph\":[{\"@type\":\"Article\",\"@id\":\"https:\\\/\\\/www.emplea-te.com\\\/noticias-oposiciones\\\/ayuntamiento-de-tui-relacion-provisional-aspirantes-admitidos-y-excluidos-en-proceso-selectivo-convocado-para-cubrir-2-plazas-de-administrativo-c1\\\/#article\",\"isPartOf\":{\"@id\":\"https:\\\/\\\/www.emplea-te.com\\\/noticias-oposiciones\\\/ayuntamiento-de-tui-relacion-provisional-aspirantes-admitidos-y-excluidos-en-proceso-selectivo-convocado-para-cubrir-2-plazas-de-administrativo-c1\\\/\"},\"author\":{\"name\":\"Empleate\",\"@id\":\"https:\\\/\\\/www.emplea-te.com\\\/noticias-oposiciones\\\/#\\\/schema\\\/person\\\/d1bc587e1af2b95e9c32aba1795509a6\"},\"headline\":\"Ayuntamiento de Tui. Relaci\u00f3n provisional aspirantes admitidos y excluidos en proceso selectivo convocado para cubrir 2 plazas de Administrativo C1.\",\"datePublished\":\"2025-10-23T07:53:03+00:00\",\"mainEntityOfPage\":{\"@id\":\"https:\\\/\\\/www.emplea-te.com\\\/noticias-oposiciones\\\/ayuntamiento-de-tui-relacion-provisional-aspirantes-admitidos-y-excluidos-en-proceso-selectivo-convocado-para-cubrir-2-plazas-de-administrativo-c1\\\/\"},\"wordCount\":185,\"publisher\":{\"@id\":\"https:\\\/\\\/www.emplea-te.com\\\/noticias-oposiciones\\\/#organization\"},\"keywords\":[\"Convocatoria\",\"Informaci\u00f3n procesos selectivos\",\"Listas provisionales admitidos y excluidos\"],\"articleSection\":[\"Convocatorias Ayuntamientos\",\"Oposiciones Auton\u00f3micas Galicia\"],\"inLanguage\":\"es\"},{\"@type\":\"WebPage\",\"@id\":\"https:\\\/\\\/www.emplea-te.com\\\/noticias-oposiciones\\\/ayuntamiento-de-tui-relacion-provisional-aspirantes-admitidos-y-excluidos-en-proceso-selectivo-convocado-para-cubrir-2-plazas-de-administrativo-c1\\\/\",\"url\":\"https:\\\/\\\/www.emplea-te.com\\\/noticias-oposiciones\\\/ayuntamiento-de-tui-relacion-provisional-aspirantes-admitidos-y-excluidos-en-proceso-selectivo-convocado-para-cubrir-2-plazas-de-administrativo-c1\\\/\",\"name\":\"Ayuntamiento de Tui. Convocatoria. Proceso selectivo.\",\"isPartOf\":{\"@id\":\"https:\\\/\\\/www.emplea-te.com\\\/noticias-oposiciones\\\/#website\"},\"datePublished\":\"2025-10-23T07:53:03+00:00\",\"description\":\"Ayuntamiento de Tui. Relaci\u00f3n provisional aspirantes admitidos y excluidos en convocatoria de 2 plazas de Administrativo C1.\",\"breadcrumb\":{\"@id\":\"https:\\\/\\\/www.emplea-te.com\\\/noticias-oposiciones\\\/ayuntamiento-de-tui-relacion-provisional-aspirantes-admitidos-y-excluidos-en-proceso-selectivo-convocado-para-cubrir-2-plazas-de-administrativo-c1\\\/#breadcrumb\"},\"inLanguage\":\"es\",\"potentialAction\":[{\"@type\":\"ReadAction\",\"target\":[\"https:\\\/\\\/www.emplea-te.com\\\/noticias-oposiciones\\\/ayuntamiento-de-tui-relacion-provisional-aspirantes-admitidos-y-excluidos-en-proceso-selectivo-convocado-para-cubrir-2-plazas-de-administrativo-c1\\\/\"]}]},{\"@type\":\"BreadcrumbList\",\"@id\":\"https:\\\/\\\/www.emplea-te.com\\\/noticias-oposiciones\\\/ayuntamiento-de-tui-relacion-provisional-aspirantes-admitidos-y-excluidos-en-proceso-selectivo-convocado-para-cubrir-2-plazas-de-administrativo-c1\\\/#breadcrumb\",\"itemListElement\":[{\"@type\":\"ListItem\",\"position\":1,\"name\":\"Noticias Oposiciones\",\"item\":\"https:\\\/\\\/www.emplea-te.com\\\/noticias-oposiciones\\\/\"},{\"@type\":\"ListItem\",\"position\":2,\"name\":\"Oposiciones Auton\u00f3micas Galicia\",\"item\":\"https:\\\/\\\/www.emplea-te.com\\\/noticias-oposiciones\\\/categoria\\\/oposiciones-autonomicas-galicia\\\/\"},{\"@type\":\"ListItem\",\"position\":3,\"name\":\"Ayuntamiento de Tui. Relaci\u00f3n provisional aspirantes admitidos y excluidos en proceso selectivo convocado para cubrir 2 plazas de Administrativo C1.\"}]},{\"@type\":\"WebSite\",\"@id\":\"https:\\\/\\\/www.emplea-te.com\\\/noticias-oposiciones\\\/#website\",\"url\":\"https:\\\/\\\/www.emplea-te.com\\\/noticias-oposiciones\\\/\",\"name\":\"Noticas de oposiciones por Academia Emplea-te\",\"description\":\"Toda la actualidad de las ofertas y convocatorias.\",\"publisher\":{\"@id\":\"https:\\\/\\\/www.emplea-te.com\\\/noticias-oposiciones\\\/#organization\"},\"potentialAction\":[{\"@type\":\"SearchAction\",\"target\":{\"@type\":\"EntryPoint\",\"urlTemplate\":\"https:\\\/\\\/www.emplea-te.com\\\/noticias-oposiciones\\\/?s={search_term_string}\"},\"query-input\":{\"@type\":\"PropertyValueSpecification\",\"valueRequired\":true,\"valueName\":\"search_term_string\"}}],\"inLanguage\":\"es\"},{\"@type\":\"Organization\",\"@id\":\"https:\\\/\\\/www.emplea-te.com\\\/noticias-oposiciones\\\/#organization\",\"name\":\"Academia de oposiciones Empl\u00e9ate\",\"url\":\"https:\\\/\\\/www.emplea-te.com\\\/noticias-oposiciones\\\/\",\"logo\":{\"@type\":\"ImageObject\",\"inLanguage\":\"es\",\"@id\":\"https:\\\/\\\/www.emplea-te.com\\\/noticias-oposiciones\\\/#\\\/schema\\\/logo\\\/image\\\/\",\"url\":\"https:\\\/\\\/www.emplea-te.com\\\/noticias-oposiciones\\\/wp-content\\\/uploads\\\/2019\\\/04\\\/empleate.jpg\",\"contentUrl\":\"https:\\\/\\\/www.emplea-te.com\\\/noticias-oposiciones\\\/wp-content\\\/uploads\\\/2019\\\/04\\\/empleate.jpg\",\"width\":250,\"height\":150,\"caption\":\"Academia de oposiciones Empl\u00e9ate\"},\"image\":{\"@id\":\"https:\\\/\\\/www.emplea-te.com\\\/noticias-oposiciones\\\/#\\\/schema\\\/logo\\\/image\\\/\"},\"sameAs\":[\"https:\\\/\\\/www.facebook.com\\\/AcademiaEmpleate\\\/\",\"https:\\\/\\\/x.com\\\/Emplea_Te\",\"https:\\\/\\\/www.instagram.com\\\/academia_empleate\\\/\"]},{\"@type\":\"Person\",\"@id\":\"https:\\\/\\\/www.emplea-te.com\\\/noticias-oposiciones\\\/#\\\/schema\\\/person\\\/d1bc587e1af2b95e9c32aba1795509a6\",\"name\":\"Empleate\"}]}<\/script>\n<!-- \/ Yoast SEO plugin. -->","yoast_head_json":{"title":"Ayuntamiento de Tui. Convocatoria. Proceso selectivo.","description":"Ayuntamiento de Tui. Relaci\u00f3n provisional aspirantes admitidos y excluidos en convocatoria de 2 plazas de Administrativo C1.","robots":{"index":"index","follow":"follow","max-snippet":"max-snippet:-1","max-image-preview":"max-image-preview:large","max-video-preview":"max-video-preview:-1"},"canonical":"https:\/\/www.emplea-te.com\/noticias-oposiciones\/ayuntamiento-de-tui-relacion-provisional-aspirantes-admitidos-y-excluidos-en-proceso-selectivo-convocado-para-cubrir-2-plazas-de-administrativo-c1\/","og_locale":"es_ES","og_type":"article","og_title":"Ayuntamiento de Tui. Convocatoria. Proceso selectivo.","og_description":"Ayuntamiento de Tui. Relaci\u00f3n provisional aspirantes admitidos y excluidos en convocatoria de 2 plazas de Administrativo C1.","og_url":"https:\/\/www.emplea-te.com\/noticias-oposiciones\/ayuntamiento-de-tui-relacion-provisional-aspirantes-admitidos-y-excluidos-en-proceso-selectivo-convocado-para-cubrir-2-plazas-de-administrativo-c1\/","og_site_name":"Noticas de oposiciones por Academia Emplea-te","article_publisher":"https:\/\/www.facebook.com\/AcademiaEmpleate\/","article_published_time":"2025-10-23T07:53:03+00:00","author":"Empleate","twitter_card":"summary_large_image","twitter_creator":"@Emplea_Te","twitter_site":"@Emplea_Te","twitter_misc":{"Escrito por":"Empleate","Tiempo de lectura":"1 minuto"},"schema":{"@context":"https:\/\/schema.org","@graph":[{"@type":"Article","@id":"https:\/\/www.emplea-te.com\/noticias-oposiciones\/ayuntamiento-de-tui-relacion-provisional-aspirantes-admitidos-y-excluidos-en-proceso-selectivo-convocado-para-cubrir-2-plazas-de-administrativo-c1\/#article","isPartOf":{"@id":"https:\/\/www.emplea-te.com\/noticias-oposiciones\/ayuntamiento-de-tui-relacion-provisional-aspirantes-admitidos-y-excluidos-en-proceso-selectivo-convocado-para-cubrir-2-plazas-de-administrativo-c1\/"},"author":{"name":"Empleate","@id":"https:\/\/www.emplea-te.com\/noticias-oposiciones\/#\/schema\/person\/d1bc587e1af2b95e9c32aba1795509a6"},"headline":"Ayuntamiento de Tui. Relaci\u00f3n provisional aspirantes admitidos y excluidos en proceso selectivo convocado para cubrir 2 plazas de Administrativo C1.","datePublished":"2025-10-23T07:53:03+00:00","mainEntityOfPage":{"@id":"https:\/\/www.emplea-te.com\/noticias-oposiciones\/ayuntamiento-de-tui-relacion-provisional-aspirantes-admitidos-y-excluidos-en-proceso-selectivo-convocado-para-cubrir-2-plazas-de-administrativo-c1\/"},"wordCount":185,"publisher":{"@id":"https:\/\/www.emplea-te.com\/noticias-oposiciones\/#organization"},"keywords":["Convocatoria","Informaci\u00f3n procesos selectivos","Listas provisionales admitidos y excluidos"],"articleSection":["Convocatorias Ayuntamientos","Oposiciones Auton\u00f3micas Galicia"],"inLanguage":"es"},{"@type":"WebPage","@id":"https:\/\/www.emplea-te.com\/noticias-oposiciones\/ayuntamiento-de-tui-relacion-provisional-aspirantes-admitidos-y-excluidos-en-proceso-selectivo-convocado-para-cubrir-2-plazas-de-administrativo-c1\/","url":"https:\/\/www.emplea-te.com\/noticias-oposiciones\/ayuntamiento-de-tui-relacion-provisional-aspirantes-admitidos-y-excluidos-en-proceso-selectivo-convocado-para-cubrir-2-plazas-de-administrativo-c1\/","name":"Ayuntamiento de Tui. Convocatoria. Proceso selectivo.","isPartOf":{"@id":"https:\/\/www.emplea-te.com\/noticias-oposiciones\/#website"},"datePublished":"2025-10-23T07:53:03+00:00","description":"Ayuntamiento de Tui. Relaci\u00f3n provisional aspirantes admitidos y excluidos en convocatoria de 2 plazas de Administrativo C1.","breadcrumb":{"@id":"https:\/\/www.emplea-te.com\/noticias-oposiciones\/ayuntamiento-de-tui-relacion-provisional-aspirantes-admitidos-y-excluidos-en-proceso-selectivo-convocado-para-cubrir-2-plazas-de-administrativo-c1\/#breadcrumb"},"inLanguage":"es","potentialAction":[{"@type":"ReadAction","target":["https:\/\/www.emplea-te.com\/noticias-oposiciones\/ayuntamiento-de-tui-relacion-provisional-aspirantes-admitidos-y-excluidos-en-proceso-selectivo-convocado-para-cubrir-2-plazas-de-administrativo-c1\/"]}]},{"@type":"BreadcrumbList","@id":"https:\/\/www.emplea-te.com\/noticias-oposiciones\/ayuntamiento-de-tui-relacion-provisional-aspirantes-admitidos-y-excluidos-en-proceso-selectivo-convocado-para-cubrir-2-plazas-de-administrativo-c1\/#breadcrumb","itemListElement":[{"@type":"ListItem","position":1,"name":"Noticias Oposiciones","item":"https:\/\/www.emplea-te.com\/noticias-oposiciones\/"},{"@type":"ListItem","position":2,"name":"Oposiciones Auton\u00f3micas Galicia","item":"https:\/\/www.emplea-te.com\/noticias-oposiciones\/categoria\/oposiciones-autonomicas-galicia\/"},{"@type":"ListItem","position":3,"name":"Ayuntamiento de Tui. Relaci\u00f3n provisional aspirantes admitidos y excluidos en proceso selectivo convocado para cubrir 2 plazas de Administrativo C1."}]},{"@type":"WebSite","@id":"https:\/\/www.emplea-te.com\/noticias-oposiciones\/#website","url":"https:\/\/www.emplea-te.com\/noticias-oposiciones\/","name":"Noticas de oposiciones por Academia Emplea-te","description":"Toda la actualidad de las ofertas y convocatorias.","publisher":{"@id":"https:\/\/www.emplea-te.com\/noticias-oposiciones\/#organization"},"potentialAction":[{"@type":"SearchAction","target":{"@type":"EntryPoint","urlTemplate":"https:\/\/www.emplea-te.com\/noticias-oposiciones\/?s={search_term_string}"},"query-input":{"@type":"PropertyValueSpecification","valueRequired":true,"valueName":"search_term_string"}}],"inLanguage":"es"},{"@type":"Organization","@id":"https:\/\/www.emplea-te.com\/noticias-oposiciones\/#organization","name":"Academia de oposiciones Empl\u00e9ate","url":"https:\/\/www.emplea-te.com\/noticias-oposiciones\/","logo":{"@type":"ImageObject","inLanguage":"es","@id":"https:\/\/www.emplea-te.com\/noticias-oposiciones\/#\/schema\/logo\/image\/","url":"https:\/\/www.emplea-te.com\/noticias-oposiciones\/wp-content\/uploads\/2019\/04\/empleate.jpg","contentUrl":"https:\/\/www.emplea-te.com\/noticias-oposiciones\/wp-content\/uploads\/2019\/04\/empleate.jpg","width":250,"height":150,"caption":"Academia de oposiciones Empl\u00e9ate"},"image":{"@id":"https:\/\/www.emplea-te.com\/noticias-oposiciones\/#\/schema\/logo\/image\/"},"sameAs":["https:\/\/www.facebook.com\/AcademiaEmpleate\/","https:\/\/x.com\/Emplea_Te","https:\/\/www.instagram.com\/academia_empleate\/"]},{"@type":"Person","@id":"https:\/\/www.emplea-te.com\/noticias-oposiciones\/#\/schema\/person\/d1bc587e1af2b95e9c32aba1795509a6","name":"Empleate"}]}},"_links":{"self":[{"href":"https:\/\/www.emplea-te.com\/noticias-oposiciones\/wp-json\/wp\/v2\/posts\/16780","targetHints":{"allow":["GET"]}}],"collection":[{"href":"https:\/\/www.emplea-te.com\/noticias-oposiciones\/wp-json\/wp\/v2\/posts"}],"about":[{"href":"https:\/\/www.emplea-te.com\/noticias-oposiciones\/wp-json\/wp\/v2\/types\/post"}],"author":[{"embeddable":true,"href":"https:\/\/www.emplea-te.com\/noticias-oposiciones\/wp-json\/wp\/v2\/users\/1"}],"replies":[{"embeddable":true,"href":"https:\/\/www.emplea-te.com\/noticias-oposiciones\/wp-json\/wp\/v2\/comments?post=16780"}],"version-history":[{"count":1,"href":"https:\/\/www.emplea-te.com\/noticias-oposiciones\/wp-json\/wp\/v2\/posts\/16780\/revisions"}],"predecessor-version":[{"id":16781,"href":"https:\/\/www.emplea-te.com\/noticias-oposiciones\/wp-json\/wp\/v2\/posts\/16780\/revisions\/16781"}],"wp:attachment":[{"href":"https:\/\/www.emplea-te.com\/noticias-oposiciones\/wp-json\/wp\/v2\/media?parent=16780"}],"wp:term":[{"taxonomy":"category","embeddable":true,"href":"https:\/\/www.emplea-te.com\/noticias-oposiciones\/wp-json\/wp\/v2\/categories?post=16780"},{"taxonomy":"post_tag","embeddable":true,"href":"https:\/\/www.emplea-te.com\/noticias-oposiciones\/wp-json\/wp\/v2\/tags?post=16780"}],"curies":[{"name":"wp","href":"https:\/\/api.w.org\/{rel}","templated":true}]}}