{"id":16791,"date":"2025-10-23T10:41:28","date_gmt":"2025-10-23T08:41:28","guid":{"rendered":"https:\/\/www.emplea-te.com\/noticias-oposiciones\/?p=16791"},"modified":"2025-10-23T10:41:28","modified_gmt":"2025-10-23T08:41:28","slug":"ayuntamiento-de-madrid-relacion-definitiva-de-aspirantes-admitidos-y-excluidos-en-proceso-selectivo-convocado-para-cubrir-89-plazas-de-trabajador-social","status":"publish","type":"post","link":"https:\/\/www.emplea-te.com\/noticias-oposiciones\/ayuntamiento-de-madrid-relacion-definitiva-de-aspirantes-admitidos-y-excluidos-en-proceso-selectivo-convocado-para-cubrir-89-plazas-de-trabajador-social\/","title":{"rendered":"Ayuntamiento de Madrid. Relaci\u00f3n definitiva de aspirantes admitidos y excluidos en proceso selectivo convocado para cubrir 89 plazas de Trabajador Social."},"content":{"rendered":"<p>Se publica en el BOAM de hoy, d\u00eda 23 de octubre de 2025, la Resoluci\u00f3n de 21 de octubre de 2025 del Director General de Planificaci\u00f3n de Recursos Humanos por la que se aprueba la relaci\u00f3n definitiva de aspirantes admitidos\/as y excluidos\/as a las pruebas selectivas convocadas para la selecci\u00f3n de 89 plazas de Trabajador\/a Social de funcionario\/a de carrera del Ayuntamiento de Madrid.<\/p>\n<p>La relaci\u00f3n de excluidos y causas de exclusi\u00f3n est\u00e1 publicada en el BOAM.<br \/>\n<a href=\"https:\/\/sede.madrid.es\/FrameWork\/generacionPDF\/boam9991_3923.pdf?numeroPublicacion=9991&amp;idSeccion=a8601178f660a910VgnVCM200000f921e388RCRD&amp;nombreFichero=boam9991_3923&amp;cacheKey=61&amp;guid=8f6325a98f0f9910VgnVCM100000891ecb1aRCRD&amp;csv=true\" target=\"_blank\" rel=\"noopener\"><strong>Cons\u00faltala.<\/strong><\/a><\/p>\n<p>La relaci\u00f3n completa de aspirantes admitidos y excluidos est\u00e1 publicada en la Web de Madrid.es<br \/>\n<a href=\"https:\/\/www.madrid.es\/portales\/munimadrid\/es\/Inicio\/Educacion-y-empleo\/Empleo\/Oposiciones\/Buscador-de-oposiciones\/Trabajador-a-Social-del-Ayuntamiento-de-Madrid-turno-libre-2024-\/?vgnextfmt=default&amp;vgnextoid=80d14fc150ed3910VgnVCM2000001f4a900aRCRD&amp;vgnextchannel=4ac5c5dee78fe410VgnVCM1000000b205a0aRCRD\" target=\"_blank\" rel=\"noopener\"><strong>Cons\u00faltala.\u00a0<\/strong><\/a><\/p>\n<p>\u00a1Suerte!<\/p>\n<p>Prepara tu plaza de Trabajador Social del Ayuntamiento de Madrid en nuestros<a href=\"https:\/\/academiamadrid.emplea-te.com\/oposicion\/trabajador-social-a2-ayuntamiento-de-madrid\/\" target=\"_blank\" rel=\"noopener\"><strong> grupos presenciales y online de preparaci\u00f3n de oposiciones de Administraci\u00f3n del Ayuntamiento de Madrid.\u00a0<\/strong><\/a><\/p>\n","protected":false},"excerpt":{"rendered":"<p>Se publica en el BOAM de hoy, d\u00eda 23 de octubre de 2025, la Resoluci\u00f3n de 21 de octubre de 2025 del Director General de Planificaci\u00f3n de Recursos Humanos por la que se aprueba la relaci\u00f3n definitiva de aspirantes admitidos\/as y excluidos\/as a las pruebas selectivas convocadas para la selecci\u00f3n de 89 plazas de Trabajador\/a &hellip; <a href=\"https:\/\/www.emplea-te.com\/noticias-oposiciones\/ayuntamiento-de-madrid-relacion-definitiva-de-aspirantes-admitidos-y-excluidos-en-proceso-selectivo-convocado-para-cubrir-89-plazas-de-trabajador-social\/\" class=\"more-link\">Continuar leyendo<span class=\"screen-reader-text\"> \u00abAyuntamiento de Madrid. Relaci\u00f3n definitiva de aspirantes admitidos y excluidos en proceso selectivo convocado para cubrir 89 plazas de Trabajador Social.\u00bb<\/span><\/a><\/p>\n","protected":false},"author":1,"featured_media":0,"comment_status":"closed","ping_status":"closed","sticky":false,"template":"","format":"standard","meta":{"footnotes":""},"categories":[115,109],"tags":[49,103,87],"class_list":["post-16791","post","type-post","status-publish","format-standard","hentry","category-convocatoria-ayuntamientos","category-oposiciones-madrid","tag-convocatorias-de-oposiciones","tag-informacion-procesos-selectivos","tag-listados-definitivos-de-aspirantes-admitidos-y-excluidos"],"yoast_head":"<!-- This site is optimized with the Yoast SEO plugin v27.3 - https:\/\/yoast.com\/product\/yoast-seo-wordpress\/ -->\n<title>Ayuntamiento de Madrid. Convocatoria. Proceso selectivo.<\/title>\n<meta name=\"description\" content=\"Ayuntamiento de Madrid. Relaci\u00f3n definitiva de aspirantes admitidos y excluidos en convocatoria de 89 plazas de Trabajador Social.\" \/>\n<meta name=\"robots\" content=\"index, follow, max-snippet:-1, max-image-preview:large, max-video-preview:-1\" \/>\n<link rel=\"canonical\" href=\"https:\/\/www.emplea-te.com\/noticias-oposiciones\/ayuntamiento-de-madrid-relacion-definitiva-de-aspirantes-admitidos-y-excluidos-en-proceso-selectivo-convocado-para-cubrir-89-plazas-de-trabajador-social\/\" \/>\n<meta property=\"og:locale\" content=\"es_ES\" \/>\n<meta property=\"og:type\" content=\"article\" \/>\n<meta property=\"og:title\" content=\"Ayuntamiento de Madrid. Convocatoria. Proceso selectivo.\" \/>\n<meta property=\"og:description\" content=\"Ayuntamiento de Madrid. Relaci\u00f3n definitiva de aspirantes admitidos y excluidos en convocatoria de 89 plazas de Trabajador Social.\" \/>\n<meta property=\"og:url\" content=\"https:\/\/www.emplea-te.com\/noticias-oposiciones\/ayuntamiento-de-madrid-relacion-definitiva-de-aspirantes-admitidos-y-excluidos-en-proceso-selectivo-convocado-para-cubrir-89-plazas-de-trabajador-social\/\" \/>\n<meta property=\"og:site_name\" content=\"Noticas de oposiciones por Academia Emplea-te\" \/>\n<meta property=\"article:publisher\" content=\"https:\/\/www.facebook.com\/AcademiaEmpleate\/\" \/>\n<meta property=\"article:published_time\" content=\"2025-10-23T08:41:28+00:00\" \/>\n<meta name=\"author\" content=\"Empleate\" \/>\n<meta name=\"twitter:card\" content=\"summary_large_image\" \/>\n<meta name=\"twitter:creator\" content=\"@Emplea_Te\" \/>\n<meta name=\"twitter:site\" content=\"@Emplea_Te\" \/>\n<meta name=\"twitter:label1\" content=\"Escrito por\" \/>\n\t<meta name=\"twitter:data1\" content=\"Empleate\" \/>\n\t<meta name=\"twitter:label2\" content=\"Tiempo de lectura\" \/>\n\t<meta name=\"twitter:data2\" content=\"1 minuto\" \/>\n<script type=\"application\/ld+json\" class=\"yoast-schema-graph\">{\"@context\":\"https:\\\/\\\/schema.org\",\"@graph\":[{\"@type\":\"Article\",\"@id\":\"https:\\\/\\\/www.emplea-te.com\\\/noticias-oposiciones\\\/ayuntamiento-de-madrid-relacion-definitiva-de-aspirantes-admitidos-y-excluidos-en-proceso-selectivo-convocado-para-cubrir-89-plazas-de-trabajador-social\\\/#article\",\"isPartOf\":{\"@id\":\"https:\\\/\\\/www.emplea-te.com\\\/noticias-oposiciones\\\/ayuntamiento-de-madrid-relacion-definitiva-de-aspirantes-admitidos-y-excluidos-en-proceso-selectivo-convocado-para-cubrir-89-plazas-de-trabajador-social\\\/\"},\"author\":{\"name\":\"Empleate\",\"@id\":\"https:\\\/\\\/www.emplea-te.com\\\/noticias-oposiciones\\\/#\\\/schema\\\/person\\\/d1bc587e1af2b95e9c32aba1795509a6\"},\"headline\":\"Ayuntamiento de Madrid. Relaci\u00f3n definitiva de aspirantes admitidos y excluidos en proceso selectivo convocado para cubrir 89 plazas de Trabajador Social.\",\"datePublished\":\"2025-10-23T08:41:28+00:00\",\"mainEntityOfPage\":{\"@id\":\"https:\\\/\\\/www.emplea-te.com\\\/noticias-oposiciones\\\/ayuntamiento-de-madrid-relacion-definitiva-de-aspirantes-admitidos-y-excluidos-en-proceso-selectivo-convocado-para-cubrir-89-plazas-de-trabajador-social\\\/\"},\"wordCount\":154,\"publisher\":{\"@id\":\"https:\\\/\\\/www.emplea-te.com\\\/noticias-oposiciones\\\/#organization\"},\"keywords\":[\"Convocatoria\",\"Informaci\u00f3n procesos selectivos\",\"Listados Definitivos de aspirantes admitidos y excluidos\"],\"articleSection\":[\"CONVOCATORIA AYUNTAMIENTOS\",\"Oposiciones Madrid.\"],\"inLanguage\":\"es\"},{\"@type\":\"WebPage\",\"@id\":\"https:\\\/\\\/www.emplea-te.com\\\/noticias-oposiciones\\\/ayuntamiento-de-madrid-relacion-definitiva-de-aspirantes-admitidos-y-excluidos-en-proceso-selectivo-convocado-para-cubrir-89-plazas-de-trabajador-social\\\/\",\"url\":\"https:\\\/\\\/www.emplea-te.com\\\/noticias-oposiciones\\\/ayuntamiento-de-madrid-relacion-definitiva-de-aspirantes-admitidos-y-excluidos-en-proceso-selectivo-convocado-para-cubrir-89-plazas-de-trabajador-social\\\/\",\"name\":\"Ayuntamiento de Madrid. Convocatoria. Proceso selectivo.\",\"isPartOf\":{\"@id\":\"https:\\\/\\\/www.emplea-te.com\\\/noticias-oposiciones\\\/#website\"},\"datePublished\":\"2025-10-23T08:41:28+00:00\",\"description\":\"Ayuntamiento de Madrid. Relaci\u00f3n definitiva de aspirantes admitidos y excluidos en convocatoria de 89 plazas de Trabajador Social.\",\"breadcrumb\":{\"@id\":\"https:\\\/\\\/www.emplea-te.com\\\/noticias-oposiciones\\\/ayuntamiento-de-madrid-relacion-definitiva-de-aspirantes-admitidos-y-excluidos-en-proceso-selectivo-convocado-para-cubrir-89-plazas-de-trabajador-social\\\/#breadcrumb\"},\"inLanguage\":\"es\",\"potentialAction\":[{\"@type\":\"ReadAction\",\"target\":[\"https:\\\/\\\/www.emplea-te.com\\\/noticias-oposiciones\\\/ayuntamiento-de-madrid-relacion-definitiva-de-aspirantes-admitidos-y-excluidos-en-proceso-selectivo-convocado-para-cubrir-89-plazas-de-trabajador-social\\\/\"]}]},{\"@type\":\"BreadcrumbList\",\"@id\":\"https:\\\/\\\/www.emplea-te.com\\\/noticias-oposiciones\\\/ayuntamiento-de-madrid-relacion-definitiva-de-aspirantes-admitidos-y-excluidos-en-proceso-selectivo-convocado-para-cubrir-89-plazas-de-trabajador-social\\\/#breadcrumb\",\"itemListElement\":[{\"@type\":\"ListItem\",\"position\":1,\"name\":\"Noticias Oposiciones\",\"item\":\"https:\\\/\\\/www.emplea-te.com\\\/noticias-oposiciones\\\/\"},{\"@type\":\"ListItem\",\"position\":2,\"name\":\"Oposiciones Madrid.\",\"item\":\"https:\\\/\\\/www.emplea-te.com\\\/noticias-oposiciones\\\/categoria\\\/oposiciones-madrid\\\/\"},{\"@type\":\"ListItem\",\"position\":3,\"name\":\"Ayuntamiento de Madrid. Relaci\u00f3n definitiva de aspirantes admitidos y excluidos en proceso selectivo convocado para cubrir 89 plazas de Trabajador Social.\"}]},{\"@type\":\"WebSite\",\"@id\":\"https:\\\/\\\/www.emplea-te.com\\\/noticias-oposiciones\\\/#website\",\"url\":\"https:\\\/\\\/www.emplea-te.com\\\/noticias-oposiciones\\\/\",\"name\":\"Noticas de oposiciones por Academia Emplea-te\",\"description\":\"Toda la actualidad de las ofertas y convocatorias.\",\"publisher\":{\"@id\":\"https:\\\/\\\/www.emplea-te.com\\\/noticias-oposiciones\\\/#organization\"},\"potentialAction\":[{\"@type\":\"SearchAction\",\"target\":{\"@type\":\"EntryPoint\",\"urlTemplate\":\"https:\\\/\\\/www.emplea-te.com\\\/noticias-oposiciones\\\/?s={search_term_string}\"},\"query-input\":{\"@type\":\"PropertyValueSpecification\",\"valueRequired\":true,\"valueName\":\"search_term_string\"}}],\"inLanguage\":\"es\"},{\"@type\":\"Organization\",\"@id\":\"https:\\\/\\\/www.emplea-te.com\\\/noticias-oposiciones\\\/#organization\",\"name\":\"Academia de oposiciones Empl\u00e9ate\",\"url\":\"https:\\\/\\\/www.emplea-te.com\\\/noticias-oposiciones\\\/\",\"logo\":{\"@type\":\"ImageObject\",\"inLanguage\":\"es\",\"@id\":\"https:\\\/\\\/www.emplea-te.com\\\/noticias-oposiciones\\\/#\\\/schema\\\/logo\\\/image\\\/\",\"url\":\"https:\\\/\\\/www.emplea-te.com\\\/noticias-oposiciones\\\/wp-content\\\/uploads\\\/2019\\\/04\\\/empleate.jpg\",\"contentUrl\":\"https:\\\/\\\/www.emplea-te.com\\\/noticias-oposiciones\\\/wp-content\\\/uploads\\\/2019\\\/04\\\/empleate.jpg\",\"width\":250,\"height\":150,\"caption\":\"Academia de oposiciones Empl\u00e9ate\"},\"image\":{\"@id\":\"https:\\\/\\\/www.emplea-te.com\\\/noticias-oposiciones\\\/#\\\/schema\\\/logo\\\/image\\\/\"},\"sameAs\":[\"https:\\\/\\\/www.facebook.com\\\/AcademiaEmpleate\\\/\",\"https:\\\/\\\/x.com\\\/Emplea_Te\",\"https:\\\/\\\/www.instagram.com\\\/academia_empleate\\\/\"]},{\"@type\":\"Person\",\"@id\":\"https:\\\/\\\/www.emplea-te.com\\\/noticias-oposiciones\\\/#\\\/schema\\\/person\\\/d1bc587e1af2b95e9c32aba1795509a6\",\"name\":\"Empleate\"}]}<\/script>\n<!-- \/ Yoast SEO plugin. -->","yoast_head_json":{"title":"Ayuntamiento de Madrid. Convocatoria. Proceso selectivo.","description":"Ayuntamiento de Madrid. Relaci\u00f3n definitiva de aspirantes admitidos y excluidos en convocatoria de 89 plazas de Trabajador Social.","robots":{"index":"index","follow":"follow","max-snippet":"max-snippet:-1","max-image-preview":"max-image-preview:large","max-video-preview":"max-video-preview:-1"},"canonical":"https:\/\/www.emplea-te.com\/noticias-oposiciones\/ayuntamiento-de-madrid-relacion-definitiva-de-aspirantes-admitidos-y-excluidos-en-proceso-selectivo-convocado-para-cubrir-89-plazas-de-trabajador-social\/","og_locale":"es_ES","og_type":"article","og_title":"Ayuntamiento de Madrid. Convocatoria. Proceso selectivo.","og_description":"Ayuntamiento de Madrid. Relaci\u00f3n definitiva de aspirantes admitidos y excluidos en convocatoria de 89 plazas de Trabajador Social.","og_url":"https:\/\/www.emplea-te.com\/noticias-oposiciones\/ayuntamiento-de-madrid-relacion-definitiva-de-aspirantes-admitidos-y-excluidos-en-proceso-selectivo-convocado-para-cubrir-89-plazas-de-trabajador-social\/","og_site_name":"Noticas de oposiciones por Academia Emplea-te","article_publisher":"https:\/\/www.facebook.com\/AcademiaEmpleate\/","article_published_time":"2025-10-23T08:41:28+00:00","author":"Empleate","twitter_card":"summary_large_image","twitter_creator":"@Emplea_Te","twitter_site":"@Emplea_Te","twitter_misc":{"Escrito por":"Empleate","Tiempo de lectura":"1 minuto"},"schema":{"@context":"https:\/\/schema.org","@graph":[{"@type":"Article","@id":"https:\/\/www.emplea-te.com\/noticias-oposiciones\/ayuntamiento-de-madrid-relacion-definitiva-de-aspirantes-admitidos-y-excluidos-en-proceso-selectivo-convocado-para-cubrir-89-plazas-de-trabajador-social\/#article","isPartOf":{"@id":"https:\/\/www.emplea-te.com\/noticias-oposiciones\/ayuntamiento-de-madrid-relacion-definitiva-de-aspirantes-admitidos-y-excluidos-en-proceso-selectivo-convocado-para-cubrir-89-plazas-de-trabajador-social\/"},"author":{"name":"Empleate","@id":"https:\/\/www.emplea-te.com\/noticias-oposiciones\/#\/schema\/person\/d1bc587e1af2b95e9c32aba1795509a6"},"headline":"Ayuntamiento de Madrid. Relaci\u00f3n definitiva de aspirantes admitidos y excluidos en proceso selectivo convocado para cubrir 89 plazas de Trabajador Social.","datePublished":"2025-10-23T08:41:28+00:00","mainEntityOfPage":{"@id":"https:\/\/www.emplea-te.com\/noticias-oposiciones\/ayuntamiento-de-madrid-relacion-definitiva-de-aspirantes-admitidos-y-excluidos-en-proceso-selectivo-convocado-para-cubrir-89-plazas-de-trabajador-social\/"},"wordCount":154,"publisher":{"@id":"https:\/\/www.emplea-te.com\/noticias-oposiciones\/#organization"},"keywords":["Convocatoria","Informaci\u00f3n procesos selectivos","Listados Definitivos de aspirantes admitidos y excluidos"],"articleSection":["CONVOCATORIA AYUNTAMIENTOS","Oposiciones Madrid."],"inLanguage":"es"},{"@type":"WebPage","@id":"https:\/\/www.emplea-te.com\/noticias-oposiciones\/ayuntamiento-de-madrid-relacion-definitiva-de-aspirantes-admitidos-y-excluidos-en-proceso-selectivo-convocado-para-cubrir-89-plazas-de-trabajador-social\/","url":"https:\/\/www.emplea-te.com\/noticias-oposiciones\/ayuntamiento-de-madrid-relacion-definitiva-de-aspirantes-admitidos-y-excluidos-en-proceso-selectivo-convocado-para-cubrir-89-plazas-de-trabajador-social\/","name":"Ayuntamiento de Madrid. Convocatoria. Proceso selectivo.","isPartOf":{"@id":"https:\/\/www.emplea-te.com\/noticias-oposiciones\/#website"},"datePublished":"2025-10-23T08:41:28+00:00","description":"Ayuntamiento de Madrid. Relaci\u00f3n definitiva de aspirantes admitidos y excluidos en convocatoria de 89 plazas de Trabajador Social.","breadcrumb":{"@id":"https:\/\/www.emplea-te.com\/noticias-oposiciones\/ayuntamiento-de-madrid-relacion-definitiva-de-aspirantes-admitidos-y-excluidos-en-proceso-selectivo-convocado-para-cubrir-89-plazas-de-trabajador-social\/#breadcrumb"},"inLanguage":"es","potentialAction":[{"@type":"ReadAction","target":["https:\/\/www.emplea-te.com\/noticias-oposiciones\/ayuntamiento-de-madrid-relacion-definitiva-de-aspirantes-admitidos-y-excluidos-en-proceso-selectivo-convocado-para-cubrir-89-plazas-de-trabajador-social\/"]}]},{"@type":"BreadcrumbList","@id":"https:\/\/www.emplea-te.com\/noticias-oposiciones\/ayuntamiento-de-madrid-relacion-definitiva-de-aspirantes-admitidos-y-excluidos-en-proceso-selectivo-convocado-para-cubrir-89-plazas-de-trabajador-social\/#breadcrumb","itemListElement":[{"@type":"ListItem","position":1,"name":"Noticias Oposiciones","item":"https:\/\/www.emplea-te.com\/noticias-oposiciones\/"},{"@type":"ListItem","position":2,"name":"Oposiciones Madrid.","item":"https:\/\/www.emplea-te.com\/noticias-oposiciones\/categoria\/oposiciones-madrid\/"},{"@type":"ListItem","position":3,"name":"Ayuntamiento de Madrid. Relaci\u00f3n definitiva de aspirantes admitidos y excluidos en proceso selectivo convocado para cubrir 89 plazas de Trabajador Social."}]},{"@type":"WebSite","@id":"https:\/\/www.emplea-te.com\/noticias-oposiciones\/#website","url":"https:\/\/www.emplea-te.com\/noticias-oposiciones\/","name":"Noticas de oposiciones por Academia Emplea-te","description":"Toda la actualidad de las ofertas y convocatorias.","publisher":{"@id":"https:\/\/www.emplea-te.com\/noticias-oposiciones\/#organization"},"potentialAction":[{"@type":"SearchAction","target":{"@type":"EntryPoint","urlTemplate":"https:\/\/www.emplea-te.com\/noticias-oposiciones\/?s={search_term_string}"},"query-input":{"@type":"PropertyValueSpecification","valueRequired":true,"valueName":"search_term_string"}}],"inLanguage":"es"},{"@type":"Organization","@id":"https:\/\/www.emplea-te.com\/noticias-oposiciones\/#organization","name":"Academia de oposiciones Empl\u00e9ate","url":"https:\/\/www.emplea-te.com\/noticias-oposiciones\/","logo":{"@type":"ImageObject","inLanguage":"es","@id":"https:\/\/www.emplea-te.com\/noticias-oposiciones\/#\/schema\/logo\/image\/","url":"https:\/\/www.emplea-te.com\/noticias-oposiciones\/wp-content\/uploads\/2019\/04\/empleate.jpg","contentUrl":"https:\/\/www.emplea-te.com\/noticias-oposiciones\/wp-content\/uploads\/2019\/04\/empleate.jpg","width":250,"height":150,"caption":"Academia de oposiciones Empl\u00e9ate"},"image":{"@id":"https:\/\/www.emplea-te.com\/noticias-oposiciones\/#\/schema\/logo\/image\/"},"sameAs":["https:\/\/www.facebook.com\/AcademiaEmpleate\/","https:\/\/x.com\/Emplea_Te","https:\/\/www.instagram.com\/academia_empleate\/"]},{"@type":"Person","@id":"https:\/\/www.emplea-te.com\/noticias-oposiciones\/#\/schema\/person\/d1bc587e1af2b95e9c32aba1795509a6","name":"Empleate"}]}},"_links":{"self":[{"href":"https:\/\/www.emplea-te.com\/noticias-oposiciones\/wp-json\/wp\/v2\/posts\/16791","targetHints":{"allow":["GET"]}}],"collection":[{"href":"https:\/\/www.emplea-te.com\/noticias-oposiciones\/wp-json\/wp\/v2\/posts"}],"about":[{"href":"https:\/\/www.emplea-te.com\/noticias-oposiciones\/wp-json\/wp\/v2\/types\/post"}],"author":[{"embeddable":true,"href":"https:\/\/www.emplea-te.com\/noticias-oposiciones\/wp-json\/wp\/v2\/users\/1"}],"replies":[{"embeddable":true,"href":"https:\/\/www.emplea-te.com\/noticias-oposiciones\/wp-json\/wp\/v2\/comments?post=16791"}],"version-history":[{"count":1,"href":"https:\/\/www.emplea-te.com\/noticias-oposiciones\/wp-json\/wp\/v2\/posts\/16791\/revisions"}],"predecessor-version":[{"id":16792,"href":"https:\/\/www.emplea-te.com\/noticias-oposiciones\/wp-json\/wp\/v2\/posts\/16791\/revisions\/16792"}],"wp:attachment":[{"href":"https:\/\/www.emplea-te.com\/noticias-oposiciones\/wp-json\/wp\/v2\/media?parent=16791"}],"wp:term":[{"taxonomy":"category","embeddable":true,"href":"https:\/\/www.emplea-te.com\/noticias-oposiciones\/wp-json\/wp\/v2\/categories?post=16791"},{"taxonomy":"post_tag","embeddable":true,"href":"https:\/\/www.emplea-te.com\/noticias-oposiciones\/wp-json\/wp\/v2\/tags?post=16791"}],"curies":[{"name":"wp","href":"https:\/\/api.w.org\/{rel}","templated":true}]}}