{"id":16793,"date":"2025-10-24T09:56:56","date_gmt":"2025-10-24T07:56:56","guid":{"rendered":"https:\/\/www.emplea-te.com\/noticias-oposiciones\/?p=16793"},"modified":"2025-10-24T09:56:56","modified_gmt":"2025-10-24T07:56:56","slug":"la-xunta-de-galicia-ofertara-5-000-plazas-en-los-proximos-5-anos","status":"publish","type":"post","link":"https:\/\/www.emplea-te.com\/noticias-oposiciones\/la-xunta-de-galicia-ofertara-5-000-plazas-en-los-proximos-5-anos\/","title":{"rendered":"La Xunta de Galicia ofertar\u00e1 5.000 plazas en los pr\u00f3ximos 5 a\u00f1os."},"content":{"rendered":"<p>Se publica en distintos medios de comunicaci\u00f3n una gran noticia para quienes se preparan para oposiciones en Galicia.<\/p>\n<p>La Xunta acaba de anunciar que ofertar\u00e1 5.000 plazas de funcionario en los pr\u00f3ximos cinco a\u00f1os para cubrir jubilaciones. \ud83d\udcbc\ud83d\udca5<\/p>\n<p>El gran relevo generacional previsto en las Administraciones p\u00fablicas comenzar\u00e1 en la Xunta con el reemplazo de 5.000 funcionarios durante los pr\u00f3ximos cinco a\u00f1os.<br \/>\nLa cifra fue anunciada este jueves por el titular de Facenda, Miguel Corgos, que inaugur\u00f3 la serie de comparecencias de los conselleiros en las comisiones del Parlamento de Galicia para explicar el proyecto de presupuestos de la Xunta para el 2026.<\/p>\n<p>\ud83d\udcc8 Adem\u00e1s, en 2026 se aprobar\u00e1 la carrera profesional horizontal, lo que permitir\u00e1 ascender sin cambiar de puesto de trabajo. Una motivaci\u00f3n m\u00e1s para apostar por el empleo p\u00fablico gallego. \ud83d\ude4c<\/p>\n<p><a href=\"https:\/\/www.lavozdegalicia.es\/amp\/noticia\/galicia\/2025\/10\/23\/xuntaofertara-5000-plazas-funcionario-cinco-anos-jubilaciones\/00031761222089513772308.htm?utm_campaign=amp\" target=\"_blank\" rel=\"noopener\"><strong>Accede a la noticia publicada por La Voz de Galicia.\u00a0<\/strong><\/a><\/p>\n<p>Inf\u00f3rmate de nuestros <a href=\"https:\/\/www.emplea-te.com\/54\/oposiciones-de-xunta-de-galicia\" target=\"_blank\" rel=\"noopener\"><strong>grupos presenciales y online de preparaci\u00f3n de oposiciones de la Xunta de Galicia.\u00a0<\/strong><\/a><\/p>\n","protected":false},"excerpt":{"rendered":"<p>Se publica en distintos medios de comunicaci\u00f3n una gran noticia para quienes se preparan para oposiciones en Galicia. La Xunta acaba de anunciar que ofertar\u00e1 5.000 plazas de funcionario en los pr\u00f3ximos cinco a\u00f1os para cubrir jubilaciones. \ud83d\udcbc\ud83d\udca5 El gran relevo generacional previsto en las Administraciones p\u00fablicas comenzar\u00e1 en la Xunta con el reemplazo de &hellip; <a href=\"https:\/\/www.emplea-te.com\/noticias-oposiciones\/la-xunta-de-galicia-ofertara-5-000-plazas-en-los-proximos-5-anos\/\" class=\"more-link\">Continuar leyendo<span class=\"screen-reader-text\"> \u00abLa Xunta de Galicia ofertar\u00e1 5.000 plazas en los pr\u00f3ximos 5 a\u00f1os.\u00bb<\/span><\/a><\/p>\n","protected":false},"author":1,"featured_media":0,"comment_status":"closed","ping_status":"closed","sticky":false,"template":"","format":"standard","meta":{"footnotes":""},"categories":[56,4],"tags":[84],"class_list":["post-16793","post","type-post","status-publish","format-standard","hentry","category-oposiciones-autonomicas-galicia","category-oposiciones-xunta","tag-oferta-de-empleo-publico"],"yoast_head":"<!-- This site is optimized with the Yoast SEO plugin v27.3 - https:\/\/yoast.com\/product\/yoast-seo-wordpress\/ -->\n<title>La Xunta de Galicia ofertar\u00e1 5.000 plazas en los pr\u00f3ximos 5 a\u00f1os.<\/title>\n<meta name=\"description\" content=\"La Xunta de Galicia ofertar\u00e1 5.000 plazas en los pr\u00f3ximos 5 a\u00f1os. \u00a1\u00a1Prepara tu futuro en nuestros grupos presenciales y online!!\" \/>\n<meta name=\"robots\" content=\"index, follow, max-snippet:-1, max-image-preview:large, max-video-preview:-1\" \/>\n<link rel=\"canonical\" href=\"https:\/\/www.emplea-te.com\/noticias-oposiciones\/la-xunta-de-galicia-ofertara-5-000-plazas-en-los-proximos-5-anos\/\" \/>\n<meta property=\"og:locale\" content=\"es_ES\" \/>\n<meta property=\"og:type\" content=\"article\" \/>\n<meta property=\"og:title\" content=\"La Xunta de Galicia ofertar\u00e1 5.000 plazas en los pr\u00f3ximos 5 a\u00f1os.\" \/>\n<meta property=\"og:description\" content=\"La Xunta de Galicia ofertar\u00e1 5.000 plazas en los pr\u00f3ximos 5 a\u00f1os. \u00a1\u00a1Prepara tu futuro en nuestros grupos presenciales y online!!\" \/>\n<meta property=\"og:url\" content=\"https:\/\/www.emplea-te.com\/noticias-oposiciones\/la-xunta-de-galicia-ofertara-5-000-plazas-en-los-proximos-5-anos\/\" \/>\n<meta property=\"og:site_name\" content=\"Noticas de oposiciones por Academia Emplea-te\" \/>\n<meta property=\"article:publisher\" content=\"https:\/\/www.facebook.com\/AcademiaEmpleate\/\" \/>\n<meta property=\"article:published_time\" content=\"2025-10-24T07:56:56+00:00\" \/>\n<meta name=\"author\" content=\"Empleate\" \/>\n<meta name=\"twitter:card\" content=\"summary_large_image\" \/>\n<meta name=\"twitter:creator\" content=\"@Emplea_Te\" \/>\n<meta name=\"twitter:site\" content=\"@Emplea_Te\" \/>\n<meta name=\"twitter:label1\" content=\"Escrito por\" \/>\n\t<meta name=\"twitter:data1\" content=\"Empleate\" \/>\n\t<meta name=\"twitter:label2\" content=\"Tiempo de lectura\" \/>\n\t<meta name=\"twitter:data2\" content=\"1 minuto\" \/>\n<script type=\"application\/ld+json\" class=\"yoast-schema-graph\">{\"@context\":\"https:\\\/\\\/schema.org\",\"@graph\":[{\"@type\":\"Article\",\"@id\":\"https:\\\/\\\/www.emplea-te.com\\\/noticias-oposiciones\\\/la-xunta-de-galicia-ofertara-5-000-plazas-en-los-proximos-5-anos\\\/#article\",\"isPartOf\":{\"@id\":\"https:\\\/\\\/www.emplea-te.com\\\/noticias-oposiciones\\\/la-xunta-de-galicia-ofertara-5-000-plazas-en-los-proximos-5-anos\\\/\"},\"author\":{\"name\":\"Empleate\",\"@id\":\"https:\\\/\\\/www.emplea-te.com\\\/noticias-oposiciones\\\/#\\\/schema\\\/person\\\/d1bc587e1af2b95e9c32aba1795509a6\"},\"headline\":\"La Xunta de Galicia ofertar\u00e1 5.000 plazas en los pr\u00f3ximos 5 a\u00f1os.\",\"datePublished\":\"2025-10-24T07:56:56+00:00\",\"mainEntityOfPage\":{\"@id\":\"https:\\\/\\\/www.emplea-te.com\\\/noticias-oposiciones\\\/la-xunta-de-galicia-ofertara-5-000-plazas-en-los-proximos-5-anos\\\/\"},\"wordCount\":177,\"publisher\":{\"@id\":\"https:\\\/\\\/www.emplea-te.com\\\/noticias-oposiciones\\\/#organization\"},\"keywords\":[\"Oferta de Empleo P\u00fablico\"],\"articleSection\":[\"Oposiciones Auton\u00f3micas Galicia\",\"Oposiciones Xunta\"],\"inLanguage\":\"es\"},{\"@type\":\"WebPage\",\"@id\":\"https:\\\/\\\/www.emplea-te.com\\\/noticias-oposiciones\\\/la-xunta-de-galicia-ofertara-5-000-plazas-en-los-proximos-5-anos\\\/\",\"url\":\"https:\\\/\\\/www.emplea-te.com\\\/noticias-oposiciones\\\/la-xunta-de-galicia-ofertara-5-000-plazas-en-los-proximos-5-anos\\\/\",\"name\":\"La Xunta de Galicia ofertar\u00e1 5.000 plazas en los pr\u00f3ximos 5 a\u00f1os.\",\"isPartOf\":{\"@id\":\"https:\\\/\\\/www.emplea-te.com\\\/noticias-oposiciones\\\/#website\"},\"datePublished\":\"2025-10-24T07:56:56+00:00\",\"description\":\"La Xunta de Galicia ofertar\u00e1 5.000 plazas en los pr\u00f3ximos 5 a\u00f1os. \u00a1\u00a1Prepara tu futuro en nuestros grupos presenciales y online!!\",\"breadcrumb\":{\"@id\":\"https:\\\/\\\/www.emplea-te.com\\\/noticias-oposiciones\\\/la-xunta-de-galicia-ofertara-5-000-plazas-en-los-proximos-5-anos\\\/#breadcrumb\"},\"inLanguage\":\"es\",\"potentialAction\":[{\"@type\":\"ReadAction\",\"target\":[\"https:\\\/\\\/www.emplea-te.com\\\/noticias-oposiciones\\\/la-xunta-de-galicia-ofertara-5-000-plazas-en-los-proximos-5-anos\\\/\"]}]},{\"@type\":\"BreadcrumbList\",\"@id\":\"https:\\\/\\\/www.emplea-te.com\\\/noticias-oposiciones\\\/la-xunta-de-galicia-ofertara-5-000-plazas-en-los-proximos-5-anos\\\/#breadcrumb\",\"itemListElement\":[{\"@type\":\"ListItem\",\"position\":1,\"name\":\"Noticias Oposiciones\",\"item\":\"https:\\\/\\\/www.emplea-te.com\\\/noticias-oposiciones\\\/\"},{\"@type\":\"ListItem\",\"position\":2,\"name\":\"Oposiciones Xunta\",\"item\":\"https:\\\/\\\/www.emplea-te.com\\\/noticias-oposiciones\\\/categoria\\\/oposiciones-xunta\\\/\"},{\"@type\":\"ListItem\",\"position\":3,\"name\":\"La Xunta de Galicia ofertar\u00e1 5.000 plazas en los pr\u00f3ximos 5 a\u00f1os.\"}]},{\"@type\":\"WebSite\",\"@id\":\"https:\\\/\\\/www.emplea-te.com\\\/noticias-oposiciones\\\/#website\",\"url\":\"https:\\\/\\\/www.emplea-te.com\\\/noticias-oposiciones\\\/\",\"name\":\"Noticas de oposiciones por Academia Emplea-te\",\"description\":\"Toda la actualidad de las ofertas y convocatorias.\",\"publisher\":{\"@id\":\"https:\\\/\\\/www.emplea-te.com\\\/noticias-oposiciones\\\/#organization\"},\"potentialAction\":[{\"@type\":\"SearchAction\",\"target\":{\"@type\":\"EntryPoint\",\"urlTemplate\":\"https:\\\/\\\/www.emplea-te.com\\\/noticias-oposiciones\\\/?s={search_term_string}\"},\"query-input\":{\"@type\":\"PropertyValueSpecification\",\"valueRequired\":true,\"valueName\":\"search_term_string\"}}],\"inLanguage\":\"es\"},{\"@type\":\"Organization\",\"@id\":\"https:\\\/\\\/www.emplea-te.com\\\/noticias-oposiciones\\\/#organization\",\"name\":\"Academia de oposiciones Empl\u00e9ate\",\"url\":\"https:\\\/\\\/www.emplea-te.com\\\/noticias-oposiciones\\\/\",\"logo\":{\"@type\":\"ImageObject\",\"inLanguage\":\"es\",\"@id\":\"https:\\\/\\\/www.emplea-te.com\\\/noticias-oposiciones\\\/#\\\/schema\\\/logo\\\/image\\\/\",\"url\":\"https:\\\/\\\/www.emplea-te.com\\\/noticias-oposiciones\\\/wp-content\\\/uploads\\\/2019\\\/04\\\/empleate.jpg\",\"contentUrl\":\"https:\\\/\\\/www.emplea-te.com\\\/noticias-oposiciones\\\/wp-content\\\/uploads\\\/2019\\\/04\\\/empleate.jpg\",\"width\":250,\"height\":150,\"caption\":\"Academia de oposiciones Empl\u00e9ate\"},\"image\":{\"@id\":\"https:\\\/\\\/www.emplea-te.com\\\/noticias-oposiciones\\\/#\\\/schema\\\/logo\\\/image\\\/\"},\"sameAs\":[\"https:\\\/\\\/www.facebook.com\\\/AcademiaEmpleate\\\/\",\"https:\\\/\\\/x.com\\\/Emplea_Te\",\"https:\\\/\\\/www.instagram.com\\\/academia_empleate\\\/\"]},{\"@type\":\"Person\",\"@id\":\"https:\\\/\\\/www.emplea-te.com\\\/noticias-oposiciones\\\/#\\\/schema\\\/person\\\/d1bc587e1af2b95e9c32aba1795509a6\",\"name\":\"Empleate\"}]}<\/script>\n<!-- \/ Yoast SEO plugin. -->","yoast_head_json":{"title":"La Xunta de Galicia ofertar\u00e1 5.000 plazas en los pr\u00f3ximos 5 a\u00f1os.","description":"La Xunta de Galicia ofertar\u00e1 5.000 plazas en los pr\u00f3ximos 5 a\u00f1os. \u00a1\u00a1Prepara tu futuro en nuestros grupos presenciales y online!!","robots":{"index":"index","follow":"follow","max-snippet":"max-snippet:-1","max-image-preview":"max-image-preview:large","max-video-preview":"max-video-preview:-1"},"canonical":"https:\/\/www.emplea-te.com\/noticias-oposiciones\/la-xunta-de-galicia-ofertara-5-000-plazas-en-los-proximos-5-anos\/","og_locale":"es_ES","og_type":"article","og_title":"La Xunta de Galicia ofertar\u00e1 5.000 plazas en los pr\u00f3ximos 5 a\u00f1os.","og_description":"La Xunta de Galicia ofertar\u00e1 5.000 plazas en los pr\u00f3ximos 5 a\u00f1os. \u00a1\u00a1Prepara tu futuro en nuestros grupos presenciales y online!!","og_url":"https:\/\/www.emplea-te.com\/noticias-oposiciones\/la-xunta-de-galicia-ofertara-5-000-plazas-en-los-proximos-5-anos\/","og_site_name":"Noticas de oposiciones por Academia Emplea-te","article_publisher":"https:\/\/www.facebook.com\/AcademiaEmpleate\/","article_published_time":"2025-10-24T07:56:56+00:00","author":"Empleate","twitter_card":"summary_large_image","twitter_creator":"@Emplea_Te","twitter_site":"@Emplea_Te","twitter_misc":{"Escrito por":"Empleate","Tiempo de lectura":"1 minuto"},"schema":{"@context":"https:\/\/schema.org","@graph":[{"@type":"Article","@id":"https:\/\/www.emplea-te.com\/noticias-oposiciones\/la-xunta-de-galicia-ofertara-5-000-plazas-en-los-proximos-5-anos\/#article","isPartOf":{"@id":"https:\/\/www.emplea-te.com\/noticias-oposiciones\/la-xunta-de-galicia-ofertara-5-000-plazas-en-los-proximos-5-anos\/"},"author":{"name":"Empleate","@id":"https:\/\/www.emplea-te.com\/noticias-oposiciones\/#\/schema\/person\/d1bc587e1af2b95e9c32aba1795509a6"},"headline":"La Xunta de Galicia ofertar\u00e1 5.000 plazas en los pr\u00f3ximos 5 a\u00f1os.","datePublished":"2025-10-24T07:56:56+00:00","mainEntityOfPage":{"@id":"https:\/\/www.emplea-te.com\/noticias-oposiciones\/la-xunta-de-galicia-ofertara-5-000-plazas-en-los-proximos-5-anos\/"},"wordCount":177,"publisher":{"@id":"https:\/\/www.emplea-te.com\/noticias-oposiciones\/#organization"},"keywords":["Oferta de Empleo P\u00fablico"],"articleSection":["Oposiciones Auton\u00f3micas Galicia","Oposiciones Xunta"],"inLanguage":"es"},{"@type":"WebPage","@id":"https:\/\/www.emplea-te.com\/noticias-oposiciones\/la-xunta-de-galicia-ofertara-5-000-plazas-en-los-proximos-5-anos\/","url":"https:\/\/www.emplea-te.com\/noticias-oposiciones\/la-xunta-de-galicia-ofertara-5-000-plazas-en-los-proximos-5-anos\/","name":"La Xunta de Galicia ofertar\u00e1 5.000 plazas en los pr\u00f3ximos 5 a\u00f1os.","isPartOf":{"@id":"https:\/\/www.emplea-te.com\/noticias-oposiciones\/#website"},"datePublished":"2025-10-24T07:56:56+00:00","description":"La Xunta de Galicia ofertar\u00e1 5.000 plazas en los pr\u00f3ximos 5 a\u00f1os. \u00a1\u00a1Prepara tu futuro en nuestros grupos presenciales y online!!","breadcrumb":{"@id":"https:\/\/www.emplea-te.com\/noticias-oposiciones\/la-xunta-de-galicia-ofertara-5-000-plazas-en-los-proximos-5-anos\/#breadcrumb"},"inLanguage":"es","potentialAction":[{"@type":"ReadAction","target":["https:\/\/www.emplea-te.com\/noticias-oposiciones\/la-xunta-de-galicia-ofertara-5-000-plazas-en-los-proximos-5-anos\/"]}]},{"@type":"BreadcrumbList","@id":"https:\/\/www.emplea-te.com\/noticias-oposiciones\/la-xunta-de-galicia-ofertara-5-000-plazas-en-los-proximos-5-anos\/#breadcrumb","itemListElement":[{"@type":"ListItem","position":1,"name":"Noticias Oposiciones","item":"https:\/\/www.emplea-te.com\/noticias-oposiciones\/"},{"@type":"ListItem","position":2,"name":"Oposiciones Xunta","item":"https:\/\/www.emplea-te.com\/noticias-oposiciones\/categoria\/oposiciones-xunta\/"},{"@type":"ListItem","position":3,"name":"La Xunta de Galicia ofertar\u00e1 5.000 plazas en los pr\u00f3ximos 5 a\u00f1os."}]},{"@type":"WebSite","@id":"https:\/\/www.emplea-te.com\/noticias-oposiciones\/#website","url":"https:\/\/www.emplea-te.com\/noticias-oposiciones\/","name":"Noticas de oposiciones por Academia Emplea-te","description":"Toda la actualidad de las ofertas y convocatorias.","publisher":{"@id":"https:\/\/www.emplea-te.com\/noticias-oposiciones\/#organization"},"potentialAction":[{"@type":"SearchAction","target":{"@type":"EntryPoint","urlTemplate":"https:\/\/www.emplea-te.com\/noticias-oposiciones\/?s={search_term_string}"},"query-input":{"@type":"PropertyValueSpecification","valueRequired":true,"valueName":"search_term_string"}}],"inLanguage":"es"},{"@type":"Organization","@id":"https:\/\/www.emplea-te.com\/noticias-oposiciones\/#organization","name":"Academia de oposiciones Empl\u00e9ate","url":"https:\/\/www.emplea-te.com\/noticias-oposiciones\/","logo":{"@type":"ImageObject","inLanguage":"es","@id":"https:\/\/www.emplea-te.com\/noticias-oposiciones\/#\/schema\/logo\/image\/","url":"https:\/\/www.emplea-te.com\/noticias-oposiciones\/wp-content\/uploads\/2019\/04\/empleate.jpg","contentUrl":"https:\/\/www.emplea-te.com\/noticias-oposiciones\/wp-content\/uploads\/2019\/04\/empleate.jpg","width":250,"height":150,"caption":"Academia de oposiciones Empl\u00e9ate"},"image":{"@id":"https:\/\/www.emplea-te.com\/noticias-oposiciones\/#\/schema\/logo\/image\/"},"sameAs":["https:\/\/www.facebook.com\/AcademiaEmpleate\/","https:\/\/x.com\/Emplea_Te","https:\/\/www.instagram.com\/academia_empleate\/"]},{"@type":"Person","@id":"https:\/\/www.emplea-te.com\/noticias-oposiciones\/#\/schema\/person\/d1bc587e1af2b95e9c32aba1795509a6","name":"Empleate"}]}},"_links":{"self":[{"href":"https:\/\/www.emplea-te.com\/noticias-oposiciones\/wp-json\/wp\/v2\/posts\/16793","targetHints":{"allow":["GET"]}}],"collection":[{"href":"https:\/\/www.emplea-te.com\/noticias-oposiciones\/wp-json\/wp\/v2\/posts"}],"about":[{"href":"https:\/\/www.emplea-te.com\/noticias-oposiciones\/wp-json\/wp\/v2\/types\/post"}],"author":[{"embeddable":true,"href":"https:\/\/www.emplea-te.com\/noticias-oposiciones\/wp-json\/wp\/v2\/users\/1"}],"replies":[{"embeddable":true,"href":"https:\/\/www.emplea-te.com\/noticias-oposiciones\/wp-json\/wp\/v2\/comments?post=16793"}],"version-history":[{"count":1,"href":"https:\/\/www.emplea-te.com\/noticias-oposiciones\/wp-json\/wp\/v2\/posts\/16793\/revisions"}],"predecessor-version":[{"id":16794,"href":"https:\/\/www.emplea-te.com\/noticias-oposiciones\/wp-json\/wp\/v2\/posts\/16793\/revisions\/16794"}],"wp:attachment":[{"href":"https:\/\/www.emplea-te.com\/noticias-oposiciones\/wp-json\/wp\/v2\/media?parent=16793"}],"wp:term":[{"taxonomy":"category","embeddable":true,"href":"https:\/\/www.emplea-te.com\/noticias-oposiciones\/wp-json\/wp\/v2\/categories?post=16793"},{"taxonomy":"post_tag","embeddable":true,"href":"https:\/\/www.emplea-te.com\/noticias-oposiciones\/wp-json\/wp\/v2\/tags?post=16793"}],"curies":[{"name":"wp","href":"https:\/\/api.w.org\/{rel}","templated":true}]}}