{"id":17167,"date":"2025-12-05T09:59:27","date_gmt":"2025-12-05T08:59:27","guid":{"rendered":"https:\/\/www.emplea-te.com\/noticias-oposiciones\/?p=17167"},"modified":"2025-12-05T10:00:05","modified_gmt":"2025-12-05T09:00:05","slug":"universidad-autonoma-de-madrid-convocadas-7-plazas-de-escala-administrativa-por-concurso-oposicion-en-turno-libre","status":"publish","type":"post","link":"https:\/\/www.emplea-te.com\/noticias-oposiciones\/universidad-autonoma-de-madrid-convocadas-7-plazas-de-escala-administrativa-por-concurso-oposicion-en-turno-libre\/","title":{"rendered":"Universidad Aut\u00f3noma de Madrid. Convocadas 7 plazas de Escala Administrativa por concurso-oposici\u00f3n en turno libre."},"content":{"rendered":"<p>Se publica en el BOE de hoy, d\u00eda 5 de diciembre de 2025, la Resoluci\u00f3n de 28 de noviembre de 2025, de la Universidad Aut\u00f3noma de Madrid, por la que se publica la convocatoria de pruebas selectivas para ingreso, por el sistema general de acceso libre, en la Escala Administrativa.<\/p>\n<p>Las plazas objeto de convocatoria son las siguientes:<br \/>\n7 plazas Escala Administrativa C1<br \/>\nSistema selectivo: concurso-oposici\u00f3n en turno libre.<br \/>\nPlazo de presentaci\u00f3n de instancias: 20 d\u00edas h\u00e1biles a contar a partir del d\u00eda siguiente al de la publicaci\u00f3n de esta convocatoria en el BOE y por tanto el plazo permanecer\u00e1 abierto hasta el d\u00eda 08\/01\/2026.<br \/>\n<a href=\"https:\/\/www.uam.es\/uam\/ptgas\/listado-concursos-oposiciones-bolsas-personal-funcionario\" target=\"_blank\" rel=\"noopener\"><strong>Las bases regidoras y el formulario de inscripci\u00f3n se publicar\u00e1n en la Web de la Universidad Aut\u00f3noma.\u00a0<\/strong><\/a><\/p>\n<p>Prep\u00e1rate en nuestros <a href=\"https:\/\/academiamadrid.emplea-te.com\/#oposicionesuniversidades\" target=\"_blank\" rel=\"noopener\"><strong>grupos presenciales y online de preparaci\u00f3n de oposiciones de administraci\u00f3n de Universidades de Madrid.\u00a0<\/strong><\/a><\/p>\n<p><a href=\"https:\/\/www.boe.es\/boe\/dias\/2025\/12\/05\/pdfs\/BOE-A-2025-24771.pdf\" target=\"_blank\" rel=\"noopener\"><strong>Accede a la Resoluci\u00f3n referente a esta convocatoria publicada en el BOE de hoy.\u00a0<\/strong><\/a><\/p>\n","protected":false},"excerpt":{"rendered":"<p>Se publica en el BOE de hoy, d\u00eda 5 de diciembre de 2025, la Resoluci\u00f3n de 28 de noviembre de 2025, de la Universidad Aut\u00f3noma de Madrid, por la que se publica la convocatoria de pruebas selectivas para ingreso, por el sistema general de acceso libre, en la Escala Administrativa. Las plazas objeto de convocatoria &hellip; <a href=\"https:\/\/www.emplea-te.com\/noticias-oposiciones\/universidad-autonoma-de-madrid-convocadas-7-plazas-de-escala-administrativa-por-concurso-oposicion-en-turno-libre\/\" class=\"more-link\">Continuar leyendo<span class=\"screen-reader-text\"> \u00abUniversidad Aut\u00f3noma de Madrid. Convocadas 7 plazas de Escala Administrativa por concurso-oposici\u00f3n en turno libre.\u00bb<\/span><\/a><\/p>\n","protected":false},"author":1,"featured_media":0,"comment_status":"closed","ping_status":"closed","sticky":false,"template":"","format":"standard","meta":{"footnotes":""},"categories":[109,110],"tags":[49,103],"class_list":["post-17167","post","type-post","status-publish","format-standard","hentry","category-oposiciones-madrid","category-p-a-s-universidades-madrid","tag-convocatorias-de-oposiciones","tag-informacion-procesos-selectivos"],"yoast_head":"<!-- This site is optimized with the Yoast SEO plugin v27.3 - https:\/\/yoast.com\/product\/yoast-seo-wordpress\/ -->\n<title>Universidad Aut\u00f3noma de Madrid. Convocatoria. Proceso selectivo<\/title>\n<meta name=\"description\" content=\"Universidad Aut\u00f3noma de Madrid. Convocadas 7 plazas de Escala Administrativa por concurso-oposici\u00f3n en turno libre. \u00a1Prep\u00e1rate!\" \/>\n<meta name=\"robots\" content=\"index, follow, max-snippet:-1, max-image-preview:large, max-video-preview:-1\" \/>\n<link rel=\"canonical\" href=\"https:\/\/www.emplea-te.com\/noticias-oposiciones\/universidad-autonoma-de-madrid-convocadas-7-plazas-de-escala-administrativa-por-concurso-oposicion-en-turno-libre\/\" \/>\n<meta property=\"og:locale\" content=\"es_ES\" \/>\n<meta property=\"og:type\" content=\"article\" \/>\n<meta property=\"og:title\" content=\"Universidad Aut\u00f3noma de Madrid. Convocatoria. Proceso selectivo\" \/>\n<meta property=\"og:description\" content=\"Universidad Aut\u00f3noma de Madrid. Convocadas 7 plazas de Escala Administrativa por concurso-oposici\u00f3n en turno libre. \u00a1Prep\u00e1rate!\" \/>\n<meta property=\"og:url\" content=\"https:\/\/www.emplea-te.com\/noticias-oposiciones\/universidad-autonoma-de-madrid-convocadas-7-plazas-de-escala-administrativa-por-concurso-oposicion-en-turno-libre\/\" \/>\n<meta property=\"og:site_name\" content=\"Noticas de oposiciones por Academia Emplea-te\" \/>\n<meta property=\"article:publisher\" content=\"https:\/\/www.facebook.com\/AcademiaEmpleate\/\" \/>\n<meta property=\"article:published_time\" content=\"2025-12-05T08:59:27+00:00\" \/>\n<meta property=\"article:modified_time\" content=\"2025-12-05T09:00:05+00:00\" \/>\n<meta name=\"author\" content=\"Empleate\" \/>\n<meta name=\"twitter:card\" content=\"summary_large_image\" \/>\n<meta name=\"twitter:creator\" content=\"@Emplea_Te\" \/>\n<meta name=\"twitter:site\" content=\"@Emplea_Te\" \/>\n<meta name=\"twitter:label1\" content=\"Escrito por\" \/>\n\t<meta name=\"twitter:data1\" content=\"Empleate\" \/>\n\t<meta name=\"twitter:label2\" content=\"Tiempo de lectura\" \/>\n\t<meta name=\"twitter:data2\" content=\"1 minuto\" \/>\n<script type=\"application\/ld+json\" class=\"yoast-schema-graph\">{\"@context\":\"https:\\\/\\\/schema.org\",\"@graph\":[{\"@type\":\"Article\",\"@id\":\"https:\\\/\\\/www.emplea-te.com\\\/noticias-oposiciones\\\/universidad-autonoma-de-madrid-convocadas-7-plazas-de-escala-administrativa-por-concurso-oposicion-en-turno-libre\\\/#article\",\"isPartOf\":{\"@id\":\"https:\\\/\\\/www.emplea-te.com\\\/noticias-oposiciones\\\/universidad-autonoma-de-madrid-convocadas-7-plazas-de-escala-administrativa-por-concurso-oposicion-en-turno-libre\\\/\"},\"author\":{\"name\":\"Empleate\",\"@id\":\"https:\\\/\\\/www.emplea-te.com\\\/noticias-oposiciones\\\/#\\\/schema\\\/person\\\/d1bc587e1af2b95e9c32aba1795509a6\"},\"headline\":\"Universidad Aut\u00f3noma de Madrid. Convocadas 7 plazas de Escala Administrativa por concurso-oposici\u00f3n en turno libre.\",\"datePublished\":\"2025-12-05T08:59:27+00:00\",\"dateModified\":\"2025-12-05T09:00:05+00:00\",\"mainEntityOfPage\":{\"@id\":\"https:\\\/\\\/www.emplea-te.com\\\/noticias-oposiciones\\\/universidad-autonoma-de-madrid-convocadas-7-plazas-de-escala-administrativa-por-concurso-oposicion-en-turno-libre\\\/\"},\"wordCount\":179,\"publisher\":{\"@id\":\"https:\\\/\\\/www.emplea-te.com\\\/noticias-oposiciones\\\/#organization\"},\"keywords\":[\"Convocatoria\",\"Informaci\u00f3n procesos selectivos\"],\"articleSection\":[\"Oposiciones Madrid.\",\"P.A.S Universidades Madrid\"],\"inLanguage\":\"es\"},{\"@type\":\"WebPage\",\"@id\":\"https:\\\/\\\/www.emplea-te.com\\\/noticias-oposiciones\\\/universidad-autonoma-de-madrid-convocadas-7-plazas-de-escala-administrativa-por-concurso-oposicion-en-turno-libre\\\/\",\"url\":\"https:\\\/\\\/www.emplea-te.com\\\/noticias-oposiciones\\\/universidad-autonoma-de-madrid-convocadas-7-plazas-de-escala-administrativa-por-concurso-oposicion-en-turno-libre\\\/\",\"name\":\"Universidad Aut\u00f3noma de Madrid. Convocatoria. Proceso selectivo\",\"isPartOf\":{\"@id\":\"https:\\\/\\\/www.emplea-te.com\\\/noticias-oposiciones\\\/#website\"},\"datePublished\":\"2025-12-05T08:59:27+00:00\",\"dateModified\":\"2025-12-05T09:00:05+00:00\",\"description\":\"Universidad Aut\u00f3noma de Madrid. Convocadas 7 plazas de Escala Administrativa por concurso-oposici\u00f3n en turno libre. \u00a1Prep\u00e1rate!\",\"breadcrumb\":{\"@id\":\"https:\\\/\\\/www.emplea-te.com\\\/noticias-oposiciones\\\/universidad-autonoma-de-madrid-convocadas-7-plazas-de-escala-administrativa-por-concurso-oposicion-en-turno-libre\\\/#breadcrumb\"},\"inLanguage\":\"es\",\"potentialAction\":[{\"@type\":\"ReadAction\",\"target\":[\"https:\\\/\\\/www.emplea-te.com\\\/noticias-oposiciones\\\/universidad-autonoma-de-madrid-convocadas-7-plazas-de-escala-administrativa-por-concurso-oposicion-en-turno-libre\\\/\"]}]},{\"@type\":\"BreadcrumbList\",\"@id\":\"https:\\\/\\\/www.emplea-te.com\\\/noticias-oposiciones\\\/universidad-autonoma-de-madrid-convocadas-7-plazas-de-escala-administrativa-por-concurso-oposicion-en-turno-libre\\\/#breadcrumb\",\"itemListElement\":[{\"@type\":\"ListItem\",\"position\":1,\"name\":\"Noticias Oposiciones\",\"item\":\"https:\\\/\\\/www.emplea-te.com\\\/noticias-oposiciones\\\/\"},{\"@type\":\"ListItem\",\"position\":2,\"name\":\"Oposiciones Madrid.\",\"item\":\"https:\\\/\\\/www.emplea-te.com\\\/noticias-oposiciones\\\/categoria\\\/oposiciones-madrid\\\/\"},{\"@type\":\"ListItem\",\"position\":3,\"name\":\"Universidad Aut\u00f3noma de Madrid. Convocadas 7 plazas de Escala Administrativa por concurso-oposici\u00f3n en turno libre.\"}]},{\"@type\":\"WebSite\",\"@id\":\"https:\\\/\\\/www.emplea-te.com\\\/noticias-oposiciones\\\/#website\",\"url\":\"https:\\\/\\\/www.emplea-te.com\\\/noticias-oposiciones\\\/\",\"name\":\"Noticas de oposiciones por Academia Emplea-te\",\"description\":\"Toda la actualidad de las ofertas y convocatorias.\",\"publisher\":{\"@id\":\"https:\\\/\\\/www.emplea-te.com\\\/noticias-oposiciones\\\/#organization\"},\"potentialAction\":[{\"@type\":\"SearchAction\",\"target\":{\"@type\":\"EntryPoint\",\"urlTemplate\":\"https:\\\/\\\/www.emplea-te.com\\\/noticias-oposiciones\\\/?s={search_term_string}\"},\"query-input\":{\"@type\":\"PropertyValueSpecification\",\"valueRequired\":true,\"valueName\":\"search_term_string\"}}],\"inLanguage\":\"es\"},{\"@type\":\"Organization\",\"@id\":\"https:\\\/\\\/www.emplea-te.com\\\/noticias-oposiciones\\\/#organization\",\"name\":\"Academia de oposiciones Empl\u00e9ate\",\"url\":\"https:\\\/\\\/www.emplea-te.com\\\/noticias-oposiciones\\\/\",\"logo\":{\"@type\":\"ImageObject\",\"inLanguage\":\"es\",\"@id\":\"https:\\\/\\\/www.emplea-te.com\\\/noticias-oposiciones\\\/#\\\/schema\\\/logo\\\/image\\\/\",\"url\":\"https:\\\/\\\/www.emplea-te.com\\\/noticias-oposiciones\\\/wp-content\\\/uploads\\\/2019\\\/04\\\/empleate.jpg\",\"contentUrl\":\"https:\\\/\\\/www.emplea-te.com\\\/noticias-oposiciones\\\/wp-content\\\/uploads\\\/2019\\\/04\\\/empleate.jpg\",\"width\":250,\"height\":150,\"caption\":\"Academia de oposiciones Empl\u00e9ate\"},\"image\":{\"@id\":\"https:\\\/\\\/www.emplea-te.com\\\/noticias-oposiciones\\\/#\\\/schema\\\/logo\\\/image\\\/\"},\"sameAs\":[\"https:\\\/\\\/www.facebook.com\\\/AcademiaEmpleate\\\/\",\"https:\\\/\\\/x.com\\\/Emplea_Te\",\"https:\\\/\\\/www.instagram.com\\\/academia_empleate\\\/\"]},{\"@type\":\"Person\",\"@id\":\"https:\\\/\\\/www.emplea-te.com\\\/noticias-oposiciones\\\/#\\\/schema\\\/person\\\/d1bc587e1af2b95e9c32aba1795509a6\",\"name\":\"Empleate\"}]}<\/script>\n<!-- \/ Yoast SEO plugin. -->","yoast_head_json":{"title":"Universidad Aut\u00f3noma de Madrid. Convocatoria. Proceso selectivo","description":"Universidad Aut\u00f3noma de Madrid. Convocadas 7 plazas de Escala Administrativa por concurso-oposici\u00f3n en turno libre. \u00a1Prep\u00e1rate!","robots":{"index":"index","follow":"follow","max-snippet":"max-snippet:-1","max-image-preview":"max-image-preview:large","max-video-preview":"max-video-preview:-1"},"canonical":"https:\/\/www.emplea-te.com\/noticias-oposiciones\/universidad-autonoma-de-madrid-convocadas-7-plazas-de-escala-administrativa-por-concurso-oposicion-en-turno-libre\/","og_locale":"es_ES","og_type":"article","og_title":"Universidad Aut\u00f3noma de Madrid. Convocatoria. Proceso selectivo","og_description":"Universidad Aut\u00f3noma de Madrid. Convocadas 7 plazas de Escala Administrativa por concurso-oposici\u00f3n en turno libre. \u00a1Prep\u00e1rate!","og_url":"https:\/\/www.emplea-te.com\/noticias-oposiciones\/universidad-autonoma-de-madrid-convocadas-7-plazas-de-escala-administrativa-por-concurso-oposicion-en-turno-libre\/","og_site_name":"Noticas de oposiciones por Academia Emplea-te","article_publisher":"https:\/\/www.facebook.com\/AcademiaEmpleate\/","article_published_time":"2025-12-05T08:59:27+00:00","article_modified_time":"2025-12-05T09:00:05+00:00","author":"Empleate","twitter_card":"summary_large_image","twitter_creator":"@Emplea_Te","twitter_site":"@Emplea_Te","twitter_misc":{"Escrito por":"Empleate","Tiempo de lectura":"1 minuto"},"schema":{"@context":"https:\/\/schema.org","@graph":[{"@type":"Article","@id":"https:\/\/www.emplea-te.com\/noticias-oposiciones\/universidad-autonoma-de-madrid-convocadas-7-plazas-de-escala-administrativa-por-concurso-oposicion-en-turno-libre\/#article","isPartOf":{"@id":"https:\/\/www.emplea-te.com\/noticias-oposiciones\/universidad-autonoma-de-madrid-convocadas-7-plazas-de-escala-administrativa-por-concurso-oposicion-en-turno-libre\/"},"author":{"name":"Empleate","@id":"https:\/\/www.emplea-te.com\/noticias-oposiciones\/#\/schema\/person\/d1bc587e1af2b95e9c32aba1795509a6"},"headline":"Universidad Aut\u00f3noma de Madrid. Convocadas 7 plazas de Escala Administrativa por concurso-oposici\u00f3n en turno libre.","datePublished":"2025-12-05T08:59:27+00:00","dateModified":"2025-12-05T09:00:05+00:00","mainEntityOfPage":{"@id":"https:\/\/www.emplea-te.com\/noticias-oposiciones\/universidad-autonoma-de-madrid-convocadas-7-plazas-de-escala-administrativa-por-concurso-oposicion-en-turno-libre\/"},"wordCount":179,"publisher":{"@id":"https:\/\/www.emplea-te.com\/noticias-oposiciones\/#organization"},"keywords":["Convocatoria","Informaci\u00f3n procesos selectivos"],"articleSection":["Oposiciones Madrid.","P.A.S Universidades Madrid"],"inLanguage":"es"},{"@type":"WebPage","@id":"https:\/\/www.emplea-te.com\/noticias-oposiciones\/universidad-autonoma-de-madrid-convocadas-7-plazas-de-escala-administrativa-por-concurso-oposicion-en-turno-libre\/","url":"https:\/\/www.emplea-te.com\/noticias-oposiciones\/universidad-autonoma-de-madrid-convocadas-7-plazas-de-escala-administrativa-por-concurso-oposicion-en-turno-libre\/","name":"Universidad Aut\u00f3noma de Madrid. Convocatoria. Proceso selectivo","isPartOf":{"@id":"https:\/\/www.emplea-te.com\/noticias-oposiciones\/#website"},"datePublished":"2025-12-05T08:59:27+00:00","dateModified":"2025-12-05T09:00:05+00:00","description":"Universidad Aut\u00f3noma de Madrid. Convocadas 7 plazas de Escala Administrativa por concurso-oposici\u00f3n en turno libre. \u00a1Prep\u00e1rate!","breadcrumb":{"@id":"https:\/\/www.emplea-te.com\/noticias-oposiciones\/universidad-autonoma-de-madrid-convocadas-7-plazas-de-escala-administrativa-por-concurso-oposicion-en-turno-libre\/#breadcrumb"},"inLanguage":"es","potentialAction":[{"@type":"ReadAction","target":["https:\/\/www.emplea-te.com\/noticias-oposiciones\/universidad-autonoma-de-madrid-convocadas-7-plazas-de-escala-administrativa-por-concurso-oposicion-en-turno-libre\/"]}]},{"@type":"BreadcrumbList","@id":"https:\/\/www.emplea-te.com\/noticias-oposiciones\/universidad-autonoma-de-madrid-convocadas-7-plazas-de-escala-administrativa-por-concurso-oposicion-en-turno-libre\/#breadcrumb","itemListElement":[{"@type":"ListItem","position":1,"name":"Noticias Oposiciones","item":"https:\/\/www.emplea-te.com\/noticias-oposiciones\/"},{"@type":"ListItem","position":2,"name":"Oposiciones Madrid.","item":"https:\/\/www.emplea-te.com\/noticias-oposiciones\/categoria\/oposiciones-madrid\/"},{"@type":"ListItem","position":3,"name":"Universidad Aut\u00f3noma de Madrid. Convocadas 7 plazas de Escala Administrativa por concurso-oposici\u00f3n en turno libre."}]},{"@type":"WebSite","@id":"https:\/\/www.emplea-te.com\/noticias-oposiciones\/#website","url":"https:\/\/www.emplea-te.com\/noticias-oposiciones\/","name":"Noticas de oposiciones por Academia Emplea-te","description":"Toda la actualidad de las ofertas y convocatorias.","publisher":{"@id":"https:\/\/www.emplea-te.com\/noticias-oposiciones\/#organization"},"potentialAction":[{"@type":"SearchAction","target":{"@type":"EntryPoint","urlTemplate":"https:\/\/www.emplea-te.com\/noticias-oposiciones\/?s={search_term_string}"},"query-input":{"@type":"PropertyValueSpecification","valueRequired":true,"valueName":"search_term_string"}}],"inLanguage":"es"},{"@type":"Organization","@id":"https:\/\/www.emplea-te.com\/noticias-oposiciones\/#organization","name":"Academia de oposiciones Empl\u00e9ate","url":"https:\/\/www.emplea-te.com\/noticias-oposiciones\/","logo":{"@type":"ImageObject","inLanguage":"es","@id":"https:\/\/www.emplea-te.com\/noticias-oposiciones\/#\/schema\/logo\/image\/","url":"https:\/\/www.emplea-te.com\/noticias-oposiciones\/wp-content\/uploads\/2019\/04\/empleate.jpg","contentUrl":"https:\/\/www.emplea-te.com\/noticias-oposiciones\/wp-content\/uploads\/2019\/04\/empleate.jpg","width":250,"height":150,"caption":"Academia de oposiciones Empl\u00e9ate"},"image":{"@id":"https:\/\/www.emplea-te.com\/noticias-oposiciones\/#\/schema\/logo\/image\/"},"sameAs":["https:\/\/www.facebook.com\/AcademiaEmpleate\/","https:\/\/x.com\/Emplea_Te","https:\/\/www.instagram.com\/academia_empleate\/"]},{"@type":"Person","@id":"https:\/\/www.emplea-te.com\/noticias-oposiciones\/#\/schema\/person\/d1bc587e1af2b95e9c32aba1795509a6","name":"Empleate"}]}},"_links":{"self":[{"href":"https:\/\/www.emplea-te.com\/noticias-oposiciones\/wp-json\/wp\/v2\/posts\/17167","targetHints":{"allow":["GET"]}}],"collection":[{"href":"https:\/\/www.emplea-te.com\/noticias-oposiciones\/wp-json\/wp\/v2\/posts"}],"about":[{"href":"https:\/\/www.emplea-te.com\/noticias-oposiciones\/wp-json\/wp\/v2\/types\/post"}],"author":[{"embeddable":true,"href":"https:\/\/www.emplea-te.com\/noticias-oposiciones\/wp-json\/wp\/v2\/users\/1"}],"replies":[{"embeddable":true,"href":"https:\/\/www.emplea-te.com\/noticias-oposiciones\/wp-json\/wp\/v2\/comments?post=17167"}],"version-history":[{"count":1,"href":"https:\/\/www.emplea-te.com\/noticias-oposiciones\/wp-json\/wp\/v2\/posts\/17167\/revisions"}],"predecessor-version":[{"id":17168,"href":"https:\/\/www.emplea-te.com\/noticias-oposiciones\/wp-json\/wp\/v2\/posts\/17167\/revisions\/17168"}],"wp:attachment":[{"href":"https:\/\/www.emplea-te.com\/noticias-oposiciones\/wp-json\/wp\/v2\/media?parent=17167"}],"wp:term":[{"taxonomy":"category","embeddable":true,"href":"https:\/\/www.emplea-te.com\/noticias-oposiciones\/wp-json\/wp\/v2\/categories?post=17167"},{"taxonomy":"post_tag","embeddable":true,"href":"https:\/\/www.emplea-te.com\/noticias-oposiciones\/wp-json\/wp\/v2\/tags?post=17167"}],"curies":[{"name":"wp","href":"https:\/\/api.w.org\/{rel}","templated":true}]}}