{"id":17185,"date":"2025-12-09T10:21:34","date_gmt":"2025-12-09T09:21:34","guid":{"rendered":"https:\/\/www.emplea-te.com\/noticias-oposiciones\/?p=17185"},"modified":"2025-12-09T10:21:34","modified_gmt":"2025-12-09T09:21:34","slug":"ayuntamiento-de-madrid-fecha-del-llamamiento-extraordinario-para-la-realizacion-del-ejercicio-unico-de-256-plazas-de-auxiliar-administrativo","status":"publish","type":"post","link":"https:\/\/www.emplea-te.com\/noticias-oposiciones\/ayuntamiento-de-madrid-fecha-del-llamamiento-extraordinario-para-la-realizacion-del-ejercicio-unico-de-256-plazas-de-auxiliar-administrativo\/","title":{"rendered":"Ayuntamiento de Madrid. Fecha del llamamiento extraordinario para la realizaci\u00f3n del ejercicio \u00fanico de 256 plazas de Auxiliar Administrativo."},"content":{"rendered":"<p>Se publica en el BOAM de hoy, d\u00eda 9 de diciembre de 2025, el Anuncio de 4 de diciembre de 2025 de la Comisi\u00f3n Permanente de Selecci\u00f3n del proceso selectivo para proveer 256 plazas de la categor\u00eda de Auxiliar Administrativo del Ayuntamiento de Madrid por el que se publica lugar, fecha y hora de llamamiento extraordinario para la realizaci\u00f3n del ejercicio \u00fanico del proceso selectivo.<\/p>\n<p>La prueba se celebrar\u00e1 el lunes, d\u00eda 15 de diciembre de 2025, a las 16:00 horas, en la planta cuarta del edificio ubicado en la calle Raimundo Fern\u00e1ndez Villaverde, n.\u00ba 32.<\/p>\n<p><a href=\"https:\/\/sede.madrid.es\/FrameWork\/generacionPDF\/boam10022_4587.pdf?numeroPublicacion=10022&amp;idSeccion=60b77d9d949ea910VgnVCM100000891ecb1aRCRD&amp;nombreFichero=boam10022_4587&amp;cacheKey=61&amp;guid=5c957b93d0fda910VgnVCM100000891ecb1aRCRD&amp;csv=true\" target=\"_blank\" rel=\"noopener\"><strong>Accede a la consulta del Anuncio publicado en el BOAM referente a esta convocatoria desde este enlace.\u00a0<\/strong><\/a><\/p>\n<p>\u00bfTe vas a presentar a pr\u00f3ximas convocatorias de Auxiliar Administrativo del Ayuntamiento de Madrid?<br \/>\nPrep\u00e1rate en nuestros <a href=\"https:\/\/academiamadrid.emplea-te.com\/oposicion\/oposiciones-auxiliar-administrativo-c2\/\" target=\"_blank\" rel=\"noopener\"><strong>grupos presenciales y online de preparaci\u00f3n de oposiciones de Auxiliar Administrativo del Ayuntamiento de Madrid.\u00a0<\/strong><\/a><\/p>\n","protected":false},"excerpt":{"rendered":"<p>Se publica en el BOAM de hoy, d\u00eda 9 de diciembre de 2025, el Anuncio de 4 de diciembre de 2025 de la Comisi\u00f3n Permanente de Selecci\u00f3n del proceso selectivo para proveer 256 plazas de la categor\u00eda de Auxiliar Administrativo del Ayuntamiento de Madrid por el que se publica lugar, fecha y hora de llamamiento &hellip; <a href=\"https:\/\/www.emplea-te.com\/noticias-oposiciones\/ayuntamiento-de-madrid-fecha-del-llamamiento-extraordinario-para-la-realizacion-del-ejercicio-unico-de-256-plazas-de-auxiliar-administrativo\/\" class=\"more-link\">Continuar leyendo<span class=\"screen-reader-text\"> \u00abAyuntamiento de Madrid. Fecha del llamamiento extraordinario para la realizaci\u00f3n del ejercicio \u00fanico de 256 plazas de Auxiliar Administrativo.\u00bb<\/span><\/a><\/p>\n","protected":false},"author":1,"featured_media":0,"comment_status":"closed","ping_status":"closed","sticky":false,"template":"","format":"standard","meta":{"footnotes":""},"categories":[115,109],"tags":[49,71,103],"class_list":["post-17185","post","type-post","status-publish","format-standard","hentry","category-convocatoria-ayuntamientos","category-oposiciones-madrid","tag-convocatorias-de-oposiciones","tag-fecha-examenes","tag-informacion-procesos-selectivos"],"yoast_head":"<!-- This site is optimized with the Yoast SEO plugin v27.5 - https:\/\/yoast.com\/product\/yoast-seo-wordpress\/ -->\n<title>Ayuntamiento de Madrid. Convocatoria. Proceso selectivo.<\/title>\n<meta name=\"description\" content=\"Ayuntamiento de Madrid. Fecha del llamamiento extraordinario para la realizaci\u00f3n del ejercicio \u00fanico de 256 plazas de Auxiliar Administrativo.\" \/>\n<meta name=\"robots\" content=\"index, follow, max-snippet:-1, max-image-preview:large, max-video-preview:-1\" \/>\n<link rel=\"canonical\" href=\"https:\/\/www.emplea-te.com\/noticias-oposiciones\/ayuntamiento-de-madrid-fecha-del-llamamiento-extraordinario-para-la-realizacion-del-ejercicio-unico-de-256-plazas-de-auxiliar-administrativo\/\" \/>\n<meta property=\"og:locale\" content=\"es_ES\" \/>\n<meta property=\"og:type\" content=\"article\" \/>\n<meta property=\"og:title\" content=\"Ayuntamiento de Madrid. Convocatoria. Proceso selectivo.\" \/>\n<meta property=\"og:description\" content=\"Ayuntamiento de Madrid. Fecha del llamamiento extraordinario para la realizaci\u00f3n del ejercicio \u00fanico de 256 plazas de Auxiliar Administrativo.\" \/>\n<meta property=\"og:url\" content=\"https:\/\/www.emplea-te.com\/noticias-oposiciones\/ayuntamiento-de-madrid-fecha-del-llamamiento-extraordinario-para-la-realizacion-del-ejercicio-unico-de-256-plazas-de-auxiliar-administrativo\/\" \/>\n<meta property=\"og:site_name\" content=\"Noticas de oposiciones por Academia Emplea-te\" \/>\n<meta property=\"article:publisher\" content=\"https:\/\/www.facebook.com\/AcademiaEmpleate\/\" \/>\n<meta property=\"article:published_time\" content=\"2025-12-09T09:21:34+00:00\" \/>\n<meta name=\"author\" content=\"Empleate\" \/>\n<meta name=\"twitter:card\" content=\"summary_large_image\" \/>\n<meta name=\"twitter:creator\" content=\"@Emplea_Te\" \/>\n<meta name=\"twitter:site\" content=\"@Emplea_Te\" \/>\n<meta name=\"twitter:label1\" content=\"Escrito por\" \/>\n\t<meta name=\"twitter:data1\" content=\"Empleate\" \/>\n\t<meta name=\"twitter:label2\" content=\"Tiempo de lectura\" \/>\n\t<meta name=\"twitter:data2\" content=\"1 minuto\" \/>\n<script type=\"application\/ld+json\" class=\"yoast-schema-graph\">{\"@context\":\"https:\\\/\\\/schema.org\",\"@graph\":[{\"@type\":\"Article\",\"@id\":\"https:\\\/\\\/www.emplea-te.com\\\/noticias-oposiciones\\\/ayuntamiento-de-madrid-fecha-del-llamamiento-extraordinario-para-la-realizacion-del-ejercicio-unico-de-256-plazas-de-auxiliar-administrativo\\\/#article\",\"isPartOf\":{\"@id\":\"https:\\\/\\\/www.emplea-te.com\\\/noticias-oposiciones\\\/ayuntamiento-de-madrid-fecha-del-llamamiento-extraordinario-para-la-realizacion-del-ejercicio-unico-de-256-plazas-de-auxiliar-administrativo\\\/\"},\"author\":{\"name\":\"Empleate\",\"@id\":\"https:\\\/\\\/www.emplea-te.com\\\/noticias-oposiciones\\\/#\\\/schema\\\/person\\\/d1bc587e1af2b95e9c32aba1795509a6\"},\"headline\":\"Ayuntamiento de Madrid. Fecha del llamamiento extraordinario para la realizaci\u00f3n del ejercicio \u00fanico de 256 plazas de Auxiliar Administrativo.\",\"datePublished\":\"2025-12-09T09:21:34+00:00\",\"mainEntityOfPage\":{\"@id\":\"https:\\\/\\\/www.emplea-te.com\\\/noticias-oposiciones\\\/ayuntamiento-de-madrid-fecha-del-llamamiento-extraordinario-para-la-realizacion-del-ejercicio-unico-de-256-plazas-de-auxiliar-administrativo\\\/\"},\"wordCount\":165,\"publisher\":{\"@id\":\"https:\\\/\\\/www.emplea-te.com\\\/noticias-oposiciones\\\/#organization\"},\"keywords\":[\"Convocatoria\",\"Fecha ex\u00e1menes\",\"Informaci\u00f3n procesos selectivos\"],\"articleSection\":[\"CONVOCATORIA AYUNTAMIENTOS\",\"Oposiciones Madrid.\"],\"inLanguage\":\"es\"},{\"@type\":\"WebPage\",\"@id\":\"https:\\\/\\\/www.emplea-te.com\\\/noticias-oposiciones\\\/ayuntamiento-de-madrid-fecha-del-llamamiento-extraordinario-para-la-realizacion-del-ejercicio-unico-de-256-plazas-de-auxiliar-administrativo\\\/\",\"url\":\"https:\\\/\\\/www.emplea-te.com\\\/noticias-oposiciones\\\/ayuntamiento-de-madrid-fecha-del-llamamiento-extraordinario-para-la-realizacion-del-ejercicio-unico-de-256-plazas-de-auxiliar-administrativo\\\/\",\"name\":\"Ayuntamiento de Madrid. Convocatoria. Proceso selectivo.\",\"isPartOf\":{\"@id\":\"https:\\\/\\\/www.emplea-te.com\\\/noticias-oposiciones\\\/#website\"},\"datePublished\":\"2025-12-09T09:21:34+00:00\",\"description\":\"Ayuntamiento de Madrid. Fecha del llamamiento extraordinario para la realizaci\u00f3n del ejercicio \u00fanico de 256 plazas de Auxiliar Administrativo.\",\"breadcrumb\":{\"@id\":\"https:\\\/\\\/www.emplea-te.com\\\/noticias-oposiciones\\\/ayuntamiento-de-madrid-fecha-del-llamamiento-extraordinario-para-la-realizacion-del-ejercicio-unico-de-256-plazas-de-auxiliar-administrativo\\\/#breadcrumb\"},\"inLanguage\":\"es\",\"potentialAction\":[{\"@type\":\"ReadAction\",\"target\":[\"https:\\\/\\\/www.emplea-te.com\\\/noticias-oposiciones\\\/ayuntamiento-de-madrid-fecha-del-llamamiento-extraordinario-para-la-realizacion-del-ejercicio-unico-de-256-plazas-de-auxiliar-administrativo\\\/\"]}]},{\"@type\":\"BreadcrumbList\",\"@id\":\"https:\\\/\\\/www.emplea-te.com\\\/noticias-oposiciones\\\/ayuntamiento-de-madrid-fecha-del-llamamiento-extraordinario-para-la-realizacion-del-ejercicio-unico-de-256-plazas-de-auxiliar-administrativo\\\/#breadcrumb\",\"itemListElement\":[{\"@type\":\"ListItem\",\"position\":1,\"name\":\"Noticias Oposiciones\",\"item\":\"https:\\\/\\\/www.emplea-te.com\\\/noticias-oposiciones\\\/\"},{\"@type\":\"ListItem\",\"position\":2,\"name\":\"Oposiciones Madrid.\",\"item\":\"https:\\\/\\\/www.emplea-te.com\\\/noticias-oposiciones\\\/categoria\\\/oposiciones-madrid\\\/\"},{\"@type\":\"ListItem\",\"position\":3,\"name\":\"Ayuntamiento de Madrid. Fecha del llamamiento extraordinario para la realizaci\u00f3n del ejercicio \u00fanico de 256 plazas de Auxiliar Administrativo.\"}]},{\"@type\":\"WebSite\",\"@id\":\"https:\\\/\\\/www.emplea-te.com\\\/noticias-oposiciones\\\/#website\",\"url\":\"https:\\\/\\\/www.emplea-te.com\\\/noticias-oposiciones\\\/\",\"name\":\"Noticas de oposiciones por Academia Emplea-te\",\"description\":\"Toda la actualidad de las ofertas y convocatorias.\",\"publisher\":{\"@id\":\"https:\\\/\\\/www.emplea-te.com\\\/noticias-oposiciones\\\/#organization\"},\"potentialAction\":[{\"@type\":\"SearchAction\",\"target\":{\"@type\":\"EntryPoint\",\"urlTemplate\":\"https:\\\/\\\/www.emplea-te.com\\\/noticias-oposiciones\\\/?s={search_term_string}\"},\"query-input\":{\"@type\":\"PropertyValueSpecification\",\"valueRequired\":true,\"valueName\":\"search_term_string\"}}],\"inLanguage\":\"es\"},{\"@type\":\"Organization\",\"@id\":\"https:\\\/\\\/www.emplea-te.com\\\/noticias-oposiciones\\\/#organization\",\"name\":\"Academia de oposiciones Empl\u00e9ate\",\"url\":\"https:\\\/\\\/www.emplea-te.com\\\/noticias-oposiciones\\\/\",\"logo\":{\"@type\":\"ImageObject\",\"inLanguage\":\"es\",\"@id\":\"https:\\\/\\\/www.emplea-te.com\\\/noticias-oposiciones\\\/#\\\/schema\\\/logo\\\/image\\\/\",\"url\":\"https:\\\/\\\/www.emplea-te.com\\\/noticias-oposiciones\\\/wp-content\\\/uploads\\\/2019\\\/04\\\/empleate.jpg\",\"contentUrl\":\"https:\\\/\\\/www.emplea-te.com\\\/noticias-oposiciones\\\/wp-content\\\/uploads\\\/2019\\\/04\\\/empleate.jpg\",\"width\":250,\"height\":150,\"caption\":\"Academia de oposiciones Empl\u00e9ate\"},\"image\":{\"@id\":\"https:\\\/\\\/www.emplea-te.com\\\/noticias-oposiciones\\\/#\\\/schema\\\/logo\\\/image\\\/\"},\"sameAs\":[\"https:\\\/\\\/www.facebook.com\\\/AcademiaEmpleate\\\/\",\"https:\\\/\\\/x.com\\\/Emplea_Te\",\"https:\\\/\\\/www.instagram.com\\\/academia_empleate\\\/\"]},{\"@type\":\"Person\",\"@id\":\"https:\\\/\\\/www.emplea-te.com\\\/noticias-oposiciones\\\/#\\\/schema\\\/person\\\/d1bc587e1af2b95e9c32aba1795509a6\",\"name\":\"Empleate\"}]}<\/script>\n<!-- \/ Yoast SEO plugin. -->","yoast_head_json":{"title":"Ayuntamiento de Madrid. Convocatoria. Proceso selectivo.","description":"Ayuntamiento de Madrid. Fecha del llamamiento extraordinario para la realizaci\u00f3n del ejercicio \u00fanico de 256 plazas de Auxiliar Administrativo.","robots":{"index":"index","follow":"follow","max-snippet":"max-snippet:-1","max-image-preview":"max-image-preview:large","max-video-preview":"max-video-preview:-1"},"canonical":"https:\/\/www.emplea-te.com\/noticias-oposiciones\/ayuntamiento-de-madrid-fecha-del-llamamiento-extraordinario-para-la-realizacion-del-ejercicio-unico-de-256-plazas-de-auxiliar-administrativo\/","og_locale":"es_ES","og_type":"article","og_title":"Ayuntamiento de Madrid. Convocatoria. Proceso selectivo.","og_description":"Ayuntamiento de Madrid. Fecha del llamamiento extraordinario para la realizaci\u00f3n del ejercicio \u00fanico de 256 plazas de Auxiliar Administrativo.","og_url":"https:\/\/www.emplea-te.com\/noticias-oposiciones\/ayuntamiento-de-madrid-fecha-del-llamamiento-extraordinario-para-la-realizacion-del-ejercicio-unico-de-256-plazas-de-auxiliar-administrativo\/","og_site_name":"Noticas de oposiciones por Academia Emplea-te","article_publisher":"https:\/\/www.facebook.com\/AcademiaEmpleate\/","article_published_time":"2025-12-09T09:21:34+00:00","author":"Empleate","twitter_card":"summary_large_image","twitter_creator":"@Emplea_Te","twitter_site":"@Emplea_Te","twitter_misc":{"Escrito por":"Empleate","Tiempo de lectura":"1 minuto"},"schema":{"@context":"https:\/\/schema.org","@graph":[{"@type":"Article","@id":"https:\/\/www.emplea-te.com\/noticias-oposiciones\/ayuntamiento-de-madrid-fecha-del-llamamiento-extraordinario-para-la-realizacion-del-ejercicio-unico-de-256-plazas-de-auxiliar-administrativo\/#article","isPartOf":{"@id":"https:\/\/www.emplea-te.com\/noticias-oposiciones\/ayuntamiento-de-madrid-fecha-del-llamamiento-extraordinario-para-la-realizacion-del-ejercicio-unico-de-256-plazas-de-auxiliar-administrativo\/"},"author":{"name":"Empleate","@id":"https:\/\/www.emplea-te.com\/noticias-oposiciones\/#\/schema\/person\/d1bc587e1af2b95e9c32aba1795509a6"},"headline":"Ayuntamiento de Madrid. Fecha del llamamiento extraordinario para la realizaci\u00f3n del ejercicio \u00fanico de 256 plazas de Auxiliar Administrativo.","datePublished":"2025-12-09T09:21:34+00:00","mainEntityOfPage":{"@id":"https:\/\/www.emplea-te.com\/noticias-oposiciones\/ayuntamiento-de-madrid-fecha-del-llamamiento-extraordinario-para-la-realizacion-del-ejercicio-unico-de-256-plazas-de-auxiliar-administrativo\/"},"wordCount":165,"publisher":{"@id":"https:\/\/www.emplea-te.com\/noticias-oposiciones\/#organization"},"keywords":["Convocatoria","Fecha ex\u00e1menes","Informaci\u00f3n procesos selectivos"],"articleSection":["CONVOCATORIA AYUNTAMIENTOS","Oposiciones Madrid."],"inLanguage":"es"},{"@type":"WebPage","@id":"https:\/\/www.emplea-te.com\/noticias-oposiciones\/ayuntamiento-de-madrid-fecha-del-llamamiento-extraordinario-para-la-realizacion-del-ejercicio-unico-de-256-plazas-de-auxiliar-administrativo\/","url":"https:\/\/www.emplea-te.com\/noticias-oposiciones\/ayuntamiento-de-madrid-fecha-del-llamamiento-extraordinario-para-la-realizacion-del-ejercicio-unico-de-256-plazas-de-auxiliar-administrativo\/","name":"Ayuntamiento de Madrid. Convocatoria. Proceso selectivo.","isPartOf":{"@id":"https:\/\/www.emplea-te.com\/noticias-oposiciones\/#website"},"datePublished":"2025-12-09T09:21:34+00:00","description":"Ayuntamiento de Madrid. Fecha del llamamiento extraordinario para la realizaci\u00f3n del ejercicio \u00fanico de 256 plazas de Auxiliar Administrativo.","breadcrumb":{"@id":"https:\/\/www.emplea-te.com\/noticias-oposiciones\/ayuntamiento-de-madrid-fecha-del-llamamiento-extraordinario-para-la-realizacion-del-ejercicio-unico-de-256-plazas-de-auxiliar-administrativo\/#breadcrumb"},"inLanguage":"es","potentialAction":[{"@type":"ReadAction","target":["https:\/\/www.emplea-te.com\/noticias-oposiciones\/ayuntamiento-de-madrid-fecha-del-llamamiento-extraordinario-para-la-realizacion-del-ejercicio-unico-de-256-plazas-de-auxiliar-administrativo\/"]}]},{"@type":"BreadcrumbList","@id":"https:\/\/www.emplea-te.com\/noticias-oposiciones\/ayuntamiento-de-madrid-fecha-del-llamamiento-extraordinario-para-la-realizacion-del-ejercicio-unico-de-256-plazas-de-auxiliar-administrativo\/#breadcrumb","itemListElement":[{"@type":"ListItem","position":1,"name":"Noticias Oposiciones","item":"https:\/\/www.emplea-te.com\/noticias-oposiciones\/"},{"@type":"ListItem","position":2,"name":"Oposiciones Madrid.","item":"https:\/\/www.emplea-te.com\/noticias-oposiciones\/categoria\/oposiciones-madrid\/"},{"@type":"ListItem","position":3,"name":"Ayuntamiento de Madrid. Fecha del llamamiento extraordinario para la realizaci\u00f3n del ejercicio \u00fanico de 256 plazas de Auxiliar Administrativo."}]},{"@type":"WebSite","@id":"https:\/\/www.emplea-te.com\/noticias-oposiciones\/#website","url":"https:\/\/www.emplea-te.com\/noticias-oposiciones\/","name":"Noticas de oposiciones por Academia Emplea-te","description":"Toda la actualidad de las ofertas y convocatorias.","publisher":{"@id":"https:\/\/www.emplea-te.com\/noticias-oposiciones\/#organization"},"potentialAction":[{"@type":"SearchAction","target":{"@type":"EntryPoint","urlTemplate":"https:\/\/www.emplea-te.com\/noticias-oposiciones\/?s={search_term_string}"},"query-input":{"@type":"PropertyValueSpecification","valueRequired":true,"valueName":"search_term_string"}}],"inLanguage":"es"},{"@type":"Organization","@id":"https:\/\/www.emplea-te.com\/noticias-oposiciones\/#organization","name":"Academia de oposiciones Empl\u00e9ate","url":"https:\/\/www.emplea-te.com\/noticias-oposiciones\/","logo":{"@type":"ImageObject","inLanguage":"es","@id":"https:\/\/www.emplea-te.com\/noticias-oposiciones\/#\/schema\/logo\/image\/","url":"https:\/\/www.emplea-te.com\/noticias-oposiciones\/wp-content\/uploads\/2019\/04\/empleate.jpg","contentUrl":"https:\/\/www.emplea-te.com\/noticias-oposiciones\/wp-content\/uploads\/2019\/04\/empleate.jpg","width":250,"height":150,"caption":"Academia de oposiciones Empl\u00e9ate"},"image":{"@id":"https:\/\/www.emplea-te.com\/noticias-oposiciones\/#\/schema\/logo\/image\/"},"sameAs":["https:\/\/www.facebook.com\/AcademiaEmpleate\/","https:\/\/x.com\/Emplea_Te","https:\/\/www.instagram.com\/academia_empleate\/"]},{"@type":"Person","@id":"https:\/\/www.emplea-te.com\/noticias-oposiciones\/#\/schema\/person\/d1bc587e1af2b95e9c32aba1795509a6","name":"Empleate"}]}},"_links":{"self":[{"href":"https:\/\/www.emplea-te.com\/noticias-oposiciones\/wp-json\/wp\/v2\/posts\/17185","targetHints":{"allow":["GET"]}}],"collection":[{"href":"https:\/\/www.emplea-te.com\/noticias-oposiciones\/wp-json\/wp\/v2\/posts"}],"about":[{"href":"https:\/\/www.emplea-te.com\/noticias-oposiciones\/wp-json\/wp\/v2\/types\/post"}],"author":[{"embeddable":true,"href":"https:\/\/www.emplea-te.com\/noticias-oposiciones\/wp-json\/wp\/v2\/users\/1"}],"replies":[{"embeddable":true,"href":"https:\/\/www.emplea-te.com\/noticias-oposiciones\/wp-json\/wp\/v2\/comments?post=17185"}],"version-history":[{"count":1,"href":"https:\/\/www.emplea-te.com\/noticias-oposiciones\/wp-json\/wp\/v2\/posts\/17185\/revisions"}],"predecessor-version":[{"id":17186,"href":"https:\/\/www.emplea-te.com\/noticias-oposiciones\/wp-json\/wp\/v2\/posts\/17185\/revisions\/17186"}],"wp:attachment":[{"href":"https:\/\/www.emplea-te.com\/noticias-oposiciones\/wp-json\/wp\/v2\/media?parent=17185"}],"wp:term":[{"taxonomy":"category","embeddable":true,"href":"https:\/\/www.emplea-te.com\/noticias-oposiciones\/wp-json\/wp\/v2\/categories?post=17185"},{"taxonomy":"post_tag","embeddable":true,"href":"https:\/\/www.emplea-te.com\/noticias-oposiciones\/wp-json\/wp\/v2\/tags?post=17185"}],"curies":[{"name":"wp","href":"https:\/\/api.w.org\/{rel}","templated":true}]}}