{"id":17192,"date":"2025-12-10T09:52:53","date_gmt":"2025-12-10T08:52:53","guid":{"rendered":"https:\/\/www.emplea-te.com\/noticias-oposiciones\/?p=17192"},"modified":"2025-12-10T09:52:53","modified_gmt":"2025-12-10T08:52:53","slug":"ayuntamiento-de-ordes-correccion-bases-regidoras-de-la-convocatoria-de-bolsa-de-empleo-de-administrativo-c1","status":"publish","type":"post","link":"https:\/\/www.emplea-te.com\/noticias-oposiciones\/ayuntamiento-de-ordes-correccion-bases-regidoras-de-la-convocatoria-de-bolsa-de-empleo-de-administrativo-c1\/","title":{"rendered":"Ayuntamiento de Ordes. Correcci\u00f3n bases regidoras de la convocatoria de Bolsa de Empleo de Administrativo C1."},"content":{"rendered":"<p>Se publica en el BOP de la Provincia de A Coru\u00f1a de hoy, d\u00eda 10 de diciembre de 2025, la correcci\u00f3n del error material en las bases regidoras de la convocatoria de proceso selectivo convocado para la creaci\u00f3n de una Bolsa de Empleo de Administrativos C1 en el Ayuntamiento de Ordes.<\/p>\n<p>La correcci\u00f3n se refiere a la base 6. Desarrollo del proceso selectivo:<\/p>\n<p><strong>Donde dice:<\/strong><br \/>\nEl tribunal determinar\u00e1 el nivel de conocimientos exigidos para alcanzar la puntuaci\u00f3n m\u00ednima.<br \/>\n<strong>La puntuaci\u00f3n final de la fase de oposici\u00f3n<\/strong> de cada aspirante ser\u00e1 la media aritm\u00e9tica de las cualificaciones de la <strong>primera y de la tercera prueba<\/strong>, y ser\u00e1 necesario alcanzar en cada una de las pruebas un m\u00ednimo de 5 puntos para superar la oposici\u00f3n.<\/p>\n<p><strong>Debe decir:<\/strong><br \/>\nEl tribunal determinar\u00e1 el nivel de conocimientos exigidos para alcanzar la puntuaci\u00f3n m\u00ednima.<br \/>\nLa<strong> puntuaci\u00f3n final de la fase de oposici\u00f3n<\/strong> de cada aspirante ser\u00e1 la media aritm\u00e9tica de las cualificaciones de la<strong> primera y de la segunda prueba<\/strong>, y ser\u00e1 necesario alcanzar en cada una de las pruebas un m\u00ednimo de 5 puntos para superar la oposici\u00f3n.<\/p>\n<p><a href=\"https:\/\/bop.dacoruna.gal\/bopportal\/publicado\/2025\/12\/01\/2025_0000007896.pdf\" target=\"_blank\" rel=\"noopener\"><strong>Accede a la consulta de las bases regidoras de esta convocatoria publicadas el d\u00eda 01\/12\/2025<\/strong><\/a><\/p>\n<p><a href=\"https:\/\/bop.dacoruna.gal\/bopportal\/publicado\/2025\/12\/10\/2025_0000008198.pdf\" target=\"_blank\" rel=\"noopener\"><strong>Accede a la correcci\u00f3n de las mismas publicadas en el BOP Coru\u00f1a de hoy.\u00a0<\/strong><\/a><\/p>\n<p>\u00a1Prep\u00e1rate para trabajar como administrativo del Ayuntamiento de Ordes en nuestros <a href=\"https:\/\/www.emplea-te.com\/70\/oposiciones-de-ayuntamientos-de-galicia\" target=\"_blank\" rel=\"noopener\"><strong>grupos presenciales y online de preparaci\u00f3n de oposiciones de administraci\u00f3n de Ayuntamientos de Galicia<\/strong><\/a>!<\/p>\n","protected":false},"excerpt":{"rendered":"<p>Se publica en el BOP de la Provincia de A Coru\u00f1a de hoy, d\u00eda 10 de diciembre de 2025, la correcci\u00f3n del error material en las bases regidoras de la convocatoria de proceso selectivo convocado para la creaci\u00f3n de una Bolsa de Empleo de Administrativos C1 en el Ayuntamiento de Ordes. La correcci\u00f3n se refiere &hellip; <a href=\"https:\/\/www.emplea-te.com\/noticias-oposiciones\/ayuntamiento-de-ordes-correccion-bases-regidoras-de-la-convocatoria-de-bolsa-de-empleo-de-administrativo-c1\/\" class=\"more-link\">Continuar leyendo<span class=\"screen-reader-text\"> \u00abAyuntamiento de Ordes. Correcci\u00f3n bases regidoras de la convocatoria de Bolsa de Empleo de Administrativo C1.\u00bb<\/span><\/a><\/p>\n","protected":false},"author":1,"featured_media":0,"comment_status":"closed","ping_status":"closed","sticky":false,"template":"","format":"standard","meta":{"footnotes":""},"categories":[37,56],"tags":[123,49,103],"class_list":["post-17192","post","type-post","status-publish","format-standard","hentry","category-convocatorias-ayuntamientos","category-oposiciones-autonomicas-galicia","tag-bases-especificas-convocatoria","tag-convocatorias-de-oposiciones","tag-informacion-procesos-selectivos"],"yoast_head":"<!-- This site is optimized with the Yoast SEO plugin v27.5 - https:\/\/yoast.com\/product\/yoast-seo-wordpress\/ -->\n<title>Ayuntamiento de Ordes. Convocatoria. Proceso selectivo.<\/title>\n<meta name=\"description\" content=\"Ayuntamiento de Ordes. Correcci\u00f3n bases regidoras de la convocatoria de Bolsa de Empleo de Administrativo C1.\" \/>\n<meta name=\"robots\" content=\"index, follow, max-snippet:-1, max-image-preview:large, max-video-preview:-1\" \/>\n<link rel=\"canonical\" href=\"https:\/\/www.emplea-te.com\/noticias-oposiciones\/ayuntamiento-de-ordes-correccion-bases-regidoras-de-la-convocatoria-de-bolsa-de-empleo-de-administrativo-c1\/\" \/>\n<meta property=\"og:locale\" content=\"es_ES\" \/>\n<meta property=\"og:type\" content=\"article\" \/>\n<meta property=\"og:title\" content=\"Ayuntamiento de Ordes. Convocatoria. Proceso selectivo.\" \/>\n<meta property=\"og:description\" content=\"Ayuntamiento de Ordes. Correcci\u00f3n bases regidoras de la convocatoria de Bolsa de Empleo de Administrativo C1.\" \/>\n<meta property=\"og:url\" content=\"https:\/\/www.emplea-te.com\/noticias-oposiciones\/ayuntamiento-de-ordes-correccion-bases-regidoras-de-la-convocatoria-de-bolsa-de-empleo-de-administrativo-c1\/\" \/>\n<meta property=\"og:site_name\" content=\"Noticas de oposiciones por Academia Emplea-te\" \/>\n<meta property=\"article:publisher\" content=\"https:\/\/www.facebook.com\/AcademiaEmpleate\/\" \/>\n<meta property=\"article:published_time\" content=\"2025-12-10T08:52:53+00:00\" \/>\n<meta name=\"author\" content=\"Empleate\" \/>\n<meta name=\"twitter:card\" content=\"summary_large_image\" \/>\n<meta name=\"twitter:creator\" content=\"@Emplea_Te\" \/>\n<meta name=\"twitter:site\" content=\"@Emplea_Te\" \/>\n<meta name=\"twitter:label1\" content=\"Escrito por\" \/>\n\t<meta name=\"twitter:data1\" content=\"Empleate\" \/>\n\t<meta name=\"twitter:label2\" content=\"Tiempo de lectura\" \/>\n\t<meta name=\"twitter:data2\" content=\"2 minutos\" \/>\n<script type=\"application\/ld+json\" class=\"yoast-schema-graph\">{\"@context\":\"https:\\\/\\\/schema.org\",\"@graph\":[{\"@type\":\"Article\",\"@id\":\"https:\\\/\\\/www.emplea-te.com\\\/noticias-oposiciones\\\/ayuntamiento-de-ordes-correccion-bases-regidoras-de-la-convocatoria-de-bolsa-de-empleo-de-administrativo-c1\\\/#article\",\"isPartOf\":{\"@id\":\"https:\\\/\\\/www.emplea-te.com\\\/noticias-oposiciones\\\/ayuntamiento-de-ordes-correccion-bases-regidoras-de-la-convocatoria-de-bolsa-de-empleo-de-administrativo-c1\\\/\"},\"author\":{\"name\":\"Empleate\",\"@id\":\"https:\\\/\\\/www.emplea-te.com\\\/noticias-oposiciones\\\/#\\\/schema\\\/person\\\/d1bc587e1af2b95e9c32aba1795509a6\"},\"headline\":\"Ayuntamiento de Ordes. Correcci\u00f3n bases regidoras de la convocatoria de Bolsa de Empleo de Administrativo C1.\",\"datePublished\":\"2025-12-10T08:52:53+00:00\",\"mainEntityOfPage\":{\"@id\":\"https:\\\/\\\/www.emplea-te.com\\\/noticias-oposiciones\\\/ayuntamiento-de-ordes-correccion-bases-regidoras-de-la-convocatoria-de-bolsa-de-empleo-de-administrativo-c1\\\/\"},\"wordCount\":273,\"publisher\":{\"@id\":\"https:\\\/\\\/www.emplea-te.com\\\/noticias-oposiciones\\\/#organization\"},\"keywords\":[\"Bases espec\u00edficas convocatoria\",\"Convocatoria\",\"Informaci\u00f3n procesos selectivos\"],\"articleSection\":[\"Convocatorias Ayuntamientos\",\"Oposiciones Auton\u00f3micas Galicia\"],\"inLanguage\":\"es\"},{\"@type\":\"WebPage\",\"@id\":\"https:\\\/\\\/www.emplea-te.com\\\/noticias-oposiciones\\\/ayuntamiento-de-ordes-correccion-bases-regidoras-de-la-convocatoria-de-bolsa-de-empleo-de-administrativo-c1\\\/\",\"url\":\"https:\\\/\\\/www.emplea-te.com\\\/noticias-oposiciones\\\/ayuntamiento-de-ordes-correccion-bases-regidoras-de-la-convocatoria-de-bolsa-de-empleo-de-administrativo-c1\\\/\",\"name\":\"Ayuntamiento de Ordes. Convocatoria. Proceso selectivo.\",\"isPartOf\":{\"@id\":\"https:\\\/\\\/www.emplea-te.com\\\/noticias-oposiciones\\\/#website\"},\"datePublished\":\"2025-12-10T08:52:53+00:00\",\"description\":\"Ayuntamiento de Ordes. Correcci\u00f3n bases regidoras de la convocatoria de Bolsa de Empleo de Administrativo C1.\",\"breadcrumb\":{\"@id\":\"https:\\\/\\\/www.emplea-te.com\\\/noticias-oposiciones\\\/ayuntamiento-de-ordes-correccion-bases-regidoras-de-la-convocatoria-de-bolsa-de-empleo-de-administrativo-c1\\\/#breadcrumb\"},\"inLanguage\":\"es\",\"potentialAction\":[{\"@type\":\"ReadAction\",\"target\":[\"https:\\\/\\\/www.emplea-te.com\\\/noticias-oposiciones\\\/ayuntamiento-de-ordes-correccion-bases-regidoras-de-la-convocatoria-de-bolsa-de-empleo-de-administrativo-c1\\\/\"]}]},{\"@type\":\"BreadcrumbList\",\"@id\":\"https:\\\/\\\/www.emplea-te.com\\\/noticias-oposiciones\\\/ayuntamiento-de-ordes-correccion-bases-regidoras-de-la-convocatoria-de-bolsa-de-empleo-de-administrativo-c1\\\/#breadcrumb\",\"itemListElement\":[{\"@type\":\"ListItem\",\"position\":1,\"name\":\"Noticias Oposiciones\",\"item\":\"https:\\\/\\\/www.emplea-te.com\\\/noticias-oposiciones\\\/\"},{\"@type\":\"ListItem\",\"position\":2,\"name\":\"Oposiciones Auton\u00f3micas Galicia\",\"item\":\"https:\\\/\\\/www.emplea-te.com\\\/noticias-oposiciones\\\/categoria\\\/oposiciones-autonomicas-galicia\\\/\"},{\"@type\":\"ListItem\",\"position\":3,\"name\":\"Ayuntamiento de Ordes. Correcci\u00f3n bases regidoras de la convocatoria de Bolsa de Empleo de Administrativo C1.\"}]},{\"@type\":\"WebSite\",\"@id\":\"https:\\\/\\\/www.emplea-te.com\\\/noticias-oposiciones\\\/#website\",\"url\":\"https:\\\/\\\/www.emplea-te.com\\\/noticias-oposiciones\\\/\",\"name\":\"Noticas de oposiciones por Academia Emplea-te\",\"description\":\"Toda la actualidad de las ofertas y convocatorias.\",\"publisher\":{\"@id\":\"https:\\\/\\\/www.emplea-te.com\\\/noticias-oposiciones\\\/#organization\"},\"potentialAction\":[{\"@type\":\"SearchAction\",\"target\":{\"@type\":\"EntryPoint\",\"urlTemplate\":\"https:\\\/\\\/www.emplea-te.com\\\/noticias-oposiciones\\\/?s={search_term_string}\"},\"query-input\":{\"@type\":\"PropertyValueSpecification\",\"valueRequired\":true,\"valueName\":\"search_term_string\"}}],\"inLanguage\":\"es\"},{\"@type\":\"Organization\",\"@id\":\"https:\\\/\\\/www.emplea-te.com\\\/noticias-oposiciones\\\/#organization\",\"name\":\"Academia de oposiciones Empl\u00e9ate\",\"url\":\"https:\\\/\\\/www.emplea-te.com\\\/noticias-oposiciones\\\/\",\"logo\":{\"@type\":\"ImageObject\",\"inLanguage\":\"es\",\"@id\":\"https:\\\/\\\/www.emplea-te.com\\\/noticias-oposiciones\\\/#\\\/schema\\\/logo\\\/image\\\/\",\"url\":\"https:\\\/\\\/www.emplea-te.com\\\/noticias-oposiciones\\\/wp-content\\\/uploads\\\/2019\\\/04\\\/empleate.jpg\",\"contentUrl\":\"https:\\\/\\\/www.emplea-te.com\\\/noticias-oposiciones\\\/wp-content\\\/uploads\\\/2019\\\/04\\\/empleate.jpg\",\"width\":250,\"height\":150,\"caption\":\"Academia de oposiciones Empl\u00e9ate\"},\"image\":{\"@id\":\"https:\\\/\\\/www.emplea-te.com\\\/noticias-oposiciones\\\/#\\\/schema\\\/logo\\\/image\\\/\"},\"sameAs\":[\"https:\\\/\\\/www.facebook.com\\\/AcademiaEmpleate\\\/\",\"https:\\\/\\\/x.com\\\/Emplea_Te\",\"https:\\\/\\\/www.instagram.com\\\/academia_empleate\\\/\"]},{\"@type\":\"Person\",\"@id\":\"https:\\\/\\\/www.emplea-te.com\\\/noticias-oposiciones\\\/#\\\/schema\\\/person\\\/d1bc587e1af2b95e9c32aba1795509a6\",\"name\":\"Empleate\"}]}<\/script>\n<!-- \/ Yoast SEO plugin. -->","yoast_head_json":{"title":"Ayuntamiento de Ordes. Convocatoria. Proceso selectivo.","description":"Ayuntamiento de Ordes. Correcci\u00f3n bases regidoras de la convocatoria de Bolsa de Empleo de Administrativo C1.","robots":{"index":"index","follow":"follow","max-snippet":"max-snippet:-1","max-image-preview":"max-image-preview:large","max-video-preview":"max-video-preview:-1"},"canonical":"https:\/\/www.emplea-te.com\/noticias-oposiciones\/ayuntamiento-de-ordes-correccion-bases-regidoras-de-la-convocatoria-de-bolsa-de-empleo-de-administrativo-c1\/","og_locale":"es_ES","og_type":"article","og_title":"Ayuntamiento de Ordes. Convocatoria. Proceso selectivo.","og_description":"Ayuntamiento de Ordes. Correcci\u00f3n bases regidoras de la convocatoria de Bolsa de Empleo de Administrativo C1.","og_url":"https:\/\/www.emplea-te.com\/noticias-oposiciones\/ayuntamiento-de-ordes-correccion-bases-regidoras-de-la-convocatoria-de-bolsa-de-empleo-de-administrativo-c1\/","og_site_name":"Noticas de oposiciones por Academia Emplea-te","article_publisher":"https:\/\/www.facebook.com\/AcademiaEmpleate\/","article_published_time":"2025-12-10T08:52:53+00:00","author":"Empleate","twitter_card":"summary_large_image","twitter_creator":"@Emplea_Te","twitter_site":"@Emplea_Te","twitter_misc":{"Escrito por":"Empleate","Tiempo de lectura":"2 minutos"},"schema":{"@context":"https:\/\/schema.org","@graph":[{"@type":"Article","@id":"https:\/\/www.emplea-te.com\/noticias-oposiciones\/ayuntamiento-de-ordes-correccion-bases-regidoras-de-la-convocatoria-de-bolsa-de-empleo-de-administrativo-c1\/#article","isPartOf":{"@id":"https:\/\/www.emplea-te.com\/noticias-oposiciones\/ayuntamiento-de-ordes-correccion-bases-regidoras-de-la-convocatoria-de-bolsa-de-empleo-de-administrativo-c1\/"},"author":{"name":"Empleate","@id":"https:\/\/www.emplea-te.com\/noticias-oposiciones\/#\/schema\/person\/d1bc587e1af2b95e9c32aba1795509a6"},"headline":"Ayuntamiento de Ordes. Correcci\u00f3n bases regidoras de la convocatoria de Bolsa de Empleo de Administrativo C1.","datePublished":"2025-12-10T08:52:53+00:00","mainEntityOfPage":{"@id":"https:\/\/www.emplea-te.com\/noticias-oposiciones\/ayuntamiento-de-ordes-correccion-bases-regidoras-de-la-convocatoria-de-bolsa-de-empleo-de-administrativo-c1\/"},"wordCount":273,"publisher":{"@id":"https:\/\/www.emplea-te.com\/noticias-oposiciones\/#organization"},"keywords":["Bases espec\u00edficas convocatoria","Convocatoria","Informaci\u00f3n procesos selectivos"],"articleSection":["Convocatorias Ayuntamientos","Oposiciones Auton\u00f3micas Galicia"],"inLanguage":"es"},{"@type":"WebPage","@id":"https:\/\/www.emplea-te.com\/noticias-oposiciones\/ayuntamiento-de-ordes-correccion-bases-regidoras-de-la-convocatoria-de-bolsa-de-empleo-de-administrativo-c1\/","url":"https:\/\/www.emplea-te.com\/noticias-oposiciones\/ayuntamiento-de-ordes-correccion-bases-regidoras-de-la-convocatoria-de-bolsa-de-empleo-de-administrativo-c1\/","name":"Ayuntamiento de Ordes. Convocatoria. Proceso selectivo.","isPartOf":{"@id":"https:\/\/www.emplea-te.com\/noticias-oposiciones\/#website"},"datePublished":"2025-12-10T08:52:53+00:00","description":"Ayuntamiento de Ordes. Correcci\u00f3n bases regidoras de la convocatoria de Bolsa de Empleo de Administrativo C1.","breadcrumb":{"@id":"https:\/\/www.emplea-te.com\/noticias-oposiciones\/ayuntamiento-de-ordes-correccion-bases-regidoras-de-la-convocatoria-de-bolsa-de-empleo-de-administrativo-c1\/#breadcrumb"},"inLanguage":"es","potentialAction":[{"@type":"ReadAction","target":["https:\/\/www.emplea-te.com\/noticias-oposiciones\/ayuntamiento-de-ordes-correccion-bases-regidoras-de-la-convocatoria-de-bolsa-de-empleo-de-administrativo-c1\/"]}]},{"@type":"BreadcrumbList","@id":"https:\/\/www.emplea-te.com\/noticias-oposiciones\/ayuntamiento-de-ordes-correccion-bases-regidoras-de-la-convocatoria-de-bolsa-de-empleo-de-administrativo-c1\/#breadcrumb","itemListElement":[{"@type":"ListItem","position":1,"name":"Noticias Oposiciones","item":"https:\/\/www.emplea-te.com\/noticias-oposiciones\/"},{"@type":"ListItem","position":2,"name":"Oposiciones Auton\u00f3micas Galicia","item":"https:\/\/www.emplea-te.com\/noticias-oposiciones\/categoria\/oposiciones-autonomicas-galicia\/"},{"@type":"ListItem","position":3,"name":"Ayuntamiento de Ordes. Correcci\u00f3n bases regidoras de la convocatoria de Bolsa de Empleo de Administrativo C1."}]},{"@type":"WebSite","@id":"https:\/\/www.emplea-te.com\/noticias-oposiciones\/#website","url":"https:\/\/www.emplea-te.com\/noticias-oposiciones\/","name":"Noticas de oposiciones por Academia Emplea-te","description":"Toda la actualidad de las ofertas y convocatorias.","publisher":{"@id":"https:\/\/www.emplea-te.com\/noticias-oposiciones\/#organization"},"potentialAction":[{"@type":"SearchAction","target":{"@type":"EntryPoint","urlTemplate":"https:\/\/www.emplea-te.com\/noticias-oposiciones\/?s={search_term_string}"},"query-input":{"@type":"PropertyValueSpecification","valueRequired":true,"valueName":"search_term_string"}}],"inLanguage":"es"},{"@type":"Organization","@id":"https:\/\/www.emplea-te.com\/noticias-oposiciones\/#organization","name":"Academia de oposiciones Empl\u00e9ate","url":"https:\/\/www.emplea-te.com\/noticias-oposiciones\/","logo":{"@type":"ImageObject","inLanguage":"es","@id":"https:\/\/www.emplea-te.com\/noticias-oposiciones\/#\/schema\/logo\/image\/","url":"https:\/\/www.emplea-te.com\/noticias-oposiciones\/wp-content\/uploads\/2019\/04\/empleate.jpg","contentUrl":"https:\/\/www.emplea-te.com\/noticias-oposiciones\/wp-content\/uploads\/2019\/04\/empleate.jpg","width":250,"height":150,"caption":"Academia de oposiciones Empl\u00e9ate"},"image":{"@id":"https:\/\/www.emplea-te.com\/noticias-oposiciones\/#\/schema\/logo\/image\/"},"sameAs":["https:\/\/www.facebook.com\/AcademiaEmpleate\/","https:\/\/x.com\/Emplea_Te","https:\/\/www.instagram.com\/academia_empleate\/"]},{"@type":"Person","@id":"https:\/\/www.emplea-te.com\/noticias-oposiciones\/#\/schema\/person\/d1bc587e1af2b95e9c32aba1795509a6","name":"Empleate"}]}},"_links":{"self":[{"href":"https:\/\/www.emplea-te.com\/noticias-oposiciones\/wp-json\/wp\/v2\/posts\/17192","targetHints":{"allow":["GET"]}}],"collection":[{"href":"https:\/\/www.emplea-te.com\/noticias-oposiciones\/wp-json\/wp\/v2\/posts"}],"about":[{"href":"https:\/\/www.emplea-te.com\/noticias-oposiciones\/wp-json\/wp\/v2\/types\/post"}],"author":[{"embeddable":true,"href":"https:\/\/www.emplea-te.com\/noticias-oposiciones\/wp-json\/wp\/v2\/users\/1"}],"replies":[{"embeddable":true,"href":"https:\/\/www.emplea-te.com\/noticias-oposiciones\/wp-json\/wp\/v2\/comments?post=17192"}],"version-history":[{"count":1,"href":"https:\/\/www.emplea-te.com\/noticias-oposiciones\/wp-json\/wp\/v2\/posts\/17192\/revisions"}],"predecessor-version":[{"id":17193,"href":"https:\/\/www.emplea-te.com\/noticias-oposiciones\/wp-json\/wp\/v2\/posts\/17192\/revisions\/17193"}],"wp:attachment":[{"href":"https:\/\/www.emplea-te.com\/noticias-oposiciones\/wp-json\/wp\/v2\/media?parent=17192"}],"wp:term":[{"taxonomy":"category","embeddable":true,"href":"https:\/\/www.emplea-te.com\/noticias-oposiciones\/wp-json\/wp\/v2\/categories?post=17192"},{"taxonomy":"post_tag","embeddable":true,"href":"https:\/\/www.emplea-te.com\/noticias-oposiciones\/wp-json\/wp\/v2\/tags?post=17192"}],"curies":[{"name":"wp","href":"https:\/\/api.w.org\/{rel}","templated":true}]}}