{"id":17206,"date":"2025-12-11T10:15:49","date_gmt":"2025-12-11T09:15:49","guid":{"rendered":"https:\/\/www.emplea-te.com\/noticias-oposiciones\/?p=17206"},"modified":"2025-12-11T10:15:49","modified_gmt":"2025-12-11T09:15:49","slug":"diputacion-de-ourense-anuncio-de-la-aprobacion-de-la-oferta-de-empleo-publico-2025","status":"publish","type":"post","link":"https:\/\/www.emplea-te.com\/noticias-oposiciones\/diputacion-de-ourense-anuncio-de-la-aprobacion-de-la-oferta-de-empleo-publico-2025\/","title":{"rendered":"Diputaci\u00f3n de Ourense. Anuncio de la aprobaci\u00f3n de la Oferta de Empleo P\u00fablico 2025."},"content":{"rendered":"<p>Se publica en el BOP de la Provincia de A Coru\u00f1a de hoy, d\u00eda 11 de diciembre de 2025, el Anuncio con la aprobaci\u00f3n de la Oferta de Empleo P\u00fablico 2025 para la Diputaci\u00f3n de Ourense.<\/p>\n<p>De entre las plazas ofertadas destacamos las siguientes plazas reservadas a Personal Funcionario y por turno libre:<\/p>\n<p>1 plaza de T\u00e9cnico Administraci\u00f3n General A1<br \/>\n6 plazas Administrativo C1<br \/>\n3 plazas Auxiliar Administrativo C2<\/p>\n<p>Prep\u00e1rate en nuestros <a href=\"https:\/\/www.emplea-te.com\/72\/oposiciones-de-diputaciones-de-Galicia\" target=\"_blank\" rel=\"noopener\"><strong>grupos presenciales y online de preparaci\u00f3n de oposiciones de Administraci\u00f3n de Ayuntamientos de Galicia.\u00a0<\/strong><\/a><\/p>\n<p><a href=\"https:\/\/www.xunta.gal\/dog\/Publicados\/2025\/20251211\/AnuncioG1440-041225-0001_gl.html\" target=\"_blank\" rel=\"noopener\"><strong>Accede a la consulta de la publicaci\u00f3n \u00edntegra de la OEP 2025 de la Diputaci\u00f3n de Ourense desde este enlace.\u00a0<\/strong><\/a><\/p>\n","protected":false},"excerpt":{"rendered":"<p>Se publica en el BOP de la Provincia de A Coru\u00f1a de hoy, d\u00eda 11 de diciembre de 2025, el Anuncio con la aprobaci\u00f3n de la Oferta de Empleo P\u00fablico 2025 para la Diputaci\u00f3n de Ourense. De entre las plazas ofertadas destacamos las siguientes plazas reservadas a Personal Funcionario y por turno libre: 1 plaza &hellip; <a href=\"https:\/\/www.emplea-te.com\/noticias-oposiciones\/diputacion-de-ourense-anuncio-de-la-aprobacion-de-la-oferta-de-empleo-publico-2025\/\" class=\"more-link\">Continuar leyendo<span class=\"screen-reader-text\"> \u00abDiputaci\u00f3n de Ourense. Anuncio de la aprobaci\u00f3n de la Oferta de Empleo P\u00fablico 2025.\u00bb<\/span><\/a><\/p>\n","protected":false},"author":1,"featured_media":0,"comment_status":"closed","ping_status":"closed","sticky":false,"template":"","format":"standard","meta":{"footnotes":""},"categories":[45,56],"tags":[103,84],"class_list":["post-17206","post","type-post","status-publish","format-standard","hentry","category-diputacion-de-ourense","category-oposiciones-autonomicas-galicia","tag-informacion-procesos-selectivos","tag-oferta-de-empleo-publico"],"yoast_head":"<!-- This site is optimized with the Yoast SEO plugin v27.5 - https:\/\/yoast.com\/product\/yoast-seo-wordpress\/ -->\n<title>Diputaci\u00f3n de Ourense. Oferta de Empleo P\u00fablico 2025.<\/title>\n<meta name=\"description\" content=\"Diputaci\u00f3n de Ourense. Anuncio de la aprobaci\u00f3n de la Oferta de Empleo P\u00fablico 2025. Prep\u00e1rate con nosotros.\" \/>\n<meta name=\"robots\" content=\"index, follow, max-snippet:-1, max-image-preview:large, max-video-preview:-1\" \/>\n<link rel=\"canonical\" href=\"https:\/\/www.emplea-te.com\/noticias-oposiciones\/diputacion-de-ourense-anuncio-de-la-aprobacion-de-la-oferta-de-empleo-publico-2025\/\" \/>\n<meta property=\"og:locale\" content=\"es_ES\" \/>\n<meta property=\"og:type\" content=\"article\" \/>\n<meta property=\"og:title\" content=\"Diputaci\u00f3n de Ourense. Oferta de Empleo P\u00fablico 2025.\" \/>\n<meta property=\"og:description\" content=\"Diputaci\u00f3n de Ourense. Anuncio de la aprobaci\u00f3n de la Oferta de Empleo P\u00fablico 2025. Prep\u00e1rate con nosotros.\" \/>\n<meta property=\"og:url\" content=\"https:\/\/www.emplea-te.com\/noticias-oposiciones\/diputacion-de-ourense-anuncio-de-la-aprobacion-de-la-oferta-de-empleo-publico-2025\/\" \/>\n<meta property=\"og:site_name\" content=\"Noticas de oposiciones por Academia Emplea-te\" \/>\n<meta property=\"article:publisher\" content=\"https:\/\/www.facebook.com\/AcademiaEmpleate\/\" \/>\n<meta property=\"article:published_time\" content=\"2025-12-11T09:15:49+00:00\" \/>\n<meta name=\"author\" content=\"Empleate\" \/>\n<meta name=\"twitter:card\" content=\"summary_large_image\" \/>\n<meta name=\"twitter:creator\" content=\"@Emplea_Te\" \/>\n<meta name=\"twitter:site\" content=\"@Emplea_Te\" \/>\n<meta name=\"twitter:label1\" content=\"Escrito por\" \/>\n\t<meta name=\"twitter:data1\" content=\"Empleate\" \/>\n\t<meta name=\"twitter:label2\" content=\"Tiempo de lectura\" \/>\n\t<meta name=\"twitter:data2\" content=\"1 minuto\" \/>\n<script type=\"application\/ld+json\" class=\"yoast-schema-graph\">{\"@context\":\"https:\\\/\\\/schema.org\",\"@graph\":[{\"@type\":\"Article\",\"@id\":\"https:\\\/\\\/www.emplea-te.com\\\/noticias-oposiciones\\\/diputacion-de-ourense-anuncio-de-la-aprobacion-de-la-oferta-de-empleo-publico-2025\\\/#article\",\"isPartOf\":{\"@id\":\"https:\\\/\\\/www.emplea-te.com\\\/noticias-oposiciones\\\/diputacion-de-ourense-anuncio-de-la-aprobacion-de-la-oferta-de-empleo-publico-2025\\\/\"},\"author\":{\"name\":\"Empleate\",\"@id\":\"https:\\\/\\\/www.emplea-te.com\\\/noticias-oposiciones\\\/#\\\/schema\\\/person\\\/d1bc587e1af2b95e9c32aba1795509a6\"},\"headline\":\"Diputaci\u00f3n de Ourense. Anuncio de la aprobaci\u00f3n de la Oferta de Empleo P\u00fablico 2025.\",\"datePublished\":\"2025-12-11T09:15:49+00:00\",\"mainEntityOfPage\":{\"@id\":\"https:\\\/\\\/www.emplea-te.com\\\/noticias-oposiciones\\\/diputacion-de-ourense-anuncio-de-la-aprobacion-de-la-oferta-de-empleo-publico-2025\\\/\"},\"wordCount\":127,\"publisher\":{\"@id\":\"https:\\\/\\\/www.emplea-te.com\\\/noticias-oposiciones\\\/#organization\"},\"keywords\":[\"Informaci\u00f3n procesos selectivos\",\"Oferta de Empleo P\u00fablico\"],\"articleSection\":[\"Diputaci\u00f3n de Ourense\",\"Oposiciones Auton\u00f3micas Galicia\"],\"inLanguage\":\"es\"},{\"@type\":\"WebPage\",\"@id\":\"https:\\\/\\\/www.emplea-te.com\\\/noticias-oposiciones\\\/diputacion-de-ourense-anuncio-de-la-aprobacion-de-la-oferta-de-empleo-publico-2025\\\/\",\"url\":\"https:\\\/\\\/www.emplea-te.com\\\/noticias-oposiciones\\\/diputacion-de-ourense-anuncio-de-la-aprobacion-de-la-oferta-de-empleo-publico-2025\\\/\",\"name\":\"Diputaci\u00f3n de Ourense. Oferta de Empleo P\u00fablico 2025.\",\"isPartOf\":{\"@id\":\"https:\\\/\\\/www.emplea-te.com\\\/noticias-oposiciones\\\/#website\"},\"datePublished\":\"2025-12-11T09:15:49+00:00\",\"description\":\"Diputaci\u00f3n de Ourense. Anuncio de la aprobaci\u00f3n de la Oferta de Empleo P\u00fablico 2025. Prep\u00e1rate con nosotros.\",\"breadcrumb\":{\"@id\":\"https:\\\/\\\/www.emplea-te.com\\\/noticias-oposiciones\\\/diputacion-de-ourense-anuncio-de-la-aprobacion-de-la-oferta-de-empleo-publico-2025\\\/#breadcrumb\"},\"inLanguage\":\"es\",\"potentialAction\":[{\"@type\":\"ReadAction\",\"target\":[\"https:\\\/\\\/www.emplea-te.com\\\/noticias-oposiciones\\\/diputacion-de-ourense-anuncio-de-la-aprobacion-de-la-oferta-de-empleo-publico-2025\\\/\"]}]},{\"@type\":\"BreadcrumbList\",\"@id\":\"https:\\\/\\\/www.emplea-te.com\\\/noticias-oposiciones\\\/diputacion-de-ourense-anuncio-de-la-aprobacion-de-la-oferta-de-empleo-publico-2025\\\/#breadcrumb\",\"itemListElement\":[{\"@type\":\"ListItem\",\"position\":1,\"name\":\"Noticias Oposiciones\",\"item\":\"https:\\\/\\\/www.emplea-te.com\\\/noticias-oposiciones\\\/\"},{\"@type\":\"ListItem\",\"position\":2,\"name\":\"Oposiciones Auton\u00f3micas Galicia\",\"item\":\"https:\\\/\\\/www.emplea-te.com\\\/noticias-oposiciones\\\/categoria\\\/oposiciones-autonomicas-galicia\\\/\"},{\"@type\":\"ListItem\",\"position\":3,\"name\":\"Diputaci\u00f3n de Ourense\",\"item\":\"https:\\\/\\\/www.emplea-te.com\\\/noticias-oposiciones\\\/categoria\\\/oposiciones-autonomicas-galicia\\\/diputacion-de-ourense\\\/\"},{\"@type\":\"ListItem\",\"position\":4,\"name\":\"Diputaci\u00f3n de Ourense. Anuncio de la aprobaci\u00f3n de la Oferta de Empleo P\u00fablico 2025.\"}]},{\"@type\":\"WebSite\",\"@id\":\"https:\\\/\\\/www.emplea-te.com\\\/noticias-oposiciones\\\/#website\",\"url\":\"https:\\\/\\\/www.emplea-te.com\\\/noticias-oposiciones\\\/\",\"name\":\"Noticas de oposiciones por Academia Emplea-te\",\"description\":\"Toda la actualidad de las ofertas y convocatorias.\",\"publisher\":{\"@id\":\"https:\\\/\\\/www.emplea-te.com\\\/noticias-oposiciones\\\/#organization\"},\"potentialAction\":[{\"@type\":\"SearchAction\",\"target\":{\"@type\":\"EntryPoint\",\"urlTemplate\":\"https:\\\/\\\/www.emplea-te.com\\\/noticias-oposiciones\\\/?s={search_term_string}\"},\"query-input\":{\"@type\":\"PropertyValueSpecification\",\"valueRequired\":true,\"valueName\":\"search_term_string\"}}],\"inLanguage\":\"es\"},{\"@type\":\"Organization\",\"@id\":\"https:\\\/\\\/www.emplea-te.com\\\/noticias-oposiciones\\\/#organization\",\"name\":\"Academia de oposiciones Empl\u00e9ate\",\"url\":\"https:\\\/\\\/www.emplea-te.com\\\/noticias-oposiciones\\\/\",\"logo\":{\"@type\":\"ImageObject\",\"inLanguage\":\"es\",\"@id\":\"https:\\\/\\\/www.emplea-te.com\\\/noticias-oposiciones\\\/#\\\/schema\\\/logo\\\/image\\\/\",\"url\":\"https:\\\/\\\/www.emplea-te.com\\\/noticias-oposiciones\\\/wp-content\\\/uploads\\\/2019\\\/04\\\/empleate.jpg\",\"contentUrl\":\"https:\\\/\\\/www.emplea-te.com\\\/noticias-oposiciones\\\/wp-content\\\/uploads\\\/2019\\\/04\\\/empleate.jpg\",\"width\":250,\"height\":150,\"caption\":\"Academia de oposiciones Empl\u00e9ate\"},\"image\":{\"@id\":\"https:\\\/\\\/www.emplea-te.com\\\/noticias-oposiciones\\\/#\\\/schema\\\/logo\\\/image\\\/\"},\"sameAs\":[\"https:\\\/\\\/www.facebook.com\\\/AcademiaEmpleate\\\/\",\"https:\\\/\\\/x.com\\\/Emplea_Te\",\"https:\\\/\\\/www.instagram.com\\\/academia_empleate\\\/\"]},{\"@type\":\"Person\",\"@id\":\"https:\\\/\\\/www.emplea-te.com\\\/noticias-oposiciones\\\/#\\\/schema\\\/person\\\/d1bc587e1af2b95e9c32aba1795509a6\",\"name\":\"Empleate\"}]}<\/script>\n<!-- \/ Yoast SEO plugin. -->","yoast_head_json":{"title":"Diputaci\u00f3n de Ourense. Oferta de Empleo P\u00fablico 2025.","description":"Diputaci\u00f3n de Ourense. Anuncio de la aprobaci\u00f3n de la Oferta de Empleo P\u00fablico 2025. Prep\u00e1rate con nosotros.","robots":{"index":"index","follow":"follow","max-snippet":"max-snippet:-1","max-image-preview":"max-image-preview:large","max-video-preview":"max-video-preview:-1"},"canonical":"https:\/\/www.emplea-te.com\/noticias-oposiciones\/diputacion-de-ourense-anuncio-de-la-aprobacion-de-la-oferta-de-empleo-publico-2025\/","og_locale":"es_ES","og_type":"article","og_title":"Diputaci\u00f3n de Ourense. Oferta de Empleo P\u00fablico 2025.","og_description":"Diputaci\u00f3n de Ourense. Anuncio de la aprobaci\u00f3n de la Oferta de Empleo P\u00fablico 2025. Prep\u00e1rate con nosotros.","og_url":"https:\/\/www.emplea-te.com\/noticias-oposiciones\/diputacion-de-ourense-anuncio-de-la-aprobacion-de-la-oferta-de-empleo-publico-2025\/","og_site_name":"Noticas de oposiciones por Academia Emplea-te","article_publisher":"https:\/\/www.facebook.com\/AcademiaEmpleate\/","article_published_time":"2025-12-11T09:15:49+00:00","author":"Empleate","twitter_card":"summary_large_image","twitter_creator":"@Emplea_Te","twitter_site":"@Emplea_Te","twitter_misc":{"Escrito por":"Empleate","Tiempo de lectura":"1 minuto"},"schema":{"@context":"https:\/\/schema.org","@graph":[{"@type":"Article","@id":"https:\/\/www.emplea-te.com\/noticias-oposiciones\/diputacion-de-ourense-anuncio-de-la-aprobacion-de-la-oferta-de-empleo-publico-2025\/#article","isPartOf":{"@id":"https:\/\/www.emplea-te.com\/noticias-oposiciones\/diputacion-de-ourense-anuncio-de-la-aprobacion-de-la-oferta-de-empleo-publico-2025\/"},"author":{"name":"Empleate","@id":"https:\/\/www.emplea-te.com\/noticias-oposiciones\/#\/schema\/person\/d1bc587e1af2b95e9c32aba1795509a6"},"headline":"Diputaci\u00f3n de Ourense. Anuncio de la aprobaci\u00f3n de la Oferta de Empleo P\u00fablico 2025.","datePublished":"2025-12-11T09:15:49+00:00","mainEntityOfPage":{"@id":"https:\/\/www.emplea-te.com\/noticias-oposiciones\/diputacion-de-ourense-anuncio-de-la-aprobacion-de-la-oferta-de-empleo-publico-2025\/"},"wordCount":127,"publisher":{"@id":"https:\/\/www.emplea-te.com\/noticias-oposiciones\/#organization"},"keywords":["Informaci\u00f3n procesos selectivos","Oferta de Empleo P\u00fablico"],"articleSection":["Diputaci\u00f3n de Ourense","Oposiciones Auton\u00f3micas Galicia"],"inLanguage":"es"},{"@type":"WebPage","@id":"https:\/\/www.emplea-te.com\/noticias-oposiciones\/diputacion-de-ourense-anuncio-de-la-aprobacion-de-la-oferta-de-empleo-publico-2025\/","url":"https:\/\/www.emplea-te.com\/noticias-oposiciones\/diputacion-de-ourense-anuncio-de-la-aprobacion-de-la-oferta-de-empleo-publico-2025\/","name":"Diputaci\u00f3n de Ourense. Oferta de Empleo P\u00fablico 2025.","isPartOf":{"@id":"https:\/\/www.emplea-te.com\/noticias-oposiciones\/#website"},"datePublished":"2025-12-11T09:15:49+00:00","description":"Diputaci\u00f3n de Ourense. Anuncio de la aprobaci\u00f3n de la Oferta de Empleo P\u00fablico 2025. Prep\u00e1rate con nosotros.","breadcrumb":{"@id":"https:\/\/www.emplea-te.com\/noticias-oposiciones\/diputacion-de-ourense-anuncio-de-la-aprobacion-de-la-oferta-de-empleo-publico-2025\/#breadcrumb"},"inLanguage":"es","potentialAction":[{"@type":"ReadAction","target":["https:\/\/www.emplea-te.com\/noticias-oposiciones\/diputacion-de-ourense-anuncio-de-la-aprobacion-de-la-oferta-de-empleo-publico-2025\/"]}]},{"@type":"BreadcrumbList","@id":"https:\/\/www.emplea-te.com\/noticias-oposiciones\/diputacion-de-ourense-anuncio-de-la-aprobacion-de-la-oferta-de-empleo-publico-2025\/#breadcrumb","itemListElement":[{"@type":"ListItem","position":1,"name":"Noticias Oposiciones","item":"https:\/\/www.emplea-te.com\/noticias-oposiciones\/"},{"@type":"ListItem","position":2,"name":"Oposiciones Auton\u00f3micas Galicia","item":"https:\/\/www.emplea-te.com\/noticias-oposiciones\/categoria\/oposiciones-autonomicas-galicia\/"},{"@type":"ListItem","position":3,"name":"Diputaci\u00f3n de Ourense","item":"https:\/\/www.emplea-te.com\/noticias-oposiciones\/categoria\/oposiciones-autonomicas-galicia\/diputacion-de-ourense\/"},{"@type":"ListItem","position":4,"name":"Diputaci\u00f3n de Ourense. Anuncio de la aprobaci\u00f3n de la Oferta de Empleo P\u00fablico 2025."}]},{"@type":"WebSite","@id":"https:\/\/www.emplea-te.com\/noticias-oposiciones\/#website","url":"https:\/\/www.emplea-te.com\/noticias-oposiciones\/","name":"Noticas de oposiciones por Academia Emplea-te","description":"Toda la actualidad de las ofertas y convocatorias.","publisher":{"@id":"https:\/\/www.emplea-te.com\/noticias-oposiciones\/#organization"},"potentialAction":[{"@type":"SearchAction","target":{"@type":"EntryPoint","urlTemplate":"https:\/\/www.emplea-te.com\/noticias-oposiciones\/?s={search_term_string}"},"query-input":{"@type":"PropertyValueSpecification","valueRequired":true,"valueName":"search_term_string"}}],"inLanguage":"es"},{"@type":"Organization","@id":"https:\/\/www.emplea-te.com\/noticias-oposiciones\/#organization","name":"Academia de oposiciones Empl\u00e9ate","url":"https:\/\/www.emplea-te.com\/noticias-oposiciones\/","logo":{"@type":"ImageObject","inLanguage":"es","@id":"https:\/\/www.emplea-te.com\/noticias-oposiciones\/#\/schema\/logo\/image\/","url":"https:\/\/www.emplea-te.com\/noticias-oposiciones\/wp-content\/uploads\/2019\/04\/empleate.jpg","contentUrl":"https:\/\/www.emplea-te.com\/noticias-oposiciones\/wp-content\/uploads\/2019\/04\/empleate.jpg","width":250,"height":150,"caption":"Academia de oposiciones Empl\u00e9ate"},"image":{"@id":"https:\/\/www.emplea-te.com\/noticias-oposiciones\/#\/schema\/logo\/image\/"},"sameAs":["https:\/\/www.facebook.com\/AcademiaEmpleate\/","https:\/\/x.com\/Emplea_Te","https:\/\/www.instagram.com\/academia_empleate\/"]},{"@type":"Person","@id":"https:\/\/www.emplea-te.com\/noticias-oposiciones\/#\/schema\/person\/d1bc587e1af2b95e9c32aba1795509a6","name":"Empleate"}]}},"_links":{"self":[{"href":"https:\/\/www.emplea-te.com\/noticias-oposiciones\/wp-json\/wp\/v2\/posts\/17206","targetHints":{"allow":["GET"]}}],"collection":[{"href":"https:\/\/www.emplea-te.com\/noticias-oposiciones\/wp-json\/wp\/v2\/posts"}],"about":[{"href":"https:\/\/www.emplea-te.com\/noticias-oposiciones\/wp-json\/wp\/v2\/types\/post"}],"author":[{"embeddable":true,"href":"https:\/\/www.emplea-te.com\/noticias-oposiciones\/wp-json\/wp\/v2\/users\/1"}],"replies":[{"embeddable":true,"href":"https:\/\/www.emplea-te.com\/noticias-oposiciones\/wp-json\/wp\/v2\/comments?post=17206"}],"version-history":[{"count":1,"href":"https:\/\/www.emplea-te.com\/noticias-oposiciones\/wp-json\/wp\/v2\/posts\/17206\/revisions"}],"predecessor-version":[{"id":17207,"href":"https:\/\/www.emplea-te.com\/noticias-oposiciones\/wp-json\/wp\/v2\/posts\/17206\/revisions\/17207"}],"wp:attachment":[{"href":"https:\/\/www.emplea-te.com\/noticias-oposiciones\/wp-json\/wp\/v2\/media?parent=17206"}],"wp:term":[{"taxonomy":"category","embeddable":true,"href":"https:\/\/www.emplea-te.com\/noticias-oposiciones\/wp-json\/wp\/v2\/categories?post=17206"},{"taxonomy":"post_tag","embeddable":true,"href":"https:\/\/www.emplea-te.com\/noticias-oposiciones\/wp-json\/wp\/v2\/tags?post=17206"}],"curies":[{"name":"wp","href":"https:\/\/api.w.org\/{rel}","templated":true}]}}