{"id":17473,"date":"2026-01-21T09:26:51","date_gmt":"2026-01-21T08:26:51","guid":{"rendered":"https:\/\/www.emplea-te.com\/noticias-oposiciones\/?p=17473"},"modified":"2026-01-21T09:26:51","modified_gmt":"2026-01-21T08:26:51","slug":"ayuntamiento-de-ribeira-anuncio-con-la-aprobacion-de-la-oferta-de-empleo-publico-2025","status":"publish","type":"post","link":"https:\/\/www.emplea-te.com\/noticias-oposiciones\/ayuntamiento-de-ribeira-anuncio-con-la-aprobacion-de-la-oferta-de-empleo-publico-2025\/","title":{"rendered":"Ayuntamiento de Ribeira. Anuncio con la aprobaci\u00f3n de la Oferta de Empleo P\u00fablico 2025."},"content":{"rendered":"<p>Se publica en el DOG de hoy, d\u00eda 21 de enero de 2026, el Anuncio con la aprobaci\u00f3n de la Oferta de Empleo P\u00fablico de 2025 del Ayuntamiento de Ribeira.<\/p>\n<p>De entre las plazas que conforman la OEP destacamos:<br \/>\nPlaza de Auxiliar Administrativo C2 reservada a Personal Funcionario de Carrera y por turno libre.<\/p>\n<p>Prep\u00e1rate en nuestros <a href=\"https:\/\/www.emplea-te.com\/70\/oposiciones-de-ayuntamientos-de-galicia\" target=\"_blank\" rel=\"noopener\"><strong>grupos presenciales y online de preparaci\u00f3n de oposiciones de Administraci\u00f3n de Ayuntamientos de Galicia.\u00a0<\/strong><\/a><\/p>\n<p><a href=\"https:\/\/www.xunta.gal\/dog\/Publicados\/2026\/20260121\/AnuncioL173-291225-0002_gl.html\" target=\"_blank\" rel=\"noopener\"><strong>Accede a la consulta de la OEP 2025 del Ayuntamiento de Ribeira desde este enlace.\u00a0<\/strong><\/a><\/p>\n","protected":false},"excerpt":{"rendered":"<p>Se publica en el DOG de hoy, d\u00eda 21 de enero de 2026, el Anuncio con la aprobaci\u00f3n de la Oferta de Empleo P\u00fablico de 2025 del Ayuntamiento de Ribeira. De entre las plazas que conforman la OEP destacamos: Plaza de Auxiliar Administrativo C2 reservada a Personal Funcionario de Carrera y por turno libre. Prep\u00e1rate &hellip; <a href=\"https:\/\/www.emplea-te.com\/noticias-oposiciones\/ayuntamiento-de-ribeira-anuncio-con-la-aprobacion-de-la-oferta-de-empleo-publico-2025\/\" class=\"more-link\">Continuar leyendo<span class=\"screen-reader-text\"> \u00abAyuntamiento de Ribeira. Anuncio con la aprobaci\u00f3n de la Oferta de Empleo P\u00fablico 2025.\u00bb<\/span><\/a><\/p>\n","protected":false},"author":1,"featured_media":0,"comment_status":"closed","ping_status":"closed","sticky":false,"template":"","format":"standard","meta":{"footnotes":""},"categories":[113,56],"tags":[103,84],"class_list":["post-17473","post","type-post","status-publish","format-standard","hentry","category-oeps-ayuntamientos-galicia","category-oposiciones-autonomicas-galicia","tag-informacion-procesos-selectivos","tag-oferta-de-empleo-publico"],"yoast_head":"<!-- This site is optimized with the Yoast SEO plugin v27.3 - https:\/\/yoast.com\/product\/yoast-seo-wordpress\/ -->\n<title>Ayuntamiento de Ribeira. Oferta de Empleo P\u00fablico 2025.<\/title>\n<meta name=\"description\" content=\"Ayuntamiento de Ribeira. Anuncio con la aprobaci\u00f3n de la Oferta de Empleo P\u00fablico 2025. Prep\u00e1rate con nosotros. Formaci\u00f3n H\u00edbrida.\" \/>\n<meta name=\"robots\" content=\"index, follow, max-snippet:-1, max-image-preview:large, max-video-preview:-1\" \/>\n<link rel=\"canonical\" href=\"https:\/\/www.emplea-te.com\/noticias-oposiciones\/ayuntamiento-de-ribeira-anuncio-con-la-aprobacion-de-la-oferta-de-empleo-publico-2025\/\" \/>\n<meta property=\"og:locale\" content=\"es_ES\" \/>\n<meta property=\"og:type\" content=\"article\" \/>\n<meta property=\"og:title\" content=\"Ayuntamiento de Ribeira. Oferta de Empleo P\u00fablico 2025.\" \/>\n<meta property=\"og:description\" content=\"Ayuntamiento de Ribeira. Anuncio con la aprobaci\u00f3n de la Oferta de Empleo P\u00fablico 2025. Prep\u00e1rate con nosotros. Formaci\u00f3n H\u00edbrida.\" \/>\n<meta property=\"og:url\" content=\"https:\/\/www.emplea-te.com\/noticias-oposiciones\/ayuntamiento-de-ribeira-anuncio-con-la-aprobacion-de-la-oferta-de-empleo-publico-2025\/\" \/>\n<meta property=\"og:site_name\" content=\"Noticas de oposiciones por Academia Emplea-te\" \/>\n<meta property=\"article:publisher\" content=\"https:\/\/www.facebook.com\/AcademiaEmpleate\/\" \/>\n<meta property=\"article:published_time\" content=\"2026-01-21T08:26:51+00:00\" \/>\n<meta name=\"author\" content=\"Empleate\" \/>\n<meta name=\"twitter:card\" content=\"summary_large_image\" \/>\n<meta name=\"twitter:creator\" content=\"@Emplea_Te\" \/>\n<meta name=\"twitter:site\" content=\"@Emplea_Te\" \/>\n<meta name=\"twitter:label1\" content=\"Escrito por\" \/>\n\t<meta name=\"twitter:data1\" content=\"Empleate\" \/>\n\t<meta name=\"twitter:label2\" content=\"Tiempo de lectura\" \/>\n\t<meta name=\"twitter:data2\" content=\"1 minuto\" \/>\n<script type=\"application\/ld+json\" class=\"yoast-schema-graph\">{\"@context\":\"https:\\\/\\\/schema.org\",\"@graph\":[{\"@type\":\"Article\",\"@id\":\"https:\\\/\\\/www.emplea-te.com\\\/noticias-oposiciones\\\/ayuntamiento-de-ribeira-anuncio-con-la-aprobacion-de-la-oferta-de-empleo-publico-2025\\\/#article\",\"isPartOf\":{\"@id\":\"https:\\\/\\\/www.emplea-te.com\\\/noticias-oposiciones\\\/ayuntamiento-de-ribeira-anuncio-con-la-aprobacion-de-la-oferta-de-empleo-publico-2025\\\/\"},\"author\":{\"name\":\"Empleate\",\"@id\":\"https:\\\/\\\/www.emplea-te.com\\\/noticias-oposiciones\\\/#\\\/schema\\\/person\\\/d1bc587e1af2b95e9c32aba1795509a6\"},\"headline\":\"Ayuntamiento de Ribeira. Anuncio con la aprobaci\u00f3n de la Oferta de Empleo P\u00fablico 2025.\",\"datePublished\":\"2026-01-21T08:26:51+00:00\",\"mainEntityOfPage\":{\"@id\":\"https:\\\/\\\/www.emplea-te.com\\\/noticias-oposiciones\\\/ayuntamiento-de-ribeira-anuncio-con-la-aprobacion-de-la-oferta-de-empleo-publico-2025\\\/\"},\"wordCount\":103,\"publisher\":{\"@id\":\"https:\\\/\\\/www.emplea-te.com\\\/noticias-oposiciones\\\/#organization\"},\"keywords\":[\"Informaci\u00f3n procesos selectivos\",\"Oferta de Empleo P\u00fablico\"],\"articleSection\":[\"OEPS Ayuntamientos Galicia\",\"Oposiciones Auton\u00f3micas Galicia\"],\"inLanguage\":\"es\"},{\"@type\":\"WebPage\",\"@id\":\"https:\\\/\\\/www.emplea-te.com\\\/noticias-oposiciones\\\/ayuntamiento-de-ribeira-anuncio-con-la-aprobacion-de-la-oferta-de-empleo-publico-2025\\\/\",\"url\":\"https:\\\/\\\/www.emplea-te.com\\\/noticias-oposiciones\\\/ayuntamiento-de-ribeira-anuncio-con-la-aprobacion-de-la-oferta-de-empleo-publico-2025\\\/\",\"name\":\"Ayuntamiento de Ribeira. Oferta de Empleo P\u00fablico 2025.\",\"isPartOf\":{\"@id\":\"https:\\\/\\\/www.emplea-te.com\\\/noticias-oposiciones\\\/#website\"},\"datePublished\":\"2026-01-21T08:26:51+00:00\",\"description\":\"Ayuntamiento de Ribeira. Anuncio con la aprobaci\u00f3n de la Oferta de Empleo P\u00fablico 2025. Prep\u00e1rate con nosotros. Formaci\u00f3n H\u00edbrida.\",\"breadcrumb\":{\"@id\":\"https:\\\/\\\/www.emplea-te.com\\\/noticias-oposiciones\\\/ayuntamiento-de-ribeira-anuncio-con-la-aprobacion-de-la-oferta-de-empleo-publico-2025\\\/#breadcrumb\"},\"inLanguage\":\"es\",\"potentialAction\":[{\"@type\":\"ReadAction\",\"target\":[\"https:\\\/\\\/www.emplea-te.com\\\/noticias-oposiciones\\\/ayuntamiento-de-ribeira-anuncio-con-la-aprobacion-de-la-oferta-de-empleo-publico-2025\\\/\"]}]},{\"@type\":\"BreadcrumbList\",\"@id\":\"https:\\\/\\\/www.emplea-te.com\\\/noticias-oposiciones\\\/ayuntamiento-de-ribeira-anuncio-con-la-aprobacion-de-la-oferta-de-empleo-publico-2025\\\/#breadcrumb\",\"itemListElement\":[{\"@type\":\"ListItem\",\"position\":1,\"name\":\"Noticias Oposiciones\",\"item\":\"https:\\\/\\\/www.emplea-te.com\\\/noticias-oposiciones\\\/\"},{\"@type\":\"ListItem\",\"position\":2,\"name\":\"Oposiciones Auton\u00f3micas Galicia\",\"item\":\"https:\\\/\\\/www.emplea-te.com\\\/noticias-oposiciones\\\/categoria\\\/oposiciones-autonomicas-galicia\\\/\"},{\"@type\":\"ListItem\",\"position\":3,\"name\":\"Ayuntamiento de Ribeira. Anuncio con la aprobaci\u00f3n de la Oferta de Empleo P\u00fablico 2025.\"}]},{\"@type\":\"WebSite\",\"@id\":\"https:\\\/\\\/www.emplea-te.com\\\/noticias-oposiciones\\\/#website\",\"url\":\"https:\\\/\\\/www.emplea-te.com\\\/noticias-oposiciones\\\/\",\"name\":\"Noticas de oposiciones por Academia Emplea-te\",\"description\":\"Toda la actualidad de las ofertas y convocatorias.\",\"publisher\":{\"@id\":\"https:\\\/\\\/www.emplea-te.com\\\/noticias-oposiciones\\\/#organization\"},\"potentialAction\":[{\"@type\":\"SearchAction\",\"target\":{\"@type\":\"EntryPoint\",\"urlTemplate\":\"https:\\\/\\\/www.emplea-te.com\\\/noticias-oposiciones\\\/?s={search_term_string}\"},\"query-input\":{\"@type\":\"PropertyValueSpecification\",\"valueRequired\":true,\"valueName\":\"search_term_string\"}}],\"inLanguage\":\"es\"},{\"@type\":\"Organization\",\"@id\":\"https:\\\/\\\/www.emplea-te.com\\\/noticias-oposiciones\\\/#organization\",\"name\":\"Academia de oposiciones Empl\u00e9ate\",\"url\":\"https:\\\/\\\/www.emplea-te.com\\\/noticias-oposiciones\\\/\",\"logo\":{\"@type\":\"ImageObject\",\"inLanguage\":\"es\",\"@id\":\"https:\\\/\\\/www.emplea-te.com\\\/noticias-oposiciones\\\/#\\\/schema\\\/logo\\\/image\\\/\",\"url\":\"https:\\\/\\\/www.emplea-te.com\\\/noticias-oposiciones\\\/wp-content\\\/uploads\\\/2019\\\/04\\\/empleate.jpg\",\"contentUrl\":\"https:\\\/\\\/www.emplea-te.com\\\/noticias-oposiciones\\\/wp-content\\\/uploads\\\/2019\\\/04\\\/empleate.jpg\",\"width\":250,\"height\":150,\"caption\":\"Academia de oposiciones Empl\u00e9ate\"},\"image\":{\"@id\":\"https:\\\/\\\/www.emplea-te.com\\\/noticias-oposiciones\\\/#\\\/schema\\\/logo\\\/image\\\/\"},\"sameAs\":[\"https:\\\/\\\/www.facebook.com\\\/AcademiaEmpleate\\\/\",\"https:\\\/\\\/x.com\\\/Emplea_Te\",\"https:\\\/\\\/www.instagram.com\\\/academia_empleate\\\/\"]},{\"@type\":\"Person\",\"@id\":\"https:\\\/\\\/www.emplea-te.com\\\/noticias-oposiciones\\\/#\\\/schema\\\/person\\\/d1bc587e1af2b95e9c32aba1795509a6\",\"name\":\"Empleate\"}]}<\/script>\n<!-- \/ Yoast SEO plugin. -->","yoast_head_json":{"title":"Ayuntamiento de Ribeira. Oferta de Empleo P\u00fablico 2025.","description":"Ayuntamiento de Ribeira. Anuncio con la aprobaci\u00f3n de la Oferta de Empleo P\u00fablico 2025. Prep\u00e1rate con nosotros. Formaci\u00f3n H\u00edbrida.","robots":{"index":"index","follow":"follow","max-snippet":"max-snippet:-1","max-image-preview":"max-image-preview:large","max-video-preview":"max-video-preview:-1"},"canonical":"https:\/\/www.emplea-te.com\/noticias-oposiciones\/ayuntamiento-de-ribeira-anuncio-con-la-aprobacion-de-la-oferta-de-empleo-publico-2025\/","og_locale":"es_ES","og_type":"article","og_title":"Ayuntamiento de Ribeira. Oferta de Empleo P\u00fablico 2025.","og_description":"Ayuntamiento de Ribeira. Anuncio con la aprobaci\u00f3n de la Oferta de Empleo P\u00fablico 2025. Prep\u00e1rate con nosotros. Formaci\u00f3n H\u00edbrida.","og_url":"https:\/\/www.emplea-te.com\/noticias-oposiciones\/ayuntamiento-de-ribeira-anuncio-con-la-aprobacion-de-la-oferta-de-empleo-publico-2025\/","og_site_name":"Noticas de oposiciones por Academia Emplea-te","article_publisher":"https:\/\/www.facebook.com\/AcademiaEmpleate\/","article_published_time":"2026-01-21T08:26:51+00:00","author":"Empleate","twitter_card":"summary_large_image","twitter_creator":"@Emplea_Te","twitter_site":"@Emplea_Te","twitter_misc":{"Escrito por":"Empleate","Tiempo de lectura":"1 minuto"},"schema":{"@context":"https:\/\/schema.org","@graph":[{"@type":"Article","@id":"https:\/\/www.emplea-te.com\/noticias-oposiciones\/ayuntamiento-de-ribeira-anuncio-con-la-aprobacion-de-la-oferta-de-empleo-publico-2025\/#article","isPartOf":{"@id":"https:\/\/www.emplea-te.com\/noticias-oposiciones\/ayuntamiento-de-ribeira-anuncio-con-la-aprobacion-de-la-oferta-de-empleo-publico-2025\/"},"author":{"name":"Empleate","@id":"https:\/\/www.emplea-te.com\/noticias-oposiciones\/#\/schema\/person\/d1bc587e1af2b95e9c32aba1795509a6"},"headline":"Ayuntamiento de Ribeira. Anuncio con la aprobaci\u00f3n de la Oferta de Empleo P\u00fablico 2025.","datePublished":"2026-01-21T08:26:51+00:00","mainEntityOfPage":{"@id":"https:\/\/www.emplea-te.com\/noticias-oposiciones\/ayuntamiento-de-ribeira-anuncio-con-la-aprobacion-de-la-oferta-de-empleo-publico-2025\/"},"wordCount":103,"publisher":{"@id":"https:\/\/www.emplea-te.com\/noticias-oposiciones\/#organization"},"keywords":["Informaci\u00f3n procesos selectivos","Oferta de Empleo P\u00fablico"],"articleSection":["OEPS Ayuntamientos Galicia","Oposiciones Auton\u00f3micas Galicia"],"inLanguage":"es"},{"@type":"WebPage","@id":"https:\/\/www.emplea-te.com\/noticias-oposiciones\/ayuntamiento-de-ribeira-anuncio-con-la-aprobacion-de-la-oferta-de-empleo-publico-2025\/","url":"https:\/\/www.emplea-te.com\/noticias-oposiciones\/ayuntamiento-de-ribeira-anuncio-con-la-aprobacion-de-la-oferta-de-empleo-publico-2025\/","name":"Ayuntamiento de Ribeira. Oferta de Empleo P\u00fablico 2025.","isPartOf":{"@id":"https:\/\/www.emplea-te.com\/noticias-oposiciones\/#website"},"datePublished":"2026-01-21T08:26:51+00:00","description":"Ayuntamiento de Ribeira. Anuncio con la aprobaci\u00f3n de la Oferta de Empleo P\u00fablico 2025. Prep\u00e1rate con nosotros. Formaci\u00f3n H\u00edbrida.","breadcrumb":{"@id":"https:\/\/www.emplea-te.com\/noticias-oposiciones\/ayuntamiento-de-ribeira-anuncio-con-la-aprobacion-de-la-oferta-de-empleo-publico-2025\/#breadcrumb"},"inLanguage":"es","potentialAction":[{"@type":"ReadAction","target":["https:\/\/www.emplea-te.com\/noticias-oposiciones\/ayuntamiento-de-ribeira-anuncio-con-la-aprobacion-de-la-oferta-de-empleo-publico-2025\/"]}]},{"@type":"BreadcrumbList","@id":"https:\/\/www.emplea-te.com\/noticias-oposiciones\/ayuntamiento-de-ribeira-anuncio-con-la-aprobacion-de-la-oferta-de-empleo-publico-2025\/#breadcrumb","itemListElement":[{"@type":"ListItem","position":1,"name":"Noticias Oposiciones","item":"https:\/\/www.emplea-te.com\/noticias-oposiciones\/"},{"@type":"ListItem","position":2,"name":"Oposiciones Auton\u00f3micas Galicia","item":"https:\/\/www.emplea-te.com\/noticias-oposiciones\/categoria\/oposiciones-autonomicas-galicia\/"},{"@type":"ListItem","position":3,"name":"Ayuntamiento de Ribeira. Anuncio con la aprobaci\u00f3n de la Oferta de Empleo P\u00fablico 2025."}]},{"@type":"WebSite","@id":"https:\/\/www.emplea-te.com\/noticias-oposiciones\/#website","url":"https:\/\/www.emplea-te.com\/noticias-oposiciones\/","name":"Noticas de oposiciones por Academia Emplea-te","description":"Toda la actualidad de las ofertas y convocatorias.","publisher":{"@id":"https:\/\/www.emplea-te.com\/noticias-oposiciones\/#organization"},"potentialAction":[{"@type":"SearchAction","target":{"@type":"EntryPoint","urlTemplate":"https:\/\/www.emplea-te.com\/noticias-oposiciones\/?s={search_term_string}"},"query-input":{"@type":"PropertyValueSpecification","valueRequired":true,"valueName":"search_term_string"}}],"inLanguage":"es"},{"@type":"Organization","@id":"https:\/\/www.emplea-te.com\/noticias-oposiciones\/#organization","name":"Academia de oposiciones Empl\u00e9ate","url":"https:\/\/www.emplea-te.com\/noticias-oposiciones\/","logo":{"@type":"ImageObject","inLanguage":"es","@id":"https:\/\/www.emplea-te.com\/noticias-oposiciones\/#\/schema\/logo\/image\/","url":"https:\/\/www.emplea-te.com\/noticias-oposiciones\/wp-content\/uploads\/2019\/04\/empleate.jpg","contentUrl":"https:\/\/www.emplea-te.com\/noticias-oposiciones\/wp-content\/uploads\/2019\/04\/empleate.jpg","width":250,"height":150,"caption":"Academia de oposiciones Empl\u00e9ate"},"image":{"@id":"https:\/\/www.emplea-te.com\/noticias-oposiciones\/#\/schema\/logo\/image\/"},"sameAs":["https:\/\/www.facebook.com\/AcademiaEmpleate\/","https:\/\/x.com\/Emplea_Te","https:\/\/www.instagram.com\/academia_empleate\/"]},{"@type":"Person","@id":"https:\/\/www.emplea-te.com\/noticias-oposiciones\/#\/schema\/person\/d1bc587e1af2b95e9c32aba1795509a6","name":"Empleate"}]}},"_links":{"self":[{"href":"https:\/\/www.emplea-te.com\/noticias-oposiciones\/wp-json\/wp\/v2\/posts\/17473","targetHints":{"allow":["GET"]}}],"collection":[{"href":"https:\/\/www.emplea-te.com\/noticias-oposiciones\/wp-json\/wp\/v2\/posts"}],"about":[{"href":"https:\/\/www.emplea-te.com\/noticias-oposiciones\/wp-json\/wp\/v2\/types\/post"}],"author":[{"embeddable":true,"href":"https:\/\/www.emplea-te.com\/noticias-oposiciones\/wp-json\/wp\/v2\/users\/1"}],"replies":[{"embeddable":true,"href":"https:\/\/www.emplea-te.com\/noticias-oposiciones\/wp-json\/wp\/v2\/comments?post=17473"}],"version-history":[{"count":1,"href":"https:\/\/www.emplea-te.com\/noticias-oposiciones\/wp-json\/wp\/v2\/posts\/17473\/revisions"}],"predecessor-version":[{"id":17474,"href":"https:\/\/www.emplea-te.com\/noticias-oposiciones\/wp-json\/wp\/v2\/posts\/17473\/revisions\/17474"}],"wp:attachment":[{"href":"https:\/\/www.emplea-te.com\/noticias-oposiciones\/wp-json\/wp\/v2\/media?parent=17473"}],"wp:term":[{"taxonomy":"category","embeddable":true,"href":"https:\/\/www.emplea-te.com\/noticias-oposiciones\/wp-json\/wp\/v2\/categories?post=17473"},{"taxonomy":"post_tag","embeddable":true,"href":"https:\/\/www.emplea-te.com\/noticias-oposiciones\/wp-json\/wp\/v2\/tags?post=17473"}],"curies":[{"name":"wp","href":"https:\/\/api.w.org\/{rel}","templated":true}]}}