{"id":17477,"date":"2026-01-22T10:12:37","date_gmt":"2026-01-22T09:12:37","guid":{"rendered":"https:\/\/www.emplea-te.com\/noticias-oposiciones\/?p=17477"},"modified":"2026-01-22T10:12:37","modified_gmt":"2026-01-22T09:12:37","slug":"ayuntamiento-de-nigran-anuncio-de-proxima-convocatoria-de-4-plazas-de-personal-subalterno-especialidad-conserje-por-oposicion-en-turno-libre","status":"publish","type":"post","link":"https:\/\/www.emplea-te.com\/noticias-oposiciones\/ayuntamiento-de-nigran-anuncio-de-proxima-convocatoria-de-4-plazas-de-personal-subalterno-especialidad-conserje-por-oposicion-en-turno-libre\/","title":{"rendered":"Ayuntamiento de Nigr\u00e1n. Anuncio de pr\u00f3xima convocatoria de 4 plazas de personal Subalterno especialidad Conserje por oposici\u00f3n en turno libre."},"content":{"rendered":"<p>Se publica en el DOG de hoy, d\u00eda 22 de enero de 2026, el Anuncio de la pr\u00f3xima convocatoria de proceso selectivo para cubrir varias plazas.<\/p>\n<p>Las plazas que ser\u00e1n convocadas son las siguientes:<br \/>\n4 plazas de Subalterno A.P (especialidad Conserje)<br \/>\nSistema selectivo: oposici\u00f3n en turno libre.<br \/>\nDe las 4 plazas, 1 est\u00e1 reservada a turno de discapacidad.<br \/>\nEl plazo de presentaci\u00f3n de instancias ser\u00e1 de 20 d\u00edas h\u00e1biles a contar a partir de la publicaci\u00f3n de la convocatoria en el BOE.<\/p>\n<p>Prep\u00e1rate en nuestros <a href=\"https:\/\/www.emplea-te.com\/70\/oposiciones-de-ayuntamientos-de-galicia\" target=\"_blank\" rel=\"noopener\"><strong>grupos presenciales y online de preparaci\u00f3n de plazas de Subalterno Conserje de Ayuntamientos de Galicia.\u00a0<\/strong><\/a><\/p>\n<p><a href=\"https:\/\/boppo.depo.gal\/web\/boppo\/detalle\/-\/boppo\/2025\/12\/17\/2025080851\" target=\"_blank\" rel=\"noopener\"><strong>Las bases regidoras de esta pr\u00f3xima convocatoria est\u00e1n publicadas en el BOP de la Provincia de Pontevedra de fecha 17\/12\/2025.<\/strong><\/a><\/p>\n<p><a href=\"https:\/\/www.xunta.gal\/dog\/Publicados\/2026\/20260122\/AnuncioL235-301225-0001_gl.html\" target=\"_blank\" rel=\"noopener\"><strong>Accede a la consulta del Anuncio de convocatoria desde este enlace.\u00a0<\/strong><\/a><\/p>\n","protected":false},"excerpt":{"rendered":"<p>Se publica en el DOG de hoy, d\u00eda 22 de enero de 2026, el Anuncio de la pr\u00f3xima convocatoria de proceso selectivo para cubrir varias plazas. Las plazas que ser\u00e1n convocadas son las siguientes: 4 plazas de Subalterno A.P (especialidad Conserje) Sistema selectivo: oposici\u00f3n en turno libre. De las 4 plazas, 1 est\u00e1 reservada a &hellip; <a href=\"https:\/\/www.emplea-te.com\/noticias-oposiciones\/ayuntamiento-de-nigran-anuncio-de-proxima-convocatoria-de-4-plazas-de-personal-subalterno-especialidad-conserje-por-oposicion-en-turno-libre\/\" class=\"more-link\">Continuar leyendo<span class=\"screen-reader-text\"> \u00abAyuntamiento de Nigr\u00e1n. Anuncio de pr\u00f3xima convocatoria de 4 plazas de personal Subalterno especialidad Conserje por oposici\u00f3n en turno libre.\u00bb<\/span><\/a><\/p>\n","protected":false},"author":1,"featured_media":0,"comment_status":"closed","ping_status":"closed","sticky":false,"template":"","format":"standard","meta":{"footnotes":""},"categories":[37,56],"tags":[117,123,103],"class_list":["post-17477","post","type-post","status-publish","format-standard","hentry","category-convocatorias-ayuntamientos","category-oposiciones-autonomicas-galicia","tag-anuncio-de-convocatoria","tag-bases-especificas-convocatoria","tag-informacion-procesos-selectivos"],"yoast_head":"<!-- This site is optimized with the Yoast SEO plugin v27.3 - https:\/\/yoast.com\/product\/yoast-seo-wordpress\/ -->\n<title>Ayuntamiento de Nigr\u00e1n. Convocatoria. Proceso selectivo.<\/title>\n<meta name=\"description\" content=\"Ayuntamiento de Nigr\u00e1n. Convocatoria de 4 plazas de personal Subalterno especialidad Conserje por oposici\u00f3n en turno libre.\" \/>\n<meta name=\"robots\" content=\"index, follow, max-snippet:-1, max-image-preview:large, max-video-preview:-1\" \/>\n<link rel=\"canonical\" href=\"https:\/\/www.emplea-te.com\/noticias-oposiciones\/ayuntamiento-de-nigran-anuncio-de-proxima-convocatoria-de-4-plazas-de-personal-subalterno-especialidad-conserje-por-oposicion-en-turno-libre\/\" \/>\n<meta property=\"og:locale\" content=\"es_ES\" \/>\n<meta property=\"og:type\" content=\"article\" \/>\n<meta property=\"og:title\" content=\"Ayuntamiento de Nigr\u00e1n. Convocatoria. Proceso selectivo.\" \/>\n<meta property=\"og:description\" content=\"Ayuntamiento de Nigr\u00e1n. Convocatoria de 4 plazas de personal Subalterno especialidad Conserje por oposici\u00f3n en turno libre.\" \/>\n<meta property=\"og:url\" content=\"https:\/\/www.emplea-te.com\/noticias-oposiciones\/ayuntamiento-de-nigran-anuncio-de-proxima-convocatoria-de-4-plazas-de-personal-subalterno-especialidad-conserje-por-oposicion-en-turno-libre\/\" \/>\n<meta property=\"og:site_name\" content=\"Noticas de oposiciones por Academia Emplea-te\" \/>\n<meta property=\"article:publisher\" content=\"https:\/\/www.facebook.com\/AcademiaEmpleate\/\" \/>\n<meta property=\"article:published_time\" content=\"2026-01-22T09:12:37+00:00\" \/>\n<meta name=\"author\" content=\"Empleate\" \/>\n<meta name=\"twitter:card\" content=\"summary_large_image\" \/>\n<meta name=\"twitter:creator\" content=\"@Emplea_Te\" \/>\n<meta name=\"twitter:site\" content=\"@Emplea_Te\" \/>\n<meta name=\"twitter:label1\" content=\"Escrito por\" \/>\n\t<meta name=\"twitter:data1\" content=\"Empleate\" \/>\n\t<meta name=\"twitter:label2\" content=\"Tiempo de lectura\" \/>\n\t<meta name=\"twitter:data2\" content=\"1 minuto\" \/>\n<script type=\"application\/ld+json\" class=\"yoast-schema-graph\">{\"@context\":\"https:\\\/\\\/schema.org\",\"@graph\":[{\"@type\":\"Article\",\"@id\":\"https:\\\/\\\/www.emplea-te.com\\\/noticias-oposiciones\\\/ayuntamiento-de-nigran-anuncio-de-proxima-convocatoria-de-4-plazas-de-personal-subalterno-especialidad-conserje-por-oposicion-en-turno-libre\\\/#article\",\"isPartOf\":{\"@id\":\"https:\\\/\\\/www.emplea-te.com\\\/noticias-oposiciones\\\/ayuntamiento-de-nigran-anuncio-de-proxima-convocatoria-de-4-plazas-de-personal-subalterno-especialidad-conserje-por-oposicion-en-turno-libre\\\/\"},\"author\":{\"name\":\"Empleate\",\"@id\":\"https:\\\/\\\/www.emplea-te.com\\\/noticias-oposiciones\\\/#\\\/schema\\\/person\\\/d1bc587e1af2b95e9c32aba1795509a6\"},\"headline\":\"Ayuntamiento de Nigr\u00e1n. Anuncio de pr\u00f3xima convocatoria de 4 plazas de personal Subalterno especialidad Conserje por oposici\u00f3n en turno libre.\",\"datePublished\":\"2026-01-22T09:12:37+00:00\",\"mainEntityOfPage\":{\"@id\":\"https:\\\/\\\/www.emplea-te.com\\\/noticias-oposiciones\\\/ayuntamiento-de-nigran-anuncio-de-proxima-convocatoria-de-4-plazas-de-personal-subalterno-especialidad-conserje-por-oposicion-en-turno-libre\\\/\"},\"wordCount\":159,\"publisher\":{\"@id\":\"https:\\\/\\\/www.emplea-te.com\\\/noticias-oposiciones\\\/#organization\"},\"keywords\":[\"Anuncio de convocatoria\",\"Bases espec\u00edficas convocatoria\",\"Informaci\u00f3n procesos selectivos\"],\"articleSection\":[\"Convocatorias Ayuntamientos\",\"Oposiciones Auton\u00f3micas Galicia\"],\"inLanguage\":\"es\"},{\"@type\":\"WebPage\",\"@id\":\"https:\\\/\\\/www.emplea-te.com\\\/noticias-oposiciones\\\/ayuntamiento-de-nigran-anuncio-de-proxima-convocatoria-de-4-plazas-de-personal-subalterno-especialidad-conserje-por-oposicion-en-turno-libre\\\/\",\"url\":\"https:\\\/\\\/www.emplea-te.com\\\/noticias-oposiciones\\\/ayuntamiento-de-nigran-anuncio-de-proxima-convocatoria-de-4-plazas-de-personal-subalterno-especialidad-conserje-por-oposicion-en-turno-libre\\\/\",\"name\":\"Ayuntamiento de Nigr\u00e1n. Convocatoria. Proceso selectivo.\",\"isPartOf\":{\"@id\":\"https:\\\/\\\/www.emplea-te.com\\\/noticias-oposiciones\\\/#website\"},\"datePublished\":\"2026-01-22T09:12:37+00:00\",\"description\":\"Ayuntamiento de Nigr\u00e1n. Convocatoria de 4 plazas de personal Subalterno especialidad Conserje por oposici\u00f3n en turno libre.\",\"breadcrumb\":{\"@id\":\"https:\\\/\\\/www.emplea-te.com\\\/noticias-oposiciones\\\/ayuntamiento-de-nigran-anuncio-de-proxima-convocatoria-de-4-plazas-de-personal-subalterno-especialidad-conserje-por-oposicion-en-turno-libre\\\/#breadcrumb\"},\"inLanguage\":\"es\",\"potentialAction\":[{\"@type\":\"ReadAction\",\"target\":[\"https:\\\/\\\/www.emplea-te.com\\\/noticias-oposiciones\\\/ayuntamiento-de-nigran-anuncio-de-proxima-convocatoria-de-4-plazas-de-personal-subalterno-especialidad-conserje-por-oposicion-en-turno-libre\\\/\"]}]},{\"@type\":\"BreadcrumbList\",\"@id\":\"https:\\\/\\\/www.emplea-te.com\\\/noticias-oposiciones\\\/ayuntamiento-de-nigran-anuncio-de-proxima-convocatoria-de-4-plazas-de-personal-subalterno-especialidad-conserje-por-oposicion-en-turno-libre\\\/#breadcrumb\",\"itemListElement\":[{\"@type\":\"ListItem\",\"position\":1,\"name\":\"Noticias Oposiciones\",\"item\":\"https:\\\/\\\/www.emplea-te.com\\\/noticias-oposiciones\\\/\"},{\"@type\":\"ListItem\",\"position\":2,\"name\":\"Oposiciones Auton\u00f3micas Galicia\",\"item\":\"https:\\\/\\\/www.emplea-te.com\\\/noticias-oposiciones\\\/categoria\\\/oposiciones-autonomicas-galicia\\\/\"},{\"@type\":\"ListItem\",\"position\":3,\"name\":\"Ayuntamiento de Nigr\u00e1n. Anuncio de pr\u00f3xima convocatoria de 4 plazas de personal Subalterno especialidad Conserje por oposici\u00f3n en turno libre.\"}]},{\"@type\":\"WebSite\",\"@id\":\"https:\\\/\\\/www.emplea-te.com\\\/noticias-oposiciones\\\/#website\",\"url\":\"https:\\\/\\\/www.emplea-te.com\\\/noticias-oposiciones\\\/\",\"name\":\"Noticas de oposiciones por Academia Emplea-te\",\"description\":\"Toda la actualidad de las ofertas y convocatorias.\",\"publisher\":{\"@id\":\"https:\\\/\\\/www.emplea-te.com\\\/noticias-oposiciones\\\/#organization\"},\"potentialAction\":[{\"@type\":\"SearchAction\",\"target\":{\"@type\":\"EntryPoint\",\"urlTemplate\":\"https:\\\/\\\/www.emplea-te.com\\\/noticias-oposiciones\\\/?s={search_term_string}\"},\"query-input\":{\"@type\":\"PropertyValueSpecification\",\"valueRequired\":true,\"valueName\":\"search_term_string\"}}],\"inLanguage\":\"es\"},{\"@type\":\"Organization\",\"@id\":\"https:\\\/\\\/www.emplea-te.com\\\/noticias-oposiciones\\\/#organization\",\"name\":\"Academia de oposiciones Empl\u00e9ate\",\"url\":\"https:\\\/\\\/www.emplea-te.com\\\/noticias-oposiciones\\\/\",\"logo\":{\"@type\":\"ImageObject\",\"inLanguage\":\"es\",\"@id\":\"https:\\\/\\\/www.emplea-te.com\\\/noticias-oposiciones\\\/#\\\/schema\\\/logo\\\/image\\\/\",\"url\":\"https:\\\/\\\/www.emplea-te.com\\\/noticias-oposiciones\\\/wp-content\\\/uploads\\\/2019\\\/04\\\/empleate.jpg\",\"contentUrl\":\"https:\\\/\\\/www.emplea-te.com\\\/noticias-oposiciones\\\/wp-content\\\/uploads\\\/2019\\\/04\\\/empleate.jpg\",\"width\":250,\"height\":150,\"caption\":\"Academia de oposiciones Empl\u00e9ate\"},\"image\":{\"@id\":\"https:\\\/\\\/www.emplea-te.com\\\/noticias-oposiciones\\\/#\\\/schema\\\/logo\\\/image\\\/\"},\"sameAs\":[\"https:\\\/\\\/www.facebook.com\\\/AcademiaEmpleate\\\/\",\"https:\\\/\\\/x.com\\\/Emplea_Te\",\"https:\\\/\\\/www.instagram.com\\\/academia_empleate\\\/\"]},{\"@type\":\"Person\",\"@id\":\"https:\\\/\\\/www.emplea-te.com\\\/noticias-oposiciones\\\/#\\\/schema\\\/person\\\/d1bc587e1af2b95e9c32aba1795509a6\",\"name\":\"Empleate\"}]}<\/script>\n<!-- \/ Yoast SEO plugin. -->","yoast_head_json":{"title":"Ayuntamiento de Nigr\u00e1n. Convocatoria. Proceso selectivo.","description":"Ayuntamiento de Nigr\u00e1n. Convocatoria de 4 plazas de personal Subalterno especialidad Conserje por oposici\u00f3n en turno libre.","robots":{"index":"index","follow":"follow","max-snippet":"max-snippet:-1","max-image-preview":"max-image-preview:large","max-video-preview":"max-video-preview:-1"},"canonical":"https:\/\/www.emplea-te.com\/noticias-oposiciones\/ayuntamiento-de-nigran-anuncio-de-proxima-convocatoria-de-4-plazas-de-personal-subalterno-especialidad-conserje-por-oposicion-en-turno-libre\/","og_locale":"es_ES","og_type":"article","og_title":"Ayuntamiento de Nigr\u00e1n. Convocatoria. Proceso selectivo.","og_description":"Ayuntamiento de Nigr\u00e1n. Convocatoria de 4 plazas de personal Subalterno especialidad Conserje por oposici\u00f3n en turno libre.","og_url":"https:\/\/www.emplea-te.com\/noticias-oposiciones\/ayuntamiento-de-nigran-anuncio-de-proxima-convocatoria-de-4-plazas-de-personal-subalterno-especialidad-conserje-por-oposicion-en-turno-libre\/","og_site_name":"Noticas de oposiciones por Academia Emplea-te","article_publisher":"https:\/\/www.facebook.com\/AcademiaEmpleate\/","article_published_time":"2026-01-22T09:12:37+00:00","author":"Empleate","twitter_card":"summary_large_image","twitter_creator":"@Emplea_Te","twitter_site":"@Emplea_Te","twitter_misc":{"Escrito por":"Empleate","Tiempo de lectura":"1 minuto"},"schema":{"@context":"https:\/\/schema.org","@graph":[{"@type":"Article","@id":"https:\/\/www.emplea-te.com\/noticias-oposiciones\/ayuntamiento-de-nigran-anuncio-de-proxima-convocatoria-de-4-plazas-de-personal-subalterno-especialidad-conserje-por-oposicion-en-turno-libre\/#article","isPartOf":{"@id":"https:\/\/www.emplea-te.com\/noticias-oposiciones\/ayuntamiento-de-nigran-anuncio-de-proxima-convocatoria-de-4-plazas-de-personal-subalterno-especialidad-conserje-por-oposicion-en-turno-libre\/"},"author":{"name":"Empleate","@id":"https:\/\/www.emplea-te.com\/noticias-oposiciones\/#\/schema\/person\/d1bc587e1af2b95e9c32aba1795509a6"},"headline":"Ayuntamiento de Nigr\u00e1n. Anuncio de pr\u00f3xima convocatoria de 4 plazas de personal Subalterno especialidad Conserje por oposici\u00f3n en turno libre.","datePublished":"2026-01-22T09:12:37+00:00","mainEntityOfPage":{"@id":"https:\/\/www.emplea-te.com\/noticias-oposiciones\/ayuntamiento-de-nigran-anuncio-de-proxima-convocatoria-de-4-plazas-de-personal-subalterno-especialidad-conserje-por-oposicion-en-turno-libre\/"},"wordCount":159,"publisher":{"@id":"https:\/\/www.emplea-te.com\/noticias-oposiciones\/#organization"},"keywords":["Anuncio de convocatoria","Bases espec\u00edficas convocatoria","Informaci\u00f3n procesos selectivos"],"articleSection":["Convocatorias Ayuntamientos","Oposiciones Auton\u00f3micas Galicia"],"inLanguage":"es"},{"@type":"WebPage","@id":"https:\/\/www.emplea-te.com\/noticias-oposiciones\/ayuntamiento-de-nigran-anuncio-de-proxima-convocatoria-de-4-plazas-de-personal-subalterno-especialidad-conserje-por-oposicion-en-turno-libre\/","url":"https:\/\/www.emplea-te.com\/noticias-oposiciones\/ayuntamiento-de-nigran-anuncio-de-proxima-convocatoria-de-4-plazas-de-personal-subalterno-especialidad-conserje-por-oposicion-en-turno-libre\/","name":"Ayuntamiento de Nigr\u00e1n. Convocatoria. Proceso selectivo.","isPartOf":{"@id":"https:\/\/www.emplea-te.com\/noticias-oposiciones\/#website"},"datePublished":"2026-01-22T09:12:37+00:00","description":"Ayuntamiento de Nigr\u00e1n. Convocatoria de 4 plazas de personal Subalterno especialidad Conserje por oposici\u00f3n en turno libre.","breadcrumb":{"@id":"https:\/\/www.emplea-te.com\/noticias-oposiciones\/ayuntamiento-de-nigran-anuncio-de-proxima-convocatoria-de-4-plazas-de-personal-subalterno-especialidad-conserje-por-oposicion-en-turno-libre\/#breadcrumb"},"inLanguage":"es","potentialAction":[{"@type":"ReadAction","target":["https:\/\/www.emplea-te.com\/noticias-oposiciones\/ayuntamiento-de-nigran-anuncio-de-proxima-convocatoria-de-4-plazas-de-personal-subalterno-especialidad-conserje-por-oposicion-en-turno-libre\/"]}]},{"@type":"BreadcrumbList","@id":"https:\/\/www.emplea-te.com\/noticias-oposiciones\/ayuntamiento-de-nigran-anuncio-de-proxima-convocatoria-de-4-plazas-de-personal-subalterno-especialidad-conserje-por-oposicion-en-turno-libre\/#breadcrumb","itemListElement":[{"@type":"ListItem","position":1,"name":"Noticias Oposiciones","item":"https:\/\/www.emplea-te.com\/noticias-oposiciones\/"},{"@type":"ListItem","position":2,"name":"Oposiciones Auton\u00f3micas Galicia","item":"https:\/\/www.emplea-te.com\/noticias-oposiciones\/categoria\/oposiciones-autonomicas-galicia\/"},{"@type":"ListItem","position":3,"name":"Ayuntamiento de Nigr\u00e1n. Anuncio de pr\u00f3xima convocatoria de 4 plazas de personal Subalterno especialidad Conserje por oposici\u00f3n en turno libre."}]},{"@type":"WebSite","@id":"https:\/\/www.emplea-te.com\/noticias-oposiciones\/#website","url":"https:\/\/www.emplea-te.com\/noticias-oposiciones\/","name":"Noticas de oposiciones por Academia Emplea-te","description":"Toda la actualidad de las ofertas y convocatorias.","publisher":{"@id":"https:\/\/www.emplea-te.com\/noticias-oposiciones\/#organization"},"potentialAction":[{"@type":"SearchAction","target":{"@type":"EntryPoint","urlTemplate":"https:\/\/www.emplea-te.com\/noticias-oposiciones\/?s={search_term_string}"},"query-input":{"@type":"PropertyValueSpecification","valueRequired":true,"valueName":"search_term_string"}}],"inLanguage":"es"},{"@type":"Organization","@id":"https:\/\/www.emplea-te.com\/noticias-oposiciones\/#organization","name":"Academia de oposiciones Empl\u00e9ate","url":"https:\/\/www.emplea-te.com\/noticias-oposiciones\/","logo":{"@type":"ImageObject","inLanguage":"es","@id":"https:\/\/www.emplea-te.com\/noticias-oposiciones\/#\/schema\/logo\/image\/","url":"https:\/\/www.emplea-te.com\/noticias-oposiciones\/wp-content\/uploads\/2019\/04\/empleate.jpg","contentUrl":"https:\/\/www.emplea-te.com\/noticias-oposiciones\/wp-content\/uploads\/2019\/04\/empleate.jpg","width":250,"height":150,"caption":"Academia de oposiciones Empl\u00e9ate"},"image":{"@id":"https:\/\/www.emplea-te.com\/noticias-oposiciones\/#\/schema\/logo\/image\/"},"sameAs":["https:\/\/www.facebook.com\/AcademiaEmpleate\/","https:\/\/x.com\/Emplea_Te","https:\/\/www.instagram.com\/academia_empleate\/"]},{"@type":"Person","@id":"https:\/\/www.emplea-te.com\/noticias-oposiciones\/#\/schema\/person\/d1bc587e1af2b95e9c32aba1795509a6","name":"Empleate"}]}},"_links":{"self":[{"href":"https:\/\/www.emplea-te.com\/noticias-oposiciones\/wp-json\/wp\/v2\/posts\/17477","targetHints":{"allow":["GET"]}}],"collection":[{"href":"https:\/\/www.emplea-te.com\/noticias-oposiciones\/wp-json\/wp\/v2\/posts"}],"about":[{"href":"https:\/\/www.emplea-te.com\/noticias-oposiciones\/wp-json\/wp\/v2\/types\/post"}],"author":[{"embeddable":true,"href":"https:\/\/www.emplea-te.com\/noticias-oposiciones\/wp-json\/wp\/v2\/users\/1"}],"replies":[{"embeddable":true,"href":"https:\/\/www.emplea-te.com\/noticias-oposiciones\/wp-json\/wp\/v2\/comments?post=17477"}],"version-history":[{"count":1,"href":"https:\/\/www.emplea-te.com\/noticias-oposiciones\/wp-json\/wp\/v2\/posts\/17477\/revisions"}],"predecessor-version":[{"id":17478,"href":"https:\/\/www.emplea-te.com\/noticias-oposiciones\/wp-json\/wp\/v2\/posts\/17477\/revisions\/17478"}],"wp:attachment":[{"href":"https:\/\/www.emplea-te.com\/noticias-oposiciones\/wp-json\/wp\/v2\/media?parent=17477"}],"wp:term":[{"taxonomy":"category","embeddable":true,"href":"https:\/\/www.emplea-te.com\/noticias-oposiciones\/wp-json\/wp\/v2\/categories?post=17477"},{"taxonomy":"post_tag","embeddable":true,"href":"https:\/\/www.emplea-te.com\/noticias-oposiciones\/wp-json\/wp\/v2\/tags?post=17477"}],"curies":[{"name":"wp","href":"https:\/\/api.w.org\/{rel}","templated":true}]}}