{"id":17481,"date":"2026-01-22T10:33:41","date_gmt":"2026-01-22T09:33:41","guid":{"rendered":"https:\/\/www.emplea-te.com\/noticias-oposiciones\/?p=17481"},"modified":"2026-01-22T10:43:44","modified_gmt":"2026-01-22T09:43:44","slug":"ministerio-de-cultura-convocatoria-turno-libre-auxiliar-de-bibliotecas-y-archivos-relacion-provisional-de-aspirantes-admitidos-y-excluidos-y-fecha-ejercicio-unico","status":"publish","type":"post","link":"https:\/\/www.emplea-te.com\/noticias-oposiciones\/ministerio-de-cultura-convocatoria-turno-libre-auxiliar-de-bibliotecas-y-archivos-relacion-provisional-de-aspirantes-admitidos-y-excluidos-y-fecha-ejercicio-unico\/","title":{"rendered":"Ministerio de Cultura. Convocatoria turno libre Auxiliar de Bibliotecas y Archivos. Relaci\u00f3n provisional de aspirantes admitidos y excluidos y fecha ejercicio \u00fanico."},"content":{"rendered":"<p>Se publica en el BOE de hoy, d\u00eda 22 de enero de 2026, la Resoluci\u00f3n de 19 de enero de 2026, de la Subsecretar\u00eda, por la que se aprueba la relaci\u00f3n provisional de personas admitidas y excluidas y se anuncia fecha, hora y lugar de celebraci\u00f3n del ejercicio \u00fanico del proceso selectivo para ingreso, por el sistema general de acceso libre y promoci\u00f3n interna, en la Escala Auxiliar de Archivos, Bibliotecas y Museos de Organismos Aut\u00f3nomos del Ministerio de Cultura.<\/p>\n<p>Se abre un plazo de presentaci\u00f3n de alegaciones de 10 d\u00edas h\u00e1biles a contar a partir del d\u00eda siguiente al de esta publicaci\u00f3n en el BOE y por tanto la lista permanecer\u00e1 abierta hasta el d\u00eda 05\/02\/2026.<\/p>\n<p><strong>Convocatoria realizaci\u00f3n ejercicio \u00fanico:<\/strong><br \/>\nD\u00eda 14 de marzo de 2026, a las 9:00 horas, en la Facultad de Derecho de la Universidad Complutense de Madrid, Pl. Men\u00e9ndez Pelayo, 4, 28040 Madrid.<\/p>\n<p>Las personas aspirantes ser\u00e1n convocadas en llamamiento \u00fanico quedando deca\u00eddos en su derecho quienes no comparezcan a realizarlo, sin perjuicio de lo dispuesto en el apartado 14.<\/p>\n<p>Las personas opositoras deber\u00e1n ir provistas del Documento Nacional de Identidad o documento equivalente que acredite su identidad, sin cuya presentaci\u00f3n no ser\u00e1n admitidas al examen.<\/p>\n<p>Si te vas a presentar a la pr\u00f3xima convocatoria de Auxiliar de Archivos y Bibliotecas del MCU inf\u00f3rmate de nuestros<a href=\"https:\/\/www.emplea-te.com\/105-oposiciones-de-auxiliar-de-bibliotecas-del-estado-c1\" target=\"_blank\" rel=\"noopener\"><strong> grupos presenciales y online de preparaci\u00f3n.\u00a0<\/strong><\/a><\/p>\n<p><a href=\"https:\/\/www.boe.es\/boe\/dias\/2026\/01\/22\/pdfs\/BOE-A-2026-1502.pdf\" target=\"_blank\" rel=\"noopener\"><strong>Accede a la Resoluci\u00f3n con su contenido \u00edntegro desde este enlace.\u00a0<\/strong><\/a><\/p>\n","protected":false},"excerpt":{"rendered":"<p>Se publica en el BOE de hoy, d\u00eda 22 de enero de 2026, la Resoluci\u00f3n de 19 de enero de 2026, de la Subsecretar\u00eda, por la que se aprueba la relaci\u00f3n provisional de personas admitidas y excluidas y se anuncia fecha, hora y lugar de celebraci\u00f3n del ejercicio \u00fanico del proceso selectivo para ingreso, por &hellip; <a href=\"https:\/\/www.emplea-te.com\/noticias-oposiciones\/ministerio-de-cultura-convocatoria-turno-libre-auxiliar-de-bibliotecas-y-archivos-relacion-provisional-de-aspirantes-admitidos-y-excluidos-y-fecha-ejercicio-unico\/\" class=\"more-link\">Continuar leyendo<span class=\"screen-reader-text\"> \u00abMinisterio de Cultura. Convocatoria turno libre Auxiliar de Bibliotecas y Archivos. Relaci\u00f3n provisional de aspirantes admitidos y excluidos y fecha ejercicio \u00fanico.\u00bb<\/span><\/a><\/p>\n","protected":false},"author":1,"featured_media":0,"comment_status":"closed","ping_status":"closed","sticky":false,"template":"","format":"standard","meta":{"footnotes":""},"categories":[47,23],"tags":[82,49,71,103],"class_list":["post-17481","post","type-post","status-publish","format-standard","hentry","category-administracion-general-del-estado","category-auxiliar-de-bibliotecas-c1","tag-acceso-libre","tag-convocatorias-de-oposiciones","tag-fecha-examenes","tag-informacion-procesos-selectivos"],"yoast_head":"<!-- This site is optimized with the Yoast SEO plugin v27.3 - https:\/\/yoast.com\/product\/yoast-seo-wordpress\/ -->\n<title>Ministerio de Cultura. Convocatoria Auxiliar de Bibliotecas C1.<\/title>\n<meta name=\"description\" content=\"Ministerio de Cultura. Auxiliar de Bibliotecas y Archivos. Relaci\u00f3n provisional de aspirantes admitidos y excluidos y fecha ejercicio \u00fanico.\" \/>\n<meta name=\"robots\" content=\"index, follow, max-snippet:-1, max-image-preview:large, max-video-preview:-1\" \/>\n<link rel=\"canonical\" href=\"https:\/\/www.emplea-te.com\/noticias-oposiciones\/ministerio-de-cultura-convocatoria-turno-libre-auxiliar-de-bibliotecas-y-archivos-relacion-provisional-de-aspirantes-admitidos-y-excluidos-y-fecha-ejercicio-unico\/\" \/>\n<meta property=\"og:locale\" content=\"es_ES\" \/>\n<meta property=\"og:type\" content=\"article\" \/>\n<meta property=\"og:title\" content=\"Ministerio de Cultura. Convocatoria Auxiliar de Bibliotecas C1.\" \/>\n<meta property=\"og:description\" content=\"Ministerio de Cultura. Auxiliar de Bibliotecas y Archivos. Relaci\u00f3n provisional de aspirantes admitidos y excluidos y fecha ejercicio \u00fanico.\" \/>\n<meta property=\"og:url\" content=\"https:\/\/www.emplea-te.com\/noticias-oposiciones\/ministerio-de-cultura-convocatoria-turno-libre-auxiliar-de-bibliotecas-y-archivos-relacion-provisional-de-aspirantes-admitidos-y-excluidos-y-fecha-ejercicio-unico\/\" \/>\n<meta property=\"og:site_name\" content=\"Noticas de oposiciones por Academia Emplea-te\" \/>\n<meta property=\"article:publisher\" content=\"https:\/\/www.facebook.com\/AcademiaEmpleate\/\" \/>\n<meta property=\"article:published_time\" content=\"2026-01-22T09:33:41+00:00\" \/>\n<meta property=\"article:modified_time\" content=\"2026-01-22T09:43:44+00:00\" \/>\n<meta name=\"author\" content=\"Empleate\" \/>\n<meta name=\"twitter:card\" content=\"summary_large_image\" \/>\n<meta name=\"twitter:creator\" content=\"@Emplea_Te\" \/>\n<meta name=\"twitter:site\" content=\"@Emplea_Te\" \/>\n<meta name=\"twitter:label1\" content=\"Escrito por\" \/>\n\t<meta name=\"twitter:data1\" content=\"Empleate\" \/>\n\t<meta name=\"twitter:label2\" content=\"Tiempo de lectura\" \/>\n\t<meta name=\"twitter:data2\" content=\"2 minutos\" \/>\n<script type=\"application\/ld+json\" class=\"yoast-schema-graph\">{\"@context\":\"https:\\\/\\\/schema.org\",\"@graph\":[{\"@type\":\"Article\",\"@id\":\"https:\\\/\\\/www.emplea-te.com\\\/noticias-oposiciones\\\/ministerio-de-cultura-convocatoria-turno-libre-auxiliar-de-bibliotecas-y-archivos-relacion-provisional-de-aspirantes-admitidos-y-excluidos-y-fecha-ejercicio-unico\\\/#article\",\"isPartOf\":{\"@id\":\"https:\\\/\\\/www.emplea-te.com\\\/noticias-oposiciones\\\/ministerio-de-cultura-convocatoria-turno-libre-auxiliar-de-bibliotecas-y-archivos-relacion-provisional-de-aspirantes-admitidos-y-excluidos-y-fecha-ejercicio-unico\\\/\"},\"author\":{\"name\":\"Empleate\",\"@id\":\"https:\\\/\\\/www.emplea-te.com\\\/noticias-oposiciones\\\/#\\\/schema\\\/person\\\/d1bc587e1af2b95e9c32aba1795509a6\"},\"headline\":\"Ministerio de Cultura. Convocatoria turno libre Auxiliar de Bibliotecas y Archivos. Relaci\u00f3n provisional de aspirantes admitidos y excluidos y fecha ejercicio \u00fanico.\",\"datePublished\":\"2026-01-22T09:33:41+00:00\",\"dateModified\":\"2026-01-22T09:43:44+00:00\",\"mainEntityOfPage\":{\"@id\":\"https:\\\/\\\/www.emplea-te.com\\\/noticias-oposiciones\\\/ministerio-de-cultura-convocatoria-turno-libre-auxiliar-de-bibliotecas-y-archivos-relacion-provisional-de-aspirantes-admitidos-y-excluidos-y-fecha-ejercicio-unico\\\/\"},\"wordCount\":274,\"publisher\":{\"@id\":\"https:\\\/\\\/www.emplea-te.com\\\/noticias-oposiciones\\\/#organization\"},\"keywords\":[\"Acceso libre\",\"Convocatoria\",\"Fecha ex\u00e1menes\",\"Informaci\u00f3n procesos selectivos\"],\"articleSection\":[\"Administraci\u00f3n General del Estado.\",\"Auxiliar de Bibliotecas C1\"],\"inLanguage\":\"es\"},{\"@type\":\"WebPage\",\"@id\":\"https:\\\/\\\/www.emplea-te.com\\\/noticias-oposiciones\\\/ministerio-de-cultura-convocatoria-turno-libre-auxiliar-de-bibliotecas-y-archivos-relacion-provisional-de-aspirantes-admitidos-y-excluidos-y-fecha-ejercicio-unico\\\/\",\"url\":\"https:\\\/\\\/www.emplea-te.com\\\/noticias-oposiciones\\\/ministerio-de-cultura-convocatoria-turno-libre-auxiliar-de-bibliotecas-y-archivos-relacion-provisional-de-aspirantes-admitidos-y-excluidos-y-fecha-ejercicio-unico\\\/\",\"name\":\"Ministerio de Cultura. Convocatoria Auxiliar de Bibliotecas C1.\",\"isPartOf\":{\"@id\":\"https:\\\/\\\/www.emplea-te.com\\\/noticias-oposiciones\\\/#website\"},\"datePublished\":\"2026-01-22T09:33:41+00:00\",\"dateModified\":\"2026-01-22T09:43:44+00:00\",\"description\":\"Ministerio de Cultura. Auxiliar de Bibliotecas y Archivos. Relaci\u00f3n provisional de aspirantes admitidos y excluidos y fecha ejercicio \u00fanico.\",\"breadcrumb\":{\"@id\":\"https:\\\/\\\/www.emplea-te.com\\\/noticias-oposiciones\\\/ministerio-de-cultura-convocatoria-turno-libre-auxiliar-de-bibliotecas-y-archivos-relacion-provisional-de-aspirantes-admitidos-y-excluidos-y-fecha-ejercicio-unico\\\/#breadcrumb\"},\"inLanguage\":\"es\",\"potentialAction\":[{\"@type\":\"ReadAction\",\"target\":[\"https:\\\/\\\/www.emplea-te.com\\\/noticias-oposiciones\\\/ministerio-de-cultura-convocatoria-turno-libre-auxiliar-de-bibliotecas-y-archivos-relacion-provisional-de-aspirantes-admitidos-y-excluidos-y-fecha-ejercicio-unico\\\/\"]}]},{\"@type\":\"BreadcrumbList\",\"@id\":\"https:\\\/\\\/www.emplea-te.com\\\/noticias-oposiciones\\\/ministerio-de-cultura-convocatoria-turno-libre-auxiliar-de-bibliotecas-y-archivos-relacion-provisional-de-aspirantes-admitidos-y-excluidos-y-fecha-ejercicio-unico\\\/#breadcrumb\",\"itemListElement\":[{\"@type\":\"ListItem\",\"position\":1,\"name\":\"Noticias Oposiciones\",\"item\":\"https:\\\/\\\/www.emplea-te.com\\\/noticias-oposiciones\\\/\"},{\"@type\":\"ListItem\",\"position\":2,\"name\":\"Administraci\u00f3n General del Estado.\",\"item\":\"https:\\\/\\\/www.emplea-te.com\\\/noticias-oposiciones\\\/categoria\\\/administracion-general-del-estado\\\/\"},{\"@type\":\"ListItem\",\"position\":3,\"name\":\"Auxiliar de Bibliotecas C1\",\"item\":\"https:\\\/\\\/www.emplea-te.com\\\/noticias-oposiciones\\\/categoria\\\/administracion-general-del-estado\\\/auxiliar-de-bibliotecas-c1\\\/\"},{\"@type\":\"ListItem\",\"position\":4,\"name\":\"Ministerio de Cultura. Convocatoria turno libre Auxiliar de Bibliotecas y Archivos. Relaci\u00f3n provisional de aspirantes admitidos y excluidos y fecha ejercicio \u00fanico.\"}]},{\"@type\":\"WebSite\",\"@id\":\"https:\\\/\\\/www.emplea-te.com\\\/noticias-oposiciones\\\/#website\",\"url\":\"https:\\\/\\\/www.emplea-te.com\\\/noticias-oposiciones\\\/\",\"name\":\"Noticas de oposiciones por Academia Emplea-te\",\"description\":\"Toda la actualidad de las ofertas y convocatorias.\",\"publisher\":{\"@id\":\"https:\\\/\\\/www.emplea-te.com\\\/noticias-oposiciones\\\/#organization\"},\"potentialAction\":[{\"@type\":\"SearchAction\",\"target\":{\"@type\":\"EntryPoint\",\"urlTemplate\":\"https:\\\/\\\/www.emplea-te.com\\\/noticias-oposiciones\\\/?s={search_term_string}\"},\"query-input\":{\"@type\":\"PropertyValueSpecification\",\"valueRequired\":true,\"valueName\":\"search_term_string\"}}],\"inLanguage\":\"es\"},{\"@type\":\"Organization\",\"@id\":\"https:\\\/\\\/www.emplea-te.com\\\/noticias-oposiciones\\\/#organization\",\"name\":\"Academia de oposiciones Empl\u00e9ate\",\"url\":\"https:\\\/\\\/www.emplea-te.com\\\/noticias-oposiciones\\\/\",\"logo\":{\"@type\":\"ImageObject\",\"inLanguage\":\"es\",\"@id\":\"https:\\\/\\\/www.emplea-te.com\\\/noticias-oposiciones\\\/#\\\/schema\\\/logo\\\/image\\\/\",\"url\":\"https:\\\/\\\/www.emplea-te.com\\\/noticias-oposiciones\\\/wp-content\\\/uploads\\\/2019\\\/04\\\/empleate.jpg\",\"contentUrl\":\"https:\\\/\\\/www.emplea-te.com\\\/noticias-oposiciones\\\/wp-content\\\/uploads\\\/2019\\\/04\\\/empleate.jpg\",\"width\":250,\"height\":150,\"caption\":\"Academia de oposiciones Empl\u00e9ate\"},\"image\":{\"@id\":\"https:\\\/\\\/www.emplea-te.com\\\/noticias-oposiciones\\\/#\\\/schema\\\/logo\\\/image\\\/\"},\"sameAs\":[\"https:\\\/\\\/www.facebook.com\\\/AcademiaEmpleate\\\/\",\"https:\\\/\\\/x.com\\\/Emplea_Te\",\"https:\\\/\\\/www.instagram.com\\\/academia_empleate\\\/\"]},{\"@type\":\"Person\",\"@id\":\"https:\\\/\\\/www.emplea-te.com\\\/noticias-oposiciones\\\/#\\\/schema\\\/person\\\/d1bc587e1af2b95e9c32aba1795509a6\",\"name\":\"Empleate\"}]}<\/script>\n<!-- \/ Yoast SEO plugin. -->","yoast_head_json":{"title":"Ministerio de Cultura. Convocatoria Auxiliar de Bibliotecas C1.","description":"Ministerio de Cultura. Auxiliar de Bibliotecas y Archivos. Relaci\u00f3n provisional de aspirantes admitidos y excluidos y fecha ejercicio \u00fanico.","robots":{"index":"index","follow":"follow","max-snippet":"max-snippet:-1","max-image-preview":"max-image-preview:large","max-video-preview":"max-video-preview:-1"},"canonical":"https:\/\/www.emplea-te.com\/noticias-oposiciones\/ministerio-de-cultura-convocatoria-turno-libre-auxiliar-de-bibliotecas-y-archivos-relacion-provisional-de-aspirantes-admitidos-y-excluidos-y-fecha-ejercicio-unico\/","og_locale":"es_ES","og_type":"article","og_title":"Ministerio de Cultura. Convocatoria Auxiliar de Bibliotecas C1.","og_description":"Ministerio de Cultura. Auxiliar de Bibliotecas y Archivos. Relaci\u00f3n provisional de aspirantes admitidos y excluidos y fecha ejercicio \u00fanico.","og_url":"https:\/\/www.emplea-te.com\/noticias-oposiciones\/ministerio-de-cultura-convocatoria-turno-libre-auxiliar-de-bibliotecas-y-archivos-relacion-provisional-de-aspirantes-admitidos-y-excluidos-y-fecha-ejercicio-unico\/","og_site_name":"Noticas de oposiciones por Academia Emplea-te","article_publisher":"https:\/\/www.facebook.com\/AcademiaEmpleate\/","article_published_time":"2026-01-22T09:33:41+00:00","article_modified_time":"2026-01-22T09:43:44+00:00","author":"Empleate","twitter_card":"summary_large_image","twitter_creator":"@Emplea_Te","twitter_site":"@Emplea_Te","twitter_misc":{"Escrito por":"Empleate","Tiempo de lectura":"2 minutos"},"schema":{"@context":"https:\/\/schema.org","@graph":[{"@type":"Article","@id":"https:\/\/www.emplea-te.com\/noticias-oposiciones\/ministerio-de-cultura-convocatoria-turno-libre-auxiliar-de-bibliotecas-y-archivos-relacion-provisional-de-aspirantes-admitidos-y-excluidos-y-fecha-ejercicio-unico\/#article","isPartOf":{"@id":"https:\/\/www.emplea-te.com\/noticias-oposiciones\/ministerio-de-cultura-convocatoria-turno-libre-auxiliar-de-bibliotecas-y-archivos-relacion-provisional-de-aspirantes-admitidos-y-excluidos-y-fecha-ejercicio-unico\/"},"author":{"name":"Empleate","@id":"https:\/\/www.emplea-te.com\/noticias-oposiciones\/#\/schema\/person\/d1bc587e1af2b95e9c32aba1795509a6"},"headline":"Ministerio de Cultura. Convocatoria turno libre Auxiliar de Bibliotecas y Archivos. Relaci\u00f3n provisional de aspirantes admitidos y excluidos y fecha ejercicio \u00fanico.","datePublished":"2026-01-22T09:33:41+00:00","dateModified":"2026-01-22T09:43:44+00:00","mainEntityOfPage":{"@id":"https:\/\/www.emplea-te.com\/noticias-oposiciones\/ministerio-de-cultura-convocatoria-turno-libre-auxiliar-de-bibliotecas-y-archivos-relacion-provisional-de-aspirantes-admitidos-y-excluidos-y-fecha-ejercicio-unico\/"},"wordCount":274,"publisher":{"@id":"https:\/\/www.emplea-te.com\/noticias-oposiciones\/#organization"},"keywords":["Acceso libre","Convocatoria","Fecha ex\u00e1menes","Informaci\u00f3n procesos selectivos"],"articleSection":["Administraci\u00f3n General del Estado.","Auxiliar de Bibliotecas C1"],"inLanguage":"es"},{"@type":"WebPage","@id":"https:\/\/www.emplea-te.com\/noticias-oposiciones\/ministerio-de-cultura-convocatoria-turno-libre-auxiliar-de-bibliotecas-y-archivos-relacion-provisional-de-aspirantes-admitidos-y-excluidos-y-fecha-ejercicio-unico\/","url":"https:\/\/www.emplea-te.com\/noticias-oposiciones\/ministerio-de-cultura-convocatoria-turno-libre-auxiliar-de-bibliotecas-y-archivos-relacion-provisional-de-aspirantes-admitidos-y-excluidos-y-fecha-ejercicio-unico\/","name":"Ministerio de Cultura. Convocatoria Auxiliar de Bibliotecas C1.","isPartOf":{"@id":"https:\/\/www.emplea-te.com\/noticias-oposiciones\/#website"},"datePublished":"2026-01-22T09:33:41+00:00","dateModified":"2026-01-22T09:43:44+00:00","description":"Ministerio de Cultura. Auxiliar de Bibliotecas y Archivos. Relaci\u00f3n provisional de aspirantes admitidos y excluidos y fecha ejercicio \u00fanico.","breadcrumb":{"@id":"https:\/\/www.emplea-te.com\/noticias-oposiciones\/ministerio-de-cultura-convocatoria-turno-libre-auxiliar-de-bibliotecas-y-archivos-relacion-provisional-de-aspirantes-admitidos-y-excluidos-y-fecha-ejercicio-unico\/#breadcrumb"},"inLanguage":"es","potentialAction":[{"@type":"ReadAction","target":["https:\/\/www.emplea-te.com\/noticias-oposiciones\/ministerio-de-cultura-convocatoria-turno-libre-auxiliar-de-bibliotecas-y-archivos-relacion-provisional-de-aspirantes-admitidos-y-excluidos-y-fecha-ejercicio-unico\/"]}]},{"@type":"BreadcrumbList","@id":"https:\/\/www.emplea-te.com\/noticias-oposiciones\/ministerio-de-cultura-convocatoria-turno-libre-auxiliar-de-bibliotecas-y-archivos-relacion-provisional-de-aspirantes-admitidos-y-excluidos-y-fecha-ejercicio-unico\/#breadcrumb","itemListElement":[{"@type":"ListItem","position":1,"name":"Noticias Oposiciones","item":"https:\/\/www.emplea-te.com\/noticias-oposiciones\/"},{"@type":"ListItem","position":2,"name":"Administraci\u00f3n General del Estado.","item":"https:\/\/www.emplea-te.com\/noticias-oposiciones\/categoria\/administracion-general-del-estado\/"},{"@type":"ListItem","position":3,"name":"Auxiliar de Bibliotecas C1","item":"https:\/\/www.emplea-te.com\/noticias-oposiciones\/categoria\/administracion-general-del-estado\/auxiliar-de-bibliotecas-c1\/"},{"@type":"ListItem","position":4,"name":"Ministerio de Cultura. Convocatoria turno libre Auxiliar de Bibliotecas y Archivos. Relaci\u00f3n provisional de aspirantes admitidos y excluidos y fecha ejercicio \u00fanico."}]},{"@type":"WebSite","@id":"https:\/\/www.emplea-te.com\/noticias-oposiciones\/#website","url":"https:\/\/www.emplea-te.com\/noticias-oposiciones\/","name":"Noticas de oposiciones por Academia Emplea-te","description":"Toda la actualidad de las ofertas y convocatorias.","publisher":{"@id":"https:\/\/www.emplea-te.com\/noticias-oposiciones\/#organization"},"potentialAction":[{"@type":"SearchAction","target":{"@type":"EntryPoint","urlTemplate":"https:\/\/www.emplea-te.com\/noticias-oposiciones\/?s={search_term_string}"},"query-input":{"@type":"PropertyValueSpecification","valueRequired":true,"valueName":"search_term_string"}}],"inLanguage":"es"},{"@type":"Organization","@id":"https:\/\/www.emplea-te.com\/noticias-oposiciones\/#organization","name":"Academia de oposiciones Empl\u00e9ate","url":"https:\/\/www.emplea-te.com\/noticias-oposiciones\/","logo":{"@type":"ImageObject","inLanguage":"es","@id":"https:\/\/www.emplea-te.com\/noticias-oposiciones\/#\/schema\/logo\/image\/","url":"https:\/\/www.emplea-te.com\/noticias-oposiciones\/wp-content\/uploads\/2019\/04\/empleate.jpg","contentUrl":"https:\/\/www.emplea-te.com\/noticias-oposiciones\/wp-content\/uploads\/2019\/04\/empleate.jpg","width":250,"height":150,"caption":"Academia de oposiciones Empl\u00e9ate"},"image":{"@id":"https:\/\/www.emplea-te.com\/noticias-oposiciones\/#\/schema\/logo\/image\/"},"sameAs":["https:\/\/www.facebook.com\/AcademiaEmpleate\/","https:\/\/x.com\/Emplea_Te","https:\/\/www.instagram.com\/academia_empleate\/"]},{"@type":"Person","@id":"https:\/\/www.emplea-te.com\/noticias-oposiciones\/#\/schema\/person\/d1bc587e1af2b95e9c32aba1795509a6","name":"Empleate"}]}},"_links":{"self":[{"href":"https:\/\/www.emplea-te.com\/noticias-oposiciones\/wp-json\/wp\/v2\/posts\/17481","targetHints":{"allow":["GET"]}}],"collection":[{"href":"https:\/\/www.emplea-te.com\/noticias-oposiciones\/wp-json\/wp\/v2\/posts"}],"about":[{"href":"https:\/\/www.emplea-te.com\/noticias-oposiciones\/wp-json\/wp\/v2\/types\/post"}],"author":[{"embeddable":true,"href":"https:\/\/www.emplea-te.com\/noticias-oposiciones\/wp-json\/wp\/v2\/users\/1"}],"replies":[{"embeddable":true,"href":"https:\/\/www.emplea-te.com\/noticias-oposiciones\/wp-json\/wp\/v2\/comments?post=17481"}],"version-history":[{"count":2,"href":"https:\/\/www.emplea-te.com\/noticias-oposiciones\/wp-json\/wp\/v2\/posts\/17481\/revisions"}],"predecessor-version":[{"id":17485,"href":"https:\/\/www.emplea-te.com\/noticias-oposiciones\/wp-json\/wp\/v2\/posts\/17481\/revisions\/17485"}],"wp:attachment":[{"href":"https:\/\/www.emplea-te.com\/noticias-oposiciones\/wp-json\/wp\/v2\/media?parent=17481"}],"wp:term":[{"taxonomy":"category","embeddable":true,"href":"https:\/\/www.emplea-te.com\/noticias-oposiciones\/wp-json\/wp\/v2\/categories?post=17481"},{"taxonomy":"post_tag","embeddable":true,"href":"https:\/\/www.emplea-te.com\/noticias-oposiciones\/wp-json\/wp\/v2\/tags?post=17481"}],"curies":[{"name":"wp","href":"https:\/\/api.w.org\/{rel}","templated":true}]}}