{"id":17908,"date":"2026-03-11T10:05:21","date_gmt":"2026-03-11T09:05:21","guid":{"rendered":"https:\/\/www.emplea-te.com\/noticias-oposiciones\/?p=17908"},"modified":"2026-03-11T10:05:21","modified_gmt":"2026-03-11T09:05:21","slug":"egap-convocatoria-de-actividades-de-formacion-para-personal-de-administracion-local-de-la-comunidad-autonoma-de-galicia","status":"publish","type":"post","link":"https:\/\/www.emplea-te.com\/noticias-oposiciones\/egap-convocatoria-de-actividades-de-formacion-para-personal-de-administracion-local-de-la-comunidad-autonoma-de-galicia\/","title":{"rendered":"EGAP. Convocatoria de actividades de formaci\u00f3n para personal de administraci\u00f3n local de la Comunidad Aut\u00f3noma de Galicia."},"content":{"rendered":"<p>Se publica en el DOG de hoy, d\u00eda 11 de marzo de 2026, la Resoluci\u00f3n por la que se convocan\u00a0actividades formativas dirigidas al personal de la Administraci\u00f3n local de Galicia durante este a\u00f1o.<\/p>\n<p>El programa formativo, aprobado por el Consejo Rector de la EGAP, incluye cursos sobre administraci\u00f3n electr\u00f3nica, gesti\u00f3n p\u00fablica, servicios sociales, r\u00e9gimen jur\u00eddico, habilidades profesionales y lengua gallega.<\/p>\n<p><strong>Podr\u00e1n participar en estas actividades formativas:<br \/>\n<\/strong>Personal empleado p\u00fablico de las entidades locales de Galicia.<br \/>\nFuncionarios con habilitaci\u00f3n de car\u00e1cter nacional que trabajen en la Administraci\u00f3n local o en otras administraciones p\u00fablicas de Galicia.<br \/>\nDeben encontrarse en situaci\u00f3n de servicio activo.<br \/>\n<strong>Quedan excluidos de esta convocatoria:<br \/>\n<\/strong>Polic\u00edas locales.<br \/>\nBomberos.<\/p>\n<p><strong>Modalidades de los cursos:<br \/>\n<\/strong>Las acciones formativas se impartir\u00e1n en diferentes modalidades:<br \/>\nTeleformaci\u00f3n (online)<br \/>\nTelepresencial<br \/>\nPresencial, principalmente en Santiago de Compostela<\/p>\n<p><strong>Plazo de solicitud:<br \/>\n<\/strong>El plazo para inscribirse estar\u00e1 abierto:<br \/>\nDesde el d\u00eda siguiente al de esta publicaci\u00f3n en el DOG\u00a0 hasta el 18 de marzo de 2026<br \/>\nLas solicitudes deben realizarse exclusivamente a trav\u00e9s del formulario telem\u00e1tico disponible en:<br \/>\n<a href=\"https:\/\/egap.xunta.gal\/matricula\" target=\"_blank\" rel=\"noopener\"><strong>https:\/\/egap.xunta.gal\/matricula\u00a0<\/strong><\/a><br \/>\nCada persona podr\u00e1 solicitar un m\u00e1ximo de tres cursos.<\/p>\n<p><a href=\"https:\/\/www.xunta.gal\/dog\/Publicados\/2026\/20260311\/AnuncioO150-030326-0001_gl.html\" target=\"_blank\" rel=\"noopener\"><strong>Accede a la Resoluci\u00f3n con su contenido \u00edntegro.\u00a0<\/strong><\/a><\/p>\n","protected":false},"excerpt":{"rendered":"<p>Se publica en el DOG de hoy, d\u00eda 11 de marzo de 2026, la Resoluci\u00f3n por la que se convocan\u00a0actividades formativas dirigidas al personal de la Administraci\u00f3n local de Galicia durante este a\u00f1o. El programa formativo, aprobado por el Consejo Rector de la EGAP, incluye cursos sobre administraci\u00f3n electr\u00f3nica, gesti\u00f3n p\u00fablica, servicios sociales, r\u00e9gimen jur\u00eddico, &hellip; <a href=\"https:\/\/www.emplea-te.com\/noticias-oposiciones\/egap-convocatoria-de-actividades-de-formacion-para-personal-de-administracion-local-de-la-comunidad-autonoma-de-galicia\/\" class=\"more-link\">Continuar leyendo<span class=\"screen-reader-text\"> \u00abEGAP. Convocatoria de actividades de formaci\u00f3n para personal de administraci\u00f3n local de la Comunidad Aut\u00f3noma de Galicia.\u00bb<\/span><\/a><\/p>\n","protected":false},"author":1,"featured_media":0,"comment_status":"closed","ping_status":"closed","sticky":false,"template":"","format":"standard","meta":{"footnotes":""},"categories":[120],"tags":[49,124],"class_list":["post-17908","post","type-post","status-publish","format-standard","hentry","category-egap","tag-convocatorias-de-oposiciones","tag-convocatoria-egap"],"yoast_head":"<!-- This site is optimized with the Yoast SEO plugin v27.3 - https:\/\/yoast.com\/product\/yoast-seo-wordpress\/ -->\n<title>EGAP. Convocatoria de actividades de formaci\u00f3n.<\/title>\n<meta name=\"description\" content=\"EGAP. Convocatoria de actividades de formaci\u00f3n para personal de administraci\u00f3n local de la Comunidad Aut\u00f3noma de Galicia.\" \/>\n<meta name=\"robots\" content=\"index, follow, max-snippet:-1, max-image-preview:large, max-video-preview:-1\" \/>\n<link rel=\"canonical\" href=\"https:\/\/www.emplea-te.com\/noticias-oposiciones\/egap-convocatoria-de-actividades-de-formacion-para-personal-de-administracion-local-de-la-comunidad-autonoma-de-galicia\/\" \/>\n<meta property=\"og:locale\" content=\"es_ES\" \/>\n<meta property=\"og:type\" content=\"article\" \/>\n<meta property=\"og:title\" content=\"EGAP. Convocatoria de actividades de formaci\u00f3n.\" \/>\n<meta property=\"og:description\" content=\"EGAP. Convocatoria de actividades de formaci\u00f3n para personal de administraci\u00f3n local de la Comunidad Aut\u00f3noma de Galicia.\" \/>\n<meta property=\"og:url\" content=\"https:\/\/www.emplea-te.com\/noticias-oposiciones\/egap-convocatoria-de-actividades-de-formacion-para-personal-de-administracion-local-de-la-comunidad-autonoma-de-galicia\/\" \/>\n<meta property=\"og:site_name\" content=\"Noticas de oposiciones por Academia Emplea-te\" \/>\n<meta property=\"article:publisher\" content=\"https:\/\/www.facebook.com\/AcademiaEmpleate\/\" \/>\n<meta property=\"article:published_time\" content=\"2026-03-11T09:05:21+00:00\" \/>\n<meta name=\"author\" content=\"Empleate\" \/>\n<meta name=\"twitter:card\" content=\"summary_large_image\" \/>\n<meta name=\"twitter:creator\" content=\"@Emplea_Te\" \/>\n<meta name=\"twitter:site\" content=\"@Emplea_Te\" \/>\n<meta name=\"twitter:label1\" content=\"Escrito por\" \/>\n\t<meta name=\"twitter:data1\" content=\"Empleate\" \/>\n\t<meta name=\"twitter:label2\" content=\"Tiempo de lectura\" \/>\n\t<meta name=\"twitter:data2\" content=\"1 minuto\" \/>\n<script type=\"application\/ld+json\" class=\"yoast-schema-graph\">{\"@context\":\"https:\\\/\\\/schema.org\",\"@graph\":[{\"@type\":\"Article\",\"@id\":\"https:\\\/\\\/www.emplea-te.com\\\/noticias-oposiciones\\\/egap-convocatoria-de-actividades-de-formacion-para-personal-de-administracion-local-de-la-comunidad-autonoma-de-galicia\\\/#article\",\"isPartOf\":{\"@id\":\"https:\\\/\\\/www.emplea-te.com\\\/noticias-oposiciones\\\/egap-convocatoria-de-actividades-de-formacion-para-personal-de-administracion-local-de-la-comunidad-autonoma-de-galicia\\\/\"},\"author\":{\"name\":\"Empleate\",\"@id\":\"https:\\\/\\\/www.emplea-te.com\\\/noticias-oposiciones\\\/#\\\/schema\\\/person\\\/d1bc587e1af2b95e9c32aba1795509a6\"},\"headline\":\"EGAP. Convocatoria de actividades de formaci\u00f3n para personal de administraci\u00f3n local de la Comunidad Aut\u00f3noma de Galicia.\",\"datePublished\":\"2026-03-11T09:05:21+00:00\",\"mainEntityOfPage\":{\"@id\":\"https:\\\/\\\/www.emplea-te.com\\\/noticias-oposiciones\\\/egap-convocatoria-de-actividades-de-formacion-para-personal-de-administracion-local-de-la-comunidad-autonoma-de-galicia\\\/\"},\"wordCount\":234,\"publisher\":{\"@id\":\"https:\\\/\\\/www.emplea-te.com\\\/noticias-oposiciones\\\/#organization\"},\"keywords\":[\"Convocatoria\",\"CONVOCATORIA EGAP\"],\"articleSection\":[\"EGAP\"],\"inLanguage\":\"es\"},{\"@type\":\"WebPage\",\"@id\":\"https:\\\/\\\/www.emplea-te.com\\\/noticias-oposiciones\\\/egap-convocatoria-de-actividades-de-formacion-para-personal-de-administracion-local-de-la-comunidad-autonoma-de-galicia\\\/\",\"url\":\"https:\\\/\\\/www.emplea-te.com\\\/noticias-oposiciones\\\/egap-convocatoria-de-actividades-de-formacion-para-personal-de-administracion-local-de-la-comunidad-autonoma-de-galicia\\\/\",\"name\":\"EGAP. Convocatoria de actividades de formaci\u00f3n.\",\"isPartOf\":{\"@id\":\"https:\\\/\\\/www.emplea-te.com\\\/noticias-oposiciones\\\/#website\"},\"datePublished\":\"2026-03-11T09:05:21+00:00\",\"description\":\"EGAP. Convocatoria de actividades de formaci\u00f3n para personal de administraci\u00f3n local de la Comunidad Aut\u00f3noma de Galicia.\",\"breadcrumb\":{\"@id\":\"https:\\\/\\\/www.emplea-te.com\\\/noticias-oposiciones\\\/egap-convocatoria-de-actividades-de-formacion-para-personal-de-administracion-local-de-la-comunidad-autonoma-de-galicia\\\/#breadcrumb\"},\"inLanguage\":\"es\",\"potentialAction\":[{\"@type\":\"ReadAction\",\"target\":[\"https:\\\/\\\/www.emplea-te.com\\\/noticias-oposiciones\\\/egap-convocatoria-de-actividades-de-formacion-para-personal-de-administracion-local-de-la-comunidad-autonoma-de-galicia\\\/\"]}]},{\"@type\":\"BreadcrumbList\",\"@id\":\"https:\\\/\\\/www.emplea-te.com\\\/noticias-oposiciones\\\/egap-convocatoria-de-actividades-de-formacion-para-personal-de-administracion-local-de-la-comunidad-autonoma-de-galicia\\\/#breadcrumb\",\"itemListElement\":[{\"@type\":\"ListItem\",\"position\":1,\"name\":\"Noticias Oposiciones\",\"item\":\"https:\\\/\\\/www.emplea-te.com\\\/noticias-oposiciones\\\/\"},{\"@type\":\"ListItem\",\"position\":2,\"name\":\"EGAP\",\"item\":\"https:\\\/\\\/www.emplea-te.com\\\/noticias-oposiciones\\\/categoria\\\/egap\\\/\"},{\"@type\":\"ListItem\",\"position\":3,\"name\":\"EGAP. Convocatoria de actividades de formaci\u00f3n para personal de administraci\u00f3n local de la Comunidad Aut\u00f3noma de Galicia.\"}]},{\"@type\":\"WebSite\",\"@id\":\"https:\\\/\\\/www.emplea-te.com\\\/noticias-oposiciones\\\/#website\",\"url\":\"https:\\\/\\\/www.emplea-te.com\\\/noticias-oposiciones\\\/\",\"name\":\"Noticas de oposiciones por Academia Emplea-te\",\"description\":\"Toda la actualidad de las ofertas y convocatorias.\",\"publisher\":{\"@id\":\"https:\\\/\\\/www.emplea-te.com\\\/noticias-oposiciones\\\/#organization\"},\"potentialAction\":[{\"@type\":\"SearchAction\",\"target\":{\"@type\":\"EntryPoint\",\"urlTemplate\":\"https:\\\/\\\/www.emplea-te.com\\\/noticias-oposiciones\\\/?s={search_term_string}\"},\"query-input\":{\"@type\":\"PropertyValueSpecification\",\"valueRequired\":true,\"valueName\":\"search_term_string\"}}],\"inLanguage\":\"es\"},{\"@type\":\"Organization\",\"@id\":\"https:\\\/\\\/www.emplea-te.com\\\/noticias-oposiciones\\\/#organization\",\"name\":\"Academia de oposiciones Empl\u00e9ate\",\"url\":\"https:\\\/\\\/www.emplea-te.com\\\/noticias-oposiciones\\\/\",\"logo\":{\"@type\":\"ImageObject\",\"inLanguage\":\"es\",\"@id\":\"https:\\\/\\\/www.emplea-te.com\\\/noticias-oposiciones\\\/#\\\/schema\\\/logo\\\/image\\\/\",\"url\":\"https:\\\/\\\/www.emplea-te.com\\\/noticias-oposiciones\\\/wp-content\\\/uploads\\\/2019\\\/04\\\/empleate.jpg\",\"contentUrl\":\"https:\\\/\\\/www.emplea-te.com\\\/noticias-oposiciones\\\/wp-content\\\/uploads\\\/2019\\\/04\\\/empleate.jpg\",\"width\":250,\"height\":150,\"caption\":\"Academia de oposiciones Empl\u00e9ate\"},\"image\":{\"@id\":\"https:\\\/\\\/www.emplea-te.com\\\/noticias-oposiciones\\\/#\\\/schema\\\/logo\\\/image\\\/\"},\"sameAs\":[\"https:\\\/\\\/www.facebook.com\\\/AcademiaEmpleate\\\/\",\"https:\\\/\\\/x.com\\\/Emplea_Te\",\"https:\\\/\\\/www.instagram.com\\\/academia_empleate\\\/\"]},{\"@type\":\"Person\",\"@id\":\"https:\\\/\\\/www.emplea-te.com\\\/noticias-oposiciones\\\/#\\\/schema\\\/person\\\/d1bc587e1af2b95e9c32aba1795509a6\",\"name\":\"Empleate\"}]}<\/script>\n<!-- \/ Yoast SEO plugin. -->","yoast_head_json":{"title":"EGAP. Convocatoria de actividades de formaci\u00f3n.","description":"EGAP. Convocatoria de actividades de formaci\u00f3n para personal de administraci\u00f3n local de la Comunidad Aut\u00f3noma de Galicia.","robots":{"index":"index","follow":"follow","max-snippet":"max-snippet:-1","max-image-preview":"max-image-preview:large","max-video-preview":"max-video-preview:-1"},"canonical":"https:\/\/www.emplea-te.com\/noticias-oposiciones\/egap-convocatoria-de-actividades-de-formacion-para-personal-de-administracion-local-de-la-comunidad-autonoma-de-galicia\/","og_locale":"es_ES","og_type":"article","og_title":"EGAP. Convocatoria de actividades de formaci\u00f3n.","og_description":"EGAP. Convocatoria de actividades de formaci\u00f3n para personal de administraci\u00f3n local de la Comunidad Aut\u00f3noma de Galicia.","og_url":"https:\/\/www.emplea-te.com\/noticias-oposiciones\/egap-convocatoria-de-actividades-de-formacion-para-personal-de-administracion-local-de-la-comunidad-autonoma-de-galicia\/","og_site_name":"Noticas de oposiciones por Academia Emplea-te","article_publisher":"https:\/\/www.facebook.com\/AcademiaEmpleate\/","article_published_time":"2026-03-11T09:05:21+00:00","author":"Empleate","twitter_card":"summary_large_image","twitter_creator":"@Emplea_Te","twitter_site":"@Emplea_Te","twitter_misc":{"Escrito por":"Empleate","Tiempo de lectura":"1 minuto"},"schema":{"@context":"https:\/\/schema.org","@graph":[{"@type":"Article","@id":"https:\/\/www.emplea-te.com\/noticias-oposiciones\/egap-convocatoria-de-actividades-de-formacion-para-personal-de-administracion-local-de-la-comunidad-autonoma-de-galicia\/#article","isPartOf":{"@id":"https:\/\/www.emplea-te.com\/noticias-oposiciones\/egap-convocatoria-de-actividades-de-formacion-para-personal-de-administracion-local-de-la-comunidad-autonoma-de-galicia\/"},"author":{"name":"Empleate","@id":"https:\/\/www.emplea-te.com\/noticias-oposiciones\/#\/schema\/person\/d1bc587e1af2b95e9c32aba1795509a6"},"headline":"EGAP. Convocatoria de actividades de formaci\u00f3n para personal de administraci\u00f3n local de la Comunidad Aut\u00f3noma de Galicia.","datePublished":"2026-03-11T09:05:21+00:00","mainEntityOfPage":{"@id":"https:\/\/www.emplea-te.com\/noticias-oposiciones\/egap-convocatoria-de-actividades-de-formacion-para-personal-de-administracion-local-de-la-comunidad-autonoma-de-galicia\/"},"wordCount":234,"publisher":{"@id":"https:\/\/www.emplea-te.com\/noticias-oposiciones\/#organization"},"keywords":["Convocatoria","CONVOCATORIA EGAP"],"articleSection":["EGAP"],"inLanguage":"es"},{"@type":"WebPage","@id":"https:\/\/www.emplea-te.com\/noticias-oposiciones\/egap-convocatoria-de-actividades-de-formacion-para-personal-de-administracion-local-de-la-comunidad-autonoma-de-galicia\/","url":"https:\/\/www.emplea-te.com\/noticias-oposiciones\/egap-convocatoria-de-actividades-de-formacion-para-personal-de-administracion-local-de-la-comunidad-autonoma-de-galicia\/","name":"EGAP. Convocatoria de actividades de formaci\u00f3n.","isPartOf":{"@id":"https:\/\/www.emplea-te.com\/noticias-oposiciones\/#website"},"datePublished":"2026-03-11T09:05:21+00:00","description":"EGAP. Convocatoria de actividades de formaci\u00f3n para personal de administraci\u00f3n local de la Comunidad Aut\u00f3noma de Galicia.","breadcrumb":{"@id":"https:\/\/www.emplea-te.com\/noticias-oposiciones\/egap-convocatoria-de-actividades-de-formacion-para-personal-de-administracion-local-de-la-comunidad-autonoma-de-galicia\/#breadcrumb"},"inLanguage":"es","potentialAction":[{"@type":"ReadAction","target":["https:\/\/www.emplea-te.com\/noticias-oposiciones\/egap-convocatoria-de-actividades-de-formacion-para-personal-de-administracion-local-de-la-comunidad-autonoma-de-galicia\/"]}]},{"@type":"BreadcrumbList","@id":"https:\/\/www.emplea-te.com\/noticias-oposiciones\/egap-convocatoria-de-actividades-de-formacion-para-personal-de-administracion-local-de-la-comunidad-autonoma-de-galicia\/#breadcrumb","itemListElement":[{"@type":"ListItem","position":1,"name":"Noticias Oposiciones","item":"https:\/\/www.emplea-te.com\/noticias-oposiciones\/"},{"@type":"ListItem","position":2,"name":"EGAP","item":"https:\/\/www.emplea-te.com\/noticias-oposiciones\/categoria\/egap\/"},{"@type":"ListItem","position":3,"name":"EGAP. Convocatoria de actividades de formaci\u00f3n para personal de administraci\u00f3n local de la Comunidad Aut\u00f3noma de Galicia."}]},{"@type":"WebSite","@id":"https:\/\/www.emplea-te.com\/noticias-oposiciones\/#website","url":"https:\/\/www.emplea-te.com\/noticias-oposiciones\/","name":"Noticas de oposiciones por Academia Emplea-te","description":"Toda la actualidad de las ofertas y convocatorias.","publisher":{"@id":"https:\/\/www.emplea-te.com\/noticias-oposiciones\/#organization"},"potentialAction":[{"@type":"SearchAction","target":{"@type":"EntryPoint","urlTemplate":"https:\/\/www.emplea-te.com\/noticias-oposiciones\/?s={search_term_string}"},"query-input":{"@type":"PropertyValueSpecification","valueRequired":true,"valueName":"search_term_string"}}],"inLanguage":"es"},{"@type":"Organization","@id":"https:\/\/www.emplea-te.com\/noticias-oposiciones\/#organization","name":"Academia de oposiciones Empl\u00e9ate","url":"https:\/\/www.emplea-te.com\/noticias-oposiciones\/","logo":{"@type":"ImageObject","inLanguage":"es","@id":"https:\/\/www.emplea-te.com\/noticias-oposiciones\/#\/schema\/logo\/image\/","url":"https:\/\/www.emplea-te.com\/noticias-oposiciones\/wp-content\/uploads\/2019\/04\/empleate.jpg","contentUrl":"https:\/\/www.emplea-te.com\/noticias-oposiciones\/wp-content\/uploads\/2019\/04\/empleate.jpg","width":250,"height":150,"caption":"Academia de oposiciones Empl\u00e9ate"},"image":{"@id":"https:\/\/www.emplea-te.com\/noticias-oposiciones\/#\/schema\/logo\/image\/"},"sameAs":["https:\/\/www.facebook.com\/AcademiaEmpleate\/","https:\/\/x.com\/Emplea_Te","https:\/\/www.instagram.com\/academia_empleate\/"]},{"@type":"Person","@id":"https:\/\/www.emplea-te.com\/noticias-oposiciones\/#\/schema\/person\/d1bc587e1af2b95e9c32aba1795509a6","name":"Empleate"}]}},"_links":{"self":[{"href":"https:\/\/www.emplea-te.com\/noticias-oposiciones\/wp-json\/wp\/v2\/posts\/17908","targetHints":{"allow":["GET"]}}],"collection":[{"href":"https:\/\/www.emplea-te.com\/noticias-oposiciones\/wp-json\/wp\/v2\/posts"}],"about":[{"href":"https:\/\/www.emplea-te.com\/noticias-oposiciones\/wp-json\/wp\/v2\/types\/post"}],"author":[{"embeddable":true,"href":"https:\/\/www.emplea-te.com\/noticias-oposiciones\/wp-json\/wp\/v2\/users\/1"}],"replies":[{"embeddable":true,"href":"https:\/\/www.emplea-te.com\/noticias-oposiciones\/wp-json\/wp\/v2\/comments?post=17908"}],"version-history":[{"count":1,"href":"https:\/\/www.emplea-te.com\/noticias-oposiciones\/wp-json\/wp\/v2\/posts\/17908\/revisions"}],"predecessor-version":[{"id":17909,"href":"https:\/\/www.emplea-te.com\/noticias-oposiciones\/wp-json\/wp\/v2\/posts\/17908\/revisions\/17909"}],"wp:attachment":[{"href":"https:\/\/www.emplea-te.com\/noticias-oposiciones\/wp-json\/wp\/v2\/media?parent=17908"}],"wp:term":[{"taxonomy":"category","embeddable":true,"href":"https:\/\/www.emplea-te.com\/noticias-oposiciones\/wp-json\/wp\/v2\/categories?post=17908"},{"taxonomy":"post_tag","embeddable":true,"href":"https:\/\/www.emplea-te.com\/noticias-oposiciones\/wp-json\/wp\/v2\/tags?post=17908"}],"curies":[{"name":"wp","href":"https:\/\/api.w.org\/{rel}","templated":true}]}}