{"id":17912,"date":"2026-03-11T10:21:42","date_gmt":"2026-03-11T09:21:42","guid":{"rendered":"https:\/\/www.emplea-te.com\/noticias-oposiciones\/?p=17912"},"modified":"2026-03-11T10:24:46","modified_gmt":"2026-03-11T09:24:46","slug":"ayuntamiento-de-a-coruna-instrucciones-de-realizacion-del-segundo-ejercicio-de-la-convocatoria-de-13-plazas-de-administrativo-c1-previsto-para-el-dia-16-de-marzo-de-2026","status":"publish","type":"post","link":"https:\/\/www.emplea-te.com\/noticias-oposiciones\/ayuntamiento-de-a-coruna-instrucciones-de-realizacion-del-segundo-ejercicio-de-la-convocatoria-de-13-plazas-de-administrativo-c1-previsto-para-el-dia-16-de-marzo-de-2026\/","title":{"rendered":"Ayuntamiento de A Coru\u00f1a. Instrucciones de realizaci\u00f3n del segundo ejercicio de la convocatoria de 13 plazas de Administrativo C1 previsto para el d\u00eda 16 de marzo de 2026."},"content":{"rendered":"<p>El tribunal del proceso selectivo para cubrir 13 plazas de Administrativo\/a por turno libre de la Escala de Administraci\u00f3n General (subgrupo C1) ha publicado las instrucciones para la realizaci\u00f3n del segundo ejercicio de la fase de oposici\u00f3n convocado para el d\u00eda 16 de marzo de 2026.<\/p>\n<p>Resumen puntos principales de las instrucciones:<\/p>\n<p><strong>En qu\u00e9 consiste el segundo ejercicio:<br \/>\n<\/strong>Un cuestionario de 20 preguntas de respuesta corta.<br \/>\nLas preguntas estar\u00e1n relacionadas con todo el temario de la convocatoria.<br \/>\nEl tribunal las determinar\u00e1 justo antes del inicio de la prueba.<br \/>\nEl tiempo m\u00e1ximo para realizar el examen ser\u00e1 de 120 minutos.<\/p>\n<p><strong>En la correcci\u00f3n se valorar\u00e1 especialmente:<br \/>\n<\/strong>La capacidad de an\u00e1lisis.<br \/>\nLa claridad en la exposici\u00f3n.<br \/>\nLa precisi\u00f3n y concreci\u00f3n de las respuestas.<\/p>\n<p><strong>Sistema de puntuaci\u00f3n:<br \/>\n<\/strong>La calificaci\u00f3n del ejercicio ser\u00e1:<br \/>\nM\u00e1ximo: 30 puntos.<br \/>\nCada pregunta: m\u00e1xima valoraci\u00f3n hasta 1,5 puntos.<br \/>\n<strong><em>Puntuaci\u00f3n m\u00ednima para aprobar: 15 puntos.<br \/>\n<\/em><\/strong>Las personas aspirantes que no alcancen esa puntuaci\u00f3n quedar\u00e1n eliminadas del proceso selectivo.<\/p>\n<p><strong>Normas para realizar el examen:<br \/>\n<\/strong>El examen debe escribirse con bol\u00edgrafo azul o negro.<br \/>\nSe utilizar\u00e1n hojas autocopiativas facilitadas por el tribunal.<br \/>\nSolo se podr\u00e1 escribir por una cara de la hoja.<br \/>\nTodas las personas opositoras deber\u00e1n entregar 20 p\u00e1ginas, aunque alguna pregunta se deje en blanco.<br \/>\nSi se comete un error, el aspirante deber\u00e1 solicitar una nueva hoja, que sustituir\u00e1 a la anterior.<\/p>\n<p><strong>Normas durante el desarrollo de la prueba:<br \/>\n<\/strong>Durante el examen se deber\u00e1n respetar varias reglas:<br \/>\nNo se podr\u00e1 abandonar la sala hasta pasados los primeros 30 minutos.<br \/>\nEl tribunal avisar\u00e1 cuando falten 60, 30 y 15 minutos para finalizar.<br \/>\nEl DNI o documento identificativo deber\u00e1 permanecer visible.<br \/>\nLos objetos personales deber\u00e1n dejarse en el suelo antes del inicio.<br \/>\nProhibici\u00f3n de dispositivos electr\u00f3nicos.<br \/>\nAdem\u00e1s, el tribunal podr\u00e1 exigir que las personas opositoras mantengan orejas y mu\u00f1ecas descubiertas para comprobar que no utilizan dispositivos electr\u00f3nicos.<br \/>\nEl incumplimiento supondr\u00e1 expulsi\u00f3n inmediata del examen.<\/p>\n<p><strong>Entrega del examen:<br \/>\n<\/strong>Al finalizar el ejercicio:<br \/>\nEl aspirante deber\u00e1 levantar la mano para avisar al tribunal.<br \/>\nUn miembro del tribunal recoger\u00e1 el examen en su puesto.<br \/>\nEl aspirante recibir\u00e1 la copia de su examen.<\/p>\n<p>Accede desde este PDF a la consulta \u00edntegra del documento con las instrucciones:<br \/>\n<strong><a href=\"https:\/\/www.emplea-te.com\/noticias-oposiciones\/ver-pdf\/?pdf=https%3A%2F%2Fwww.emplea-te.com%2Fnoticias-oposiciones%2Fwp-content%2Fuploads%2F2026%2F03%2FInstrucciones-segundo-ejercicio-C1.pdf\" target=\"_blank\" rel=\"noopener\">Instrucciones segundo ejercicio C1<\/a><\/strong><\/p>\n<p>\u00a1\u00c1nimo!<\/p>\n","protected":false},"excerpt":{"rendered":"<p>El tribunal del proceso selectivo para cubrir 13 plazas de Administrativo\/a por turno libre de la Escala de Administraci\u00f3n General (subgrupo C1) ha publicado las instrucciones para la realizaci\u00f3n del segundo ejercicio de la fase de oposici\u00f3n convocado para el d\u00eda 16 de marzo de 2026. Resumen puntos principales de las instrucciones: En qu\u00e9 consiste &hellip; <a href=\"https:\/\/www.emplea-te.com\/noticias-oposiciones\/ayuntamiento-de-a-coruna-instrucciones-de-realizacion-del-segundo-ejercicio-de-la-convocatoria-de-13-plazas-de-administrativo-c1-previsto-para-el-dia-16-de-marzo-de-2026\/\" class=\"more-link\">Continuar leyendo<span class=\"screen-reader-text\"> \u00abAyuntamiento de A Coru\u00f1a. Instrucciones de realizaci\u00f3n del segundo ejercicio de la convocatoria de 13 plazas de Administrativo C1 previsto para el d\u00eda 16 de marzo de 2026.\u00bb<\/span><\/a><\/p>\n","protected":false},"author":1,"featured_media":0,"comment_status":"closed","ping_status":"closed","sticky":false,"template":"","format":"standard","meta":{"footnotes":""},"categories":[37,56],"tags":[82,49,71,103],"class_list":["post-17912","post","type-post","status-publish","format-standard","hentry","category-convocatorias-ayuntamientos","category-oposiciones-autonomicas-galicia","tag-acceso-libre","tag-convocatorias-de-oposiciones","tag-fecha-examenes","tag-informacion-procesos-selectivos"],"yoast_head":"<!-- This site is optimized with the Yoast SEO plugin v27.3 - https:\/\/yoast.com\/product\/yoast-seo-wordpress\/ -->\n<title>Ayuntamiento de A Coru\u00f1a. Convocatoria. Proceso selectivo.<\/title>\n<meta name=\"description\" content=\"Ayuntamiento de A Coru\u00f1a. Instrucciones de realizaci\u00f3n del segundo ejercicio de la convocatoria de 13 plazas de Administrativo C1. \u00a1Suerte!\" \/>\n<meta name=\"robots\" content=\"index, follow, max-snippet:-1, max-image-preview:large, max-video-preview:-1\" \/>\n<link rel=\"canonical\" href=\"https:\/\/www.emplea-te.com\/noticias-oposiciones\/ayuntamiento-de-a-coruna-instrucciones-de-realizacion-del-segundo-ejercicio-de-la-convocatoria-de-13-plazas-de-administrativo-c1-previsto-para-el-dia-16-de-marzo-de-2026\/\" \/>\n<meta property=\"og:locale\" content=\"es_ES\" \/>\n<meta property=\"og:type\" content=\"article\" \/>\n<meta property=\"og:title\" content=\"Ayuntamiento de A Coru\u00f1a. Convocatoria. Proceso selectivo.\" \/>\n<meta property=\"og:description\" content=\"Ayuntamiento de A Coru\u00f1a. Instrucciones de realizaci\u00f3n del segundo ejercicio de la convocatoria de 13 plazas de Administrativo C1. \u00a1Suerte!\" \/>\n<meta property=\"og:url\" content=\"https:\/\/www.emplea-te.com\/noticias-oposiciones\/ayuntamiento-de-a-coruna-instrucciones-de-realizacion-del-segundo-ejercicio-de-la-convocatoria-de-13-plazas-de-administrativo-c1-previsto-para-el-dia-16-de-marzo-de-2026\/\" \/>\n<meta property=\"og:site_name\" content=\"Noticas de oposiciones por Academia Emplea-te\" \/>\n<meta property=\"article:publisher\" content=\"https:\/\/www.facebook.com\/AcademiaEmpleate\/\" \/>\n<meta property=\"article:published_time\" content=\"2026-03-11T09:21:42+00:00\" \/>\n<meta property=\"article:modified_time\" content=\"2026-03-11T09:24:46+00:00\" \/>\n<meta name=\"author\" content=\"Empleate\" \/>\n<meta name=\"twitter:card\" content=\"summary_large_image\" \/>\n<meta name=\"twitter:creator\" content=\"@Emplea_Te\" \/>\n<meta name=\"twitter:site\" content=\"@Emplea_Te\" \/>\n<meta name=\"twitter:label1\" content=\"Escrito por\" \/>\n\t<meta name=\"twitter:data1\" content=\"Empleate\" \/>\n\t<meta name=\"twitter:label2\" content=\"Tiempo de lectura\" \/>\n\t<meta name=\"twitter:data2\" content=\"2 minutos\" \/>\n<script type=\"application\/ld+json\" class=\"yoast-schema-graph\">{\"@context\":\"https:\\\/\\\/schema.org\",\"@graph\":[{\"@type\":\"Article\",\"@id\":\"https:\\\/\\\/www.emplea-te.com\\\/noticias-oposiciones\\\/ayuntamiento-de-a-coruna-instrucciones-de-realizacion-del-segundo-ejercicio-de-la-convocatoria-de-13-plazas-de-administrativo-c1-previsto-para-el-dia-16-de-marzo-de-2026\\\/#article\",\"isPartOf\":{\"@id\":\"https:\\\/\\\/www.emplea-te.com\\\/noticias-oposiciones\\\/ayuntamiento-de-a-coruna-instrucciones-de-realizacion-del-segundo-ejercicio-de-la-convocatoria-de-13-plazas-de-administrativo-c1-previsto-para-el-dia-16-de-marzo-de-2026\\\/\"},\"author\":{\"name\":\"Empleate\",\"@id\":\"https:\\\/\\\/www.emplea-te.com\\\/noticias-oposiciones\\\/#\\\/schema\\\/person\\\/d1bc587e1af2b95e9c32aba1795509a6\"},\"headline\":\"Ayuntamiento de A Coru\u00f1a. Instrucciones de realizaci\u00f3n del segundo ejercicio de la convocatoria de 13 plazas de Administrativo C1 previsto para el d\u00eda 16 de marzo de 2026.\",\"datePublished\":\"2026-03-11T09:21:42+00:00\",\"dateModified\":\"2026-03-11T09:24:46+00:00\",\"mainEntityOfPage\":{\"@id\":\"https:\\\/\\\/www.emplea-te.com\\\/noticias-oposiciones\\\/ayuntamiento-de-a-coruna-instrucciones-de-realizacion-del-segundo-ejercicio-de-la-convocatoria-de-13-plazas-de-administrativo-c1-previsto-para-el-dia-16-de-marzo-de-2026\\\/\"},\"wordCount\":413,\"publisher\":{\"@id\":\"https:\\\/\\\/www.emplea-te.com\\\/noticias-oposiciones\\\/#organization\"},\"keywords\":[\"Acceso libre\",\"Convocatoria\",\"Fecha ex\u00e1menes\",\"Informaci\u00f3n procesos selectivos\"],\"articleSection\":[\"Convocatorias Ayuntamientos\",\"Oposiciones Auton\u00f3micas Galicia\"],\"inLanguage\":\"es\"},{\"@type\":\"WebPage\",\"@id\":\"https:\\\/\\\/www.emplea-te.com\\\/noticias-oposiciones\\\/ayuntamiento-de-a-coruna-instrucciones-de-realizacion-del-segundo-ejercicio-de-la-convocatoria-de-13-plazas-de-administrativo-c1-previsto-para-el-dia-16-de-marzo-de-2026\\\/\",\"url\":\"https:\\\/\\\/www.emplea-te.com\\\/noticias-oposiciones\\\/ayuntamiento-de-a-coruna-instrucciones-de-realizacion-del-segundo-ejercicio-de-la-convocatoria-de-13-plazas-de-administrativo-c1-previsto-para-el-dia-16-de-marzo-de-2026\\\/\",\"name\":\"Ayuntamiento de A Coru\u00f1a. Convocatoria. Proceso selectivo.\",\"isPartOf\":{\"@id\":\"https:\\\/\\\/www.emplea-te.com\\\/noticias-oposiciones\\\/#website\"},\"datePublished\":\"2026-03-11T09:21:42+00:00\",\"dateModified\":\"2026-03-11T09:24:46+00:00\",\"description\":\"Ayuntamiento de A Coru\u00f1a. Instrucciones de realizaci\u00f3n del segundo ejercicio de la convocatoria de 13 plazas de Administrativo C1. \u00a1Suerte!\",\"breadcrumb\":{\"@id\":\"https:\\\/\\\/www.emplea-te.com\\\/noticias-oposiciones\\\/ayuntamiento-de-a-coruna-instrucciones-de-realizacion-del-segundo-ejercicio-de-la-convocatoria-de-13-plazas-de-administrativo-c1-previsto-para-el-dia-16-de-marzo-de-2026\\\/#breadcrumb\"},\"inLanguage\":\"es\",\"potentialAction\":[{\"@type\":\"ReadAction\",\"target\":[\"https:\\\/\\\/www.emplea-te.com\\\/noticias-oposiciones\\\/ayuntamiento-de-a-coruna-instrucciones-de-realizacion-del-segundo-ejercicio-de-la-convocatoria-de-13-plazas-de-administrativo-c1-previsto-para-el-dia-16-de-marzo-de-2026\\\/\"]}]},{\"@type\":\"BreadcrumbList\",\"@id\":\"https:\\\/\\\/www.emplea-te.com\\\/noticias-oposiciones\\\/ayuntamiento-de-a-coruna-instrucciones-de-realizacion-del-segundo-ejercicio-de-la-convocatoria-de-13-plazas-de-administrativo-c1-previsto-para-el-dia-16-de-marzo-de-2026\\\/#breadcrumb\",\"itemListElement\":[{\"@type\":\"ListItem\",\"position\":1,\"name\":\"Noticias Oposiciones\",\"item\":\"https:\\\/\\\/www.emplea-te.com\\\/noticias-oposiciones\\\/\"},{\"@type\":\"ListItem\",\"position\":2,\"name\":\"Oposiciones Auton\u00f3micas Galicia\",\"item\":\"https:\\\/\\\/www.emplea-te.com\\\/noticias-oposiciones\\\/categoria\\\/oposiciones-autonomicas-galicia\\\/\"},{\"@type\":\"ListItem\",\"position\":3,\"name\":\"Ayuntamiento de A Coru\u00f1a. Instrucciones de realizaci\u00f3n del segundo ejercicio de la convocatoria de 13 plazas de Administrativo C1 previsto para el d\u00eda 16 de marzo de 2026.\"}]},{\"@type\":\"WebSite\",\"@id\":\"https:\\\/\\\/www.emplea-te.com\\\/noticias-oposiciones\\\/#website\",\"url\":\"https:\\\/\\\/www.emplea-te.com\\\/noticias-oposiciones\\\/\",\"name\":\"Noticas de oposiciones por Academia Emplea-te\",\"description\":\"Toda la actualidad de las ofertas y convocatorias.\",\"publisher\":{\"@id\":\"https:\\\/\\\/www.emplea-te.com\\\/noticias-oposiciones\\\/#organization\"},\"potentialAction\":[{\"@type\":\"SearchAction\",\"target\":{\"@type\":\"EntryPoint\",\"urlTemplate\":\"https:\\\/\\\/www.emplea-te.com\\\/noticias-oposiciones\\\/?s={search_term_string}\"},\"query-input\":{\"@type\":\"PropertyValueSpecification\",\"valueRequired\":true,\"valueName\":\"search_term_string\"}}],\"inLanguage\":\"es\"},{\"@type\":\"Organization\",\"@id\":\"https:\\\/\\\/www.emplea-te.com\\\/noticias-oposiciones\\\/#organization\",\"name\":\"Academia de oposiciones Empl\u00e9ate\",\"url\":\"https:\\\/\\\/www.emplea-te.com\\\/noticias-oposiciones\\\/\",\"logo\":{\"@type\":\"ImageObject\",\"inLanguage\":\"es\",\"@id\":\"https:\\\/\\\/www.emplea-te.com\\\/noticias-oposiciones\\\/#\\\/schema\\\/logo\\\/image\\\/\",\"url\":\"https:\\\/\\\/www.emplea-te.com\\\/noticias-oposiciones\\\/wp-content\\\/uploads\\\/2019\\\/04\\\/empleate.jpg\",\"contentUrl\":\"https:\\\/\\\/www.emplea-te.com\\\/noticias-oposiciones\\\/wp-content\\\/uploads\\\/2019\\\/04\\\/empleate.jpg\",\"width\":250,\"height\":150,\"caption\":\"Academia de oposiciones Empl\u00e9ate\"},\"image\":{\"@id\":\"https:\\\/\\\/www.emplea-te.com\\\/noticias-oposiciones\\\/#\\\/schema\\\/logo\\\/image\\\/\"},\"sameAs\":[\"https:\\\/\\\/www.facebook.com\\\/AcademiaEmpleate\\\/\",\"https:\\\/\\\/x.com\\\/Emplea_Te\",\"https:\\\/\\\/www.instagram.com\\\/academia_empleate\\\/\"]},{\"@type\":\"Person\",\"@id\":\"https:\\\/\\\/www.emplea-te.com\\\/noticias-oposiciones\\\/#\\\/schema\\\/person\\\/d1bc587e1af2b95e9c32aba1795509a6\",\"name\":\"Empleate\"}]}<\/script>\n<!-- \/ Yoast SEO plugin. -->","yoast_head_json":{"title":"Ayuntamiento de A Coru\u00f1a. Convocatoria. Proceso selectivo.","description":"Ayuntamiento de A Coru\u00f1a. Instrucciones de realizaci\u00f3n del segundo ejercicio de la convocatoria de 13 plazas de Administrativo C1. \u00a1Suerte!","robots":{"index":"index","follow":"follow","max-snippet":"max-snippet:-1","max-image-preview":"max-image-preview:large","max-video-preview":"max-video-preview:-1"},"canonical":"https:\/\/www.emplea-te.com\/noticias-oposiciones\/ayuntamiento-de-a-coruna-instrucciones-de-realizacion-del-segundo-ejercicio-de-la-convocatoria-de-13-plazas-de-administrativo-c1-previsto-para-el-dia-16-de-marzo-de-2026\/","og_locale":"es_ES","og_type":"article","og_title":"Ayuntamiento de A Coru\u00f1a. Convocatoria. Proceso selectivo.","og_description":"Ayuntamiento de A Coru\u00f1a. Instrucciones de realizaci\u00f3n del segundo ejercicio de la convocatoria de 13 plazas de Administrativo C1. \u00a1Suerte!","og_url":"https:\/\/www.emplea-te.com\/noticias-oposiciones\/ayuntamiento-de-a-coruna-instrucciones-de-realizacion-del-segundo-ejercicio-de-la-convocatoria-de-13-plazas-de-administrativo-c1-previsto-para-el-dia-16-de-marzo-de-2026\/","og_site_name":"Noticas de oposiciones por Academia Emplea-te","article_publisher":"https:\/\/www.facebook.com\/AcademiaEmpleate\/","article_published_time":"2026-03-11T09:21:42+00:00","article_modified_time":"2026-03-11T09:24:46+00:00","author":"Empleate","twitter_card":"summary_large_image","twitter_creator":"@Emplea_Te","twitter_site":"@Emplea_Te","twitter_misc":{"Escrito por":"Empleate","Tiempo de lectura":"2 minutos"},"schema":{"@context":"https:\/\/schema.org","@graph":[{"@type":"Article","@id":"https:\/\/www.emplea-te.com\/noticias-oposiciones\/ayuntamiento-de-a-coruna-instrucciones-de-realizacion-del-segundo-ejercicio-de-la-convocatoria-de-13-plazas-de-administrativo-c1-previsto-para-el-dia-16-de-marzo-de-2026\/#article","isPartOf":{"@id":"https:\/\/www.emplea-te.com\/noticias-oposiciones\/ayuntamiento-de-a-coruna-instrucciones-de-realizacion-del-segundo-ejercicio-de-la-convocatoria-de-13-plazas-de-administrativo-c1-previsto-para-el-dia-16-de-marzo-de-2026\/"},"author":{"name":"Empleate","@id":"https:\/\/www.emplea-te.com\/noticias-oposiciones\/#\/schema\/person\/d1bc587e1af2b95e9c32aba1795509a6"},"headline":"Ayuntamiento de A Coru\u00f1a. Instrucciones de realizaci\u00f3n del segundo ejercicio de la convocatoria de 13 plazas de Administrativo C1 previsto para el d\u00eda 16 de marzo de 2026.","datePublished":"2026-03-11T09:21:42+00:00","dateModified":"2026-03-11T09:24:46+00:00","mainEntityOfPage":{"@id":"https:\/\/www.emplea-te.com\/noticias-oposiciones\/ayuntamiento-de-a-coruna-instrucciones-de-realizacion-del-segundo-ejercicio-de-la-convocatoria-de-13-plazas-de-administrativo-c1-previsto-para-el-dia-16-de-marzo-de-2026\/"},"wordCount":413,"publisher":{"@id":"https:\/\/www.emplea-te.com\/noticias-oposiciones\/#organization"},"keywords":["Acceso libre","Convocatoria","Fecha ex\u00e1menes","Informaci\u00f3n procesos selectivos"],"articleSection":["Convocatorias Ayuntamientos","Oposiciones Auton\u00f3micas Galicia"],"inLanguage":"es"},{"@type":"WebPage","@id":"https:\/\/www.emplea-te.com\/noticias-oposiciones\/ayuntamiento-de-a-coruna-instrucciones-de-realizacion-del-segundo-ejercicio-de-la-convocatoria-de-13-plazas-de-administrativo-c1-previsto-para-el-dia-16-de-marzo-de-2026\/","url":"https:\/\/www.emplea-te.com\/noticias-oposiciones\/ayuntamiento-de-a-coruna-instrucciones-de-realizacion-del-segundo-ejercicio-de-la-convocatoria-de-13-plazas-de-administrativo-c1-previsto-para-el-dia-16-de-marzo-de-2026\/","name":"Ayuntamiento de A Coru\u00f1a. Convocatoria. Proceso selectivo.","isPartOf":{"@id":"https:\/\/www.emplea-te.com\/noticias-oposiciones\/#website"},"datePublished":"2026-03-11T09:21:42+00:00","dateModified":"2026-03-11T09:24:46+00:00","description":"Ayuntamiento de A Coru\u00f1a. Instrucciones de realizaci\u00f3n del segundo ejercicio de la convocatoria de 13 plazas de Administrativo C1. \u00a1Suerte!","breadcrumb":{"@id":"https:\/\/www.emplea-te.com\/noticias-oposiciones\/ayuntamiento-de-a-coruna-instrucciones-de-realizacion-del-segundo-ejercicio-de-la-convocatoria-de-13-plazas-de-administrativo-c1-previsto-para-el-dia-16-de-marzo-de-2026\/#breadcrumb"},"inLanguage":"es","potentialAction":[{"@type":"ReadAction","target":["https:\/\/www.emplea-te.com\/noticias-oposiciones\/ayuntamiento-de-a-coruna-instrucciones-de-realizacion-del-segundo-ejercicio-de-la-convocatoria-de-13-plazas-de-administrativo-c1-previsto-para-el-dia-16-de-marzo-de-2026\/"]}]},{"@type":"BreadcrumbList","@id":"https:\/\/www.emplea-te.com\/noticias-oposiciones\/ayuntamiento-de-a-coruna-instrucciones-de-realizacion-del-segundo-ejercicio-de-la-convocatoria-de-13-plazas-de-administrativo-c1-previsto-para-el-dia-16-de-marzo-de-2026\/#breadcrumb","itemListElement":[{"@type":"ListItem","position":1,"name":"Noticias Oposiciones","item":"https:\/\/www.emplea-te.com\/noticias-oposiciones\/"},{"@type":"ListItem","position":2,"name":"Oposiciones Auton\u00f3micas Galicia","item":"https:\/\/www.emplea-te.com\/noticias-oposiciones\/categoria\/oposiciones-autonomicas-galicia\/"},{"@type":"ListItem","position":3,"name":"Ayuntamiento de A Coru\u00f1a. Instrucciones de realizaci\u00f3n del segundo ejercicio de la convocatoria de 13 plazas de Administrativo C1 previsto para el d\u00eda 16 de marzo de 2026."}]},{"@type":"WebSite","@id":"https:\/\/www.emplea-te.com\/noticias-oposiciones\/#website","url":"https:\/\/www.emplea-te.com\/noticias-oposiciones\/","name":"Noticas de oposiciones por Academia Emplea-te","description":"Toda la actualidad de las ofertas y convocatorias.","publisher":{"@id":"https:\/\/www.emplea-te.com\/noticias-oposiciones\/#organization"},"potentialAction":[{"@type":"SearchAction","target":{"@type":"EntryPoint","urlTemplate":"https:\/\/www.emplea-te.com\/noticias-oposiciones\/?s={search_term_string}"},"query-input":{"@type":"PropertyValueSpecification","valueRequired":true,"valueName":"search_term_string"}}],"inLanguage":"es"},{"@type":"Organization","@id":"https:\/\/www.emplea-te.com\/noticias-oposiciones\/#organization","name":"Academia de oposiciones Empl\u00e9ate","url":"https:\/\/www.emplea-te.com\/noticias-oposiciones\/","logo":{"@type":"ImageObject","inLanguage":"es","@id":"https:\/\/www.emplea-te.com\/noticias-oposiciones\/#\/schema\/logo\/image\/","url":"https:\/\/www.emplea-te.com\/noticias-oposiciones\/wp-content\/uploads\/2019\/04\/empleate.jpg","contentUrl":"https:\/\/www.emplea-te.com\/noticias-oposiciones\/wp-content\/uploads\/2019\/04\/empleate.jpg","width":250,"height":150,"caption":"Academia de oposiciones Empl\u00e9ate"},"image":{"@id":"https:\/\/www.emplea-te.com\/noticias-oposiciones\/#\/schema\/logo\/image\/"},"sameAs":["https:\/\/www.facebook.com\/AcademiaEmpleate\/","https:\/\/x.com\/Emplea_Te","https:\/\/www.instagram.com\/academia_empleate\/"]},{"@type":"Person","@id":"https:\/\/www.emplea-te.com\/noticias-oposiciones\/#\/schema\/person\/d1bc587e1af2b95e9c32aba1795509a6","name":"Empleate"}]}},"_links":{"self":[{"href":"https:\/\/www.emplea-te.com\/noticias-oposiciones\/wp-json\/wp\/v2\/posts\/17912","targetHints":{"allow":["GET"]}}],"collection":[{"href":"https:\/\/www.emplea-te.com\/noticias-oposiciones\/wp-json\/wp\/v2\/posts"}],"about":[{"href":"https:\/\/www.emplea-te.com\/noticias-oposiciones\/wp-json\/wp\/v2\/types\/post"}],"author":[{"embeddable":true,"href":"https:\/\/www.emplea-te.com\/noticias-oposiciones\/wp-json\/wp\/v2\/users\/1"}],"replies":[{"embeddable":true,"href":"https:\/\/www.emplea-te.com\/noticias-oposiciones\/wp-json\/wp\/v2\/comments?post=17912"}],"version-history":[{"count":3,"href":"https:\/\/www.emplea-te.com\/noticias-oposiciones\/wp-json\/wp\/v2\/posts\/17912\/revisions"}],"predecessor-version":[{"id":17916,"href":"https:\/\/www.emplea-te.com\/noticias-oposiciones\/wp-json\/wp\/v2\/posts\/17912\/revisions\/17916"}],"wp:attachment":[{"href":"https:\/\/www.emplea-te.com\/noticias-oposiciones\/wp-json\/wp\/v2\/media?parent=17912"}],"wp:term":[{"taxonomy":"category","embeddable":true,"href":"https:\/\/www.emplea-te.com\/noticias-oposiciones\/wp-json\/wp\/v2\/categories?post=17912"},{"taxonomy":"post_tag","embeddable":true,"href":"https:\/\/www.emplea-te.com\/noticias-oposiciones\/wp-json\/wp\/v2\/tags?post=17912"}],"curies":[{"name":"wp","href":"https:\/\/api.w.org\/{rel}","templated":true}]}}