{"id":17940,"date":"2026-03-16T10:01:18","date_gmt":"2026-03-16T09:01:18","guid":{"rendered":"https:\/\/www.emplea-te.com\/noticias-oposiciones\/?p=17940"},"modified":"2026-03-16T10:01:18","modified_gmt":"2026-03-16T09:01:18","slug":"egap-convocatoria-cursos-para-personal-de-administracion-de-justicia","status":"publish","type":"post","link":"https:\/\/www.emplea-te.com\/noticias-oposiciones\/egap-convocatoria-cursos-para-personal-de-administracion-de-justicia\/","title":{"rendered":"EGAP. Convocatoria cursos para personal de administraci\u00f3n de Justicia."},"content":{"rendered":"<p>Se publica en el DOG de hoy, d\u00eda 16 de marzo de 2026, la Resoluci\u00f3n por la que la EGAP convoca actividades formativas dirigidas al personal de la Administraci\u00f3n de Justicia en Galicia durante el a\u00f1o 2026.<\/p>\n<p><strong>Qui\u00e9n puede participar:<br \/>\n<\/strong>Podr\u00e1n participar:<br \/>\nEmpleados p\u00fablicos de la Administraci\u00f3n de Justicia en Galicia.<br \/>\nPersonas que formen parte de las bolsas de interinos de los cuerpos de:<br \/>\nGesti\u00f3n Procesal y Administrativa<br \/>\nTramitaci\u00f3n Procesal y Administrativa<br \/>\nAuxilio Judicial<br \/>\nM\u00e9dicos forenses<br \/>\nLas personas interesadas deber\u00e1n encontrarse en situaci\u00f3n de servicio activo.<br \/>\n<strong>C\u00f3mo solicitar los cursos :\u00a0<\/strong><br \/>\nLas solicitudes deben realizarse exclusivamente por v\u00eda telem\u00e1tica a trav\u00e9s de la p\u00e1gina web de la EGAP.<br \/>\nEl plazo de inscripci\u00f3n finaliza el 23 de marzo de 2026, y cada persona podr\u00e1 solicitar un m\u00e1ximo de cuatro cursos.<\/p>\n<p><a href=\"https:\/\/www.xunta.gal\/dog\/Publicados\/2026\/20260316\/AnuncioO150-060326-0002_gl.html\" target=\"_blank\" rel=\"noopener\"><strong>Accede a la Resoluci\u00f3n con su contenido \u00edntegro desde este enlace.\u00a0<\/strong><\/a><\/p>\n<p>&nbsp;<\/p>\n","protected":false},"excerpt":{"rendered":"<p>Se publica en el DOG de hoy, d\u00eda 16 de marzo de 2026, la Resoluci\u00f3n por la que la EGAP convoca actividades formativas dirigidas al personal de la Administraci\u00f3n de Justicia en Galicia durante el a\u00f1o 2026. Qui\u00e9n puede participar: Podr\u00e1n participar: Empleados p\u00fablicos de la Administraci\u00f3n de Justicia en Galicia. Personas que formen parte &hellip; <a href=\"https:\/\/www.emplea-te.com\/noticias-oposiciones\/egap-convocatoria-cursos-para-personal-de-administracion-de-justicia\/\" class=\"more-link\">Continuar leyendo<span class=\"screen-reader-text\"> \u00abEGAP. Convocatoria cursos para personal de administraci\u00f3n de Justicia.\u00bb<\/span><\/a><\/p>\n","protected":false},"author":1,"featured_media":0,"comment_status":"closed","ping_status":"closed","sticky":false,"template":"","format":"standard","meta":{"footnotes":""},"categories":[120],"tags":[49,124],"class_list":["post-17940","post","type-post","status-publish","format-standard","hentry","category-egap","tag-convocatorias-de-oposiciones","tag-convocatoria-egap"],"yoast_head":"<!-- This site is optimized with the Yoast SEO plugin v27.5 - https:\/\/yoast.com\/product\/yoast-seo-wordpress\/ -->\n<title>EGAP. Convocatoria formaci\u00f3n administraci\u00f3n de Justicia.<\/title>\n<meta name=\"description\" content=\"EGAP. Convocatoria cursos para personal de administraci\u00f3n de Justicia. Puedes apuntarte hasta el d\u00eda 23 de marzo de 2026.\" \/>\n<meta name=\"robots\" content=\"index, follow, max-snippet:-1, max-image-preview:large, max-video-preview:-1\" \/>\n<link rel=\"canonical\" href=\"https:\/\/www.emplea-te.com\/noticias-oposiciones\/egap-convocatoria-cursos-para-personal-de-administracion-de-justicia\/\" \/>\n<meta property=\"og:locale\" content=\"es_ES\" \/>\n<meta property=\"og:type\" content=\"article\" \/>\n<meta property=\"og:title\" content=\"EGAP. Convocatoria formaci\u00f3n administraci\u00f3n de Justicia.\" \/>\n<meta property=\"og:description\" content=\"EGAP. Convocatoria cursos para personal de administraci\u00f3n de Justicia. Puedes apuntarte hasta el d\u00eda 23 de marzo de 2026.\" \/>\n<meta property=\"og:url\" content=\"https:\/\/www.emplea-te.com\/noticias-oposiciones\/egap-convocatoria-cursos-para-personal-de-administracion-de-justicia\/\" \/>\n<meta property=\"og:site_name\" content=\"Noticas de oposiciones por Academia Emplea-te\" \/>\n<meta property=\"article:publisher\" content=\"https:\/\/www.facebook.com\/AcademiaEmpleate\/\" \/>\n<meta property=\"article:published_time\" content=\"2026-03-16T09:01:18+00:00\" \/>\n<meta name=\"author\" content=\"Empleate\" \/>\n<meta name=\"twitter:card\" content=\"summary_large_image\" \/>\n<meta name=\"twitter:creator\" content=\"@Emplea_Te\" \/>\n<meta name=\"twitter:site\" content=\"@Emplea_Te\" \/>\n<meta name=\"twitter:label1\" content=\"Escrito por\" \/>\n\t<meta name=\"twitter:data1\" content=\"Empleate\" \/>\n\t<meta name=\"twitter:label2\" content=\"Tiempo de lectura\" \/>\n\t<meta name=\"twitter:data2\" content=\"1 minuto\" \/>\n<script type=\"application\/ld+json\" class=\"yoast-schema-graph\">{\"@context\":\"https:\\\/\\\/schema.org\",\"@graph\":[{\"@type\":\"Article\",\"@id\":\"https:\\\/\\\/www.emplea-te.com\\\/noticias-oposiciones\\\/egap-convocatoria-cursos-para-personal-de-administracion-de-justicia\\\/#article\",\"isPartOf\":{\"@id\":\"https:\\\/\\\/www.emplea-te.com\\\/noticias-oposiciones\\\/egap-convocatoria-cursos-para-personal-de-administracion-de-justicia\\\/\"},\"author\":{\"name\":\"Empleate\",\"@id\":\"https:\\\/\\\/www.emplea-te.com\\\/noticias-oposiciones\\\/#\\\/schema\\\/person\\\/d1bc587e1af2b95e9c32aba1795509a6\"},\"headline\":\"EGAP. Convocatoria cursos para personal de administraci\u00f3n de Justicia.\",\"datePublished\":\"2026-03-16T09:01:18+00:00\",\"mainEntityOfPage\":{\"@id\":\"https:\\\/\\\/www.emplea-te.com\\\/noticias-oposiciones\\\/egap-convocatoria-cursos-para-personal-de-administracion-de-justicia\\\/\"},\"wordCount\":166,\"publisher\":{\"@id\":\"https:\\\/\\\/www.emplea-te.com\\\/noticias-oposiciones\\\/#organization\"},\"keywords\":[\"Convocatoria\",\"CONVOCATORIA EGAP\"],\"articleSection\":[\"EGAP\"],\"inLanguage\":\"es\"},{\"@type\":\"WebPage\",\"@id\":\"https:\\\/\\\/www.emplea-te.com\\\/noticias-oposiciones\\\/egap-convocatoria-cursos-para-personal-de-administracion-de-justicia\\\/\",\"url\":\"https:\\\/\\\/www.emplea-te.com\\\/noticias-oposiciones\\\/egap-convocatoria-cursos-para-personal-de-administracion-de-justicia\\\/\",\"name\":\"EGAP. Convocatoria formaci\u00f3n administraci\u00f3n de Justicia.\",\"isPartOf\":{\"@id\":\"https:\\\/\\\/www.emplea-te.com\\\/noticias-oposiciones\\\/#website\"},\"datePublished\":\"2026-03-16T09:01:18+00:00\",\"description\":\"EGAP. Convocatoria cursos para personal de administraci\u00f3n de Justicia. Puedes apuntarte hasta el d\u00eda 23 de marzo de 2026.\",\"breadcrumb\":{\"@id\":\"https:\\\/\\\/www.emplea-te.com\\\/noticias-oposiciones\\\/egap-convocatoria-cursos-para-personal-de-administracion-de-justicia\\\/#breadcrumb\"},\"inLanguage\":\"es\",\"potentialAction\":[{\"@type\":\"ReadAction\",\"target\":[\"https:\\\/\\\/www.emplea-te.com\\\/noticias-oposiciones\\\/egap-convocatoria-cursos-para-personal-de-administracion-de-justicia\\\/\"]}]},{\"@type\":\"BreadcrumbList\",\"@id\":\"https:\\\/\\\/www.emplea-te.com\\\/noticias-oposiciones\\\/egap-convocatoria-cursos-para-personal-de-administracion-de-justicia\\\/#breadcrumb\",\"itemListElement\":[{\"@type\":\"ListItem\",\"position\":1,\"name\":\"Noticias Oposiciones\",\"item\":\"https:\\\/\\\/www.emplea-te.com\\\/noticias-oposiciones\\\/\"},{\"@type\":\"ListItem\",\"position\":2,\"name\":\"EGAP\",\"item\":\"https:\\\/\\\/www.emplea-te.com\\\/noticias-oposiciones\\\/categoria\\\/egap\\\/\"},{\"@type\":\"ListItem\",\"position\":3,\"name\":\"EGAP. Convocatoria cursos para personal de administraci\u00f3n de Justicia.\"}]},{\"@type\":\"WebSite\",\"@id\":\"https:\\\/\\\/www.emplea-te.com\\\/noticias-oposiciones\\\/#website\",\"url\":\"https:\\\/\\\/www.emplea-te.com\\\/noticias-oposiciones\\\/\",\"name\":\"Noticas de oposiciones por Academia Emplea-te\",\"description\":\"Toda la actualidad de las ofertas y convocatorias.\",\"publisher\":{\"@id\":\"https:\\\/\\\/www.emplea-te.com\\\/noticias-oposiciones\\\/#organization\"},\"potentialAction\":[{\"@type\":\"SearchAction\",\"target\":{\"@type\":\"EntryPoint\",\"urlTemplate\":\"https:\\\/\\\/www.emplea-te.com\\\/noticias-oposiciones\\\/?s={search_term_string}\"},\"query-input\":{\"@type\":\"PropertyValueSpecification\",\"valueRequired\":true,\"valueName\":\"search_term_string\"}}],\"inLanguage\":\"es\"},{\"@type\":\"Organization\",\"@id\":\"https:\\\/\\\/www.emplea-te.com\\\/noticias-oposiciones\\\/#organization\",\"name\":\"Academia de oposiciones Empl\u00e9ate\",\"url\":\"https:\\\/\\\/www.emplea-te.com\\\/noticias-oposiciones\\\/\",\"logo\":{\"@type\":\"ImageObject\",\"inLanguage\":\"es\",\"@id\":\"https:\\\/\\\/www.emplea-te.com\\\/noticias-oposiciones\\\/#\\\/schema\\\/logo\\\/image\\\/\",\"url\":\"https:\\\/\\\/www.emplea-te.com\\\/noticias-oposiciones\\\/wp-content\\\/uploads\\\/2019\\\/04\\\/empleate.jpg\",\"contentUrl\":\"https:\\\/\\\/www.emplea-te.com\\\/noticias-oposiciones\\\/wp-content\\\/uploads\\\/2019\\\/04\\\/empleate.jpg\",\"width\":250,\"height\":150,\"caption\":\"Academia de oposiciones Empl\u00e9ate\"},\"image\":{\"@id\":\"https:\\\/\\\/www.emplea-te.com\\\/noticias-oposiciones\\\/#\\\/schema\\\/logo\\\/image\\\/\"},\"sameAs\":[\"https:\\\/\\\/www.facebook.com\\\/AcademiaEmpleate\\\/\",\"https:\\\/\\\/x.com\\\/Emplea_Te\",\"https:\\\/\\\/www.instagram.com\\\/academia_empleate\\\/\"]},{\"@type\":\"Person\",\"@id\":\"https:\\\/\\\/www.emplea-te.com\\\/noticias-oposiciones\\\/#\\\/schema\\\/person\\\/d1bc587e1af2b95e9c32aba1795509a6\",\"name\":\"Empleate\"}]}<\/script>\n<!-- \/ Yoast SEO plugin. -->","yoast_head_json":{"title":"EGAP. Convocatoria formaci\u00f3n administraci\u00f3n de Justicia.","description":"EGAP. Convocatoria cursos para personal de administraci\u00f3n de Justicia. Puedes apuntarte hasta el d\u00eda 23 de marzo de 2026.","robots":{"index":"index","follow":"follow","max-snippet":"max-snippet:-1","max-image-preview":"max-image-preview:large","max-video-preview":"max-video-preview:-1"},"canonical":"https:\/\/www.emplea-te.com\/noticias-oposiciones\/egap-convocatoria-cursos-para-personal-de-administracion-de-justicia\/","og_locale":"es_ES","og_type":"article","og_title":"EGAP. Convocatoria formaci\u00f3n administraci\u00f3n de Justicia.","og_description":"EGAP. Convocatoria cursos para personal de administraci\u00f3n de Justicia. Puedes apuntarte hasta el d\u00eda 23 de marzo de 2026.","og_url":"https:\/\/www.emplea-te.com\/noticias-oposiciones\/egap-convocatoria-cursos-para-personal-de-administracion-de-justicia\/","og_site_name":"Noticas de oposiciones por Academia Emplea-te","article_publisher":"https:\/\/www.facebook.com\/AcademiaEmpleate\/","article_published_time":"2026-03-16T09:01:18+00:00","author":"Empleate","twitter_card":"summary_large_image","twitter_creator":"@Emplea_Te","twitter_site":"@Emplea_Te","twitter_misc":{"Escrito por":"Empleate","Tiempo de lectura":"1 minuto"},"schema":{"@context":"https:\/\/schema.org","@graph":[{"@type":"Article","@id":"https:\/\/www.emplea-te.com\/noticias-oposiciones\/egap-convocatoria-cursos-para-personal-de-administracion-de-justicia\/#article","isPartOf":{"@id":"https:\/\/www.emplea-te.com\/noticias-oposiciones\/egap-convocatoria-cursos-para-personal-de-administracion-de-justicia\/"},"author":{"name":"Empleate","@id":"https:\/\/www.emplea-te.com\/noticias-oposiciones\/#\/schema\/person\/d1bc587e1af2b95e9c32aba1795509a6"},"headline":"EGAP. Convocatoria cursos para personal de administraci\u00f3n de Justicia.","datePublished":"2026-03-16T09:01:18+00:00","mainEntityOfPage":{"@id":"https:\/\/www.emplea-te.com\/noticias-oposiciones\/egap-convocatoria-cursos-para-personal-de-administracion-de-justicia\/"},"wordCount":166,"publisher":{"@id":"https:\/\/www.emplea-te.com\/noticias-oposiciones\/#organization"},"keywords":["Convocatoria","CONVOCATORIA EGAP"],"articleSection":["EGAP"],"inLanguage":"es"},{"@type":"WebPage","@id":"https:\/\/www.emplea-te.com\/noticias-oposiciones\/egap-convocatoria-cursos-para-personal-de-administracion-de-justicia\/","url":"https:\/\/www.emplea-te.com\/noticias-oposiciones\/egap-convocatoria-cursos-para-personal-de-administracion-de-justicia\/","name":"EGAP. Convocatoria formaci\u00f3n administraci\u00f3n de Justicia.","isPartOf":{"@id":"https:\/\/www.emplea-te.com\/noticias-oposiciones\/#website"},"datePublished":"2026-03-16T09:01:18+00:00","description":"EGAP. Convocatoria cursos para personal de administraci\u00f3n de Justicia. Puedes apuntarte hasta el d\u00eda 23 de marzo de 2026.","breadcrumb":{"@id":"https:\/\/www.emplea-te.com\/noticias-oposiciones\/egap-convocatoria-cursos-para-personal-de-administracion-de-justicia\/#breadcrumb"},"inLanguage":"es","potentialAction":[{"@type":"ReadAction","target":["https:\/\/www.emplea-te.com\/noticias-oposiciones\/egap-convocatoria-cursos-para-personal-de-administracion-de-justicia\/"]}]},{"@type":"BreadcrumbList","@id":"https:\/\/www.emplea-te.com\/noticias-oposiciones\/egap-convocatoria-cursos-para-personal-de-administracion-de-justicia\/#breadcrumb","itemListElement":[{"@type":"ListItem","position":1,"name":"Noticias Oposiciones","item":"https:\/\/www.emplea-te.com\/noticias-oposiciones\/"},{"@type":"ListItem","position":2,"name":"EGAP","item":"https:\/\/www.emplea-te.com\/noticias-oposiciones\/categoria\/egap\/"},{"@type":"ListItem","position":3,"name":"EGAP. Convocatoria cursos para personal de administraci\u00f3n de Justicia."}]},{"@type":"WebSite","@id":"https:\/\/www.emplea-te.com\/noticias-oposiciones\/#website","url":"https:\/\/www.emplea-te.com\/noticias-oposiciones\/","name":"Noticas de oposiciones por Academia Emplea-te","description":"Toda la actualidad de las ofertas y convocatorias.","publisher":{"@id":"https:\/\/www.emplea-te.com\/noticias-oposiciones\/#organization"},"potentialAction":[{"@type":"SearchAction","target":{"@type":"EntryPoint","urlTemplate":"https:\/\/www.emplea-te.com\/noticias-oposiciones\/?s={search_term_string}"},"query-input":{"@type":"PropertyValueSpecification","valueRequired":true,"valueName":"search_term_string"}}],"inLanguage":"es"},{"@type":"Organization","@id":"https:\/\/www.emplea-te.com\/noticias-oposiciones\/#organization","name":"Academia de oposiciones Empl\u00e9ate","url":"https:\/\/www.emplea-te.com\/noticias-oposiciones\/","logo":{"@type":"ImageObject","inLanguage":"es","@id":"https:\/\/www.emplea-te.com\/noticias-oposiciones\/#\/schema\/logo\/image\/","url":"https:\/\/www.emplea-te.com\/noticias-oposiciones\/wp-content\/uploads\/2019\/04\/empleate.jpg","contentUrl":"https:\/\/www.emplea-te.com\/noticias-oposiciones\/wp-content\/uploads\/2019\/04\/empleate.jpg","width":250,"height":150,"caption":"Academia de oposiciones Empl\u00e9ate"},"image":{"@id":"https:\/\/www.emplea-te.com\/noticias-oposiciones\/#\/schema\/logo\/image\/"},"sameAs":["https:\/\/www.facebook.com\/AcademiaEmpleate\/","https:\/\/x.com\/Emplea_Te","https:\/\/www.instagram.com\/academia_empleate\/"]},{"@type":"Person","@id":"https:\/\/www.emplea-te.com\/noticias-oposiciones\/#\/schema\/person\/d1bc587e1af2b95e9c32aba1795509a6","name":"Empleate"}]}},"_links":{"self":[{"href":"https:\/\/www.emplea-te.com\/noticias-oposiciones\/wp-json\/wp\/v2\/posts\/17940","targetHints":{"allow":["GET"]}}],"collection":[{"href":"https:\/\/www.emplea-te.com\/noticias-oposiciones\/wp-json\/wp\/v2\/posts"}],"about":[{"href":"https:\/\/www.emplea-te.com\/noticias-oposiciones\/wp-json\/wp\/v2\/types\/post"}],"author":[{"embeddable":true,"href":"https:\/\/www.emplea-te.com\/noticias-oposiciones\/wp-json\/wp\/v2\/users\/1"}],"replies":[{"embeddable":true,"href":"https:\/\/www.emplea-te.com\/noticias-oposiciones\/wp-json\/wp\/v2\/comments?post=17940"}],"version-history":[{"count":1,"href":"https:\/\/www.emplea-te.com\/noticias-oposiciones\/wp-json\/wp\/v2\/posts\/17940\/revisions"}],"predecessor-version":[{"id":17941,"href":"https:\/\/www.emplea-te.com\/noticias-oposiciones\/wp-json\/wp\/v2\/posts\/17940\/revisions\/17941"}],"wp:attachment":[{"href":"https:\/\/www.emplea-te.com\/noticias-oposiciones\/wp-json\/wp\/v2\/media?parent=17940"}],"wp:term":[{"taxonomy":"category","embeddable":true,"href":"https:\/\/www.emplea-te.com\/noticias-oposiciones\/wp-json\/wp\/v2\/categories?post=17940"},{"taxonomy":"post_tag","embeddable":true,"href":"https:\/\/www.emplea-te.com\/noticias-oposiciones\/wp-json\/wp\/v2\/tags?post=17940"}],"curies":[{"name":"wp","href":"https:\/\/api.w.org\/{rel}","templated":true}]}}