{"id":18286,"date":"2026-04-27T10:08:49","date_gmt":"2026-04-27T08:08:49","guid":{"rendered":"https:\/\/www.emplea-te.com\/noticias-oposiciones\/?p=18286"},"modified":"2026-04-27T10:08:49","modified_gmt":"2026-04-27T08:08:49","slug":"udc-convocatoria-de-20-plazas-de-escala-administrativa-c1-puntuacion-provisional-de-la-fase-de-concurso","status":"publish","type":"post","link":"https:\/\/www.emplea-te.com\/noticias-oposiciones\/udc-convocatoria-de-20-plazas-de-escala-administrativa-c1-puntuacion-provisional-de-la-fase-de-concurso\/","title":{"rendered":"UDC. Convocatoria de 20 plazas de Escala Administrativa C1. Puntuaci\u00f3n provisional de la fase de concurso."},"content":{"rendered":"<p>Se publica en la Web de la UDC, el Acuerdo del Tribunal Calificador del proceso selectivo convocado mediante Resoluci\u00f3n de 30 de mayo de 2024 para cubrir 20 plazas de Escala Administrativa C1 por el que se hace p\u00fablica la puntuaci\u00f3n provisional de la fase de concurso que puedes consultar en el anexo de dicho Acuerdo.<\/p>\n<p>Se abre un plazo de 5 d\u00edas h\u00e1biles a contar a partir del d\u00eda siguiente al de esta publicaci\u00f3n en la Web de la UDC para presentar alegaciones y por tanto el plazo permanecer\u00e1 abierto hasta el d\u00eda 04\/05\/2026.<\/p>\n<p>\u00a1Prepara tu plaza en nuestros<a href=\"https:\/\/www.emplea-te.com\/47-oposiciones-administrativo-universidad-de-coru%C3%B1a\" target=\"_blank\" rel=\"noopener\"><strong> grupos presenciales y online<\/strong><\/a>!<\/p>\n<p><a href=\"https:\/\/sede.udc.gal\/services\/electronic_board\/EXP2026\/004869\/document?logicalId=97ebde21-0858-43f9-9734-abb6f0f31449&amp;documentCsv=GIQ9CDQL37CJI6CU2R6H9Q9E\" target=\"_blank\" rel=\"noopener\"><strong>Enlace a Acuerdo de Tribunal d\u00f3nde puedes consultar la puntuaci\u00f3n provisional de la fase de concurso.\u00a0<\/strong><\/a><\/p>\n","protected":false},"excerpt":{"rendered":"<p>Se publica en la Web de la UDC, el Acuerdo del Tribunal Calificador del proceso selectivo convocado mediante Resoluci\u00f3n de 30 de mayo de 2024 para cubrir 20 plazas de Escala Administrativa C1 por el que se hace p\u00fablica la puntuaci\u00f3n provisional de la fase de concurso que puedes consultar en el anexo de dicho &hellip; <a href=\"https:\/\/www.emplea-te.com\/noticias-oposiciones\/udc-convocatoria-de-20-plazas-de-escala-administrativa-c1-puntuacion-provisional-de-la-fase-de-concurso\/\" class=\"more-link\">Continuar leyendo<span class=\"screen-reader-text\"> \u00abUDC. Convocatoria de 20 plazas de Escala Administrativa C1. Puntuaci\u00f3n provisional de la fase de concurso.\u00bb<\/span><\/a><\/p>\n","protected":false},"author":1,"featured_media":0,"comment_status":"closed","ping_status":"closed","sticky":false,"template":"","format":"standard","meta":{"footnotes":""},"categories":[56,26],"tags":[82,49,103],"class_list":["post-18286","post","type-post","status-publish","format-standard","hentry","category-oposiciones-autonomicas-galicia","category-universidad-de-a-coruna","tag-acceso-libre","tag-convocatorias-de-oposiciones","tag-informacion-procesos-selectivos"],"yoast_head":"<!-- This site is optimized with the Yoast SEO plugin v27.3 - https:\/\/yoast.com\/product\/yoast-seo-wordpress\/ -->\n<title>UDC. Convocatoria de 20 plazas de Escala Administrativa C1.<\/title>\n<meta name=\"description\" content=\"UDC. Convocatoria de 20 plazas de Escala Administrativa C1. Puntuaci\u00f3n provisional de la fase de concurso.\" \/>\n<meta name=\"robots\" content=\"index, follow, max-snippet:-1, max-image-preview:large, max-video-preview:-1\" \/>\n<link rel=\"canonical\" href=\"https:\/\/www.emplea-te.com\/noticias-oposiciones\/udc-convocatoria-de-20-plazas-de-escala-administrativa-c1-puntuacion-provisional-de-la-fase-de-concurso\/\" \/>\n<meta property=\"og:locale\" content=\"es_ES\" \/>\n<meta property=\"og:type\" content=\"article\" \/>\n<meta property=\"og:title\" content=\"UDC. Convocatoria de 20 plazas de Escala Administrativa C1.\" \/>\n<meta property=\"og:description\" content=\"UDC. Convocatoria de 20 plazas de Escala Administrativa C1. Puntuaci\u00f3n provisional de la fase de concurso.\" \/>\n<meta property=\"og:url\" content=\"https:\/\/www.emplea-te.com\/noticias-oposiciones\/udc-convocatoria-de-20-plazas-de-escala-administrativa-c1-puntuacion-provisional-de-la-fase-de-concurso\/\" \/>\n<meta property=\"og:site_name\" content=\"Noticas de oposiciones por Academia Emplea-te\" \/>\n<meta property=\"article:publisher\" content=\"https:\/\/www.facebook.com\/AcademiaEmpleate\/\" \/>\n<meta property=\"article:published_time\" content=\"2026-04-27T08:08:49+00:00\" \/>\n<meta name=\"author\" content=\"Empleate\" \/>\n<meta name=\"twitter:card\" content=\"summary_large_image\" \/>\n<meta name=\"twitter:creator\" content=\"@Emplea_Te\" \/>\n<meta name=\"twitter:site\" content=\"@Emplea_Te\" \/>\n<meta name=\"twitter:label1\" content=\"Escrito por\" \/>\n\t<meta name=\"twitter:data1\" content=\"Empleate\" \/>\n\t<meta name=\"twitter:label2\" content=\"Tiempo de lectura\" \/>\n\t<meta name=\"twitter:data2\" content=\"1 minuto\" \/>\n<script type=\"application\/ld+json\" class=\"yoast-schema-graph\">{\"@context\":\"https:\\\/\\\/schema.org\",\"@graph\":[{\"@type\":\"Article\",\"@id\":\"https:\\\/\\\/www.emplea-te.com\\\/noticias-oposiciones\\\/udc-convocatoria-de-20-plazas-de-escala-administrativa-c1-puntuacion-provisional-de-la-fase-de-concurso\\\/#article\",\"isPartOf\":{\"@id\":\"https:\\\/\\\/www.emplea-te.com\\\/noticias-oposiciones\\\/udc-convocatoria-de-20-plazas-de-escala-administrativa-c1-puntuacion-provisional-de-la-fase-de-concurso\\\/\"},\"author\":{\"name\":\"Empleate\",\"@id\":\"https:\\\/\\\/www.emplea-te.com\\\/noticias-oposiciones\\\/#\\\/schema\\\/person\\\/d1bc587e1af2b95e9c32aba1795509a6\"},\"headline\":\"UDC. Convocatoria de 20 plazas de Escala Administrativa C1. Puntuaci\u00f3n provisional de la fase de concurso.\",\"datePublished\":\"2026-04-27T08:08:49+00:00\",\"mainEntityOfPage\":{\"@id\":\"https:\\\/\\\/www.emplea-te.com\\\/noticias-oposiciones\\\/udc-convocatoria-de-20-plazas-de-escala-administrativa-c1-puntuacion-provisional-de-la-fase-de-concurso\\\/\"},\"wordCount\":141,\"publisher\":{\"@id\":\"https:\\\/\\\/www.emplea-te.com\\\/noticias-oposiciones\\\/#organization\"},\"keywords\":[\"Acceso libre\",\"Convocatoria\",\"Informaci\u00f3n procesos selectivos\"],\"articleSection\":[\"Oposiciones Auton\u00f3micas Galicia\",\"Universidad de A Coru\u00f1a\"],\"inLanguage\":\"es\"},{\"@type\":\"WebPage\",\"@id\":\"https:\\\/\\\/www.emplea-te.com\\\/noticias-oposiciones\\\/udc-convocatoria-de-20-plazas-de-escala-administrativa-c1-puntuacion-provisional-de-la-fase-de-concurso\\\/\",\"url\":\"https:\\\/\\\/www.emplea-te.com\\\/noticias-oposiciones\\\/udc-convocatoria-de-20-plazas-de-escala-administrativa-c1-puntuacion-provisional-de-la-fase-de-concurso\\\/\",\"name\":\"UDC. Convocatoria de 20 plazas de Escala Administrativa C1.\",\"isPartOf\":{\"@id\":\"https:\\\/\\\/www.emplea-te.com\\\/noticias-oposiciones\\\/#website\"},\"datePublished\":\"2026-04-27T08:08:49+00:00\",\"description\":\"UDC. Convocatoria de 20 plazas de Escala Administrativa C1. Puntuaci\u00f3n provisional de la fase de concurso.\",\"breadcrumb\":{\"@id\":\"https:\\\/\\\/www.emplea-te.com\\\/noticias-oposiciones\\\/udc-convocatoria-de-20-plazas-de-escala-administrativa-c1-puntuacion-provisional-de-la-fase-de-concurso\\\/#breadcrumb\"},\"inLanguage\":\"es\",\"potentialAction\":[{\"@type\":\"ReadAction\",\"target\":[\"https:\\\/\\\/www.emplea-te.com\\\/noticias-oposiciones\\\/udc-convocatoria-de-20-plazas-de-escala-administrativa-c1-puntuacion-provisional-de-la-fase-de-concurso\\\/\"]}]},{\"@type\":\"BreadcrumbList\",\"@id\":\"https:\\\/\\\/www.emplea-te.com\\\/noticias-oposiciones\\\/udc-convocatoria-de-20-plazas-de-escala-administrativa-c1-puntuacion-provisional-de-la-fase-de-concurso\\\/#breadcrumb\",\"itemListElement\":[{\"@type\":\"ListItem\",\"position\":1,\"name\":\"Noticias Oposiciones\",\"item\":\"https:\\\/\\\/www.emplea-te.com\\\/noticias-oposiciones\\\/\"},{\"@type\":\"ListItem\",\"position\":2,\"name\":\"Oposiciones Auton\u00f3micas Galicia\",\"item\":\"https:\\\/\\\/www.emplea-te.com\\\/noticias-oposiciones\\\/categoria\\\/oposiciones-autonomicas-galicia\\\/\"},{\"@type\":\"ListItem\",\"position\":3,\"name\":\"UDC. Convocatoria de 20 plazas de Escala Administrativa C1. Puntuaci\u00f3n provisional de la fase de concurso.\"}]},{\"@type\":\"WebSite\",\"@id\":\"https:\\\/\\\/www.emplea-te.com\\\/noticias-oposiciones\\\/#website\",\"url\":\"https:\\\/\\\/www.emplea-te.com\\\/noticias-oposiciones\\\/\",\"name\":\"Noticas de oposiciones por Academia Emplea-te\",\"description\":\"Toda la actualidad de las ofertas y convocatorias.\",\"publisher\":{\"@id\":\"https:\\\/\\\/www.emplea-te.com\\\/noticias-oposiciones\\\/#organization\"},\"potentialAction\":[{\"@type\":\"SearchAction\",\"target\":{\"@type\":\"EntryPoint\",\"urlTemplate\":\"https:\\\/\\\/www.emplea-te.com\\\/noticias-oposiciones\\\/?s={search_term_string}\"},\"query-input\":{\"@type\":\"PropertyValueSpecification\",\"valueRequired\":true,\"valueName\":\"search_term_string\"}}],\"inLanguage\":\"es\"},{\"@type\":\"Organization\",\"@id\":\"https:\\\/\\\/www.emplea-te.com\\\/noticias-oposiciones\\\/#organization\",\"name\":\"Academia de oposiciones Empl\u00e9ate\",\"url\":\"https:\\\/\\\/www.emplea-te.com\\\/noticias-oposiciones\\\/\",\"logo\":{\"@type\":\"ImageObject\",\"inLanguage\":\"es\",\"@id\":\"https:\\\/\\\/www.emplea-te.com\\\/noticias-oposiciones\\\/#\\\/schema\\\/logo\\\/image\\\/\",\"url\":\"https:\\\/\\\/www.emplea-te.com\\\/noticias-oposiciones\\\/wp-content\\\/uploads\\\/2019\\\/04\\\/empleate.jpg\",\"contentUrl\":\"https:\\\/\\\/www.emplea-te.com\\\/noticias-oposiciones\\\/wp-content\\\/uploads\\\/2019\\\/04\\\/empleate.jpg\",\"width\":250,\"height\":150,\"caption\":\"Academia de oposiciones Empl\u00e9ate\"},\"image\":{\"@id\":\"https:\\\/\\\/www.emplea-te.com\\\/noticias-oposiciones\\\/#\\\/schema\\\/logo\\\/image\\\/\"},\"sameAs\":[\"https:\\\/\\\/www.facebook.com\\\/AcademiaEmpleate\\\/\",\"https:\\\/\\\/x.com\\\/Emplea_Te\",\"https:\\\/\\\/www.instagram.com\\\/academia_empleate\\\/\"]},{\"@type\":\"Person\",\"@id\":\"https:\\\/\\\/www.emplea-te.com\\\/noticias-oposiciones\\\/#\\\/schema\\\/person\\\/d1bc587e1af2b95e9c32aba1795509a6\",\"name\":\"Empleate\"}]}<\/script>\n<!-- \/ Yoast SEO plugin. -->","yoast_head_json":{"title":"UDC. Convocatoria de 20 plazas de Escala Administrativa C1.","description":"UDC. Convocatoria de 20 plazas de Escala Administrativa C1. Puntuaci\u00f3n provisional de la fase de concurso.","robots":{"index":"index","follow":"follow","max-snippet":"max-snippet:-1","max-image-preview":"max-image-preview:large","max-video-preview":"max-video-preview:-1"},"canonical":"https:\/\/www.emplea-te.com\/noticias-oposiciones\/udc-convocatoria-de-20-plazas-de-escala-administrativa-c1-puntuacion-provisional-de-la-fase-de-concurso\/","og_locale":"es_ES","og_type":"article","og_title":"UDC. Convocatoria de 20 plazas de Escala Administrativa C1.","og_description":"UDC. Convocatoria de 20 plazas de Escala Administrativa C1. Puntuaci\u00f3n provisional de la fase de concurso.","og_url":"https:\/\/www.emplea-te.com\/noticias-oposiciones\/udc-convocatoria-de-20-plazas-de-escala-administrativa-c1-puntuacion-provisional-de-la-fase-de-concurso\/","og_site_name":"Noticas de oposiciones por Academia Emplea-te","article_publisher":"https:\/\/www.facebook.com\/AcademiaEmpleate\/","article_published_time":"2026-04-27T08:08:49+00:00","author":"Empleate","twitter_card":"summary_large_image","twitter_creator":"@Emplea_Te","twitter_site":"@Emplea_Te","twitter_misc":{"Escrito por":"Empleate","Tiempo de lectura":"1 minuto"},"schema":{"@context":"https:\/\/schema.org","@graph":[{"@type":"Article","@id":"https:\/\/www.emplea-te.com\/noticias-oposiciones\/udc-convocatoria-de-20-plazas-de-escala-administrativa-c1-puntuacion-provisional-de-la-fase-de-concurso\/#article","isPartOf":{"@id":"https:\/\/www.emplea-te.com\/noticias-oposiciones\/udc-convocatoria-de-20-plazas-de-escala-administrativa-c1-puntuacion-provisional-de-la-fase-de-concurso\/"},"author":{"name":"Empleate","@id":"https:\/\/www.emplea-te.com\/noticias-oposiciones\/#\/schema\/person\/d1bc587e1af2b95e9c32aba1795509a6"},"headline":"UDC. Convocatoria de 20 plazas de Escala Administrativa C1. Puntuaci\u00f3n provisional de la fase de concurso.","datePublished":"2026-04-27T08:08:49+00:00","mainEntityOfPage":{"@id":"https:\/\/www.emplea-te.com\/noticias-oposiciones\/udc-convocatoria-de-20-plazas-de-escala-administrativa-c1-puntuacion-provisional-de-la-fase-de-concurso\/"},"wordCount":141,"publisher":{"@id":"https:\/\/www.emplea-te.com\/noticias-oposiciones\/#organization"},"keywords":["Acceso libre","Convocatoria","Informaci\u00f3n procesos selectivos"],"articleSection":["Oposiciones Auton\u00f3micas Galicia","Universidad de A Coru\u00f1a"],"inLanguage":"es"},{"@type":"WebPage","@id":"https:\/\/www.emplea-te.com\/noticias-oposiciones\/udc-convocatoria-de-20-plazas-de-escala-administrativa-c1-puntuacion-provisional-de-la-fase-de-concurso\/","url":"https:\/\/www.emplea-te.com\/noticias-oposiciones\/udc-convocatoria-de-20-plazas-de-escala-administrativa-c1-puntuacion-provisional-de-la-fase-de-concurso\/","name":"UDC. Convocatoria de 20 plazas de Escala Administrativa C1.","isPartOf":{"@id":"https:\/\/www.emplea-te.com\/noticias-oposiciones\/#website"},"datePublished":"2026-04-27T08:08:49+00:00","description":"UDC. Convocatoria de 20 plazas de Escala Administrativa C1. Puntuaci\u00f3n provisional de la fase de concurso.","breadcrumb":{"@id":"https:\/\/www.emplea-te.com\/noticias-oposiciones\/udc-convocatoria-de-20-plazas-de-escala-administrativa-c1-puntuacion-provisional-de-la-fase-de-concurso\/#breadcrumb"},"inLanguage":"es","potentialAction":[{"@type":"ReadAction","target":["https:\/\/www.emplea-te.com\/noticias-oposiciones\/udc-convocatoria-de-20-plazas-de-escala-administrativa-c1-puntuacion-provisional-de-la-fase-de-concurso\/"]}]},{"@type":"BreadcrumbList","@id":"https:\/\/www.emplea-te.com\/noticias-oposiciones\/udc-convocatoria-de-20-plazas-de-escala-administrativa-c1-puntuacion-provisional-de-la-fase-de-concurso\/#breadcrumb","itemListElement":[{"@type":"ListItem","position":1,"name":"Noticias Oposiciones","item":"https:\/\/www.emplea-te.com\/noticias-oposiciones\/"},{"@type":"ListItem","position":2,"name":"Oposiciones Auton\u00f3micas Galicia","item":"https:\/\/www.emplea-te.com\/noticias-oposiciones\/categoria\/oposiciones-autonomicas-galicia\/"},{"@type":"ListItem","position":3,"name":"UDC. Convocatoria de 20 plazas de Escala Administrativa C1. Puntuaci\u00f3n provisional de la fase de concurso."}]},{"@type":"WebSite","@id":"https:\/\/www.emplea-te.com\/noticias-oposiciones\/#website","url":"https:\/\/www.emplea-te.com\/noticias-oposiciones\/","name":"Noticas de oposiciones por Academia Emplea-te","description":"Toda la actualidad de las ofertas y convocatorias.","publisher":{"@id":"https:\/\/www.emplea-te.com\/noticias-oposiciones\/#organization"},"potentialAction":[{"@type":"SearchAction","target":{"@type":"EntryPoint","urlTemplate":"https:\/\/www.emplea-te.com\/noticias-oposiciones\/?s={search_term_string}"},"query-input":{"@type":"PropertyValueSpecification","valueRequired":true,"valueName":"search_term_string"}}],"inLanguage":"es"},{"@type":"Organization","@id":"https:\/\/www.emplea-te.com\/noticias-oposiciones\/#organization","name":"Academia de oposiciones Empl\u00e9ate","url":"https:\/\/www.emplea-te.com\/noticias-oposiciones\/","logo":{"@type":"ImageObject","inLanguage":"es","@id":"https:\/\/www.emplea-te.com\/noticias-oposiciones\/#\/schema\/logo\/image\/","url":"https:\/\/www.emplea-te.com\/noticias-oposiciones\/wp-content\/uploads\/2019\/04\/empleate.jpg","contentUrl":"https:\/\/www.emplea-te.com\/noticias-oposiciones\/wp-content\/uploads\/2019\/04\/empleate.jpg","width":250,"height":150,"caption":"Academia de oposiciones Empl\u00e9ate"},"image":{"@id":"https:\/\/www.emplea-te.com\/noticias-oposiciones\/#\/schema\/logo\/image\/"},"sameAs":["https:\/\/www.facebook.com\/AcademiaEmpleate\/","https:\/\/x.com\/Emplea_Te","https:\/\/www.instagram.com\/academia_empleate\/"]},{"@type":"Person","@id":"https:\/\/www.emplea-te.com\/noticias-oposiciones\/#\/schema\/person\/d1bc587e1af2b95e9c32aba1795509a6","name":"Empleate"}]}},"_links":{"self":[{"href":"https:\/\/www.emplea-te.com\/noticias-oposiciones\/wp-json\/wp\/v2\/posts\/18286","targetHints":{"allow":["GET"]}}],"collection":[{"href":"https:\/\/www.emplea-te.com\/noticias-oposiciones\/wp-json\/wp\/v2\/posts"}],"about":[{"href":"https:\/\/www.emplea-te.com\/noticias-oposiciones\/wp-json\/wp\/v2\/types\/post"}],"author":[{"embeddable":true,"href":"https:\/\/www.emplea-te.com\/noticias-oposiciones\/wp-json\/wp\/v2\/users\/1"}],"replies":[{"embeddable":true,"href":"https:\/\/www.emplea-te.com\/noticias-oposiciones\/wp-json\/wp\/v2\/comments?post=18286"}],"version-history":[{"count":1,"href":"https:\/\/www.emplea-te.com\/noticias-oposiciones\/wp-json\/wp\/v2\/posts\/18286\/revisions"}],"predecessor-version":[{"id":18287,"href":"https:\/\/www.emplea-te.com\/noticias-oposiciones\/wp-json\/wp\/v2\/posts\/18286\/revisions\/18287"}],"wp:attachment":[{"href":"https:\/\/www.emplea-te.com\/noticias-oposiciones\/wp-json\/wp\/v2\/media?parent=18286"}],"wp:term":[{"taxonomy":"category","embeddable":true,"href":"https:\/\/www.emplea-te.com\/noticias-oposiciones\/wp-json\/wp\/v2\/categories?post=18286"},{"taxonomy":"post_tag","embeddable":true,"href":"https:\/\/www.emplea-te.com\/noticias-oposiciones\/wp-json\/wp\/v2\/tags?post=18286"}],"curies":[{"name":"wp","href":"https:\/\/api.w.org\/{rel}","templated":true}]}}