{"id":18296,"date":"2026-04-28T09:46:02","date_gmt":"2026-04-28T07:46:02","guid":{"rendered":"https:\/\/www.emplea-te.com\/noticias-oposiciones\/?p=18296"},"modified":"2026-04-28T09:46:02","modified_gmt":"2026-04-28T07:46:02","slug":"conselleria-de-presidencia-justicia-y-deportes-convocatoria-de-bolsas-de-personal-interino-de-los-cuerpos-generales-de-justicia","status":"publish","type":"post","link":"https:\/\/www.emplea-te.com\/noticias-oposiciones\/conselleria-de-presidencia-justicia-y-deportes-convocatoria-de-bolsas-de-personal-interino-de-los-cuerpos-generales-de-justicia\/","title":{"rendered":"Conseller\u00eda de Presidencia, Justicia y Deportes. Convocatoria de Bolsas de Personal Interino de los Cuerpos Generales de Justicia."},"content":{"rendered":"<p>Se publica en el DOG de hoy, la Resoluci\u00f3n de 13 de abril de 2026, de la Direcci\u00f3n General de Justicia, por la que se convocan bolsas de personal interino de los cuerpos generales al servicio de la Administraci\u00f3n de justicia en Galicia.<\/p>\n<p>Se constituir\u00e1 una bolsa por cada cuerpo y por cada provincia gallega: A Coru\u00f1a, Lugo, Ourense y Pontevedra.<\/p>\n<p>Las zonas de preferencia, las cuales figuran en la disposici\u00f3n adicional primera de la Orden de 6 de marzo de 2026, son las siguientes:<\/p>\n<p><strong>\u2022 Provincia de A Coru\u00f1a:<\/strong><\/p>\n<p>\u2013 Zona 1: comprende A Coru\u00f1a, Betanzos, Carballo, Ferrol y Ortigueira.<\/p>\n<p>\u2013 Zona 2: comprende Santiago de Compostela, Ordes, Arz\u00faa, Negreira, Corcubi\u00f3n, Muros, Noia, Ribeira y Padr\u00f3n.<\/p>\n<p>\u2022 Provincia de Lugo:<\/p>\n<p>\u2013 Zona 1: comprende Lugo, Viveiro, Vilalba, Mondo\u00f1edo y A Fonsagrada.<\/p>\n<p>\u2013 Zona 2: comprende Lugo, Chantada, Sarria, Becerre\u00e1 y Monforte de Lemos.<\/p>\n<p><strong>\u2022 Provincia de Ourense:<\/strong><\/p>\n<p>\u2013 Zona 1: comprende Ourense, O Carballi\u00f1o, Ribadavia, Celanova y Bande.<\/p>\n<p>\u2013 Zona 2: comprende Ourense, Xinzo de Limia, Ver\u00edn, A Pobra de Trives y O Barco de Valdeorras.<\/p>\n<p><strong>\u2022 Provincia de Pontevedra:<\/strong><\/p>\n<p>\u2013 Zona 1: comprende Pontevedra, Caldas de Reis, Vilagarc\u00eda de Arousa, Cambados, Mar\u00edn, A Estrada y Lal\u00edn.<\/p>\n<p>\u2013 Zona 2: comprende Vigo, Cangas, Redondela, Ponteareas, Tui y O Porri\u00f1o.<\/p>\n<p>Solo se podr\u00e1 estar incluido en una bolsa provincial y en una zona de preferencia.<\/p>\n<p>El plazo para presentar solicitudes ser\u00e1 de 15 d\u00edas h\u00e1biles, contados desde el d\u00eda siguiente a la publicaci\u00f3n de la convocatoria en el Diario Oficial de Galicia.<\/p>\n<p>Accede a la Resoluci\u00f3n con su contenido \u00edntegro desde este <a href=\"https:\/\/www.xunta.gal\/dog\/Publicados\/2026\/20260428\/AnuncioG0759-200426-0003_es.html\" target=\"_blank\" rel=\"noopener\"><strong>enlace.\u00a0<\/strong><\/a><\/p>\n<p>&nbsp;<\/p>\n<p>&nbsp;<\/p>\n<p>&nbsp;<\/p>\n","protected":false},"excerpt":{"rendered":"<p>Se publica en el DOG de hoy, la Resoluci\u00f3n de 13 de abril de 2026, de la Direcci\u00f3n General de Justicia, por la que se convocan bolsas de personal interino de los cuerpos generales al servicio de la Administraci\u00f3n de justicia en Galicia. Se constituir\u00e1 una bolsa por cada cuerpo y por cada provincia gallega: &hellip; <a href=\"https:\/\/www.emplea-te.com\/noticias-oposiciones\/conselleria-de-presidencia-justicia-y-deportes-convocatoria-de-bolsas-de-personal-interino-de-los-cuerpos-generales-de-justicia\/\" class=\"more-link\">Continuar leyendo<span class=\"screen-reader-text\"> \u00abConseller\u00eda de Presidencia, Justicia y Deportes. Convocatoria de Bolsas de Personal Interino de los Cuerpos Generales de Justicia.\u00bb<\/span><\/a><\/p>\n","protected":false},"author":1,"featured_media":0,"comment_status":"closed","ping_status":"closed","sticky":false,"template":"","format":"standard","meta":{"footnotes":""},"categories":[56,15,17,14,16],"tags":[49],"class_list":["post-18296","post","type-post","status-publish","format-standard","hentry","category-oposiciones-autonomicas-galicia","category-oposiciones-auxilio-judicial","category-oposiciones-gestion-procesal","category-oposiciones-justicia","category-oposiciones-tramitacion-procesal","tag-convocatorias-de-oposiciones"],"yoast_head":"<!-- This site is optimized with the Yoast SEO plugin v27.3 - https:\/\/yoast.com\/product\/yoast-seo-wordpress\/ -->\n<title>Conseller\u00eda de Presidencia, Justicia y Deportes. Convocatoria.<\/title>\n<meta name=\"description\" content=\"Conseller\u00eda de Presidencia, Justicia y Deportes. Convocatoria de Bolsas de Personal Interino de los Cuerpos Generales de Justicia.\" \/>\n<meta name=\"robots\" content=\"index, follow, max-snippet:-1, max-image-preview:large, max-video-preview:-1\" \/>\n<link rel=\"canonical\" href=\"https:\/\/www.emplea-te.com\/noticias-oposiciones\/conselleria-de-presidencia-justicia-y-deportes-convocatoria-de-bolsas-de-personal-interino-de-los-cuerpos-generales-de-justicia\/\" \/>\n<meta property=\"og:locale\" content=\"es_ES\" \/>\n<meta property=\"og:type\" content=\"article\" \/>\n<meta property=\"og:title\" content=\"Conseller\u00eda de Presidencia, Justicia y Deportes. Convocatoria.\" \/>\n<meta property=\"og:description\" content=\"Conseller\u00eda de Presidencia, Justicia y Deportes. Convocatoria de Bolsas de Personal Interino de los Cuerpos Generales de Justicia.\" \/>\n<meta property=\"og:url\" content=\"https:\/\/www.emplea-te.com\/noticias-oposiciones\/conselleria-de-presidencia-justicia-y-deportes-convocatoria-de-bolsas-de-personal-interino-de-los-cuerpos-generales-de-justicia\/\" \/>\n<meta property=\"og:site_name\" content=\"Noticas de oposiciones por Academia Emplea-te\" \/>\n<meta property=\"article:publisher\" content=\"https:\/\/www.facebook.com\/AcademiaEmpleate\/\" \/>\n<meta property=\"article:published_time\" content=\"2026-04-28T07:46:02+00:00\" \/>\n<meta name=\"author\" content=\"Empleate\" \/>\n<meta name=\"twitter:card\" content=\"summary_large_image\" \/>\n<meta name=\"twitter:creator\" content=\"@Emplea_Te\" \/>\n<meta name=\"twitter:site\" content=\"@Emplea_Te\" \/>\n<meta name=\"twitter:label1\" content=\"Escrito por\" \/>\n\t<meta name=\"twitter:data1\" content=\"Empleate\" \/>\n\t<meta name=\"twitter:label2\" content=\"Tiempo de lectura\" \/>\n\t<meta name=\"twitter:data2\" content=\"2 minutos\" \/>\n<script type=\"application\/ld+json\" class=\"yoast-schema-graph\">{\"@context\":\"https:\\\/\\\/schema.org\",\"@graph\":[{\"@type\":\"Article\",\"@id\":\"https:\\\/\\\/www.emplea-te.com\\\/noticias-oposiciones\\\/conselleria-de-presidencia-justicia-y-deportes-convocatoria-de-bolsas-de-personal-interino-de-los-cuerpos-generales-de-justicia\\\/#article\",\"isPartOf\":{\"@id\":\"https:\\\/\\\/www.emplea-te.com\\\/noticias-oposiciones\\\/conselleria-de-presidencia-justicia-y-deportes-convocatoria-de-bolsas-de-personal-interino-de-los-cuerpos-generales-de-justicia\\\/\"},\"author\":{\"name\":\"Empleate\",\"@id\":\"https:\\\/\\\/www.emplea-te.com\\\/noticias-oposiciones\\\/#\\\/schema\\\/person\\\/d1bc587e1af2b95e9c32aba1795509a6\"},\"headline\":\"Conseller\u00eda de Presidencia, Justicia y Deportes. Convocatoria de Bolsas de Personal Interino de los Cuerpos Generales de Justicia.\",\"datePublished\":\"2026-04-28T07:46:02+00:00\",\"mainEntityOfPage\":{\"@id\":\"https:\\\/\\\/www.emplea-te.com\\\/noticias-oposiciones\\\/conselleria-de-presidencia-justicia-y-deportes-convocatoria-de-bolsas-de-personal-interino-de-los-cuerpos-generales-de-justicia\\\/\"},\"wordCount\":282,\"publisher\":{\"@id\":\"https:\\\/\\\/www.emplea-te.com\\\/noticias-oposiciones\\\/#organization\"},\"keywords\":[\"Convocatoria\"],\"articleSection\":[\"Oposiciones Auton\u00f3micas Galicia\",\"Oposiciones Auxilio Judicial\",\"Oposiciones Gesti\u00f3n Procesal\",\"Oposiciones Justicia\",\"Oposiciones Tramitaci\u00f3n Procesal\"],\"inLanguage\":\"es\"},{\"@type\":\"WebPage\",\"@id\":\"https:\\\/\\\/www.emplea-te.com\\\/noticias-oposiciones\\\/conselleria-de-presidencia-justicia-y-deportes-convocatoria-de-bolsas-de-personal-interino-de-los-cuerpos-generales-de-justicia\\\/\",\"url\":\"https:\\\/\\\/www.emplea-te.com\\\/noticias-oposiciones\\\/conselleria-de-presidencia-justicia-y-deportes-convocatoria-de-bolsas-de-personal-interino-de-los-cuerpos-generales-de-justicia\\\/\",\"name\":\"Conseller\u00eda de Presidencia, Justicia y Deportes. Convocatoria.\",\"isPartOf\":{\"@id\":\"https:\\\/\\\/www.emplea-te.com\\\/noticias-oposiciones\\\/#website\"},\"datePublished\":\"2026-04-28T07:46:02+00:00\",\"description\":\"Conseller\u00eda de Presidencia, Justicia y Deportes. Convocatoria de Bolsas de Personal Interino de los Cuerpos Generales de Justicia.\",\"breadcrumb\":{\"@id\":\"https:\\\/\\\/www.emplea-te.com\\\/noticias-oposiciones\\\/conselleria-de-presidencia-justicia-y-deportes-convocatoria-de-bolsas-de-personal-interino-de-los-cuerpos-generales-de-justicia\\\/#breadcrumb\"},\"inLanguage\":\"es\",\"potentialAction\":[{\"@type\":\"ReadAction\",\"target\":[\"https:\\\/\\\/www.emplea-te.com\\\/noticias-oposiciones\\\/conselleria-de-presidencia-justicia-y-deportes-convocatoria-de-bolsas-de-personal-interino-de-los-cuerpos-generales-de-justicia\\\/\"]}]},{\"@type\":\"BreadcrumbList\",\"@id\":\"https:\\\/\\\/www.emplea-te.com\\\/noticias-oposiciones\\\/conselleria-de-presidencia-justicia-y-deportes-convocatoria-de-bolsas-de-personal-interino-de-los-cuerpos-generales-de-justicia\\\/#breadcrumb\",\"itemListElement\":[{\"@type\":\"ListItem\",\"position\":1,\"name\":\"Noticias Oposiciones\",\"item\":\"https:\\\/\\\/www.emplea-te.com\\\/noticias-oposiciones\\\/\"},{\"@type\":\"ListItem\",\"position\":2,\"name\":\"Oposiciones Auton\u00f3micas Galicia\",\"item\":\"https:\\\/\\\/www.emplea-te.com\\\/noticias-oposiciones\\\/categoria\\\/oposiciones-autonomicas-galicia\\\/\"},{\"@type\":\"ListItem\",\"position\":3,\"name\":\"Conseller\u00eda de Presidencia, Justicia y Deportes. Convocatoria de Bolsas de Personal Interino de los Cuerpos Generales de Justicia.\"}]},{\"@type\":\"WebSite\",\"@id\":\"https:\\\/\\\/www.emplea-te.com\\\/noticias-oposiciones\\\/#website\",\"url\":\"https:\\\/\\\/www.emplea-te.com\\\/noticias-oposiciones\\\/\",\"name\":\"Noticas de oposiciones por Academia Emplea-te\",\"description\":\"Toda la actualidad de las ofertas y convocatorias.\",\"publisher\":{\"@id\":\"https:\\\/\\\/www.emplea-te.com\\\/noticias-oposiciones\\\/#organization\"},\"potentialAction\":[{\"@type\":\"SearchAction\",\"target\":{\"@type\":\"EntryPoint\",\"urlTemplate\":\"https:\\\/\\\/www.emplea-te.com\\\/noticias-oposiciones\\\/?s={search_term_string}\"},\"query-input\":{\"@type\":\"PropertyValueSpecification\",\"valueRequired\":true,\"valueName\":\"search_term_string\"}}],\"inLanguage\":\"es\"},{\"@type\":\"Organization\",\"@id\":\"https:\\\/\\\/www.emplea-te.com\\\/noticias-oposiciones\\\/#organization\",\"name\":\"Academia de oposiciones Empl\u00e9ate\",\"url\":\"https:\\\/\\\/www.emplea-te.com\\\/noticias-oposiciones\\\/\",\"logo\":{\"@type\":\"ImageObject\",\"inLanguage\":\"es\",\"@id\":\"https:\\\/\\\/www.emplea-te.com\\\/noticias-oposiciones\\\/#\\\/schema\\\/logo\\\/image\\\/\",\"url\":\"https:\\\/\\\/www.emplea-te.com\\\/noticias-oposiciones\\\/wp-content\\\/uploads\\\/2019\\\/04\\\/empleate.jpg\",\"contentUrl\":\"https:\\\/\\\/www.emplea-te.com\\\/noticias-oposiciones\\\/wp-content\\\/uploads\\\/2019\\\/04\\\/empleate.jpg\",\"width\":250,\"height\":150,\"caption\":\"Academia de oposiciones Empl\u00e9ate\"},\"image\":{\"@id\":\"https:\\\/\\\/www.emplea-te.com\\\/noticias-oposiciones\\\/#\\\/schema\\\/logo\\\/image\\\/\"},\"sameAs\":[\"https:\\\/\\\/www.facebook.com\\\/AcademiaEmpleate\\\/\",\"https:\\\/\\\/x.com\\\/Emplea_Te\",\"https:\\\/\\\/www.instagram.com\\\/academia_empleate\\\/\"]},{\"@type\":\"Person\",\"@id\":\"https:\\\/\\\/www.emplea-te.com\\\/noticias-oposiciones\\\/#\\\/schema\\\/person\\\/d1bc587e1af2b95e9c32aba1795509a6\",\"name\":\"Empleate\"}]}<\/script>\n<!-- \/ Yoast SEO plugin. -->","yoast_head_json":{"title":"Conseller\u00eda de Presidencia, Justicia y Deportes. Convocatoria.","description":"Conseller\u00eda de Presidencia, Justicia y Deportes. Convocatoria de Bolsas de Personal Interino de los Cuerpos Generales de Justicia.","robots":{"index":"index","follow":"follow","max-snippet":"max-snippet:-1","max-image-preview":"max-image-preview:large","max-video-preview":"max-video-preview:-1"},"canonical":"https:\/\/www.emplea-te.com\/noticias-oposiciones\/conselleria-de-presidencia-justicia-y-deportes-convocatoria-de-bolsas-de-personal-interino-de-los-cuerpos-generales-de-justicia\/","og_locale":"es_ES","og_type":"article","og_title":"Conseller\u00eda de Presidencia, Justicia y Deportes. Convocatoria.","og_description":"Conseller\u00eda de Presidencia, Justicia y Deportes. Convocatoria de Bolsas de Personal Interino de los Cuerpos Generales de Justicia.","og_url":"https:\/\/www.emplea-te.com\/noticias-oposiciones\/conselleria-de-presidencia-justicia-y-deportes-convocatoria-de-bolsas-de-personal-interino-de-los-cuerpos-generales-de-justicia\/","og_site_name":"Noticas de oposiciones por Academia Emplea-te","article_publisher":"https:\/\/www.facebook.com\/AcademiaEmpleate\/","article_published_time":"2026-04-28T07:46:02+00:00","author":"Empleate","twitter_card":"summary_large_image","twitter_creator":"@Emplea_Te","twitter_site":"@Emplea_Te","twitter_misc":{"Escrito por":"Empleate","Tiempo de lectura":"2 minutos"},"schema":{"@context":"https:\/\/schema.org","@graph":[{"@type":"Article","@id":"https:\/\/www.emplea-te.com\/noticias-oposiciones\/conselleria-de-presidencia-justicia-y-deportes-convocatoria-de-bolsas-de-personal-interino-de-los-cuerpos-generales-de-justicia\/#article","isPartOf":{"@id":"https:\/\/www.emplea-te.com\/noticias-oposiciones\/conselleria-de-presidencia-justicia-y-deportes-convocatoria-de-bolsas-de-personal-interino-de-los-cuerpos-generales-de-justicia\/"},"author":{"name":"Empleate","@id":"https:\/\/www.emplea-te.com\/noticias-oposiciones\/#\/schema\/person\/d1bc587e1af2b95e9c32aba1795509a6"},"headline":"Conseller\u00eda de Presidencia, Justicia y Deportes. Convocatoria de Bolsas de Personal Interino de los Cuerpos Generales de Justicia.","datePublished":"2026-04-28T07:46:02+00:00","mainEntityOfPage":{"@id":"https:\/\/www.emplea-te.com\/noticias-oposiciones\/conselleria-de-presidencia-justicia-y-deportes-convocatoria-de-bolsas-de-personal-interino-de-los-cuerpos-generales-de-justicia\/"},"wordCount":282,"publisher":{"@id":"https:\/\/www.emplea-te.com\/noticias-oposiciones\/#organization"},"keywords":["Convocatoria"],"articleSection":["Oposiciones Auton\u00f3micas Galicia","Oposiciones Auxilio Judicial","Oposiciones Gesti\u00f3n Procesal","Oposiciones Justicia","Oposiciones Tramitaci\u00f3n Procesal"],"inLanguage":"es"},{"@type":"WebPage","@id":"https:\/\/www.emplea-te.com\/noticias-oposiciones\/conselleria-de-presidencia-justicia-y-deportes-convocatoria-de-bolsas-de-personal-interino-de-los-cuerpos-generales-de-justicia\/","url":"https:\/\/www.emplea-te.com\/noticias-oposiciones\/conselleria-de-presidencia-justicia-y-deportes-convocatoria-de-bolsas-de-personal-interino-de-los-cuerpos-generales-de-justicia\/","name":"Conseller\u00eda de Presidencia, Justicia y Deportes. Convocatoria.","isPartOf":{"@id":"https:\/\/www.emplea-te.com\/noticias-oposiciones\/#website"},"datePublished":"2026-04-28T07:46:02+00:00","description":"Conseller\u00eda de Presidencia, Justicia y Deportes. Convocatoria de Bolsas de Personal Interino de los Cuerpos Generales de Justicia.","breadcrumb":{"@id":"https:\/\/www.emplea-te.com\/noticias-oposiciones\/conselleria-de-presidencia-justicia-y-deportes-convocatoria-de-bolsas-de-personal-interino-de-los-cuerpos-generales-de-justicia\/#breadcrumb"},"inLanguage":"es","potentialAction":[{"@type":"ReadAction","target":["https:\/\/www.emplea-te.com\/noticias-oposiciones\/conselleria-de-presidencia-justicia-y-deportes-convocatoria-de-bolsas-de-personal-interino-de-los-cuerpos-generales-de-justicia\/"]}]},{"@type":"BreadcrumbList","@id":"https:\/\/www.emplea-te.com\/noticias-oposiciones\/conselleria-de-presidencia-justicia-y-deportes-convocatoria-de-bolsas-de-personal-interino-de-los-cuerpos-generales-de-justicia\/#breadcrumb","itemListElement":[{"@type":"ListItem","position":1,"name":"Noticias Oposiciones","item":"https:\/\/www.emplea-te.com\/noticias-oposiciones\/"},{"@type":"ListItem","position":2,"name":"Oposiciones Auton\u00f3micas Galicia","item":"https:\/\/www.emplea-te.com\/noticias-oposiciones\/categoria\/oposiciones-autonomicas-galicia\/"},{"@type":"ListItem","position":3,"name":"Conseller\u00eda de Presidencia, Justicia y Deportes. Convocatoria de Bolsas de Personal Interino de los Cuerpos Generales de Justicia."}]},{"@type":"WebSite","@id":"https:\/\/www.emplea-te.com\/noticias-oposiciones\/#website","url":"https:\/\/www.emplea-te.com\/noticias-oposiciones\/","name":"Noticas de oposiciones por Academia Emplea-te","description":"Toda la actualidad de las ofertas y convocatorias.","publisher":{"@id":"https:\/\/www.emplea-te.com\/noticias-oposiciones\/#organization"},"potentialAction":[{"@type":"SearchAction","target":{"@type":"EntryPoint","urlTemplate":"https:\/\/www.emplea-te.com\/noticias-oposiciones\/?s={search_term_string}"},"query-input":{"@type":"PropertyValueSpecification","valueRequired":true,"valueName":"search_term_string"}}],"inLanguage":"es"},{"@type":"Organization","@id":"https:\/\/www.emplea-te.com\/noticias-oposiciones\/#organization","name":"Academia de oposiciones Empl\u00e9ate","url":"https:\/\/www.emplea-te.com\/noticias-oposiciones\/","logo":{"@type":"ImageObject","inLanguage":"es","@id":"https:\/\/www.emplea-te.com\/noticias-oposiciones\/#\/schema\/logo\/image\/","url":"https:\/\/www.emplea-te.com\/noticias-oposiciones\/wp-content\/uploads\/2019\/04\/empleate.jpg","contentUrl":"https:\/\/www.emplea-te.com\/noticias-oposiciones\/wp-content\/uploads\/2019\/04\/empleate.jpg","width":250,"height":150,"caption":"Academia de oposiciones Empl\u00e9ate"},"image":{"@id":"https:\/\/www.emplea-te.com\/noticias-oposiciones\/#\/schema\/logo\/image\/"},"sameAs":["https:\/\/www.facebook.com\/AcademiaEmpleate\/","https:\/\/x.com\/Emplea_Te","https:\/\/www.instagram.com\/academia_empleate\/"]},{"@type":"Person","@id":"https:\/\/www.emplea-te.com\/noticias-oposiciones\/#\/schema\/person\/d1bc587e1af2b95e9c32aba1795509a6","name":"Empleate"}]}},"_links":{"self":[{"href":"https:\/\/www.emplea-te.com\/noticias-oposiciones\/wp-json\/wp\/v2\/posts\/18296","targetHints":{"allow":["GET"]}}],"collection":[{"href":"https:\/\/www.emplea-te.com\/noticias-oposiciones\/wp-json\/wp\/v2\/posts"}],"about":[{"href":"https:\/\/www.emplea-te.com\/noticias-oposiciones\/wp-json\/wp\/v2\/types\/post"}],"author":[{"embeddable":true,"href":"https:\/\/www.emplea-te.com\/noticias-oposiciones\/wp-json\/wp\/v2\/users\/1"}],"replies":[{"embeddable":true,"href":"https:\/\/www.emplea-te.com\/noticias-oposiciones\/wp-json\/wp\/v2\/comments?post=18296"}],"version-history":[{"count":1,"href":"https:\/\/www.emplea-te.com\/noticias-oposiciones\/wp-json\/wp\/v2\/posts\/18296\/revisions"}],"predecessor-version":[{"id":18297,"href":"https:\/\/www.emplea-te.com\/noticias-oposiciones\/wp-json\/wp\/v2\/posts\/18296\/revisions\/18297"}],"wp:attachment":[{"href":"https:\/\/www.emplea-te.com\/noticias-oposiciones\/wp-json\/wp\/v2\/media?parent=18296"}],"wp:term":[{"taxonomy":"category","embeddable":true,"href":"https:\/\/www.emplea-te.com\/noticias-oposiciones\/wp-json\/wp\/v2\/categories?post=18296"},{"taxonomy":"post_tag","embeddable":true,"href":"https:\/\/www.emplea-te.com\/noticias-oposiciones\/wp-json\/wp\/v2\/tags?post=18296"}],"curies":[{"name":"wp","href":"https:\/\/api.w.org\/{rel}","templated":true}]}}