{"id":18302,"date":"2026-04-28T10:06:08","date_gmt":"2026-04-28T08:06:08","guid":{"rendered":"https:\/\/www.emplea-te.com\/noticias-oposiciones\/?p=18302"},"modified":"2026-04-28T10:06:08","modified_gmt":"2026-04-28T08:06:08","slug":"xunta-de-galicia-escala-de-orientacion-laboral-a2-turno-libre-y-promocion-interna-nombramiento-como-personal-funcionario-de-carrera-a-los-aspirantes-que-han-superado-el-proceso-selectivo","status":"publish","type":"post","link":"https:\/\/www.emplea-te.com\/noticias-oposiciones\/xunta-de-galicia-escala-de-orientacion-laboral-a2-turno-libre-y-promocion-interna-nombramiento-como-personal-funcionario-de-carrera-a-los-aspirantes-que-han-superado-el-proceso-selectivo\/","title":{"rendered":"Xunta de Galicia. Escala de Orientaci\u00f3n Laboral A2 turno libre y promoci\u00f3n interna. Nombramiento como Personal Funcionario de Carrera a los aspirantes que han superado el proceso selectivo."},"content":{"rendered":"<p>Se publica en la Web de Funci\u00f3n P\u00fablica de la Xunta de Galicia, la Resoluci\u00f3n de 27 de febrero de 2026, por la que se procede al nombramiento como personal funcionario de carrera de las personas aspirantes que superaron el proceso selectivo para el acceso al cuerpo de gesti\u00f3n de la Administraci\u00f3n general de la Comunidad Aut\u00f3noma de Galicia, subgrupo A2, escala de Orientaci\u00f3n Laboral.<\/p>\n<p>Una vez finalizado el proceso selectivo y realizado el acto de elecci\u00f3n de destino definitivo, previsto en la Resoluci\u00f3n de 6 de abril de 2026, publicada en el DOG n\u00famero 68, de 14 de abril, la Xunta procede al nombramiento oficial de las personas aprobadas.<\/p>\n<p>Deber\u00e1n tomar posesi\u00f3n de su puesto en el plazo de un mes, contado desde el d\u00eda siguiente al de la publicaci\u00f3n de la Resoluci\u00f3n en el Diario Oficial de Galicia.<\/p>\n<p><a href=\"https:\/\/www.xunta.es\/rcp\/listas\/rcp_opo\/opo_novas.jsp?lang=es\" target=\"_blank\" rel=\"noopener\"><strong>Accede a la consulta de la Resoluci\u00f3n desde este enlace a la Web de Funci\u00f3n P\u00fablica de la Xunta de Galicia.\u00a0<\/strong><\/a><\/p>\n","protected":false},"excerpt":{"rendered":"<p>Se publica en la Web de Funci\u00f3n P\u00fablica de la Xunta de Galicia, la Resoluci\u00f3n de 27 de febrero de 2026, por la que se procede al nombramiento como personal funcionario de carrera de las personas aspirantes que superaron el proceso selectivo para el acceso al cuerpo de gesti\u00f3n de la Administraci\u00f3n general de la &hellip; <a href=\"https:\/\/www.emplea-te.com\/noticias-oposiciones\/xunta-de-galicia-escala-de-orientacion-laboral-a2-turno-libre-y-promocion-interna-nombramiento-como-personal-funcionario-de-carrera-a-los-aspirantes-que-han-superado-el-proceso-selectivo\/\" class=\"more-link\">Continuar leyendo<span class=\"screen-reader-text\"> \u00abXunta de Galicia. Escala de Orientaci\u00f3n Laboral A2 turno libre y promoci\u00f3n interna. Nombramiento como Personal Funcionario de Carrera a los aspirantes que han superado el proceso selectivo.\u00bb<\/span><\/a><\/p>\n","protected":false},"author":1,"featured_media":0,"comment_status":"closed","ping_status":"closed","sticky":false,"template":"","format":"standard","meta":{"footnotes":""},"categories":[56,4],"tags":[88,103],"class_list":["post-18302","post","type-post","status-publish","format-standard","hentry","category-oposiciones-autonomicas-galicia","category-oposiciones-xunta","tag-aprobados-proceso-selectivo","tag-informacion-procesos-selectivos"],"yoast_head":"<!-- This site is optimized with the Yoast SEO plugin v27.3 - https:\/\/yoast.com\/product\/yoast-seo-wordpress\/ -->\n<title>Xunta de Galicia. Escala Orientaci\u00f3n Laboral A2. Proceso selectivo.<\/title>\n<meta name=\"description\" content=\"Xunta de Galicia. Escala de Orientaci\u00f3n Laboral A2. Nombramiento como Personal Funcionario de Carrera a los aspirantes aprobados.\" \/>\n<meta name=\"robots\" content=\"index, follow, max-snippet:-1, max-image-preview:large, max-video-preview:-1\" \/>\n<link rel=\"canonical\" href=\"https:\/\/www.emplea-te.com\/noticias-oposiciones\/xunta-de-galicia-escala-de-orientacion-laboral-a2-turno-libre-y-promocion-interna-nombramiento-como-personal-funcionario-de-carrera-a-los-aspirantes-que-han-superado-el-proceso-selectivo\/\" \/>\n<meta property=\"og:locale\" content=\"es_ES\" \/>\n<meta property=\"og:type\" content=\"article\" \/>\n<meta property=\"og:title\" content=\"Xunta de Galicia. Escala Orientaci\u00f3n Laboral A2. Proceso selectivo.\" \/>\n<meta property=\"og:description\" content=\"Xunta de Galicia. Escala de Orientaci\u00f3n Laboral A2. Nombramiento como Personal Funcionario de Carrera a los aspirantes aprobados.\" \/>\n<meta property=\"og:url\" content=\"https:\/\/www.emplea-te.com\/noticias-oposiciones\/xunta-de-galicia-escala-de-orientacion-laboral-a2-turno-libre-y-promocion-interna-nombramiento-como-personal-funcionario-de-carrera-a-los-aspirantes-que-han-superado-el-proceso-selectivo\/\" \/>\n<meta property=\"og:site_name\" content=\"Noticas de oposiciones por Academia Emplea-te\" \/>\n<meta property=\"article:publisher\" content=\"https:\/\/www.facebook.com\/AcademiaEmpleate\/\" \/>\n<meta property=\"article:published_time\" content=\"2026-04-28T08:06:08+00:00\" \/>\n<meta name=\"author\" content=\"Empleate\" \/>\n<meta name=\"twitter:card\" content=\"summary_large_image\" \/>\n<meta name=\"twitter:creator\" content=\"@Emplea_Te\" \/>\n<meta name=\"twitter:site\" content=\"@Emplea_Te\" \/>\n<meta name=\"twitter:label1\" content=\"Escrito por\" \/>\n\t<meta name=\"twitter:data1\" content=\"Empleate\" \/>\n\t<meta name=\"twitter:label2\" content=\"Tiempo de lectura\" \/>\n\t<meta name=\"twitter:data2\" content=\"1 minuto\" \/>\n<script type=\"application\/ld+json\" class=\"yoast-schema-graph\">{\"@context\":\"https:\\\/\\\/schema.org\",\"@graph\":[{\"@type\":\"Article\",\"@id\":\"https:\\\/\\\/www.emplea-te.com\\\/noticias-oposiciones\\\/xunta-de-galicia-escala-de-orientacion-laboral-a2-turno-libre-y-promocion-interna-nombramiento-como-personal-funcionario-de-carrera-a-los-aspirantes-que-han-superado-el-proceso-selectivo\\\/#article\",\"isPartOf\":{\"@id\":\"https:\\\/\\\/www.emplea-te.com\\\/noticias-oposiciones\\\/xunta-de-galicia-escala-de-orientacion-laboral-a2-turno-libre-y-promocion-interna-nombramiento-como-personal-funcionario-de-carrera-a-los-aspirantes-que-han-superado-el-proceso-selectivo\\\/\"},\"author\":{\"name\":\"Empleate\",\"@id\":\"https:\\\/\\\/www.emplea-te.com\\\/noticias-oposiciones\\\/#\\\/schema\\\/person\\\/d1bc587e1af2b95e9c32aba1795509a6\"},\"headline\":\"Xunta de Galicia. Escala de Orientaci\u00f3n Laboral A2 turno libre y promoci\u00f3n interna. Nombramiento como Personal Funcionario de Carrera a los aspirantes que han superado el proceso selectivo.\",\"datePublished\":\"2026-04-28T08:06:08+00:00\",\"mainEntityOfPage\":{\"@id\":\"https:\\\/\\\/www.emplea-te.com\\\/noticias-oposiciones\\\/xunta-de-galicia-escala-de-orientacion-laboral-a2-turno-libre-y-promocion-interna-nombramiento-como-personal-funcionario-de-carrera-a-los-aspirantes-que-han-superado-el-proceso-selectivo\\\/\"},\"wordCount\":203,\"publisher\":{\"@id\":\"https:\\\/\\\/www.emplea-te.com\\\/noticias-oposiciones\\\/#organization\"},\"keywords\":[\"Aprobados proceso selectivo\",\"Informaci\u00f3n procesos selectivos\"],\"articleSection\":[\"Oposiciones Auton\u00f3micas Galicia\",\"Oposiciones Xunta\"],\"inLanguage\":\"es\"},{\"@type\":\"WebPage\",\"@id\":\"https:\\\/\\\/www.emplea-te.com\\\/noticias-oposiciones\\\/xunta-de-galicia-escala-de-orientacion-laboral-a2-turno-libre-y-promocion-interna-nombramiento-como-personal-funcionario-de-carrera-a-los-aspirantes-que-han-superado-el-proceso-selectivo\\\/\",\"url\":\"https:\\\/\\\/www.emplea-te.com\\\/noticias-oposiciones\\\/xunta-de-galicia-escala-de-orientacion-laboral-a2-turno-libre-y-promocion-interna-nombramiento-como-personal-funcionario-de-carrera-a-los-aspirantes-que-han-superado-el-proceso-selectivo\\\/\",\"name\":\"Xunta de Galicia. Escala Orientaci\u00f3n Laboral A2. Proceso selectivo.\",\"isPartOf\":{\"@id\":\"https:\\\/\\\/www.emplea-te.com\\\/noticias-oposiciones\\\/#website\"},\"datePublished\":\"2026-04-28T08:06:08+00:00\",\"description\":\"Xunta de Galicia. Escala de Orientaci\u00f3n Laboral A2. Nombramiento como Personal Funcionario de Carrera a los aspirantes aprobados.\",\"breadcrumb\":{\"@id\":\"https:\\\/\\\/www.emplea-te.com\\\/noticias-oposiciones\\\/xunta-de-galicia-escala-de-orientacion-laboral-a2-turno-libre-y-promocion-interna-nombramiento-como-personal-funcionario-de-carrera-a-los-aspirantes-que-han-superado-el-proceso-selectivo\\\/#breadcrumb\"},\"inLanguage\":\"es\",\"potentialAction\":[{\"@type\":\"ReadAction\",\"target\":[\"https:\\\/\\\/www.emplea-te.com\\\/noticias-oposiciones\\\/xunta-de-galicia-escala-de-orientacion-laboral-a2-turno-libre-y-promocion-interna-nombramiento-como-personal-funcionario-de-carrera-a-los-aspirantes-que-han-superado-el-proceso-selectivo\\\/\"]}]},{\"@type\":\"BreadcrumbList\",\"@id\":\"https:\\\/\\\/www.emplea-te.com\\\/noticias-oposiciones\\\/xunta-de-galicia-escala-de-orientacion-laboral-a2-turno-libre-y-promocion-interna-nombramiento-como-personal-funcionario-de-carrera-a-los-aspirantes-que-han-superado-el-proceso-selectivo\\\/#breadcrumb\",\"itemListElement\":[{\"@type\":\"ListItem\",\"position\":1,\"name\":\"Noticias Oposiciones\",\"item\":\"https:\\\/\\\/www.emplea-te.com\\\/noticias-oposiciones\\\/\"},{\"@type\":\"ListItem\",\"position\":2,\"name\":\"Oposiciones Xunta\",\"item\":\"https:\\\/\\\/www.emplea-te.com\\\/noticias-oposiciones\\\/categoria\\\/oposiciones-xunta\\\/\"},{\"@type\":\"ListItem\",\"position\":3,\"name\":\"Xunta de Galicia. Escala de Orientaci\u00f3n Laboral A2 turno libre y promoci\u00f3n interna. Nombramiento como Personal Funcionario de Carrera a los aspirantes que han superado el proceso selectivo.\"}]},{\"@type\":\"WebSite\",\"@id\":\"https:\\\/\\\/www.emplea-te.com\\\/noticias-oposiciones\\\/#website\",\"url\":\"https:\\\/\\\/www.emplea-te.com\\\/noticias-oposiciones\\\/\",\"name\":\"Noticas de oposiciones por Academia Emplea-te\",\"description\":\"Toda la actualidad de las ofertas y convocatorias.\",\"publisher\":{\"@id\":\"https:\\\/\\\/www.emplea-te.com\\\/noticias-oposiciones\\\/#organization\"},\"potentialAction\":[{\"@type\":\"SearchAction\",\"target\":{\"@type\":\"EntryPoint\",\"urlTemplate\":\"https:\\\/\\\/www.emplea-te.com\\\/noticias-oposiciones\\\/?s={search_term_string}\"},\"query-input\":{\"@type\":\"PropertyValueSpecification\",\"valueRequired\":true,\"valueName\":\"search_term_string\"}}],\"inLanguage\":\"es\"},{\"@type\":\"Organization\",\"@id\":\"https:\\\/\\\/www.emplea-te.com\\\/noticias-oposiciones\\\/#organization\",\"name\":\"Academia de oposiciones Empl\u00e9ate\",\"url\":\"https:\\\/\\\/www.emplea-te.com\\\/noticias-oposiciones\\\/\",\"logo\":{\"@type\":\"ImageObject\",\"inLanguage\":\"es\",\"@id\":\"https:\\\/\\\/www.emplea-te.com\\\/noticias-oposiciones\\\/#\\\/schema\\\/logo\\\/image\\\/\",\"url\":\"https:\\\/\\\/www.emplea-te.com\\\/noticias-oposiciones\\\/wp-content\\\/uploads\\\/2019\\\/04\\\/empleate.jpg\",\"contentUrl\":\"https:\\\/\\\/www.emplea-te.com\\\/noticias-oposiciones\\\/wp-content\\\/uploads\\\/2019\\\/04\\\/empleate.jpg\",\"width\":250,\"height\":150,\"caption\":\"Academia de oposiciones Empl\u00e9ate\"},\"image\":{\"@id\":\"https:\\\/\\\/www.emplea-te.com\\\/noticias-oposiciones\\\/#\\\/schema\\\/logo\\\/image\\\/\"},\"sameAs\":[\"https:\\\/\\\/www.facebook.com\\\/AcademiaEmpleate\\\/\",\"https:\\\/\\\/x.com\\\/Emplea_Te\",\"https:\\\/\\\/www.instagram.com\\\/academia_empleate\\\/\"]},{\"@type\":\"Person\",\"@id\":\"https:\\\/\\\/www.emplea-te.com\\\/noticias-oposiciones\\\/#\\\/schema\\\/person\\\/d1bc587e1af2b95e9c32aba1795509a6\",\"name\":\"Empleate\"}]}<\/script>\n<!-- \/ Yoast SEO plugin. -->","yoast_head_json":{"title":"Xunta de Galicia. Escala Orientaci\u00f3n Laboral A2. Proceso selectivo.","description":"Xunta de Galicia. Escala de Orientaci\u00f3n Laboral A2. Nombramiento como Personal Funcionario de Carrera a los aspirantes aprobados.","robots":{"index":"index","follow":"follow","max-snippet":"max-snippet:-1","max-image-preview":"max-image-preview:large","max-video-preview":"max-video-preview:-1"},"canonical":"https:\/\/www.emplea-te.com\/noticias-oposiciones\/xunta-de-galicia-escala-de-orientacion-laboral-a2-turno-libre-y-promocion-interna-nombramiento-como-personal-funcionario-de-carrera-a-los-aspirantes-que-han-superado-el-proceso-selectivo\/","og_locale":"es_ES","og_type":"article","og_title":"Xunta de Galicia. Escala Orientaci\u00f3n Laboral A2. Proceso selectivo.","og_description":"Xunta de Galicia. Escala de Orientaci\u00f3n Laboral A2. Nombramiento como Personal Funcionario de Carrera a los aspirantes aprobados.","og_url":"https:\/\/www.emplea-te.com\/noticias-oposiciones\/xunta-de-galicia-escala-de-orientacion-laboral-a2-turno-libre-y-promocion-interna-nombramiento-como-personal-funcionario-de-carrera-a-los-aspirantes-que-han-superado-el-proceso-selectivo\/","og_site_name":"Noticas de oposiciones por Academia Emplea-te","article_publisher":"https:\/\/www.facebook.com\/AcademiaEmpleate\/","article_published_time":"2026-04-28T08:06:08+00:00","author":"Empleate","twitter_card":"summary_large_image","twitter_creator":"@Emplea_Te","twitter_site":"@Emplea_Te","twitter_misc":{"Escrito por":"Empleate","Tiempo de lectura":"1 minuto"},"schema":{"@context":"https:\/\/schema.org","@graph":[{"@type":"Article","@id":"https:\/\/www.emplea-te.com\/noticias-oposiciones\/xunta-de-galicia-escala-de-orientacion-laboral-a2-turno-libre-y-promocion-interna-nombramiento-como-personal-funcionario-de-carrera-a-los-aspirantes-que-han-superado-el-proceso-selectivo\/#article","isPartOf":{"@id":"https:\/\/www.emplea-te.com\/noticias-oposiciones\/xunta-de-galicia-escala-de-orientacion-laboral-a2-turno-libre-y-promocion-interna-nombramiento-como-personal-funcionario-de-carrera-a-los-aspirantes-que-han-superado-el-proceso-selectivo\/"},"author":{"name":"Empleate","@id":"https:\/\/www.emplea-te.com\/noticias-oposiciones\/#\/schema\/person\/d1bc587e1af2b95e9c32aba1795509a6"},"headline":"Xunta de Galicia. Escala de Orientaci\u00f3n Laboral A2 turno libre y promoci\u00f3n interna. Nombramiento como Personal Funcionario de Carrera a los aspirantes que han superado el proceso selectivo.","datePublished":"2026-04-28T08:06:08+00:00","mainEntityOfPage":{"@id":"https:\/\/www.emplea-te.com\/noticias-oposiciones\/xunta-de-galicia-escala-de-orientacion-laboral-a2-turno-libre-y-promocion-interna-nombramiento-como-personal-funcionario-de-carrera-a-los-aspirantes-que-han-superado-el-proceso-selectivo\/"},"wordCount":203,"publisher":{"@id":"https:\/\/www.emplea-te.com\/noticias-oposiciones\/#organization"},"keywords":["Aprobados proceso selectivo","Informaci\u00f3n procesos selectivos"],"articleSection":["Oposiciones Auton\u00f3micas Galicia","Oposiciones Xunta"],"inLanguage":"es"},{"@type":"WebPage","@id":"https:\/\/www.emplea-te.com\/noticias-oposiciones\/xunta-de-galicia-escala-de-orientacion-laboral-a2-turno-libre-y-promocion-interna-nombramiento-como-personal-funcionario-de-carrera-a-los-aspirantes-que-han-superado-el-proceso-selectivo\/","url":"https:\/\/www.emplea-te.com\/noticias-oposiciones\/xunta-de-galicia-escala-de-orientacion-laboral-a2-turno-libre-y-promocion-interna-nombramiento-como-personal-funcionario-de-carrera-a-los-aspirantes-que-han-superado-el-proceso-selectivo\/","name":"Xunta de Galicia. Escala Orientaci\u00f3n Laboral A2. Proceso selectivo.","isPartOf":{"@id":"https:\/\/www.emplea-te.com\/noticias-oposiciones\/#website"},"datePublished":"2026-04-28T08:06:08+00:00","description":"Xunta de Galicia. Escala de Orientaci\u00f3n Laboral A2. Nombramiento como Personal Funcionario de Carrera a los aspirantes aprobados.","breadcrumb":{"@id":"https:\/\/www.emplea-te.com\/noticias-oposiciones\/xunta-de-galicia-escala-de-orientacion-laboral-a2-turno-libre-y-promocion-interna-nombramiento-como-personal-funcionario-de-carrera-a-los-aspirantes-que-han-superado-el-proceso-selectivo\/#breadcrumb"},"inLanguage":"es","potentialAction":[{"@type":"ReadAction","target":["https:\/\/www.emplea-te.com\/noticias-oposiciones\/xunta-de-galicia-escala-de-orientacion-laboral-a2-turno-libre-y-promocion-interna-nombramiento-como-personal-funcionario-de-carrera-a-los-aspirantes-que-han-superado-el-proceso-selectivo\/"]}]},{"@type":"BreadcrumbList","@id":"https:\/\/www.emplea-te.com\/noticias-oposiciones\/xunta-de-galicia-escala-de-orientacion-laboral-a2-turno-libre-y-promocion-interna-nombramiento-como-personal-funcionario-de-carrera-a-los-aspirantes-que-han-superado-el-proceso-selectivo\/#breadcrumb","itemListElement":[{"@type":"ListItem","position":1,"name":"Noticias Oposiciones","item":"https:\/\/www.emplea-te.com\/noticias-oposiciones\/"},{"@type":"ListItem","position":2,"name":"Oposiciones Xunta","item":"https:\/\/www.emplea-te.com\/noticias-oposiciones\/categoria\/oposiciones-xunta\/"},{"@type":"ListItem","position":3,"name":"Xunta de Galicia. Escala de Orientaci\u00f3n Laboral A2 turno libre y promoci\u00f3n interna. Nombramiento como Personal Funcionario de Carrera a los aspirantes que han superado el proceso selectivo."}]},{"@type":"WebSite","@id":"https:\/\/www.emplea-te.com\/noticias-oposiciones\/#website","url":"https:\/\/www.emplea-te.com\/noticias-oposiciones\/","name":"Noticas de oposiciones por Academia Emplea-te","description":"Toda la actualidad de las ofertas y convocatorias.","publisher":{"@id":"https:\/\/www.emplea-te.com\/noticias-oposiciones\/#organization"},"potentialAction":[{"@type":"SearchAction","target":{"@type":"EntryPoint","urlTemplate":"https:\/\/www.emplea-te.com\/noticias-oposiciones\/?s={search_term_string}"},"query-input":{"@type":"PropertyValueSpecification","valueRequired":true,"valueName":"search_term_string"}}],"inLanguage":"es"},{"@type":"Organization","@id":"https:\/\/www.emplea-te.com\/noticias-oposiciones\/#organization","name":"Academia de oposiciones Empl\u00e9ate","url":"https:\/\/www.emplea-te.com\/noticias-oposiciones\/","logo":{"@type":"ImageObject","inLanguage":"es","@id":"https:\/\/www.emplea-te.com\/noticias-oposiciones\/#\/schema\/logo\/image\/","url":"https:\/\/www.emplea-te.com\/noticias-oposiciones\/wp-content\/uploads\/2019\/04\/empleate.jpg","contentUrl":"https:\/\/www.emplea-te.com\/noticias-oposiciones\/wp-content\/uploads\/2019\/04\/empleate.jpg","width":250,"height":150,"caption":"Academia de oposiciones Empl\u00e9ate"},"image":{"@id":"https:\/\/www.emplea-te.com\/noticias-oposiciones\/#\/schema\/logo\/image\/"},"sameAs":["https:\/\/www.facebook.com\/AcademiaEmpleate\/","https:\/\/x.com\/Emplea_Te","https:\/\/www.instagram.com\/academia_empleate\/"]},{"@type":"Person","@id":"https:\/\/www.emplea-te.com\/noticias-oposiciones\/#\/schema\/person\/d1bc587e1af2b95e9c32aba1795509a6","name":"Empleate"}]}},"_links":{"self":[{"href":"https:\/\/www.emplea-te.com\/noticias-oposiciones\/wp-json\/wp\/v2\/posts\/18302","targetHints":{"allow":["GET"]}}],"collection":[{"href":"https:\/\/www.emplea-te.com\/noticias-oposiciones\/wp-json\/wp\/v2\/posts"}],"about":[{"href":"https:\/\/www.emplea-te.com\/noticias-oposiciones\/wp-json\/wp\/v2\/types\/post"}],"author":[{"embeddable":true,"href":"https:\/\/www.emplea-te.com\/noticias-oposiciones\/wp-json\/wp\/v2\/users\/1"}],"replies":[{"embeddable":true,"href":"https:\/\/www.emplea-te.com\/noticias-oposiciones\/wp-json\/wp\/v2\/comments?post=18302"}],"version-history":[{"count":1,"href":"https:\/\/www.emplea-te.com\/noticias-oposiciones\/wp-json\/wp\/v2\/posts\/18302\/revisions"}],"predecessor-version":[{"id":18303,"href":"https:\/\/www.emplea-te.com\/noticias-oposiciones\/wp-json\/wp\/v2\/posts\/18302\/revisions\/18303"}],"wp:attachment":[{"href":"https:\/\/www.emplea-te.com\/noticias-oposiciones\/wp-json\/wp\/v2\/media?parent=18302"}],"wp:term":[{"taxonomy":"category","embeddable":true,"href":"https:\/\/www.emplea-te.com\/noticias-oposiciones\/wp-json\/wp\/v2\/categories?post=18302"},{"taxonomy":"post_tag","embeddable":true,"href":"https:\/\/www.emplea-te.com\/noticias-oposiciones\/wp-json\/wp\/v2\/tags?post=18302"}],"curies":[{"name":"wp","href":"https:\/\/api.w.org\/{rel}","templated":true}]}}