{"id":18312,"date":"2026-04-29T10:34:33","date_gmt":"2026-04-29T08:34:33","guid":{"rendered":"https:\/\/www.emplea-te.com\/noticias-oposiciones\/?p=18312"},"modified":"2026-04-29T10:34:33","modified_gmt":"2026-04-29T08:34:33","slug":"cuerpo-de-gestion-a2-de-la-seguridad-social-nota-informativa-de-cierre-de-legislacion-en-convocatoria-de-las-plazas-de-la-oep-2025","status":"publish","type":"post","link":"https:\/\/www.emplea-te.com\/noticias-oposiciones\/cuerpo-de-gestion-a2-de-la-seguridad-social-nota-informativa-de-cierre-de-legislacion-en-convocatoria-de-las-plazas-de-la-oep-2025\/","title":{"rendered":"Cuerpo de Gesti\u00f3n A2 de la Seguridad Social. Nota informativa de cierre de legislaci\u00f3n en convocatoria de las plazas de la OEP 2025."},"content":{"rendered":"<p>Se publica en la Web del Ministerio de Seguridad Social, Inclusi\u00f3n y Migraciones, la Nota informativa del Tribunal Calificador de las pruebas selectivas convocadas por Resoluci\u00f3n de 22 de diciembre de 2025 para cubrir plazas de Cuerpo de Gesti\u00f3n A2 por la que se aclara la fecha de cierre de legislaci\u00f3n.<\/p>\n<p>Lo vemos:<br \/>\nSeg\u00fan lo dispuesto en el punto Cuarto de la nota informativa publicada el pasado 16 de marzo de 2026, la legislaci\u00f3n que se tendr\u00e1 en cuenta para la calificaci\u00f3n del ejercicio ser\u00e1 la vigente a fecha de 13 de marzo de 2026.<br \/>\nPor tanto, cualquier norma publicada o modificada con posterioridad a esta fecha no ser\u00e1 objeto de evaluaci\u00f3n.<\/p>\n<p>Accede a la consulta de la Nota informativa desde este<a href=\"https:\/\/www.seg-social.es\/wps\/wcm\/connect\/wss\/d2d6971c-88f7-4777-8bd8-8087e9d5574c\/NOTA+ACLARATORIA+FECHA+VIGENCIA+LEGISLACI\u00d3NMIE20250320DOC23MO.pdf?MOD=AJPERES\" target=\"_blank\" rel=\"noopener\"><strong> enlace.\u00a0<\/strong><\/a><\/p>\n<p>Inf\u00f3rmate de nuestros <a href=\"https:\/\/www.emplea-te.com\/55\/oposiciones-de-seguridad-social\" target=\"_blank\" rel=\"noopener\"><strong>grupos de preparaci\u00f3n presenciales y online.<\/strong><\/a><\/p>\n","protected":false},"excerpt":{"rendered":"<p>Se publica en la Web del Ministerio de Seguridad Social, Inclusi\u00f3n y Migraciones, la Nota informativa del Tribunal Calificador de las pruebas selectivas convocadas por Resoluci\u00f3n de 22 de diciembre de 2025 para cubrir plazas de Cuerpo de Gesti\u00f3n A2 por la que se aclara la fecha de cierre de legislaci\u00f3n. Lo vemos: Seg\u00fan lo &hellip; <a href=\"https:\/\/www.emplea-te.com\/noticias-oposiciones\/cuerpo-de-gestion-a2-de-la-seguridad-social-nota-informativa-de-cierre-de-legislacion-en-convocatoria-de-las-plazas-de-la-oep-2025\/\" class=\"more-link\">Continuar leyendo<span class=\"screen-reader-text\"> \u00abCuerpo de Gesti\u00f3n A2 de la Seguridad Social. Nota informativa de cierre de legislaci\u00f3n en convocatoria de las plazas de la OEP 2025.\u00bb<\/span><\/a><\/p>\n","protected":false},"author":1,"featured_media":0,"comment_status":"closed","ping_status":"closed","sticky":false,"template":"","format":"standard","meta":{"footnotes":""},"categories":[47,125],"tags":[82,49,103],"class_list":["post-18312","post","type-post","status-publish","format-standard","hentry","category-administracion-general-del-estado","category-cuerpo-gestion-seguridad-social","tag-acceso-libre","tag-convocatorias-de-oposiciones","tag-informacion-procesos-selectivos"],"yoast_head":"<!-- This site is optimized with the Yoast SEO plugin v27.5 - https:\/\/yoast.com\/product\/yoast-seo-wordpress\/ -->\n<title>Cuerpo de Gesti\u00f3n A2 de la Seguridad Social. Convocatoria.<\/title>\n<meta name=\"description\" content=\"Cuerpo de Gesti\u00f3n A2 de la Seguridad Social. Nota informativa de cierre de legislaci\u00f3n en convocatoria de las plazas de la OEP 2025.\" \/>\n<meta name=\"robots\" content=\"index, follow, max-snippet:-1, max-image-preview:large, max-video-preview:-1\" \/>\n<link rel=\"canonical\" href=\"https:\/\/www.emplea-te.com\/noticias-oposiciones\/cuerpo-de-gestion-a2-de-la-seguridad-social-nota-informativa-de-cierre-de-legislacion-en-convocatoria-de-las-plazas-de-la-oep-2025\/\" \/>\n<meta property=\"og:locale\" content=\"es_ES\" \/>\n<meta property=\"og:type\" content=\"article\" \/>\n<meta property=\"og:title\" content=\"Cuerpo de Gesti\u00f3n A2 de la Seguridad Social. Convocatoria.\" \/>\n<meta property=\"og:description\" content=\"Cuerpo de Gesti\u00f3n A2 de la Seguridad Social. Nota informativa de cierre de legislaci\u00f3n en convocatoria de las plazas de la OEP 2025.\" \/>\n<meta property=\"og:url\" content=\"https:\/\/www.emplea-te.com\/noticias-oposiciones\/cuerpo-de-gestion-a2-de-la-seguridad-social-nota-informativa-de-cierre-de-legislacion-en-convocatoria-de-las-plazas-de-la-oep-2025\/\" \/>\n<meta property=\"og:site_name\" content=\"Noticas de oposiciones por Academia Emplea-te\" \/>\n<meta property=\"article:publisher\" content=\"https:\/\/www.facebook.com\/AcademiaEmpleate\/\" \/>\n<meta property=\"article:published_time\" content=\"2026-04-29T08:34:33+00:00\" \/>\n<meta name=\"author\" content=\"Empleate\" \/>\n<meta name=\"twitter:card\" content=\"summary_large_image\" \/>\n<meta name=\"twitter:creator\" content=\"@Emplea_Te\" \/>\n<meta name=\"twitter:site\" content=\"@Emplea_Te\" \/>\n<meta name=\"twitter:label1\" content=\"Escrito por\" \/>\n\t<meta name=\"twitter:data1\" content=\"Empleate\" \/>\n\t<meta name=\"twitter:label2\" content=\"Tiempo de lectura\" \/>\n\t<meta name=\"twitter:data2\" content=\"1 minuto\" \/>\n<script type=\"application\/ld+json\" class=\"yoast-schema-graph\">{\"@context\":\"https:\\\/\\\/schema.org\",\"@graph\":[{\"@type\":\"Article\",\"@id\":\"https:\\\/\\\/www.emplea-te.com\\\/noticias-oposiciones\\\/cuerpo-de-gestion-a2-de-la-seguridad-social-nota-informativa-de-cierre-de-legislacion-en-convocatoria-de-las-plazas-de-la-oep-2025\\\/#article\",\"isPartOf\":{\"@id\":\"https:\\\/\\\/www.emplea-te.com\\\/noticias-oposiciones\\\/cuerpo-de-gestion-a2-de-la-seguridad-social-nota-informativa-de-cierre-de-legislacion-en-convocatoria-de-las-plazas-de-la-oep-2025\\\/\"},\"author\":{\"name\":\"Empleate\",\"@id\":\"https:\\\/\\\/www.emplea-te.com\\\/noticias-oposiciones\\\/#\\\/schema\\\/person\\\/d1bc587e1af2b95e9c32aba1795509a6\"},\"headline\":\"Cuerpo de Gesti\u00f3n A2 de la Seguridad Social. Nota informativa de cierre de legislaci\u00f3n en convocatoria de las plazas de la OEP 2025.\",\"datePublished\":\"2026-04-29T08:34:33+00:00\",\"mainEntityOfPage\":{\"@id\":\"https:\\\/\\\/www.emplea-te.com\\\/noticias-oposiciones\\\/cuerpo-de-gestion-a2-de-la-seguridad-social-nota-informativa-de-cierre-de-legislacion-en-convocatoria-de-las-plazas-de-la-oep-2025\\\/\"},\"wordCount\":160,\"publisher\":{\"@id\":\"https:\\\/\\\/www.emplea-te.com\\\/noticias-oposiciones\\\/#organization\"},\"keywords\":[\"Acceso libre\",\"Convocatoria\",\"Informaci\u00f3n procesos selectivos\"],\"articleSection\":[\"Administraci\u00f3n General del Estado.\",\"Cuerpo Gesti\u00f3n Seguridad Social\"],\"inLanguage\":\"es\"},{\"@type\":\"WebPage\",\"@id\":\"https:\\\/\\\/www.emplea-te.com\\\/noticias-oposiciones\\\/cuerpo-de-gestion-a2-de-la-seguridad-social-nota-informativa-de-cierre-de-legislacion-en-convocatoria-de-las-plazas-de-la-oep-2025\\\/\",\"url\":\"https:\\\/\\\/www.emplea-te.com\\\/noticias-oposiciones\\\/cuerpo-de-gestion-a2-de-la-seguridad-social-nota-informativa-de-cierre-de-legislacion-en-convocatoria-de-las-plazas-de-la-oep-2025\\\/\",\"name\":\"Cuerpo de Gesti\u00f3n A2 de la Seguridad Social. Convocatoria.\",\"isPartOf\":{\"@id\":\"https:\\\/\\\/www.emplea-te.com\\\/noticias-oposiciones\\\/#website\"},\"datePublished\":\"2026-04-29T08:34:33+00:00\",\"description\":\"Cuerpo de Gesti\u00f3n A2 de la Seguridad Social. Nota informativa de cierre de legislaci\u00f3n en convocatoria de las plazas de la OEP 2025.\",\"breadcrumb\":{\"@id\":\"https:\\\/\\\/www.emplea-te.com\\\/noticias-oposiciones\\\/cuerpo-de-gestion-a2-de-la-seguridad-social-nota-informativa-de-cierre-de-legislacion-en-convocatoria-de-las-plazas-de-la-oep-2025\\\/#breadcrumb\"},\"inLanguage\":\"es\",\"potentialAction\":[{\"@type\":\"ReadAction\",\"target\":[\"https:\\\/\\\/www.emplea-te.com\\\/noticias-oposiciones\\\/cuerpo-de-gestion-a2-de-la-seguridad-social-nota-informativa-de-cierre-de-legislacion-en-convocatoria-de-las-plazas-de-la-oep-2025\\\/\"]}]},{\"@type\":\"BreadcrumbList\",\"@id\":\"https:\\\/\\\/www.emplea-te.com\\\/noticias-oposiciones\\\/cuerpo-de-gestion-a2-de-la-seguridad-social-nota-informativa-de-cierre-de-legislacion-en-convocatoria-de-las-plazas-de-la-oep-2025\\\/#breadcrumb\",\"itemListElement\":[{\"@type\":\"ListItem\",\"position\":1,\"name\":\"Noticias Oposiciones\",\"item\":\"https:\\\/\\\/www.emplea-te.com\\\/noticias-oposiciones\\\/\"},{\"@type\":\"ListItem\",\"position\":2,\"name\":\"Cuerpo Gesti\u00f3n Seguridad Social\",\"item\":\"https:\\\/\\\/www.emplea-te.com\\\/noticias-oposiciones\\\/categoria\\\/cuerpo-gestion-seguridad-social\\\/\"},{\"@type\":\"ListItem\",\"position\":3,\"name\":\"Cuerpo de Gesti\u00f3n A2 de la Seguridad Social. Nota informativa de cierre de legislaci\u00f3n en convocatoria de las plazas de la OEP 2025.\"}]},{\"@type\":\"WebSite\",\"@id\":\"https:\\\/\\\/www.emplea-te.com\\\/noticias-oposiciones\\\/#website\",\"url\":\"https:\\\/\\\/www.emplea-te.com\\\/noticias-oposiciones\\\/\",\"name\":\"Noticas de oposiciones por Academia Emplea-te\",\"description\":\"Toda la actualidad de las ofertas y convocatorias.\",\"publisher\":{\"@id\":\"https:\\\/\\\/www.emplea-te.com\\\/noticias-oposiciones\\\/#organization\"},\"potentialAction\":[{\"@type\":\"SearchAction\",\"target\":{\"@type\":\"EntryPoint\",\"urlTemplate\":\"https:\\\/\\\/www.emplea-te.com\\\/noticias-oposiciones\\\/?s={search_term_string}\"},\"query-input\":{\"@type\":\"PropertyValueSpecification\",\"valueRequired\":true,\"valueName\":\"search_term_string\"}}],\"inLanguage\":\"es\"},{\"@type\":\"Organization\",\"@id\":\"https:\\\/\\\/www.emplea-te.com\\\/noticias-oposiciones\\\/#organization\",\"name\":\"Academia de oposiciones Empl\u00e9ate\",\"url\":\"https:\\\/\\\/www.emplea-te.com\\\/noticias-oposiciones\\\/\",\"logo\":{\"@type\":\"ImageObject\",\"inLanguage\":\"es\",\"@id\":\"https:\\\/\\\/www.emplea-te.com\\\/noticias-oposiciones\\\/#\\\/schema\\\/logo\\\/image\\\/\",\"url\":\"https:\\\/\\\/www.emplea-te.com\\\/noticias-oposiciones\\\/wp-content\\\/uploads\\\/2019\\\/04\\\/empleate.jpg\",\"contentUrl\":\"https:\\\/\\\/www.emplea-te.com\\\/noticias-oposiciones\\\/wp-content\\\/uploads\\\/2019\\\/04\\\/empleate.jpg\",\"width\":250,\"height\":150,\"caption\":\"Academia de oposiciones Empl\u00e9ate\"},\"image\":{\"@id\":\"https:\\\/\\\/www.emplea-te.com\\\/noticias-oposiciones\\\/#\\\/schema\\\/logo\\\/image\\\/\"},\"sameAs\":[\"https:\\\/\\\/www.facebook.com\\\/AcademiaEmpleate\\\/\",\"https:\\\/\\\/x.com\\\/Emplea_Te\",\"https:\\\/\\\/www.instagram.com\\\/academia_empleate\\\/\"]},{\"@type\":\"Person\",\"@id\":\"https:\\\/\\\/www.emplea-te.com\\\/noticias-oposiciones\\\/#\\\/schema\\\/person\\\/d1bc587e1af2b95e9c32aba1795509a6\",\"name\":\"Empleate\"}]}<\/script>\n<!-- \/ Yoast SEO plugin. -->","yoast_head_json":{"title":"Cuerpo de Gesti\u00f3n A2 de la Seguridad Social. Convocatoria.","description":"Cuerpo de Gesti\u00f3n A2 de la Seguridad Social. Nota informativa de cierre de legislaci\u00f3n en convocatoria de las plazas de la OEP 2025.","robots":{"index":"index","follow":"follow","max-snippet":"max-snippet:-1","max-image-preview":"max-image-preview:large","max-video-preview":"max-video-preview:-1"},"canonical":"https:\/\/www.emplea-te.com\/noticias-oposiciones\/cuerpo-de-gestion-a2-de-la-seguridad-social-nota-informativa-de-cierre-de-legislacion-en-convocatoria-de-las-plazas-de-la-oep-2025\/","og_locale":"es_ES","og_type":"article","og_title":"Cuerpo de Gesti\u00f3n A2 de la Seguridad Social. Convocatoria.","og_description":"Cuerpo de Gesti\u00f3n A2 de la Seguridad Social. Nota informativa de cierre de legislaci\u00f3n en convocatoria de las plazas de la OEP 2025.","og_url":"https:\/\/www.emplea-te.com\/noticias-oposiciones\/cuerpo-de-gestion-a2-de-la-seguridad-social-nota-informativa-de-cierre-de-legislacion-en-convocatoria-de-las-plazas-de-la-oep-2025\/","og_site_name":"Noticas de oposiciones por Academia Emplea-te","article_publisher":"https:\/\/www.facebook.com\/AcademiaEmpleate\/","article_published_time":"2026-04-29T08:34:33+00:00","author":"Empleate","twitter_card":"summary_large_image","twitter_creator":"@Emplea_Te","twitter_site":"@Emplea_Te","twitter_misc":{"Escrito por":"Empleate","Tiempo de lectura":"1 minuto"},"schema":{"@context":"https:\/\/schema.org","@graph":[{"@type":"Article","@id":"https:\/\/www.emplea-te.com\/noticias-oposiciones\/cuerpo-de-gestion-a2-de-la-seguridad-social-nota-informativa-de-cierre-de-legislacion-en-convocatoria-de-las-plazas-de-la-oep-2025\/#article","isPartOf":{"@id":"https:\/\/www.emplea-te.com\/noticias-oposiciones\/cuerpo-de-gestion-a2-de-la-seguridad-social-nota-informativa-de-cierre-de-legislacion-en-convocatoria-de-las-plazas-de-la-oep-2025\/"},"author":{"name":"Empleate","@id":"https:\/\/www.emplea-te.com\/noticias-oposiciones\/#\/schema\/person\/d1bc587e1af2b95e9c32aba1795509a6"},"headline":"Cuerpo de Gesti\u00f3n A2 de la Seguridad Social. Nota informativa de cierre de legislaci\u00f3n en convocatoria de las plazas de la OEP 2025.","datePublished":"2026-04-29T08:34:33+00:00","mainEntityOfPage":{"@id":"https:\/\/www.emplea-te.com\/noticias-oposiciones\/cuerpo-de-gestion-a2-de-la-seguridad-social-nota-informativa-de-cierre-de-legislacion-en-convocatoria-de-las-plazas-de-la-oep-2025\/"},"wordCount":160,"publisher":{"@id":"https:\/\/www.emplea-te.com\/noticias-oposiciones\/#organization"},"keywords":["Acceso libre","Convocatoria","Informaci\u00f3n procesos selectivos"],"articleSection":["Administraci\u00f3n General del Estado.","Cuerpo Gesti\u00f3n Seguridad Social"],"inLanguage":"es"},{"@type":"WebPage","@id":"https:\/\/www.emplea-te.com\/noticias-oposiciones\/cuerpo-de-gestion-a2-de-la-seguridad-social-nota-informativa-de-cierre-de-legislacion-en-convocatoria-de-las-plazas-de-la-oep-2025\/","url":"https:\/\/www.emplea-te.com\/noticias-oposiciones\/cuerpo-de-gestion-a2-de-la-seguridad-social-nota-informativa-de-cierre-de-legislacion-en-convocatoria-de-las-plazas-de-la-oep-2025\/","name":"Cuerpo de Gesti\u00f3n A2 de la Seguridad Social. Convocatoria.","isPartOf":{"@id":"https:\/\/www.emplea-te.com\/noticias-oposiciones\/#website"},"datePublished":"2026-04-29T08:34:33+00:00","description":"Cuerpo de Gesti\u00f3n A2 de la Seguridad Social. Nota informativa de cierre de legislaci\u00f3n en convocatoria de las plazas de la OEP 2025.","breadcrumb":{"@id":"https:\/\/www.emplea-te.com\/noticias-oposiciones\/cuerpo-de-gestion-a2-de-la-seguridad-social-nota-informativa-de-cierre-de-legislacion-en-convocatoria-de-las-plazas-de-la-oep-2025\/#breadcrumb"},"inLanguage":"es","potentialAction":[{"@type":"ReadAction","target":["https:\/\/www.emplea-te.com\/noticias-oposiciones\/cuerpo-de-gestion-a2-de-la-seguridad-social-nota-informativa-de-cierre-de-legislacion-en-convocatoria-de-las-plazas-de-la-oep-2025\/"]}]},{"@type":"BreadcrumbList","@id":"https:\/\/www.emplea-te.com\/noticias-oposiciones\/cuerpo-de-gestion-a2-de-la-seguridad-social-nota-informativa-de-cierre-de-legislacion-en-convocatoria-de-las-plazas-de-la-oep-2025\/#breadcrumb","itemListElement":[{"@type":"ListItem","position":1,"name":"Noticias Oposiciones","item":"https:\/\/www.emplea-te.com\/noticias-oposiciones\/"},{"@type":"ListItem","position":2,"name":"Cuerpo Gesti\u00f3n Seguridad Social","item":"https:\/\/www.emplea-te.com\/noticias-oposiciones\/categoria\/cuerpo-gestion-seguridad-social\/"},{"@type":"ListItem","position":3,"name":"Cuerpo de Gesti\u00f3n A2 de la Seguridad Social. Nota informativa de cierre de legislaci\u00f3n en convocatoria de las plazas de la OEP 2025."}]},{"@type":"WebSite","@id":"https:\/\/www.emplea-te.com\/noticias-oposiciones\/#website","url":"https:\/\/www.emplea-te.com\/noticias-oposiciones\/","name":"Noticas de oposiciones por Academia Emplea-te","description":"Toda la actualidad de las ofertas y convocatorias.","publisher":{"@id":"https:\/\/www.emplea-te.com\/noticias-oposiciones\/#organization"},"potentialAction":[{"@type":"SearchAction","target":{"@type":"EntryPoint","urlTemplate":"https:\/\/www.emplea-te.com\/noticias-oposiciones\/?s={search_term_string}"},"query-input":{"@type":"PropertyValueSpecification","valueRequired":true,"valueName":"search_term_string"}}],"inLanguage":"es"},{"@type":"Organization","@id":"https:\/\/www.emplea-te.com\/noticias-oposiciones\/#organization","name":"Academia de oposiciones Empl\u00e9ate","url":"https:\/\/www.emplea-te.com\/noticias-oposiciones\/","logo":{"@type":"ImageObject","inLanguage":"es","@id":"https:\/\/www.emplea-te.com\/noticias-oposiciones\/#\/schema\/logo\/image\/","url":"https:\/\/www.emplea-te.com\/noticias-oposiciones\/wp-content\/uploads\/2019\/04\/empleate.jpg","contentUrl":"https:\/\/www.emplea-te.com\/noticias-oposiciones\/wp-content\/uploads\/2019\/04\/empleate.jpg","width":250,"height":150,"caption":"Academia de oposiciones Empl\u00e9ate"},"image":{"@id":"https:\/\/www.emplea-te.com\/noticias-oposiciones\/#\/schema\/logo\/image\/"},"sameAs":["https:\/\/www.facebook.com\/AcademiaEmpleate\/","https:\/\/x.com\/Emplea_Te","https:\/\/www.instagram.com\/academia_empleate\/"]},{"@type":"Person","@id":"https:\/\/www.emplea-te.com\/noticias-oposiciones\/#\/schema\/person\/d1bc587e1af2b95e9c32aba1795509a6","name":"Empleate"}]}},"_links":{"self":[{"href":"https:\/\/www.emplea-te.com\/noticias-oposiciones\/wp-json\/wp\/v2\/posts\/18312","targetHints":{"allow":["GET"]}}],"collection":[{"href":"https:\/\/www.emplea-te.com\/noticias-oposiciones\/wp-json\/wp\/v2\/posts"}],"about":[{"href":"https:\/\/www.emplea-te.com\/noticias-oposiciones\/wp-json\/wp\/v2\/types\/post"}],"author":[{"embeddable":true,"href":"https:\/\/www.emplea-te.com\/noticias-oposiciones\/wp-json\/wp\/v2\/users\/1"}],"replies":[{"embeddable":true,"href":"https:\/\/www.emplea-te.com\/noticias-oposiciones\/wp-json\/wp\/v2\/comments?post=18312"}],"version-history":[{"count":1,"href":"https:\/\/www.emplea-te.com\/noticias-oposiciones\/wp-json\/wp\/v2\/posts\/18312\/revisions"}],"predecessor-version":[{"id":18313,"href":"https:\/\/www.emplea-te.com\/noticias-oposiciones\/wp-json\/wp\/v2\/posts\/18312\/revisions\/18313"}],"wp:attachment":[{"href":"https:\/\/www.emplea-te.com\/noticias-oposiciones\/wp-json\/wp\/v2\/media?parent=18312"}],"wp:term":[{"taxonomy":"category","embeddable":true,"href":"https:\/\/www.emplea-te.com\/noticias-oposiciones\/wp-json\/wp\/v2\/categories?post=18312"},{"taxonomy":"post_tag","embeddable":true,"href":"https:\/\/www.emplea-te.com\/noticias-oposiciones\/wp-json\/wp\/v2\/tags?post=18312"}],"curies":[{"name":"wp","href":"https:\/\/api.w.org\/{rel}","templated":true}]}}