{"id":18318,"date":"2026-04-30T09:27:14","date_gmt":"2026-04-30T07:27:14","guid":{"rendered":"https:\/\/www.emplea-te.com\/noticias-oposiciones\/?p=18318"},"modified":"2026-04-30T09:27:14","modified_gmt":"2026-04-30T07:27:14","slug":"novedades-proxima-oferta-de-empleo-publico-2026-de-los-cuerpos-generales-de-justicia-informacion-sindical","status":"publish","type":"post","link":"https:\/\/www.emplea-te.com\/noticias-oposiciones\/novedades-proxima-oferta-de-empleo-publico-2026-de-los-cuerpos-generales-de-justicia-informacion-sindical\/","title":{"rendered":"Novedades pr\u00f3xima Oferta de Empleo P\u00fablico 2026 de los Cuerpos Generales de Justicia. Informaci\u00f3n Sindical."},"content":{"rendered":"<p>El pasado lunes 27 de abril de 2026 se celebr\u00f3 una nueva reuni\u00f3n del grupo de trabajo sobre la carrera profesional del personal de la Administraci\u00f3n de Justicia.<\/p>\n<p>Adem\u00e1s de la carrera profesional, el Ministerio traslad\u00f3 varias informaciones relacionadas con procesos selectivos y concursos en la Administraci\u00f3n de Justicia.<\/p>\n<p><strong>Entre las principales novedades destacan:<\/strong><\/p>\n<p>Para la OPE 2026, el Ministerio convocar\u00e1 pr\u00f3ximamente a los sindicatos para negociar las bases de las futuras convocatorias, aunque la oferta todav\u00eda no ha sido publicada.<\/p>\n<p>Tambi\u00e9n se abordar\u00e1 la modificaci\u00f3n de las \u00f3rdenes ministeriales sobre jornada laboral para adaptarlas a las 35 horas semanales.<\/p>\n<p data-start=\"5673\" data-end=\"6312\">Si est\u00e1s pensando en preparar una oposici\u00f3n de Justicia, puedes consultar nuestros grupos presenciales y online de\u00a0 formaci\u00f3n para <a class=\"decorated-link\" href=\"https:\/\/www.emplea-te.com\/10-oposiciones-de-auxilio-judicial?utm_source=chatgpt.com\" target=\"_blank\" rel=\"noopener\" data-start=\"5782\" data-end=\"5862\">Auxilio Judicial<\/a>, una oposici\u00f3n del grupo C2 para la que se exige la ESO o equivalente; <a class=\"decorated-link\" href=\"https:\/\/www.emplea-te.com\/11-oposiciones-de-tramitacion-procesal?utm_source=chatgpt.com\" target=\"_blank\" rel=\"noopener\" data-start=\"5934\" data-end=\"6022\">Tramitaci\u00f3n Procesal<\/a>, del grupo C1, con requisito de Bachiller o equivalente; o las <a class=\"decorated-link\" href=\"https:\/\/www.emplea-te.com\/2\/oposiciones-de-justicia?utm_source=chatgpt.com\" target=\"_blank\" rel=\"noopener\" data-start=\"6086\" data-end=\"6164\">oposiciones de Justicia<\/a> en general, donde se incluyen las preparaciones de <a href=\"https:\/\/www.emplea-te.com\/21-oposiciones-de-gestion-procesal-y-adiministrativa\" target=\"_blank\" rel=\"noopener\">Gesti\u00f3n Procesal<\/a>, Tramitaci\u00f3n Procesal y Auxilio Judicial.<\/p>\n<p data-section-id=\"gap4or\" data-start=\"6314\" data-end=\"6372\">Accede a la informaci\u00f3n sindical desde este enlace.<br \/>\n<strong><a href=\"https:\/\/www.emplea-te.com\/noticias-oposiciones\/ver-pdf\/?pdf=https%3A%2F%2Fwww.emplea-te.com%2Fnoticias-oposiciones%2Fwp-content%2Fuploads%2F2026%2F04%2F2026-04-27-Info-grupo-de-trabajo-de-la-carrera-profesional.pdf\" target=\"_blank\" rel=\"noopener\">Novedades OEP 2026 Justicia<\/a><\/strong><\/p>\n","protected":false},"excerpt":{"rendered":"<p>El pasado lunes 27 de abril de 2026 se celebr\u00f3 una nueva reuni\u00f3n del grupo de trabajo sobre la carrera profesional del personal de la Administraci\u00f3n de Justicia. Adem\u00e1s de la carrera profesional, el Ministerio traslad\u00f3 varias informaciones relacionadas con procesos selectivos y concursos en la Administraci\u00f3n de Justicia. Entre las principales novedades destacan: Para &hellip; <a href=\"https:\/\/www.emplea-te.com\/noticias-oposiciones\/novedades-proxima-oferta-de-empleo-publico-2026-de-los-cuerpos-generales-de-justicia-informacion-sindical\/\" class=\"more-link\">Continuar leyendo<span class=\"screen-reader-text\"> \u00abNovedades pr\u00f3xima Oferta de Empleo P\u00fablico 2026 de los Cuerpos Generales de Justicia. Informaci\u00f3n Sindical.\u00bb<\/span><\/a><\/p>\n","protected":false},"author":1,"featured_media":0,"comment_status":"closed","ping_status":"closed","sticky":false,"template":"","format":"standard","meta":{"footnotes":""},"categories":[15,17,14,16],"tags":[103,147,84],"class_list":["post-18318","post","type-post","status-publish","format-standard","hentry","category-oposiciones-auxilio-judicial","category-oposiciones-gestion-procesal","category-oposiciones-justicia","category-oposiciones-tramitacion-procesal","tag-informacion-procesos-selectivos","tag-oep-2026","tag-oferta-de-empleo-publico"],"yoast_head":"<!-- This site is optimized with the Yoast SEO plugin v27.5 - https:\/\/yoast.com\/product\/yoast-seo-wordpress\/ -->\n<title>Novedades pr\u00f3xima Oferta de Empleo P\u00fablico 2026 de Justicia.<\/title>\n<meta name=\"description\" content=\"Novedades pr\u00f3xima Oferta de Empleo P\u00fablico 2026 de los Cuerpos Generales de Justicia. Informaci\u00f3n Sindical.\" \/>\n<meta name=\"robots\" content=\"index, follow, max-snippet:-1, max-image-preview:large, max-video-preview:-1\" \/>\n<link rel=\"canonical\" href=\"https:\/\/www.emplea-te.com\/noticias-oposiciones\/novedades-proxima-oferta-de-empleo-publico-2026-de-los-cuerpos-generales-de-justicia-informacion-sindical\/\" \/>\n<meta property=\"og:locale\" content=\"es_ES\" \/>\n<meta property=\"og:type\" content=\"article\" \/>\n<meta property=\"og:title\" content=\"Novedades pr\u00f3xima Oferta de Empleo P\u00fablico 2026 de Justicia.\" \/>\n<meta property=\"og:description\" content=\"Novedades pr\u00f3xima Oferta de Empleo P\u00fablico 2026 de los Cuerpos Generales de Justicia. Informaci\u00f3n Sindical.\" \/>\n<meta property=\"og:url\" content=\"https:\/\/www.emplea-te.com\/noticias-oposiciones\/novedades-proxima-oferta-de-empleo-publico-2026-de-los-cuerpos-generales-de-justicia-informacion-sindical\/\" \/>\n<meta property=\"og:site_name\" content=\"Noticas de oposiciones por Academia Emplea-te\" \/>\n<meta property=\"article:publisher\" content=\"https:\/\/www.facebook.com\/AcademiaEmpleate\/\" \/>\n<meta property=\"article:published_time\" content=\"2026-04-30T07:27:14+00:00\" \/>\n<meta name=\"author\" content=\"Empleate\" \/>\n<meta name=\"twitter:card\" content=\"summary_large_image\" \/>\n<meta name=\"twitter:creator\" content=\"@Emplea_Te\" \/>\n<meta name=\"twitter:site\" content=\"@Emplea_Te\" \/>\n<meta name=\"twitter:label1\" content=\"Escrito por\" \/>\n\t<meta name=\"twitter:data1\" content=\"Empleate\" \/>\n\t<meta name=\"twitter:label2\" content=\"Tiempo de lectura\" \/>\n\t<meta name=\"twitter:data2\" content=\"1 minuto\" \/>\n<script type=\"application\/ld+json\" class=\"yoast-schema-graph\">{\"@context\":\"https:\\\/\\\/schema.org\",\"@graph\":[{\"@type\":\"Article\",\"@id\":\"https:\\\/\\\/www.emplea-te.com\\\/noticias-oposiciones\\\/novedades-proxima-oferta-de-empleo-publico-2026-de-los-cuerpos-generales-de-justicia-informacion-sindical\\\/#article\",\"isPartOf\":{\"@id\":\"https:\\\/\\\/www.emplea-te.com\\\/noticias-oposiciones\\\/novedades-proxima-oferta-de-empleo-publico-2026-de-los-cuerpos-generales-de-justicia-informacion-sindical\\\/\"},\"author\":{\"name\":\"Empleate\",\"@id\":\"https:\\\/\\\/www.emplea-te.com\\\/noticias-oposiciones\\\/#\\\/schema\\\/person\\\/d1bc587e1af2b95e9c32aba1795509a6\"},\"headline\":\"Novedades pr\u00f3xima Oferta de Empleo P\u00fablico 2026 de los Cuerpos Generales de Justicia. Informaci\u00f3n Sindical.\",\"datePublished\":\"2026-04-30T07:27:14+00:00\",\"mainEntityOfPage\":{\"@id\":\"https:\\\/\\\/www.emplea-te.com\\\/noticias-oposiciones\\\/novedades-proxima-oferta-de-empleo-publico-2026-de-los-cuerpos-generales-de-justicia-informacion-sindical\\\/\"},\"wordCount\":206,\"publisher\":{\"@id\":\"https:\\\/\\\/www.emplea-te.com\\\/noticias-oposiciones\\\/#organization\"},\"keywords\":[\"Informaci\u00f3n procesos selectivos\",\"OEP 2026\",\"Oferta de Empleo P\u00fablico\"],\"articleSection\":[\"Oposiciones Auxilio Judicial\",\"Oposiciones Gesti\u00f3n Procesal\",\"Oposiciones Justicia\",\"Oposiciones Tramitaci\u00f3n Procesal\"],\"inLanguage\":\"es\"},{\"@type\":\"WebPage\",\"@id\":\"https:\\\/\\\/www.emplea-te.com\\\/noticias-oposiciones\\\/novedades-proxima-oferta-de-empleo-publico-2026-de-los-cuerpos-generales-de-justicia-informacion-sindical\\\/\",\"url\":\"https:\\\/\\\/www.emplea-te.com\\\/noticias-oposiciones\\\/novedades-proxima-oferta-de-empleo-publico-2026-de-los-cuerpos-generales-de-justicia-informacion-sindical\\\/\",\"name\":\"Novedades pr\u00f3xima Oferta de Empleo P\u00fablico 2026 de Justicia.\",\"isPartOf\":{\"@id\":\"https:\\\/\\\/www.emplea-te.com\\\/noticias-oposiciones\\\/#website\"},\"datePublished\":\"2026-04-30T07:27:14+00:00\",\"description\":\"Novedades pr\u00f3xima Oferta de Empleo P\u00fablico 2026 de los Cuerpos Generales de Justicia. Informaci\u00f3n Sindical.\",\"breadcrumb\":{\"@id\":\"https:\\\/\\\/www.emplea-te.com\\\/noticias-oposiciones\\\/novedades-proxima-oferta-de-empleo-publico-2026-de-los-cuerpos-generales-de-justicia-informacion-sindical\\\/#breadcrumb\"},\"inLanguage\":\"es\",\"potentialAction\":[{\"@type\":\"ReadAction\",\"target\":[\"https:\\\/\\\/www.emplea-te.com\\\/noticias-oposiciones\\\/novedades-proxima-oferta-de-empleo-publico-2026-de-los-cuerpos-generales-de-justicia-informacion-sindical\\\/\"]}]},{\"@type\":\"BreadcrumbList\",\"@id\":\"https:\\\/\\\/www.emplea-te.com\\\/noticias-oposiciones\\\/novedades-proxima-oferta-de-empleo-publico-2026-de-los-cuerpos-generales-de-justicia-informacion-sindical\\\/#breadcrumb\",\"itemListElement\":[{\"@type\":\"ListItem\",\"position\":1,\"name\":\"Noticias Oposiciones\",\"item\":\"https:\\\/\\\/www.emplea-te.com\\\/noticias-oposiciones\\\/\"},{\"@type\":\"ListItem\",\"position\":2,\"name\":\"Oposiciones Justicia\",\"item\":\"https:\\\/\\\/www.emplea-te.com\\\/noticias-oposiciones\\\/categoria\\\/oposiciones-justicia\\\/\"},{\"@type\":\"ListItem\",\"position\":3,\"name\":\"Novedades pr\u00f3xima Oferta de Empleo P\u00fablico 2026 de los Cuerpos Generales de Justicia. Informaci\u00f3n Sindical.\"}]},{\"@type\":\"WebSite\",\"@id\":\"https:\\\/\\\/www.emplea-te.com\\\/noticias-oposiciones\\\/#website\",\"url\":\"https:\\\/\\\/www.emplea-te.com\\\/noticias-oposiciones\\\/\",\"name\":\"Noticas de oposiciones por Academia Emplea-te\",\"description\":\"Toda la actualidad de las ofertas y convocatorias.\",\"publisher\":{\"@id\":\"https:\\\/\\\/www.emplea-te.com\\\/noticias-oposiciones\\\/#organization\"},\"potentialAction\":[{\"@type\":\"SearchAction\",\"target\":{\"@type\":\"EntryPoint\",\"urlTemplate\":\"https:\\\/\\\/www.emplea-te.com\\\/noticias-oposiciones\\\/?s={search_term_string}\"},\"query-input\":{\"@type\":\"PropertyValueSpecification\",\"valueRequired\":true,\"valueName\":\"search_term_string\"}}],\"inLanguage\":\"es\"},{\"@type\":\"Organization\",\"@id\":\"https:\\\/\\\/www.emplea-te.com\\\/noticias-oposiciones\\\/#organization\",\"name\":\"Academia de oposiciones Empl\u00e9ate\",\"url\":\"https:\\\/\\\/www.emplea-te.com\\\/noticias-oposiciones\\\/\",\"logo\":{\"@type\":\"ImageObject\",\"inLanguage\":\"es\",\"@id\":\"https:\\\/\\\/www.emplea-te.com\\\/noticias-oposiciones\\\/#\\\/schema\\\/logo\\\/image\\\/\",\"url\":\"https:\\\/\\\/www.emplea-te.com\\\/noticias-oposiciones\\\/wp-content\\\/uploads\\\/2019\\\/04\\\/empleate.jpg\",\"contentUrl\":\"https:\\\/\\\/www.emplea-te.com\\\/noticias-oposiciones\\\/wp-content\\\/uploads\\\/2019\\\/04\\\/empleate.jpg\",\"width\":250,\"height\":150,\"caption\":\"Academia de oposiciones Empl\u00e9ate\"},\"image\":{\"@id\":\"https:\\\/\\\/www.emplea-te.com\\\/noticias-oposiciones\\\/#\\\/schema\\\/logo\\\/image\\\/\"},\"sameAs\":[\"https:\\\/\\\/www.facebook.com\\\/AcademiaEmpleate\\\/\",\"https:\\\/\\\/x.com\\\/Emplea_Te\",\"https:\\\/\\\/www.instagram.com\\\/academia_empleate\\\/\"]},{\"@type\":\"Person\",\"@id\":\"https:\\\/\\\/www.emplea-te.com\\\/noticias-oposiciones\\\/#\\\/schema\\\/person\\\/d1bc587e1af2b95e9c32aba1795509a6\",\"name\":\"Empleate\"}]}<\/script>\n<!-- \/ Yoast SEO plugin. -->","yoast_head_json":{"title":"Novedades pr\u00f3xima Oferta de Empleo P\u00fablico 2026 de Justicia.","description":"Novedades pr\u00f3xima Oferta de Empleo P\u00fablico 2026 de los Cuerpos Generales de Justicia. Informaci\u00f3n Sindical.","robots":{"index":"index","follow":"follow","max-snippet":"max-snippet:-1","max-image-preview":"max-image-preview:large","max-video-preview":"max-video-preview:-1"},"canonical":"https:\/\/www.emplea-te.com\/noticias-oposiciones\/novedades-proxima-oferta-de-empleo-publico-2026-de-los-cuerpos-generales-de-justicia-informacion-sindical\/","og_locale":"es_ES","og_type":"article","og_title":"Novedades pr\u00f3xima Oferta de Empleo P\u00fablico 2026 de Justicia.","og_description":"Novedades pr\u00f3xima Oferta de Empleo P\u00fablico 2026 de los Cuerpos Generales de Justicia. Informaci\u00f3n Sindical.","og_url":"https:\/\/www.emplea-te.com\/noticias-oposiciones\/novedades-proxima-oferta-de-empleo-publico-2026-de-los-cuerpos-generales-de-justicia-informacion-sindical\/","og_site_name":"Noticas de oposiciones por Academia Emplea-te","article_publisher":"https:\/\/www.facebook.com\/AcademiaEmpleate\/","article_published_time":"2026-04-30T07:27:14+00:00","author":"Empleate","twitter_card":"summary_large_image","twitter_creator":"@Emplea_Te","twitter_site":"@Emplea_Te","twitter_misc":{"Escrito por":"Empleate","Tiempo de lectura":"1 minuto"},"schema":{"@context":"https:\/\/schema.org","@graph":[{"@type":"Article","@id":"https:\/\/www.emplea-te.com\/noticias-oposiciones\/novedades-proxima-oferta-de-empleo-publico-2026-de-los-cuerpos-generales-de-justicia-informacion-sindical\/#article","isPartOf":{"@id":"https:\/\/www.emplea-te.com\/noticias-oposiciones\/novedades-proxima-oferta-de-empleo-publico-2026-de-los-cuerpos-generales-de-justicia-informacion-sindical\/"},"author":{"name":"Empleate","@id":"https:\/\/www.emplea-te.com\/noticias-oposiciones\/#\/schema\/person\/d1bc587e1af2b95e9c32aba1795509a6"},"headline":"Novedades pr\u00f3xima Oferta de Empleo P\u00fablico 2026 de los Cuerpos Generales de Justicia. Informaci\u00f3n Sindical.","datePublished":"2026-04-30T07:27:14+00:00","mainEntityOfPage":{"@id":"https:\/\/www.emplea-te.com\/noticias-oposiciones\/novedades-proxima-oferta-de-empleo-publico-2026-de-los-cuerpos-generales-de-justicia-informacion-sindical\/"},"wordCount":206,"publisher":{"@id":"https:\/\/www.emplea-te.com\/noticias-oposiciones\/#organization"},"keywords":["Informaci\u00f3n procesos selectivos","OEP 2026","Oferta de Empleo P\u00fablico"],"articleSection":["Oposiciones Auxilio Judicial","Oposiciones Gesti\u00f3n Procesal","Oposiciones Justicia","Oposiciones Tramitaci\u00f3n Procesal"],"inLanguage":"es"},{"@type":"WebPage","@id":"https:\/\/www.emplea-te.com\/noticias-oposiciones\/novedades-proxima-oferta-de-empleo-publico-2026-de-los-cuerpos-generales-de-justicia-informacion-sindical\/","url":"https:\/\/www.emplea-te.com\/noticias-oposiciones\/novedades-proxima-oferta-de-empleo-publico-2026-de-los-cuerpos-generales-de-justicia-informacion-sindical\/","name":"Novedades pr\u00f3xima Oferta de Empleo P\u00fablico 2026 de Justicia.","isPartOf":{"@id":"https:\/\/www.emplea-te.com\/noticias-oposiciones\/#website"},"datePublished":"2026-04-30T07:27:14+00:00","description":"Novedades pr\u00f3xima Oferta de Empleo P\u00fablico 2026 de los Cuerpos Generales de Justicia. Informaci\u00f3n Sindical.","breadcrumb":{"@id":"https:\/\/www.emplea-te.com\/noticias-oposiciones\/novedades-proxima-oferta-de-empleo-publico-2026-de-los-cuerpos-generales-de-justicia-informacion-sindical\/#breadcrumb"},"inLanguage":"es","potentialAction":[{"@type":"ReadAction","target":["https:\/\/www.emplea-te.com\/noticias-oposiciones\/novedades-proxima-oferta-de-empleo-publico-2026-de-los-cuerpos-generales-de-justicia-informacion-sindical\/"]}]},{"@type":"BreadcrumbList","@id":"https:\/\/www.emplea-te.com\/noticias-oposiciones\/novedades-proxima-oferta-de-empleo-publico-2026-de-los-cuerpos-generales-de-justicia-informacion-sindical\/#breadcrumb","itemListElement":[{"@type":"ListItem","position":1,"name":"Noticias Oposiciones","item":"https:\/\/www.emplea-te.com\/noticias-oposiciones\/"},{"@type":"ListItem","position":2,"name":"Oposiciones Justicia","item":"https:\/\/www.emplea-te.com\/noticias-oposiciones\/categoria\/oposiciones-justicia\/"},{"@type":"ListItem","position":3,"name":"Novedades pr\u00f3xima Oferta de Empleo P\u00fablico 2026 de los Cuerpos Generales de Justicia. Informaci\u00f3n Sindical."}]},{"@type":"WebSite","@id":"https:\/\/www.emplea-te.com\/noticias-oposiciones\/#website","url":"https:\/\/www.emplea-te.com\/noticias-oposiciones\/","name":"Noticas de oposiciones por Academia Emplea-te","description":"Toda la actualidad de las ofertas y convocatorias.","publisher":{"@id":"https:\/\/www.emplea-te.com\/noticias-oposiciones\/#organization"},"potentialAction":[{"@type":"SearchAction","target":{"@type":"EntryPoint","urlTemplate":"https:\/\/www.emplea-te.com\/noticias-oposiciones\/?s={search_term_string}"},"query-input":{"@type":"PropertyValueSpecification","valueRequired":true,"valueName":"search_term_string"}}],"inLanguage":"es"},{"@type":"Organization","@id":"https:\/\/www.emplea-te.com\/noticias-oposiciones\/#organization","name":"Academia de oposiciones Empl\u00e9ate","url":"https:\/\/www.emplea-te.com\/noticias-oposiciones\/","logo":{"@type":"ImageObject","inLanguage":"es","@id":"https:\/\/www.emplea-te.com\/noticias-oposiciones\/#\/schema\/logo\/image\/","url":"https:\/\/www.emplea-te.com\/noticias-oposiciones\/wp-content\/uploads\/2019\/04\/empleate.jpg","contentUrl":"https:\/\/www.emplea-te.com\/noticias-oposiciones\/wp-content\/uploads\/2019\/04\/empleate.jpg","width":250,"height":150,"caption":"Academia de oposiciones Empl\u00e9ate"},"image":{"@id":"https:\/\/www.emplea-te.com\/noticias-oposiciones\/#\/schema\/logo\/image\/"},"sameAs":["https:\/\/www.facebook.com\/AcademiaEmpleate\/","https:\/\/x.com\/Emplea_Te","https:\/\/www.instagram.com\/academia_empleate\/"]},{"@type":"Person","@id":"https:\/\/www.emplea-te.com\/noticias-oposiciones\/#\/schema\/person\/d1bc587e1af2b95e9c32aba1795509a6","name":"Empleate"}]}},"_links":{"self":[{"href":"https:\/\/www.emplea-te.com\/noticias-oposiciones\/wp-json\/wp\/v2\/posts\/18318","targetHints":{"allow":["GET"]}}],"collection":[{"href":"https:\/\/www.emplea-te.com\/noticias-oposiciones\/wp-json\/wp\/v2\/posts"}],"about":[{"href":"https:\/\/www.emplea-te.com\/noticias-oposiciones\/wp-json\/wp\/v2\/types\/post"}],"author":[{"embeddable":true,"href":"https:\/\/www.emplea-te.com\/noticias-oposiciones\/wp-json\/wp\/v2\/users\/1"}],"replies":[{"embeddable":true,"href":"https:\/\/www.emplea-te.com\/noticias-oposiciones\/wp-json\/wp\/v2\/comments?post=18318"}],"version-history":[{"count":1,"href":"https:\/\/www.emplea-te.com\/noticias-oposiciones\/wp-json\/wp\/v2\/posts\/18318\/revisions"}],"predecessor-version":[{"id":18320,"href":"https:\/\/www.emplea-te.com\/noticias-oposiciones\/wp-json\/wp\/v2\/posts\/18318\/revisions\/18320"}],"wp:attachment":[{"href":"https:\/\/www.emplea-te.com\/noticias-oposiciones\/wp-json\/wp\/v2\/media?parent=18318"}],"wp:term":[{"taxonomy":"category","embeddable":true,"href":"https:\/\/www.emplea-te.com\/noticias-oposiciones\/wp-json\/wp\/v2\/categories?post=18318"},{"taxonomy":"post_tag","embeddable":true,"href":"https:\/\/www.emplea-te.com\/noticias-oposiciones\/wp-json\/wp\/v2\/tags?post=18318"}],"curies":[{"name":"wp","href":"https:\/\/api.w.org\/{rel}","templated":true}]}}