{"id":19267,"date":"2026-08-31T09:52:00","date_gmt":"2026-08-31T07:52:00","guid":{"rendered":"https:\/\/www.emplea-te.com\/noticias-oposiciones\/?p=19267"},"modified":"2026-08-31T09:52:00","modified_gmt":"2026-08-31T07:52:00","slug":"ayuntamiento-de-redondela-convocatoria-de-proceso-selectivo-para-la-formacion-de-bolsas-de-empleo-temporal-de-conserje-de-pabellon-y-de-tecnico-de-gestion-a2","status":"publish","type":"post","link":"https:\/\/www.emplea-te.com\/noticias-oposiciones\/ayuntamiento-de-redondela-convocatoria-de-proceso-selectivo-para-la-formacion-de-bolsas-de-empleo-temporal-de-conserje-de-pabellon-y-de-tecnico-de-gestion-a2\/","title":{"rendered":"Ayuntamiento de Redondela. Convocatoria de proceso selectivo para la formaci\u00f3n de Bolsas de Empleo temporal de Conserje de pabell\u00f3n y de T\u00e9cnico de Gesti\u00f3n A2."},"content":{"rendered":"<p>Se publica en el BOP de la Provincia de Pontevedra de hoy, d\u00eda 31 de agosto de 2026, el Anuncio de la convocatoria para la formaci\u00f3n de Bolsas de Empleo de car\u00e1cter temporal de distintas plazas en el Ayuntamiento de Redondela que vemos a continuaci\u00f3n:<\/p>\n<p>Bolsa de Trabajo con car\u00e1cter temporal de Conserje de Pabell\u00f3n por el sistema selectivo de concurso-oposici\u00f3n en turno libre.<\/p>\n<p>Bolsa de Trabajo con car\u00e1cter temporal de T\u00e9cnico de Gesti\u00f3n A2 por oposici\u00f3n en turno libre.<\/p>\n<p>El plazo para presentar instancias y participar en ambas convocatorias es de 10 d\u00edas h\u00e1biles a contar a partir del d\u00eda siguiente al de esta publicaci\u00f3n en el BOPPO y por tanto el plazo permanecer\u00e1 abierto hasta el d\u00eda 14\/09\/2026.<\/p>\n<p>Las bases regidoras de estas convocatorias se publicar\u00e1n en el Tabl\u00f3n de Anuncios del Ayuntamiento de Redondela y podr\u00e1s consultarlas desde este <a href=\"https:\/\/redondela.sedelectronica.gal\/board\/9753e838-f59b-11de-b600-00237da12c6a\/\" target=\"_blank\" rel=\"noopener\"><strong>enlace.\u00a0<\/strong><\/a><\/p>\n<p>Las bases regidoras de la convocatoria de Bolsa de Empleo de Conserje de Pabell\u00f3n ya se pueden consultar desde este<a href=\"https:\/\/redondela.sedelectronica.gal\/preview-document\/99af60ac-c3b5-4c06-92a0-3096f37b307c\/\" target=\"_blank\" rel=\"noopener\"><strong> enlace.\u00a0<\/strong><\/a><\/p>\n<p>Accede a la publicaci\u00f3n referente a esta convocatoria realizada en el BOPPO desde este<a href=\"https:\/\/boppo.depo.gal\/web\/boppo\/detalle\/-\/boppo\/2026\/08\/31\/2026064727\" target=\"_blank\" rel=\"noopener\"><strong> enlace.\u00a0<\/strong><\/a><\/p>\n<p>Prep\u00e1rate en nuestros <a href=\"https:\/\/www.emplea-te.com\/70\/oposiciones-de-ayuntamientos-de-galicia\" target=\"_blank\" rel=\"noopener\"><strong>grupos presenciales y online.\u00a0<\/strong><\/a><\/p>\n","protected":false},"excerpt":{"rendered":"<p>Se publica en el BOP de la Provincia de Pontevedra de hoy, d\u00eda 31 de agosto de 2026, el Anuncio de la convocatoria para la formaci\u00f3n de Bolsas de Empleo de car\u00e1cter temporal de distintas plazas en el Ayuntamiento de Redondela que vemos a continuaci\u00f3n: Bolsa de Trabajo con car\u00e1cter temporal de Conserje de Pabell\u00f3n &hellip; <a href=\"https:\/\/www.emplea-te.com\/noticias-oposiciones\/ayuntamiento-de-redondela-convocatoria-de-proceso-selectivo-para-la-formacion-de-bolsas-de-empleo-temporal-de-conserje-de-pabellon-y-de-tecnico-de-gestion-a2\/\" class=\"more-link\">Continuar leyendo<span class=\"screen-reader-text\"> \u00abAyuntamiento de Redondela. Convocatoria de proceso selectivo para la formaci\u00f3n de Bolsas de Empleo temporal de Conserje de pabell\u00f3n y de T\u00e9cnico de Gesti\u00f3n A2.\u00bb<\/span><\/a><\/p>\n","protected":false},"author":1,"featured_media":0,"comment_status":"closed","ping_status":"closed","sticky":false,"template":"","format":"standard","meta":{"footnotes":""},"categories":[37,56],"tags":[82,123,49,103],"class_list":["post-19267","post","type-post","status-publish","format-standard","hentry","category-convocatorias-ayuntamientos","category-oposiciones-autonomicas-galicia","tag-acceso-libre","tag-bases-especificas-convocatoria","tag-convocatorias-de-oposiciones","tag-informacion-procesos-selectivos"],"yoast_head":"<!-- This site is optimized with the Yoast SEO plugin v27.6 - https:\/\/yoast.com\/product\/yoast-seo-wordpress\/ -->\n<title>Ayuntamiento de Redondela. Convocatoria. Proceso selectivo<\/title>\n<meta name=\"description\" content=\"Ayuntamiento de Redondela. Convocatoria de proceso selectivo para la formaci\u00f3n de Bolsas de Empleo temporal distintas categor\u00edas.\" \/>\n<meta name=\"robots\" content=\"index, follow, max-snippet:-1, max-image-preview:large, max-video-preview:-1\" \/>\n<link rel=\"canonical\" href=\"https:\/\/www.emplea-te.com\/noticias-oposiciones\/ayuntamiento-de-redondela-convocatoria-de-proceso-selectivo-para-la-formacion-de-bolsas-de-empleo-temporal-de-conserje-de-pabellon-y-de-tecnico-de-gestion-a2\/\" \/>\n<meta property=\"og:locale\" content=\"es_ES\" \/>\n<meta property=\"og:type\" content=\"article\" \/>\n<meta property=\"og:title\" content=\"Ayuntamiento de Redondela. Convocatoria. Proceso selectivo\" \/>\n<meta property=\"og:description\" content=\"Ayuntamiento de Redondela. Convocatoria de proceso selectivo para la formaci\u00f3n de Bolsas de Empleo temporal distintas categor\u00edas.\" \/>\n<meta property=\"og:url\" content=\"https:\/\/www.emplea-te.com\/noticias-oposiciones\/ayuntamiento-de-redondela-convocatoria-de-proceso-selectivo-para-la-formacion-de-bolsas-de-empleo-temporal-de-conserje-de-pabellon-y-de-tecnico-de-gestion-a2\/\" \/>\n<meta property=\"og:site_name\" content=\"Noticas de oposiciones por Academia Emplea-te\" \/>\n<meta property=\"article:publisher\" content=\"https:\/\/www.facebook.com\/AcademiaEmpleate\/\" \/>\n<meta property=\"article:published_time\" content=\"2026-08-31T07:52:00+00:00\" \/>\n<meta name=\"author\" content=\"Empleate\" \/>\n<meta name=\"twitter:card\" content=\"summary_large_image\" \/>\n<meta name=\"twitter:creator\" content=\"@Emplea_Te\" \/>\n<meta name=\"twitter:site\" content=\"@Emplea_Te\" \/>\n<meta name=\"twitter:label1\" content=\"Escrito por\" \/>\n\t<meta name=\"twitter:data1\" content=\"Empleate\" \/>\n\t<meta name=\"twitter:label2\" content=\"Tiempo de lectura\" \/>\n\t<meta name=\"twitter:data2\" content=\"1 minuto\" \/>\n<script type=\"application\/ld+json\" class=\"yoast-schema-graph\">{\"@context\":\"https:\\\/\\\/schema.org\",\"@graph\":[{\"@type\":\"Article\",\"@id\":\"https:\\\/\\\/www.emplea-te.com\\\/noticias-oposiciones\\\/ayuntamiento-de-redondela-convocatoria-de-proceso-selectivo-para-la-formacion-de-bolsas-de-empleo-temporal-de-conserje-de-pabellon-y-de-tecnico-de-gestion-a2\\\/#article\",\"isPartOf\":{\"@id\":\"https:\\\/\\\/www.emplea-te.com\\\/noticias-oposiciones\\\/ayuntamiento-de-redondela-convocatoria-de-proceso-selectivo-para-la-formacion-de-bolsas-de-empleo-temporal-de-conserje-de-pabellon-y-de-tecnico-de-gestion-a2\\\/\"},\"author\":{\"name\":\"Empleate\",\"@id\":\"https:\\\/\\\/www.emplea-te.com\\\/noticias-oposiciones\\\/#\\\/schema\\\/person\\\/d1bc587e1af2b95e9c32aba1795509a6\"},\"headline\":\"Ayuntamiento de Redondela. Convocatoria de proceso selectivo para la formaci\u00f3n de Bolsas de Empleo temporal de Conserje de pabell\u00f3n y de T\u00e9cnico de Gesti\u00f3n A2.\",\"datePublished\":\"2026-08-31T07:52:00+00:00\",\"mainEntityOfPage\":{\"@id\":\"https:\\\/\\\/www.emplea-te.com\\\/noticias-oposiciones\\\/ayuntamiento-de-redondela-convocatoria-de-proceso-selectivo-para-la-formacion-de-bolsas-de-empleo-temporal-de-conserje-de-pabellon-y-de-tecnico-de-gestion-a2\\\/\"},\"wordCount\":233,\"publisher\":{\"@id\":\"https:\\\/\\\/www.emplea-te.com\\\/noticias-oposiciones\\\/#organization\"},\"keywords\":[\"Acceso libre\",\"Bases espec\u00edficas convocatoria\",\"Convocatoria\",\"Informaci\u00f3n procesos selectivos\"],\"articleSection\":[\"Convocatorias Ayuntamientos\",\"Oposiciones Auton\u00f3micas Galicia\"],\"inLanguage\":\"es\"},{\"@type\":\"WebPage\",\"@id\":\"https:\\\/\\\/www.emplea-te.com\\\/noticias-oposiciones\\\/ayuntamiento-de-redondela-convocatoria-de-proceso-selectivo-para-la-formacion-de-bolsas-de-empleo-temporal-de-conserje-de-pabellon-y-de-tecnico-de-gestion-a2\\\/\",\"url\":\"https:\\\/\\\/www.emplea-te.com\\\/noticias-oposiciones\\\/ayuntamiento-de-redondela-convocatoria-de-proceso-selectivo-para-la-formacion-de-bolsas-de-empleo-temporal-de-conserje-de-pabellon-y-de-tecnico-de-gestion-a2\\\/\",\"name\":\"Ayuntamiento de Redondela. Convocatoria. Proceso selectivo\",\"isPartOf\":{\"@id\":\"https:\\\/\\\/www.emplea-te.com\\\/noticias-oposiciones\\\/#website\"},\"datePublished\":\"2026-08-31T07:52:00+00:00\",\"description\":\"Ayuntamiento de Redondela. Convocatoria de proceso selectivo para la formaci\u00f3n de Bolsas de Empleo temporal distintas categor\u00edas.\",\"breadcrumb\":{\"@id\":\"https:\\\/\\\/www.emplea-te.com\\\/noticias-oposiciones\\\/ayuntamiento-de-redondela-convocatoria-de-proceso-selectivo-para-la-formacion-de-bolsas-de-empleo-temporal-de-conserje-de-pabellon-y-de-tecnico-de-gestion-a2\\\/#breadcrumb\"},\"inLanguage\":\"es\",\"potentialAction\":[{\"@type\":\"ReadAction\",\"target\":[\"https:\\\/\\\/www.emplea-te.com\\\/noticias-oposiciones\\\/ayuntamiento-de-redondela-convocatoria-de-proceso-selectivo-para-la-formacion-de-bolsas-de-empleo-temporal-de-conserje-de-pabellon-y-de-tecnico-de-gestion-a2\\\/\"]}]},{\"@type\":\"BreadcrumbList\",\"@id\":\"https:\\\/\\\/www.emplea-te.com\\\/noticias-oposiciones\\\/ayuntamiento-de-redondela-convocatoria-de-proceso-selectivo-para-la-formacion-de-bolsas-de-empleo-temporal-de-conserje-de-pabellon-y-de-tecnico-de-gestion-a2\\\/#breadcrumb\",\"itemListElement\":[{\"@type\":\"ListItem\",\"position\":1,\"name\":\"Noticias Oposiciones\",\"item\":\"https:\\\/\\\/www.emplea-te.com\\\/noticias-oposiciones\\\/\"},{\"@type\":\"ListItem\",\"position\":2,\"name\":\"Oposiciones Auton\u00f3micas Galicia\",\"item\":\"https:\\\/\\\/www.emplea-te.com\\\/noticias-oposiciones\\\/categoria\\\/oposiciones-autonomicas-galicia\\\/\"},{\"@type\":\"ListItem\",\"position\":3,\"name\":\"Ayuntamiento de Redondela. Convocatoria de proceso selectivo para la formaci\u00f3n de Bolsas de Empleo temporal de Conserje de pabell\u00f3n y de T\u00e9cnico de Gesti\u00f3n A2.\"}]},{\"@type\":\"WebSite\",\"@id\":\"https:\\\/\\\/www.emplea-te.com\\\/noticias-oposiciones\\\/#website\",\"url\":\"https:\\\/\\\/www.emplea-te.com\\\/noticias-oposiciones\\\/\",\"name\":\"Noticas de oposiciones por Academia Emplea-te\",\"description\":\"Toda la actualidad de las ofertas y convocatorias.\",\"publisher\":{\"@id\":\"https:\\\/\\\/www.emplea-te.com\\\/noticias-oposiciones\\\/#organization\"},\"potentialAction\":[{\"@type\":\"SearchAction\",\"target\":{\"@type\":\"EntryPoint\",\"urlTemplate\":\"https:\\\/\\\/www.emplea-te.com\\\/noticias-oposiciones\\\/?s={search_term_string}\"},\"query-input\":{\"@type\":\"PropertyValueSpecification\",\"valueRequired\":true,\"valueName\":\"search_term_string\"}}],\"inLanguage\":\"es\"},{\"@type\":\"Organization\",\"@id\":\"https:\\\/\\\/www.emplea-te.com\\\/noticias-oposiciones\\\/#organization\",\"name\":\"Academia de oposiciones Empl\u00e9ate\",\"url\":\"https:\\\/\\\/www.emplea-te.com\\\/noticias-oposiciones\\\/\",\"logo\":{\"@type\":\"ImageObject\",\"inLanguage\":\"es\",\"@id\":\"https:\\\/\\\/www.emplea-te.com\\\/noticias-oposiciones\\\/#\\\/schema\\\/logo\\\/image\\\/\",\"url\":\"https:\\\/\\\/www.emplea-te.com\\\/noticias-oposiciones\\\/wp-content\\\/uploads\\\/2019\\\/04\\\/empleate.jpg\",\"contentUrl\":\"https:\\\/\\\/www.emplea-te.com\\\/noticias-oposiciones\\\/wp-content\\\/uploads\\\/2019\\\/04\\\/empleate.jpg\",\"width\":250,\"height\":150,\"caption\":\"Academia de oposiciones Empl\u00e9ate\"},\"image\":{\"@id\":\"https:\\\/\\\/www.emplea-te.com\\\/noticias-oposiciones\\\/#\\\/schema\\\/logo\\\/image\\\/\"},\"sameAs\":[\"https:\\\/\\\/www.facebook.com\\\/AcademiaEmpleate\\\/\",\"https:\\\/\\\/x.com\\\/Emplea_Te\",\"https:\\\/\\\/www.instagram.com\\\/academia_empleate\\\/\"]},{\"@type\":\"Person\",\"@id\":\"https:\\\/\\\/www.emplea-te.com\\\/noticias-oposiciones\\\/#\\\/schema\\\/person\\\/d1bc587e1af2b95e9c32aba1795509a6\",\"name\":\"Empleate\"}]}<\/script>\n<!-- \/ Yoast SEO plugin. -->","yoast_head_json":{"title":"Ayuntamiento de Redondela. Convocatoria. Proceso selectivo","description":"Ayuntamiento de Redondela. Convocatoria de proceso selectivo para la formaci\u00f3n de Bolsas de Empleo temporal distintas categor\u00edas.","robots":{"index":"index","follow":"follow","max-snippet":"max-snippet:-1","max-image-preview":"max-image-preview:large","max-video-preview":"max-video-preview:-1"},"canonical":"https:\/\/www.emplea-te.com\/noticias-oposiciones\/ayuntamiento-de-redondela-convocatoria-de-proceso-selectivo-para-la-formacion-de-bolsas-de-empleo-temporal-de-conserje-de-pabellon-y-de-tecnico-de-gestion-a2\/","og_locale":"es_ES","og_type":"article","og_title":"Ayuntamiento de Redondela. Convocatoria. Proceso selectivo","og_description":"Ayuntamiento de Redondela. Convocatoria de proceso selectivo para la formaci\u00f3n de Bolsas de Empleo temporal distintas categor\u00edas.","og_url":"https:\/\/www.emplea-te.com\/noticias-oposiciones\/ayuntamiento-de-redondela-convocatoria-de-proceso-selectivo-para-la-formacion-de-bolsas-de-empleo-temporal-de-conserje-de-pabellon-y-de-tecnico-de-gestion-a2\/","og_site_name":"Noticas de oposiciones por Academia Emplea-te","article_publisher":"https:\/\/www.facebook.com\/AcademiaEmpleate\/","article_published_time":"2026-08-31T07:52:00+00:00","author":"Empleate","twitter_card":"summary_large_image","twitter_creator":"@Emplea_Te","twitter_site":"@Emplea_Te","twitter_misc":{"Escrito por":"Empleate","Tiempo de lectura":"1 minuto"},"schema":{"@context":"https:\/\/schema.org","@graph":[{"@type":"Article","@id":"https:\/\/www.emplea-te.com\/noticias-oposiciones\/ayuntamiento-de-redondela-convocatoria-de-proceso-selectivo-para-la-formacion-de-bolsas-de-empleo-temporal-de-conserje-de-pabellon-y-de-tecnico-de-gestion-a2\/#article","isPartOf":{"@id":"https:\/\/www.emplea-te.com\/noticias-oposiciones\/ayuntamiento-de-redondela-convocatoria-de-proceso-selectivo-para-la-formacion-de-bolsas-de-empleo-temporal-de-conserje-de-pabellon-y-de-tecnico-de-gestion-a2\/"},"author":{"name":"Empleate","@id":"https:\/\/www.emplea-te.com\/noticias-oposiciones\/#\/schema\/person\/d1bc587e1af2b95e9c32aba1795509a6"},"headline":"Ayuntamiento de Redondela. Convocatoria de proceso selectivo para la formaci\u00f3n de Bolsas de Empleo temporal de Conserje de pabell\u00f3n y de T\u00e9cnico de Gesti\u00f3n A2.","datePublished":"2026-08-31T07:52:00+00:00","mainEntityOfPage":{"@id":"https:\/\/www.emplea-te.com\/noticias-oposiciones\/ayuntamiento-de-redondela-convocatoria-de-proceso-selectivo-para-la-formacion-de-bolsas-de-empleo-temporal-de-conserje-de-pabellon-y-de-tecnico-de-gestion-a2\/"},"wordCount":233,"publisher":{"@id":"https:\/\/www.emplea-te.com\/noticias-oposiciones\/#organization"},"keywords":["Acceso libre","Bases espec\u00edficas convocatoria","Convocatoria","Informaci\u00f3n procesos selectivos"],"articleSection":["Convocatorias Ayuntamientos","Oposiciones Auton\u00f3micas Galicia"],"inLanguage":"es"},{"@type":"WebPage","@id":"https:\/\/www.emplea-te.com\/noticias-oposiciones\/ayuntamiento-de-redondela-convocatoria-de-proceso-selectivo-para-la-formacion-de-bolsas-de-empleo-temporal-de-conserje-de-pabellon-y-de-tecnico-de-gestion-a2\/","url":"https:\/\/www.emplea-te.com\/noticias-oposiciones\/ayuntamiento-de-redondela-convocatoria-de-proceso-selectivo-para-la-formacion-de-bolsas-de-empleo-temporal-de-conserje-de-pabellon-y-de-tecnico-de-gestion-a2\/","name":"Ayuntamiento de Redondela. Convocatoria. Proceso selectivo","isPartOf":{"@id":"https:\/\/www.emplea-te.com\/noticias-oposiciones\/#website"},"datePublished":"2026-08-31T07:52:00+00:00","description":"Ayuntamiento de Redondela. Convocatoria de proceso selectivo para la formaci\u00f3n de Bolsas de Empleo temporal distintas categor\u00edas.","breadcrumb":{"@id":"https:\/\/www.emplea-te.com\/noticias-oposiciones\/ayuntamiento-de-redondela-convocatoria-de-proceso-selectivo-para-la-formacion-de-bolsas-de-empleo-temporal-de-conserje-de-pabellon-y-de-tecnico-de-gestion-a2\/#breadcrumb"},"inLanguage":"es","potentialAction":[{"@type":"ReadAction","target":["https:\/\/www.emplea-te.com\/noticias-oposiciones\/ayuntamiento-de-redondela-convocatoria-de-proceso-selectivo-para-la-formacion-de-bolsas-de-empleo-temporal-de-conserje-de-pabellon-y-de-tecnico-de-gestion-a2\/"]}]},{"@type":"BreadcrumbList","@id":"https:\/\/www.emplea-te.com\/noticias-oposiciones\/ayuntamiento-de-redondela-convocatoria-de-proceso-selectivo-para-la-formacion-de-bolsas-de-empleo-temporal-de-conserje-de-pabellon-y-de-tecnico-de-gestion-a2\/#breadcrumb","itemListElement":[{"@type":"ListItem","position":1,"name":"Noticias Oposiciones","item":"https:\/\/www.emplea-te.com\/noticias-oposiciones\/"},{"@type":"ListItem","position":2,"name":"Oposiciones Auton\u00f3micas Galicia","item":"https:\/\/www.emplea-te.com\/noticias-oposiciones\/categoria\/oposiciones-autonomicas-galicia\/"},{"@type":"ListItem","position":3,"name":"Ayuntamiento de Redondela. Convocatoria de proceso selectivo para la formaci\u00f3n de Bolsas de Empleo temporal de Conserje de pabell\u00f3n y de T\u00e9cnico de Gesti\u00f3n A2."}]},{"@type":"WebSite","@id":"https:\/\/www.emplea-te.com\/noticias-oposiciones\/#website","url":"https:\/\/www.emplea-te.com\/noticias-oposiciones\/","name":"Noticas de oposiciones por Academia Emplea-te","description":"Toda la actualidad de las ofertas y convocatorias.","publisher":{"@id":"https:\/\/www.emplea-te.com\/noticias-oposiciones\/#organization"},"potentialAction":[{"@type":"SearchAction","target":{"@type":"EntryPoint","urlTemplate":"https:\/\/www.emplea-te.com\/noticias-oposiciones\/?s={search_term_string}"},"query-input":{"@type":"PropertyValueSpecification","valueRequired":true,"valueName":"search_term_string"}}],"inLanguage":"es"},{"@type":"Organization","@id":"https:\/\/www.emplea-te.com\/noticias-oposiciones\/#organization","name":"Academia de oposiciones Empl\u00e9ate","url":"https:\/\/www.emplea-te.com\/noticias-oposiciones\/","logo":{"@type":"ImageObject","inLanguage":"es","@id":"https:\/\/www.emplea-te.com\/noticias-oposiciones\/#\/schema\/logo\/image\/","url":"https:\/\/www.emplea-te.com\/noticias-oposiciones\/wp-content\/uploads\/2019\/04\/empleate.jpg","contentUrl":"https:\/\/www.emplea-te.com\/noticias-oposiciones\/wp-content\/uploads\/2019\/04\/empleate.jpg","width":250,"height":150,"caption":"Academia de oposiciones Empl\u00e9ate"},"image":{"@id":"https:\/\/www.emplea-te.com\/noticias-oposiciones\/#\/schema\/logo\/image\/"},"sameAs":["https:\/\/www.facebook.com\/AcademiaEmpleate\/","https:\/\/x.com\/Emplea_Te","https:\/\/www.instagram.com\/academia_empleate\/"]},{"@type":"Person","@id":"https:\/\/www.emplea-te.com\/noticias-oposiciones\/#\/schema\/person\/d1bc587e1af2b95e9c32aba1795509a6","name":"Empleate"}]}},"_links":{"self":[{"href":"https:\/\/www.emplea-te.com\/noticias-oposiciones\/wp-json\/wp\/v2\/posts\/19267","targetHints":{"allow":["GET"]}}],"collection":[{"href":"https:\/\/www.emplea-te.com\/noticias-oposiciones\/wp-json\/wp\/v2\/posts"}],"about":[{"href":"https:\/\/www.emplea-te.com\/noticias-oposiciones\/wp-json\/wp\/v2\/types\/post"}],"author":[{"embeddable":true,"href":"https:\/\/www.emplea-te.com\/noticias-oposiciones\/wp-json\/wp\/v2\/users\/1"}],"replies":[{"embeddable":true,"href":"https:\/\/www.emplea-te.com\/noticias-oposiciones\/wp-json\/wp\/v2\/comments?post=19267"}],"version-history":[{"count":1,"href":"https:\/\/www.emplea-te.com\/noticias-oposiciones\/wp-json\/wp\/v2\/posts\/19267\/revisions"}],"predecessor-version":[{"id":19268,"href":"https:\/\/www.emplea-te.com\/noticias-oposiciones\/wp-json\/wp\/v2\/posts\/19267\/revisions\/19268"}],"wp:attachment":[{"href":"https:\/\/www.emplea-te.com\/noticias-oposiciones\/wp-json\/wp\/v2\/media?parent=19267"}],"wp:term":[{"taxonomy":"category","embeddable":true,"href":"https:\/\/www.emplea-te.com\/noticias-oposiciones\/wp-json\/wp\/v2\/categories?post=19267"},{"taxonomy":"post_tag","embeddable":true,"href":"https:\/\/www.emplea-te.com\/noticias-oposiciones\/wp-json\/wp\/v2\/tags?post=19267"}],"curies":[{"name":"wp","href":"https:\/\/api.w.org\/{rel}","templated":true}]}}