{"id":19280,"date":"2026-09-01T10:30:27","date_gmt":"2026-09-01T08:30:27","guid":{"rendered":"https:\/\/www.emplea-te.com\/noticias-oposiciones\/?p=19280"},"modified":"2026-09-01T10:30:27","modified_gmt":"2026-09-01T08:30:27","slug":"universidad-politecnica-de-madrid-aprobada-la-oferta-de-empleo-publico-2026-de-personal-tecnico-de-gestion-de-administracion-y-servicios","status":"publish","type":"post","link":"https:\/\/www.emplea-te.com\/noticias-oposiciones\/universidad-politecnica-de-madrid-aprobada-la-oferta-de-empleo-publico-2026-de-personal-tecnico-de-gestion-de-administracion-y-servicios\/","title":{"rendered":"Universidad Polit\u00e9cnica de Madrid. Aprobada la Oferta de Empleo P\u00fablico 2026 de Personal t\u00e9cnico de gesti\u00f3n de administraci\u00f3n y servicios."},"content":{"rendered":"<p>Se publica en el BOCM de hoy, d\u00eda 1 de septiembre de 2026, la Resoluci\u00f3n de 28 de julio de2026,delaUniversidad Polit\u00e9cnica de Madrid, por la que se aprueba la Oferta de Empleo P\u00fablico para el ejercicio 2026.<\/p>\n<p>De entre las plazas que resultan ofertadas y que puedes preparar en nuestros<a href=\"https:\/\/academiamadrid.emplea-te.com\/category\/oposiciones-universidades\/\" target=\"_blank\" rel=\"noopener\"><strong> grupos presenciales y online<\/strong><\/a> destacamos las siguientes:<\/p>\n<p>Plazas para Personal T\u00e9cnico, de Gesti\u00f3n y de Administraci\u00f3n y Servicios:<br \/>\n\u2014 Personal funcionario: 56 plazas.<br \/>\n\u2014 Personal laboral: 69 plazas.<\/p>\n<p>Por el momento no se ha publicado el desglose de plazas por categor\u00edas.<\/p>\n<p>Accede a la consulta de la OEP 2026 de la Universidad Polit\u00e9cnica de Madrid desde este <a href=\"https:\/\/www.bocm.es\/boletin\/CM_Orden_BOCM\/2026\/09\/01\/BOCM-20260901-11.PDF\" target=\"_blank\" rel=\"noopener\"><strong>enlace.\u00a0<\/strong><\/a><\/p>\n<p>&nbsp;<\/p>\n<p>&nbsp;<\/p>\n<p>&nbsp;<\/p>\n<p>&nbsp;<\/p>\n<p>&nbsp;<\/p>\n<p>&nbsp;<\/p>\n<p>&nbsp;<\/p>\n<p>&nbsp;<\/p>\n<p>&nbsp;<\/p>\n<p>&nbsp;<\/p>\n<p>&nbsp;<\/p>\n","protected":false},"excerpt":{"rendered":"<p>Se publica en el BOCM de hoy, d\u00eda 1 de septiembre de 2026, la Resoluci\u00f3n de 28 de julio de2026,delaUniversidad Polit\u00e9cnica de Madrid, por la que se aprueba la Oferta de Empleo P\u00fablico para el ejercicio 2026. De entre las plazas que resultan ofertadas y que puedes preparar en nuestros grupos presenciales y online destacamos &hellip; <a href=\"https:\/\/www.emplea-te.com\/noticias-oposiciones\/universidad-politecnica-de-madrid-aprobada-la-oferta-de-empleo-publico-2026-de-personal-tecnico-de-gestion-de-administracion-y-servicios\/\" class=\"more-link\">Continuar leyendo<span class=\"screen-reader-text\"> \u00abUniversidad Polit\u00e9cnica de Madrid. Aprobada la Oferta de Empleo P\u00fablico 2026 de Personal t\u00e9cnico de gesti\u00f3n de administraci\u00f3n y servicios.\u00bb<\/span><\/a><\/p>\n","protected":false},"author":1,"featured_media":0,"comment_status":"closed","ping_status":"closed","sticky":false,"template":"","format":"standard","meta":{"footnotes":""},"categories":[109,110],"tags":[103,147,84],"class_list":["post-19280","post","type-post","status-publish","format-standard","hentry","category-oposiciones-madrid","category-p-a-s-universidades-madrid","tag-informacion-procesos-selectivos","tag-oep-2026","tag-oferta-de-empleo-publico"],"yoast_head":"<!-- This site is optimized with the Yoast SEO plugin v27.6 - https:\/\/yoast.com\/product\/yoast-seo-wordpress\/ -->\n<title>Universidad Polit\u00e9cnica de Madrid. Oferta de Empleo P\u00fablico 2026<\/title>\n<meta name=\"description\" content=\"Universidad Polit\u00e9cnica de Madrid. Aprobada la Oferta de Empleo P\u00fablico 2026 de Personal t\u00e9cnico de gesti\u00f3n de administraci\u00f3n y servicios.\" \/>\n<meta name=\"robots\" content=\"index, follow, max-snippet:-1, max-image-preview:large, max-video-preview:-1\" \/>\n<link rel=\"canonical\" href=\"https:\/\/www.emplea-te.com\/noticias-oposiciones\/universidad-politecnica-de-madrid-aprobada-la-oferta-de-empleo-publico-2026-de-personal-tecnico-de-gestion-de-administracion-y-servicios\/\" \/>\n<meta property=\"og:locale\" content=\"es_ES\" \/>\n<meta property=\"og:type\" content=\"article\" \/>\n<meta property=\"og:title\" content=\"Universidad Polit\u00e9cnica de Madrid. Oferta de Empleo P\u00fablico 2026\" \/>\n<meta property=\"og:description\" content=\"Universidad Polit\u00e9cnica de Madrid. Aprobada la Oferta de Empleo P\u00fablico 2026 de Personal t\u00e9cnico de gesti\u00f3n de administraci\u00f3n y servicios.\" \/>\n<meta property=\"og:url\" content=\"https:\/\/www.emplea-te.com\/noticias-oposiciones\/universidad-politecnica-de-madrid-aprobada-la-oferta-de-empleo-publico-2026-de-personal-tecnico-de-gestion-de-administracion-y-servicios\/\" \/>\n<meta property=\"og:site_name\" content=\"Noticas de oposiciones por Academia Emplea-te\" \/>\n<meta property=\"article:publisher\" content=\"https:\/\/www.facebook.com\/AcademiaEmpleate\/\" \/>\n<meta property=\"article:published_time\" content=\"2026-09-01T08:30:27+00:00\" \/>\n<meta name=\"author\" content=\"Empleate\" \/>\n<meta name=\"twitter:card\" content=\"summary_large_image\" \/>\n<meta name=\"twitter:creator\" content=\"@Emplea_Te\" \/>\n<meta name=\"twitter:site\" content=\"@Emplea_Te\" \/>\n<meta name=\"twitter:label1\" content=\"Escrito por\" \/>\n\t<meta name=\"twitter:data1\" content=\"Empleate\" \/>\n\t<meta name=\"twitter:label2\" content=\"Tiempo de lectura\" \/>\n\t<meta name=\"twitter:data2\" content=\"1 minuto\" \/>\n<script type=\"application\/ld+json\" class=\"yoast-schema-graph\">{\"@context\":\"https:\\\/\\\/schema.org\",\"@graph\":[{\"@type\":\"Article\",\"@id\":\"https:\\\/\\\/www.emplea-te.com\\\/noticias-oposiciones\\\/universidad-politecnica-de-madrid-aprobada-la-oferta-de-empleo-publico-2026-de-personal-tecnico-de-gestion-de-administracion-y-servicios\\\/#article\",\"isPartOf\":{\"@id\":\"https:\\\/\\\/www.emplea-te.com\\\/noticias-oposiciones\\\/universidad-politecnica-de-madrid-aprobada-la-oferta-de-empleo-publico-2026-de-personal-tecnico-de-gestion-de-administracion-y-servicios\\\/\"},\"author\":{\"name\":\"Empleate\",\"@id\":\"https:\\\/\\\/www.emplea-te.com\\\/noticias-oposiciones\\\/#\\\/schema\\\/person\\\/d1bc587e1af2b95e9c32aba1795509a6\"},\"headline\":\"Universidad Polit\u00e9cnica de Madrid. Aprobada la Oferta de Empleo P\u00fablico 2026 de Personal t\u00e9cnico de gesti\u00f3n de administraci\u00f3n y servicios.\",\"datePublished\":\"2026-09-01T08:30:27+00:00\",\"mainEntityOfPage\":{\"@id\":\"https:\\\/\\\/www.emplea-te.com\\\/noticias-oposiciones\\\/universidad-politecnica-de-madrid-aprobada-la-oferta-de-empleo-publico-2026-de-personal-tecnico-de-gestion-de-administracion-y-servicios\\\/\"},\"wordCount\":144,\"publisher\":{\"@id\":\"https:\\\/\\\/www.emplea-te.com\\\/noticias-oposiciones\\\/#organization\"},\"keywords\":[\"Informaci\u00f3n procesos selectivos\",\"OEP 2026\",\"Oferta de Empleo P\u00fablico\"],\"articleSection\":[\"Oposiciones Madrid.\",\"P.A.S Universidades Madrid\"],\"inLanguage\":\"es\"},{\"@type\":\"WebPage\",\"@id\":\"https:\\\/\\\/www.emplea-te.com\\\/noticias-oposiciones\\\/universidad-politecnica-de-madrid-aprobada-la-oferta-de-empleo-publico-2026-de-personal-tecnico-de-gestion-de-administracion-y-servicios\\\/\",\"url\":\"https:\\\/\\\/www.emplea-te.com\\\/noticias-oposiciones\\\/universidad-politecnica-de-madrid-aprobada-la-oferta-de-empleo-publico-2026-de-personal-tecnico-de-gestion-de-administracion-y-servicios\\\/\",\"name\":\"Universidad Polit\u00e9cnica de Madrid. Oferta de Empleo P\u00fablico 2026\",\"isPartOf\":{\"@id\":\"https:\\\/\\\/www.emplea-te.com\\\/noticias-oposiciones\\\/#website\"},\"datePublished\":\"2026-09-01T08:30:27+00:00\",\"description\":\"Universidad Polit\u00e9cnica de Madrid. Aprobada la Oferta de Empleo P\u00fablico 2026 de Personal t\u00e9cnico de gesti\u00f3n de administraci\u00f3n y servicios.\",\"breadcrumb\":{\"@id\":\"https:\\\/\\\/www.emplea-te.com\\\/noticias-oposiciones\\\/universidad-politecnica-de-madrid-aprobada-la-oferta-de-empleo-publico-2026-de-personal-tecnico-de-gestion-de-administracion-y-servicios\\\/#breadcrumb\"},\"inLanguage\":\"es\",\"potentialAction\":[{\"@type\":\"ReadAction\",\"target\":[\"https:\\\/\\\/www.emplea-te.com\\\/noticias-oposiciones\\\/universidad-politecnica-de-madrid-aprobada-la-oferta-de-empleo-publico-2026-de-personal-tecnico-de-gestion-de-administracion-y-servicios\\\/\"]}]},{\"@type\":\"BreadcrumbList\",\"@id\":\"https:\\\/\\\/www.emplea-te.com\\\/noticias-oposiciones\\\/universidad-politecnica-de-madrid-aprobada-la-oferta-de-empleo-publico-2026-de-personal-tecnico-de-gestion-de-administracion-y-servicios\\\/#breadcrumb\",\"itemListElement\":[{\"@type\":\"ListItem\",\"position\":1,\"name\":\"Noticias Oposiciones\",\"item\":\"https:\\\/\\\/www.emplea-te.com\\\/noticias-oposiciones\\\/\"},{\"@type\":\"ListItem\",\"position\":2,\"name\":\"Oposiciones Madrid.\",\"item\":\"https:\\\/\\\/www.emplea-te.com\\\/noticias-oposiciones\\\/categoria\\\/oposiciones-madrid\\\/\"},{\"@type\":\"ListItem\",\"position\":3,\"name\":\"Universidad Polit\u00e9cnica de Madrid. Aprobada la Oferta de Empleo P\u00fablico 2026 de Personal t\u00e9cnico de gesti\u00f3n de administraci\u00f3n y servicios.\"}]},{\"@type\":\"WebSite\",\"@id\":\"https:\\\/\\\/www.emplea-te.com\\\/noticias-oposiciones\\\/#website\",\"url\":\"https:\\\/\\\/www.emplea-te.com\\\/noticias-oposiciones\\\/\",\"name\":\"Noticas de oposiciones por Academia Emplea-te\",\"description\":\"Toda la actualidad de las ofertas y convocatorias.\",\"publisher\":{\"@id\":\"https:\\\/\\\/www.emplea-te.com\\\/noticias-oposiciones\\\/#organization\"},\"potentialAction\":[{\"@type\":\"SearchAction\",\"target\":{\"@type\":\"EntryPoint\",\"urlTemplate\":\"https:\\\/\\\/www.emplea-te.com\\\/noticias-oposiciones\\\/?s={search_term_string}\"},\"query-input\":{\"@type\":\"PropertyValueSpecification\",\"valueRequired\":true,\"valueName\":\"search_term_string\"}}],\"inLanguage\":\"es\"},{\"@type\":\"Organization\",\"@id\":\"https:\\\/\\\/www.emplea-te.com\\\/noticias-oposiciones\\\/#organization\",\"name\":\"Academia de oposiciones Empl\u00e9ate\",\"url\":\"https:\\\/\\\/www.emplea-te.com\\\/noticias-oposiciones\\\/\",\"logo\":{\"@type\":\"ImageObject\",\"inLanguage\":\"es\",\"@id\":\"https:\\\/\\\/www.emplea-te.com\\\/noticias-oposiciones\\\/#\\\/schema\\\/logo\\\/image\\\/\",\"url\":\"https:\\\/\\\/www.emplea-te.com\\\/noticias-oposiciones\\\/wp-content\\\/uploads\\\/2019\\\/04\\\/empleate.jpg\",\"contentUrl\":\"https:\\\/\\\/www.emplea-te.com\\\/noticias-oposiciones\\\/wp-content\\\/uploads\\\/2019\\\/04\\\/empleate.jpg\",\"width\":250,\"height\":150,\"caption\":\"Academia de oposiciones Empl\u00e9ate\"},\"image\":{\"@id\":\"https:\\\/\\\/www.emplea-te.com\\\/noticias-oposiciones\\\/#\\\/schema\\\/logo\\\/image\\\/\"},\"sameAs\":[\"https:\\\/\\\/www.facebook.com\\\/AcademiaEmpleate\\\/\",\"https:\\\/\\\/x.com\\\/Emplea_Te\",\"https:\\\/\\\/www.instagram.com\\\/academia_empleate\\\/\"]},{\"@type\":\"Person\",\"@id\":\"https:\\\/\\\/www.emplea-te.com\\\/noticias-oposiciones\\\/#\\\/schema\\\/person\\\/d1bc587e1af2b95e9c32aba1795509a6\",\"name\":\"Empleate\"}]}<\/script>\n<!-- \/ Yoast SEO plugin. -->","yoast_head_json":{"title":"Universidad Polit\u00e9cnica de Madrid. Oferta de Empleo P\u00fablico 2026","description":"Universidad Polit\u00e9cnica de Madrid. Aprobada la Oferta de Empleo P\u00fablico 2026 de Personal t\u00e9cnico de gesti\u00f3n de administraci\u00f3n y servicios.","robots":{"index":"index","follow":"follow","max-snippet":"max-snippet:-1","max-image-preview":"max-image-preview:large","max-video-preview":"max-video-preview:-1"},"canonical":"https:\/\/www.emplea-te.com\/noticias-oposiciones\/universidad-politecnica-de-madrid-aprobada-la-oferta-de-empleo-publico-2026-de-personal-tecnico-de-gestion-de-administracion-y-servicios\/","og_locale":"es_ES","og_type":"article","og_title":"Universidad Polit\u00e9cnica de Madrid. Oferta de Empleo P\u00fablico 2026","og_description":"Universidad Polit\u00e9cnica de Madrid. Aprobada la Oferta de Empleo P\u00fablico 2026 de Personal t\u00e9cnico de gesti\u00f3n de administraci\u00f3n y servicios.","og_url":"https:\/\/www.emplea-te.com\/noticias-oposiciones\/universidad-politecnica-de-madrid-aprobada-la-oferta-de-empleo-publico-2026-de-personal-tecnico-de-gestion-de-administracion-y-servicios\/","og_site_name":"Noticas de oposiciones por Academia Emplea-te","article_publisher":"https:\/\/www.facebook.com\/AcademiaEmpleate\/","article_published_time":"2026-09-01T08:30:27+00:00","author":"Empleate","twitter_card":"summary_large_image","twitter_creator":"@Emplea_Te","twitter_site":"@Emplea_Te","twitter_misc":{"Escrito por":"Empleate","Tiempo de lectura":"1 minuto"},"schema":{"@context":"https:\/\/schema.org","@graph":[{"@type":"Article","@id":"https:\/\/www.emplea-te.com\/noticias-oposiciones\/universidad-politecnica-de-madrid-aprobada-la-oferta-de-empleo-publico-2026-de-personal-tecnico-de-gestion-de-administracion-y-servicios\/#article","isPartOf":{"@id":"https:\/\/www.emplea-te.com\/noticias-oposiciones\/universidad-politecnica-de-madrid-aprobada-la-oferta-de-empleo-publico-2026-de-personal-tecnico-de-gestion-de-administracion-y-servicios\/"},"author":{"name":"Empleate","@id":"https:\/\/www.emplea-te.com\/noticias-oposiciones\/#\/schema\/person\/d1bc587e1af2b95e9c32aba1795509a6"},"headline":"Universidad Polit\u00e9cnica de Madrid. Aprobada la Oferta de Empleo P\u00fablico 2026 de Personal t\u00e9cnico de gesti\u00f3n de administraci\u00f3n y servicios.","datePublished":"2026-09-01T08:30:27+00:00","mainEntityOfPage":{"@id":"https:\/\/www.emplea-te.com\/noticias-oposiciones\/universidad-politecnica-de-madrid-aprobada-la-oferta-de-empleo-publico-2026-de-personal-tecnico-de-gestion-de-administracion-y-servicios\/"},"wordCount":144,"publisher":{"@id":"https:\/\/www.emplea-te.com\/noticias-oposiciones\/#organization"},"keywords":["Informaci\u00f3n procesos selectivos","OEP 2026","Oferta de Empleo P\u00fablico"],"articleSection":["Oposiciones Madrid.","P.A.S Universidades Madrid"],"inLanguage":"es"},{"@type":"WebPage","@id":"https:\/\/www.emplea-te.com\/noticias-oposiciones\/universidad-politecnica-de-madrid-aprobada-la-oferta-de-empleo-publico-2026-de-personal-tecnico-de-gestion-de-administracion-y-servicios\/","url":"https:\/\/www.emplea-te.com\/noticias-oposiciones\/universidad-politecnica-de-madrid-aprobada-la-oferta-de-empleo-publico-2026-de-personal-tecnico-de-gestion-de-administracion-y-servicios\/","name":"Universidad Polit\u00e9cnica de Madrid. Oferta de Empleo P\u00fablico 2026","isPartOf":{"@id":"https:\/\/www.emplea-te.com\/noticias-oposiciones\/#website"},"datePublished":"2026-09-01T08:30:27+00:00","description":"Universidad Polit\u00e9cnica de Madrid. Aprobada la Oferta de Empleo P\u00fablico 2026 de Personal t\u00e9cnico de gesti\u00f3n de administraci\u00f3n y servicios.","breadcrumb":{"@id":"https:\/\/www.emplea-te.com\/noticias-oposiciones\/universidad-politecnica-de-madrid-aprobada-la-oferta-de-empleo-publico-2026-de-personal-tecnico-de-gestion-de-administracion-y-servicios\/#breadcrumb"},"inLanguage":"es","potentialAction":[{"@type":"ReadAction","target":["https:\/\/www.emplea-te.com\/noticias-oposiciones\/universidad-politecnica-de-madrid-aprobada-la-oferta-de-empleo-publico-2026-de-personal-tecnico-de-gestion-de-administracion-y-servicios\/"]}]},{"@type":"BreadcrumbList","@id":"https:\/\/www.emplea-te.com\/noticias-oposiciones\/universidad-politecnica-de-madrid-aprobada-la-oferta-de-empleo-publico-2026-de-personal-tecnico-de-gestion-de-administracion-y-servicios\/#breadcrumb","itemListElement":[{"@type":"ListItem","position":1,"name":"Noticias Oposiciones","item":"https:\/\/www.emplea-te.com\/noticias-oposiciones\/"},{"@type":"ListItem","position":2,"name":"Oposiciones Madrid.","item":"https:\/\/www.emplea-te.com\/noticias-oposiciones\/categoria\/oposiciones-madrid\/"},{"@type":"ListItem","position":3,"name":"Universidad Polit\u00e9cnica de Madrid. Aprobada la Oferta de Empleo P\u00fablico 2026 de Personal t\u00e9cnico de gesti\u00f3n de administraci\u00f3n y servicios."}]},{"@type":"WebSite","@id":"https:\/\/www.emplea-te.com\/noticias-oposiciones\/#website","url":"https:\/\/www.emplea-te.com\/noticias-oposiciones\/","name":"Noticas de oposiciones por Academia Emplea-te","description":"Toda la actualidad de las ofertas y convocatorias.","publisher":{"@id":"https:\/\/www.emplea-te.com\/noticias-oposiciones\/#organization"},"potentialAction":[{"@type":"SearchAction","target":{"@type":"EntryPoint","urlTemplate":"https:\/\/www.emplea-te.com\/noticias-oposiciones\/?s={search_term_string}"},"query-input":{"@type":"PropertyValueSpecification","valueRequired":true,"valueName":"search_term_string"}}],"inLanguage":"es"},{"@type":"Organization","@id":"https:\/\/www.emplea-te.com\/noticias-oposiciones\/#organization","name":"Academia de oposiciones Empl\u00e9ate","url":"https:\/\/www.emplea-te.com\/noticias-oposiciones\/","logo":{"@type":"ImageObject","inLanguage":"es","@id":"https:\/\/www.emplea-te.com\/noticias-oposiciones\/#\/schema\/logo\/image\/","url":"https:\/\/www.emplea-te.com\/noticias-oposiciones\/wp-content\/uploads\/2019\/04\/empleate.jpg","contentUrl":"https:\/\/www.emplea-te.com\/noticias-oposiciones\/wp-content\/uploads\/2019\/04\/empleate.jpg","width":250,"height":150,"caption":"Academia de oposiciones Empl\u00e9ate"},"image":{"@id":"https:\/\/www.emplea-te.com\/noticias-oposiciones\/#\/schema\/logo\/image\/"},"sameAs":["https:\/\/www.facebook.com\/AcademiaEmpleate\/","https:\/\/x.com\/Emplea_Te","https:\/\/www.instagram.com\/academia_empleate\/"]},{"@type":"Person","@id":"https:\/\/www.emplea-te.com\/noticias-oposiciones\/#\/schema\/person\/d1bc587e1af2b95e9c32aba1795509a6","name":"Empleate"}]}},"_links":{"self":[{"href":"https:\/\/www.emplea-te.com\/noticias-oposiciones\/wp-json\/wp\/v2\/posts\/19280","targetHints":{"allow":["GET"]}}],"collection":[{"href":"https:\/\/www.emplea-te.com\/noticias-oposiciones\/wp-json\/wp\/v2\/posts"}],"about":[{"href":"https:\/\/www.emplea-te.com\/noticias-oposiciones\/wp-json\/wp\/v2\/types\/post"}],"author":[{"embeddable":true,"href":"https:\/\/www.emplea-te.com\/noticias-oposiciones\/wp-json\/wp\/v2\/users\/1"}],"replies":[{"embeddable":true,"href":"https:\/\/www.emplea-te.com\/noticias-oposiciones\/wp-json\/wp\/v2\/comments?post=19280"}],"version-history":[{"count":1,"href":"https:\/\/www.emplea-te.com\/noticias-oposiciones\/wp-json\/wp\/v2\/posts\/19280\/revisions"}],"predecessor-version":[{"id":19281,"href":"https:\/\/www.emplea-te.com\/noticias-oposiciones\/wp-json\/wp\/v2\/posts\/19280\/revisions\/19281"}],"wp:attachment":[{"href":"https:\/\/www.emplea-te.com\/noticias-oposiciones\/wp-json\/wp\/v2\/media?parent=19280"}],"wp:term":[{"taxonomy":"category","embeddable":true,"href":"https:\/\/www.emplea-te.com\/noticias-oposiciones\/wp-json\/wp\/v2\/categories?post=19280"},{"taxonomy":"post_tag","embeddable":true,"href":"https:\/\/www.emplea-te.com\/noticias-oposiciones\/wp-json\/wp\/v2\/tags?post=19280"}],"curies":[{"name":"wp","href":"https:\/\/api.w.org\/{rel}","templated":true}]}}